{"id":9193,"date":"2025-07-11T13:41:56","date_gmt":"2025-07-11T16:41:56","guid":{"rendered":"https:\/\/elciudadanodelujan.com.ar\/?p=9193"},"modified":"2025-07-11T13:42:20","modified_gmt":"2025-07-11T16:42:20","slug":"invierno-en-lujan-propuestas-culturales-recreativas-y-gratuitas-para-toda-la-familia","status":"publish","type":"post","link":"https:\/\/elciudadanodelujan.com.ar\/?p=9193","title":{"rendered":"Invierno en Luj\u00e1n: propuestas culturales, recreativas y gratuitas para toda la familia"},"content":{"rendered":"\n<p id=\"geom_inter_1752252068816_80_30\"><strong>Del 19 de julio al 2 de agosto, el Municipio de Luj\u00e1n desarrollar\u00e1 una variada agenda de actividades recreativas y culturales destinadas a las infancias y a toda la comunidad, en el marco de las vacaciones de invierno. La propuesta incluye espect\u00e1culos, juegos, muestras, espacios tem\u00e1ticos y actividades en museos y teatros, con entrada libre y gratuita en la mayor\u00eda de las opciones.<\/strong><\/p>\n\n\n\n<figure class=\"wp-block-image size-large\"><img loading=\"lazy\" decoding=\"async\" width=\"1024\" height=\"683\" src=\"https:\/\/elciudadanodelujan.com.ar\/wp-content\/uploads\/2025\/07\/image-25-1024x683.png\" alt=\"\" class=\"wp-image-9194\" srcset=\"https:\/\/elciudadanodelujan.com.ar\/wp-content\/uploads\/2025\/07\/image-25-1024x683.png 1024w, https:\/\/elciudadanodelujan.com.ar\/wp-content\/uploads\/2025\/07\/image-25-300x200.png 300w, https:\/\/elciudadanodelujan.com.ar\/wp-content\/uploads\/2025\/07\/image-25-768x512.png 768w, https:\/\/elciudadanodelujan.com.ar\/wp-content\/uploads\/2025\/07\/image-25-1536x1024.png 1536w, https:\/\/elciudadanodelujan.com.ar\/wp-content\/uploads\/2025\/07\/image-25.png 1920w\" sizes=\"auto, (max-width: 1024px) 100vw, 1024px\" \/><\/figure>\n\n\n\n<p>PARQUE INVERNAL LUJ\u00c1N&nbsp;<\/p>\n\n\n\n<p>El coraz\u00f3n de la propuesta ser\u00e1 el Parque Invernal Luj\u00e1n (PIL), que funcionar\u00e1 todos los d\u00edas de 12 a 18 horas en el Parque San Mart\u00edn, con acceso libre y m\u00faltiples atracciones. Entre ellas se destaca el Centro Espacial, un espacio tem\u00e1tico con simuladores, camas el\u00e1sticas para caminatas lunares y juegos interactivos con planeta; el Campamento Aventura, con laberintos, puentes colgantes, redes y palestras para jugar y explorar; y el sector RecreArte, con juegos inflables, metegoles y propuestas l\u00fadicas para todas las edades.<\/p>\n\n\n\n<p>El Parque Invernal tambi\u00e9n contar\u00e1 con un auditorio donde habr\u00e1 espect\u00e1culos en vivo gratuitos todos los d\u00edas a las 14 y a las 16 horas, y muestras de los talleres culturales municipales<\/p>\n\n\n\n<p>Asimismo, dentro del PIL funcionar\u00e1 el Circo Migra, con una propuesta de circo contempor\u00e1neo de fuerte impronta teatral, en dos funciones diarias, a las 15 y a las 17:30 horas, y funciones \u201ca la gorra\u201d cada lunes. Tambi\u00e9n habr\u00e1 un patio gastron\u00f3mico, feria de emprendedores y otros atractivos.<\/p>\n\n\n\n<p id=\"geom_inter_1752252076844_86_37\">MUESTRA INMERSIVA DE VAN GOGH<\/p>\n\n\n\n<p id=\"geom_inter_1752252076844_87_35\">Desde el 19 de julio en el Museo Municipal de Bellas Artes Fern\u00e1n F\u00e9lix de Amador (9 de Julio 863) se presentar\u00e1 la muestra Van Gogh Immersive Art Experience, disponible todos los d\u00edas de 10 a 17 horas.<\/p>\n\n\n\n<p id=\"geom_inter_1752252076844_56_36\">Se trata de una propuesta multimedial inmersiva que permite al espectador adentrarse en las obras de Van Gogh y vivir una experiencia multisensorial acompa\u00f1ado de m\u00fasica y una voz que narra la vida y obra del pintor holand\u00e9s.<\/p>\n\n\n\n<p>La muestra presenta m\u00e1s de 70 obras emblem\u00e1ticas del pintor, combinando tecnolog\u00eda de vanguardia con piezas dise\u00f1adas a la perfecci\u00f3n.<\/p>\n\n\n\n<p>Las entradas pueden adquirirse en el siguiente link:&nbsp;<a rel=\"noreferrer noopener\" target=\"_blank\" href=\"https:\/\/www.ticketek.com.ar\/van-gogh-una-experiencia-de-arte-inmersiva\/museo-de-bellas-artes-fernan-felix-de-amador\">https:\/\/www.ticketek.com.ar\/van-gogh-una-experiencia-de-arte-inmersiva\/museo-de-bellas-artes-fernan-felix-de-amador<\/a><\/p>\n\n\n\n<p>Para m\u00e1s informaci\u00f3n, se pueden consultar las redes sociales del museo.<\/p>\n\n\n\n<p>TEATRO TRINIDAD GUEVARA<\/p>\n\n\n\n<p>Durante el receso invernal el Teatro Municipal \u201cTrinidad Guevara\u201d (Rivadavia 1096) ofrecer\u00e1 m\u00faltiples espect\u00e1culos gratuitos, bajo el siguiente cronograma:<\/p>\n\n\n\n<p>Miercoles 23 de Julio: 14:30 horas: Payaso Tertulio&nbsp;<\/p>\n\n\n\n<p>Jueves 24 de Julio: 14:30 horas:. Valijas para una odisea torcida<\/p>\n\n\n\n<p>Viernes 25 de Julio: 14:30 horas: La Variet\u00e9&nbsp;<\/p>\n\n\n\n<p>Martes 29 de Julio: 14:30 horas: El pinchador de Globos&nbsp;<\/p>\n\n\n\n<p>Miercoles 30 de Julio: 14:30 horas: Abran Cancha que aqu\u00ed viene Don Quijote de la Mancha<\/p>\n\n\n\n<p>Jueves 31 de Julio: 14:30 horas: Azuria el despertar de Liria<\/p>\n\n\n\n<p>16:30 horas:. Les limones<\/p>\n\n\n\n<p>Viernes 1 de agosto: 14:30 horas: La Tamari Circo<\/p>\n\n\n\n<p>Las entradas pueden adquirirse de forma presencial en la boleter\u00eda del teatro (Rivadavia 1096), dos horas antes de cada funci\u00f3n.<\/p>\n\n\n\n<p>Tambi\u00e9n habr\u00e1 una programaci\u00f3n especial con funciones pensadas para toda la familia, cuyas entradas pueden adquirirse virtualmente a trav\u00e9s de&nbsp;<a rel=\"noreferrer noopener\" target=\"_blank\" href=\"http:\/\/trinidadguevara.boleteriadigital.com.ar\/\">trinidadguevara.boleteriadigital.com.ar<\/a><\/p>\n\n\n\n<p>MUSEOS<\/p>\n\n\n\n<p>Las actividades se extender\u00e1n tambi\u00e9n a los museos de la ciudad, que ofrecer\u00e1n visitas con entrada gratuita todos los d\u00edas.<\/p>\n\n\n\n<p id=\"geom_inter_1752252077834_12_38\">En el Museo Municipal Casa Ameghino (Gral. Las Heras 466) abierto de 11 a 16 horas, el p\u00fablico podr\u00e1 recorrer la vivienda declarada Monumento Nacional, que resguarda m\u00e1s de 3.000 piezas f\u00f3siles provenientes de las colecciones Recarey y Mignone.<\/p>\n\n\n\n<p id=\"geom_inter_1752252077836_77_40\">Por su parte, el Museo Municipal de la Ciudad (San Mart\u00edn 28) abrir\u00e1 de 10 a 15 horas, mientras que el Complejo Museogr\u00e1fico Provincial Enrique Udaondo (Lezica y Torrezuri 917) lo har\u00e1 de mi\u00e9rcoles a viernes de 11 a 17, y s\u00e1bados y domingos de 10 a 18 horas, con su vasta colecci\u00f3n de objetos de los per\u00edodos prehisp\u00e1nico, colonial y del siglo XX.<\/p>\n\n\n\n<p>Para consultas e informaci\u00f3n tur\u00edstica, est\u00e1 disponible la Oficina de Informaci\u00f3n Tur\u00edstica en el Museo de Bellas Artes (9 de Julio 863), todos los d\u00edas de 10 a 16 horas, o a trav\u00e9s del tel\u00e9fono 2323 441300.<\/p>\n","protected":false},"excerpt":{"rendered":"<p>Del 19 de julio al 2 de agosto, el Municipio de Luj\u00e1n desarrollar\u00e1 una variada agenda de actividades recreativas y culturales destinadas a las infancias y a toda la comunidad,&hellip; <\/p>\n","protected":false},"author":2,"featured_media":9194,"comment_status":"closed","ping_status":"closed","sticky":false,"template":"","format":"standard","meta":{"footnotes":""},"categories":[7],"tags":[],"class_list":["post-9193","post","type-post","status-publish","format-standard","has-post-thumbnail","hentry","category-cultura"],"yoast_head":"<!-- This site is optimized with the Yoast SEO plugin v27.3 - https:\/\/yoast.com\/product\/yoast-seo-wordpress\/ -->\n<title>Invierno en Luj\u00e1n: propuestas culturales, recreativas y gratuitas para toda la familia -<\/title>\n<meta name=\"robots\" content=\"index, follow, max-snippet:-1, max-image-preview:large, max-video-preview:-1\" \/>\n<link rel=\"canonical\" href=\"https:\/\/elciudadanodelujan.com.ar\/?p=9193\" \/>\n<meta property=\"og:locale\" content=\"es_ES\" \/>\n<meta property=\"og:type\" content=\"article\" \/>\n<meta property=\"og:title\" content=\"Invierno en Luj\u00e1n: propuestas culturales, recreativas y gratuitas para toda la familia -\" \/>\n<meta property=\"og:description\" content=\"Del 19 de julio al 2 de agosto, el Municipio de Luj\u00e1n desarrollar\u00e1 una variada agenda de actividades recreativas y culturales destinadas a las infancias y a toda la comunidad,&hellip;\" \/>\n<meta property=\"og:url\" content=\"https:\/\/elciudadanodelujan.com.ar\/?p=9193\" \/>\n<meta property=\"article:publisher\" content=\"https:\/\/www.facebook.com\/elciudadanodelujan\" \/>\n<meta property=\"article:published_time\" content=\"2025-07-11T16:41:56+00:00\" \/>\n<meta property=\"article:modified_time\" content=\"2025-07-11T16:42:20+00:00\" \/>\n<meta property=\"og:image\" content=\"https:\/\/elciudadanodelujan.com.ar\/wp-content\/uploads\/2025\/07\/image-25-1024x683.png\" \/>\n\t<meta property=\"og:image:width\" content=\"1024\" \/>\n\t<meta property=\"og:image:height\" content=\"683\" \/>\n\t<meta property=\"og:image:type\" content=\"image\/png\" \/>\n<meta name=\"author\" content=\"Osvaldo Cabral\" \/>\n<meta name=\"twitter:card\" content=\"summary_large_image\" \/>\n<meta name=\"twitter:label1\" content=\"Escrito por\" \/>\n\t<meta name=\"twitter:data1\" content=\"Osvaldo Cabral\" \/>\n\t<meta name=\"twitter:label2\" content=\"Tiempo de lectura\" \/>\n\t<meta name=\"twitter:data2\" content=\"4 minutos\" \/>\n<script type=\"application\/ld+json\" class=\"yoast-schema-graph\">{\"@context\":\"https:\\\/\\\/schema.org\",\"@graph\":[{\"@type\":\"Article\",\"@id\":\"https:\\\/\\\/elciudadanodelujan.com.ar\\\/?p=9193#article\",\"isPartOf\":{\"@id\":\"https:\\\/\\\/elciudadanodelujan.com.ar\\\/?p=9193\"},\"author\":{\"name\":\"Osvaldo Cabral\",\"@id\":\"https:\\\/\\\/elciudadanodelujan.com.ar\\\/#\\\/schema\\\/person\\\/6e4147c312281a224c424b0ca2b1d439\"},\"headline\":\"Invierno en Luj\u00e1n: propuestas culturales, recreativas y gratuitas para toda la familia\",\"datePublished\":\"2025-07-11T16:41:56+00:00\",\"dateModified\":\"2025-07-11T16:42:20+00:00\",\"mainEntityOfPage\":{\"@id\":\"https:\\\/\\\/elciudadanodelujan.com.ar\\\/?p=9193\"},\"wordCount\":690,\"publisher\":{\"@id\":\"https:\\\/\\\/elciudadanodelujan.com.ar\\\/#organization\"},\"image\":{\"@id\":\"https:\\\/\\\/elciudadanodelujan.com.ar\\\/?p=9193#primaryimage\"},\"thumbnailUrl\":\"https:\\\/\\\/elciudadanodelujan.com.ar\\\/wp-content\\\/uploads\\\/2025\\\/07\\\/image-25.png\",\"articleSection\":[\"CULTURA\"],\"inLanguage\":\"es\"},{\"@type\":\"WebPage\",\"@id\":\"https:\\\/\\\/elciudadanodelujan.com.ar\\\/?p=9193\",\"url\":\"https:\\\/\\\/elciudadanodelujan.com.ar\\\/?p=9193\",\"name\":\"Invierno en Luj\u00e1n: propuestas culturales, recreativas y gratuitas para toda la familia -\",\"isPartOf\":{\"@id\":\"https:\\\/\\\/elciudadanodelujan.com.ar\\\/#website\"},\"primaryImageOfPage\":{\"@id\":\"https:\\\/\\\/elciudadanodelujan.com.ar\\\/?p=9193#primaryimage\"},\"image\":{\"@id\":\"https:\\\/\\\/elciudadanodelujan.com.ar\\\/?p=9193#primaryimage\"},\"thumbnailUrl\":\"https:\\\/\\\/elciudadanodelujan.com.ar\\\/wp-content\\\/uploads\\\/2025\\\/07\\\/image-25.png\",\"datePublished\":\"2025-07-11T16:41:56+00:00\",\"dateModified\":\"2025-07-11T16:42:20+00:00\",\"breadcrumb\":{\"@id\":\"https:\\\/\\\/elciudadanodelujan.com.ar\\\/?p=9193#breadcrumb\"},\"inLanguage\":\"es\",\"potentialAction\":[{\"@type\":\"ReadAction\",\"target\":[\"https:\\\/\\\/elciudadanodelujan.com.ar\\\/?p=9193\"]}]},{\"@type\":\"ImageObject\",\"inLanguage\":\"es\",\"@id\":\"https:\\\/\\\/elciudadanodelujan.com.ar\\\/?p=9193#primaryimage\",\"url\":\"https:\\\/\\\/elciudadanodelujan.com.ar\\\/wp-content\\\/uploads\\\/2025\\\/07\\\/image-25.png\",\"contentUrl\":\"https:\\\/\\\/elciudadanodelujan.com.ar\\\/wp-content\\\/uploads\\\/2025\\\/07\\\/image-25.png\",\"width\":1920,\"height\":1280},{\"@type\":\"BreadcrumbList\",\"@id\":\"https:\\\/\\\/elciudadanodelujan.com.ar\\\/?p=9193#breadcrumb\",\"itemListElement\":[{\"@type\":\"ListItem\",\"position\":1,\"name\":\"Home\",\"item\":\"https:\\\/\\\/elciudadanodelujan.com.ar\\\/\"},{\"@type\":\"ListItem\",\"position\":2,\"name\":\"Invierno en Luj\u00e1n: propuestas culturales, recreativas y gratuitas para toda la familia\"}]},{\"@type\":\"WebSite\",\"@id\":\"https:\\\/\\\/elciudadanodelujan.com.ar\\\/#website\",\"url\":\"https:\\\/\\\/elciudadanodelujan.com.ar\\\/\",\"name\":\"https:\\\/\\\/elciudadanodelujan.com.ar\",\"description\":\"Noticias de inter\u00e9s general y periodismo de investigaci\u00f3n\",\"publisher\":{\"@id\":\"https:\\\/\\\/elciudadanodelujan.com.ar\\\/#organization\"},\"potentialAction\":[{\"@type\":\"SearchAction\",\"target\":{\"@type\":\"EntryPoint\",\"urlTemplate\":\"https:\\\/\\\/elciudadanodelujan.com.ar\\\/?s={search_term_string}\"},\"query-input\":{\"@type\":\"PropertyValueSpecification\",\"valueRequired\":true,\"valueName\":\"search_term_string\"}}],\"inLanguage\":\"es\"},{\"@type\":\"Organization\",\"@id\":\"https:\\\/\\\/elciudadanodelujan.com.ar\\\/#organization\",\"name\":\"El Ciudadano de Lujan\",\"url\":\"https:\\\/\\\/elciudadanodelujan.com.ar\\\/\",\"logo\":{\"@type\":\"ImageObject\",\"inLanguage\":\"es\",\"@id\":\"https:\\\/\\\/elciudadanodelujan.com.ar\\\/#\\\/schema\\\/logo\\\/image\\\/\",\"url\":\"https:\\\/\\\/elciudadanodelujan.com.ar\\\/wp-content\\\/uploads\\\/2025\\\/01\\\/logo_El_Ciudadano.jpg\",\"contentUrl\":\"https:\\\/\\\/elciudadanodelujan.com.ar\\\/wp-content\\\/uploads\\\/2025\\\/01\\\/logo_El_Ciudadano.jpg\",\"width\":500,\"height\":123,\"caption\":\"El Ciudadano de Lujan\"},\"image\":{\"@id\":\"https:\\\/\\\/elciudadanodelujan.com.ar\\\/#\\\/schema\\\/logo\\\/image\\\/\"},\"sameAs\":[\"https:\\\/\\\/www.facebook.com\\\/elciudadanodelujan\"]},{\"@type\":\"Person\",\"@id\":\"https:\\\/\\\/elciudadanodelujan.com.ar\\\/#\\\/schema\\\/person\\\/6e4147c312281a224c424b0ca2b1d439\",\"name\":\"Osvaldo Cabral\",\"image\":{\"@type\":\"ImageObject\",\"inLanguage\":\"es\",\"@id\":\"https:\\\/\\\/secure.gravatar.com\\\/avatar\\\/c4c6a8aea430571651e7d6992bdfdff335bbe96580656f78299d10ca9a6c1ae9?s=96&d=mm&r=g\",\"url\":\"https:\\\/\\\/secure.gravatar.com\\\/avatar\\\/c4c6a8aea430571651e7d6992bdfdff335bbe96580656f78299d10ca9a6c1ae9?s=96&d=mm&r=g\",\"contentUrl\":\"https:\\\/\\\/secure.gravatar.com\\\/avatar\\\/c4c6a8aea430571651e7d6992bdfdff335bbe96580656f78299d10ca9a6c1ae9?s=96&d=mm&r=g\",\"caption\":\"Osvaldo Cabral\"},\"url\":\"https:\\\/\\\/elciudadanodelujan.com.ar\\\/?author=2\"}]}<\/script>\n<!-- \/ Yoast SEO plugin. -->","yoast_head_json":{"title":"Invierno en Luj\u00e1n: propuestas culturales, recreativas y gratuitas para toda la familia -","robots":{"index":"index","follow":"follow","max-snippet":"max-snippet:-1","max-image-preview":"max-image-preview:large","max-video-preview":"max-video-preview:-1"},"canonical":"https:\/\/elciudadanodelujan.com.ar\/?p=9193","og_locale":"es_ES","og_type":"article","og_title":"Invierno en Luj\u00e1n: propuestas culturales, recreativas y gratuitas para toda la familia -","og_description":"Del 19 de julio al 2 de agosto, el Municipio de Luj\u00e1n desarrollar\u00e1 una variada agenda de actividades recreativas y culturales destinadas a las infancias y a toda la comunidad,&hellip;","og_url":"https:\/\/elciudadanodelujan.com.ar\/?p=9193","article_publisher":"https:\/\/www.facebook.com\/elciudadanodelujan","article_published_time":"2025-07-11T16:41:56+00:00","article_modified_time":"2025-07-11T16:42:20+00:00","og_image":[{"width":1024,"height":683,"url":"https:\/\/elciudadanodelujan.com.ar\/wp-content\/uploads\/2025\/07\/image-25-1024x683.png","type":"image\/png"}],"author":"Osvaldo Cabral","twitter_card":"summary_large_image","twitter_misc":{"Escrito por":"Osvaldo Cabral","Tiempo de lectura":"4 minutos"},"schema":{"@context":"https:\/\/schema.org","@graph":[{"@type":"Article","@id":"https:\/\/elciudadanodelujan.com.ar\/?p=9193#article","isPartOf":{"@id":"https:\/\/elciudadanodelujan.com.ar\/?p=9193"},"author":{"name":"Osvaldo Cabral","@id":"https:\/\/elciudadanodelujan.com.ar\/#\/schema\/person\/6e4147c312281a224c424b0ca2b1d439"},"headline":"Invierno en Luj\u00e1n: propuestas culturales, recreativas y gratuitas para toda la familia","datePublished":"2025-07-11T16:41:56+00:00","dateModified":"2025-07-11T16:42:20+00:00","mainEntityOfPage":{"@id":"https:\/\/elciudadanodelujan.com.ar\/?p=9193"},"wordCount":690,"publisher":{"@id":"https:\/\/elciudadanodelujan.com.ar\/#organization"},"image":{"@id":"https:\/\/elciudadanodelujan.com.ar\/?p=9193#primaryimage"},"thumbnailUrl":"https:\/\/elciudadanodelujan.com.ar\/wp-content\/uploads\/2025\/07\/image-25.png","articleSection":["CULTURA"],"inLanguage":"es"},{"@type":"WebPage","@id":"https:\/\/elciudadanodelujan.com.ar\/?p=9193","url":"https:\/\/elciudadanodelujan.com.ar\/?p=9193","name":"Invierno en Luj\u00e1n: propuestas culturales, recreativas y gratuitas para toda la familia -","isPartOf":{"@id":"https:\/\/elciudadanodelujan.com.ar\/#website"},"primaryImageOfPage":{"@id":"https:\/\/elciudadanodelujan.com.ar\/?p=9193#primaryimage"},"image":{"@id":"https:\/\/elciudadanodelujan.com.ar\/?p=9193#primaryimage"},"thumbnailUrl":"https:\/\/elciudadanodelujan.com.ar\/wp-content\/uploads\/2025\/07\/image-25.png","datePublished":"2025-07-11T16:41:56+00:00","dateModified":"2025-07-11T16:42:20+00:00","breadcrumb":{"@id":"https:\/\/elciudadanodelujan.com.ar\/?p=9193#breadcrumb"},"inLanguage":"es","potentialAction":[{"@type":"ReadAction","target":["https:\/\/elciudadanodelujan.com.ar\/?p=9193"]}]},{"@type":"ImageObject","inLanguage":"es","@id":"https:\/\/elciudadanodelujan.com.ar\/?p=9193#primaryimage","url":"https:\/\/elciudadanodelujan.com.ar\/wp-content\/uploads\/2025\/07\/image-25.png","contentUrl":"https:\/\/elciudadanodelujan.com.ar\/wp-content\/uploads\/2025\/07\/image-25.png","width":1920,"height":1280},{"@type":"BreadcrumbList","@id":"https:\/\/elciudadanodelujan.com.ar\/?p=9193#breadcrumb","itemListElement":[{"@type":"ListItem","position":1,"name":"Home","item":"https:\/\/elciudadanodelujan.com.ar\/"},{"@type":"ListItem","position":2,"name":"Invierno en Luj\u00e1n: propuestas culturales, recreativas y gratuitas para toda la familia"}]},{"@type":"WebSite","@id":"https:\/\/elciudadanodelujan.com.ar\/#website","url":"https:\/\/elciudadanodelujan.com.ar\/","name":"https:\/\/elciudadanodelujan.com.ar","description":"Noticias de inter\u00e9s general y periodismo de investigaci\u00f3n","publisher":{"@id":"https:\/\/elciudadanodelujan.com.ar\/#organization"},"potentialAction":[{"@type":"SearchAction","target":{"@type":"EntryPoint","urlTemplate":"https:\/\/elciudadanodelujan.com.ar\/?s={search_term_string}"},"query-input":{"@type":"PropertyValueSpecification","valueRequired":true,"valueName":"search_term_string"}}],"inLanguage":"es"},{"@type":"Organization","@id":"https:\/\/elciudadanodelujan.com.ar\/#organization","name":"El Ciudadano de Lujan","url":"https:\/\/elciudadanodelujan.com.ar\/","logo":{"@type":"ImageObject","inLanguage":"es","@id":"https:\/\/elciudadanodelujan.com.ar\/#\/schema\/logo\/image\/","url":"https:\/\/elciudadanodelujan.com.ar\/wp-content\/uploads\/2025\/01\/logo_El_Ciudadano.jpg","contentUrl":"https:\/\/elciudadanodelujan.com.ar\/wp-content\/uploads\/2025\/01\/logo_El_Ciudadano.jpg","width":500,"height":123,"caption":"El Ciudadano de Lujan"},"image":{"@id":"https:\/\/elciudadanodelujan.com.ar\/#\/schema\/logo\/image\/"},"sameAs":["https:\/\/www.facebook.com\/elciudadanodelujan"]},{"@type":"Person","@id":"https:\/\/elciudadanodelujan.com.ar\/#\/schema\/person\/6e4147c312281a224c424b0ca2b1d439","name":"Osvaldo Cabral","image":{"@type":"ImageObject","inLanguage":"es","@id":"https:\/\/secure.gravatar.com\/avatar\/c4c6a8aea430571651e7d6992bdfdff335bbe96580656f78299d10ca9a6c1ae9?s=96&d=mm&r=g","url":"https:\/\/secure.gravatar.com\/avatar\/c4c6a8aea430571651e7d6992bdfdff335bbe96580656f78299d10ca9a6c1ae9?s=96&d=mm&r=g","contentUrl":"https:\/\/secure.gravatar.com\/avatar\/c4c6a8aea430571651e7d6992bdfdff335bbe96580656f78299d10ca9a6c1ae9?s=96&d=mm&r=g","caption":"Osvaldo Cabral"},"url":"https:\/\/elciudadanodelujan.com.ar\/?author=2"}]}},"_links":{"self":[{"href":"https:\/\/elciudadanodelujan.com.ar\/index.php?rest_route=\/wp\/v2\/posts\/9193","targetHints":{"allow":["GET"]}}],"collection":[{"href":"https:\/\/elciudadanodelujan.com.ar\/index.php?rest_route=\/wp\/v2\/posts"}],"about":[{"href":"https:\/\/elciudadanodelujan.com.ar\/index.php?rest_route=\/wp\/v2\/types\/post"}],"author":[{"embeddable":true,"href":"https:\/\/elciudadanodelujan.com.ar\/index.php?rest_route=\/wp\/v2\/users\/2"}],"replies":[{"embeddable":true,"href":"https:\/\/elciudadanodelujan.com.ar\/index.php?rest_route=%2Fwp%2Fv2%2Fcomments&post=9193"}],"version-history":[{"count":1,"href":"https:\/\/elciudadanodelujan.com.ar\/index.php?rest_route=\/wp\/v2\/posts\/9193\/revisions"}],"predecessor-version":[{"id":9195,"href":"https:\/\/elciudadanodelujan.com.ar\/index.php?rest_route=\/wp\/v2\/posts\/9193\/revisions\/9195"}],"wp:featuredmedia":[{"embeddable":true,"href":"https:\/\/elciudadanodelujan.com.ar\/index.php?rest_route=\/wp\/v2\/media\/9194"}],"wp:attachment":[{"href":"https:\/\/elciudadanodelujan.com.ar\/index.php?rest_route=%2Fwp%2Fv2%2Fmedia&parent=9193"}],"wp:term":[{"taxonomy":"category","embeddable":true,"href":"https:\/\/elciudadanodelujan.com.ar\/index.php?rest_route=%2Fwp%2Fv2%2Fcategories&post=9193"},{"taxonomy":"post_tag","embeddable":true,"href":"https:\/\/elciudadanodelujan.com.ar\/index.php?rest_route=%2Fwp%2Fv2%2Ftags&post=9193"}],"curies":[{"name":"wp","href":"https:\/\/api.w.org\/{rel}","templated":true}]}}