{"id":9190,"date":"2025-07-11T13:40:38","date_gmt":"2025-07-11T16:40:38","guid":{"rendered":"https:\/\/elciudadanodelujan.com.ar\/?p=9190"},"modified":"2025-07-11T13:40:57","modified_gmt":"2025-07-11T16:40:57","slug":"agenda-deportiva-para-el-fin-de-semana-14","status":"publish","type":"post","link":"https:\/\/elciudadanodelujan.com.ar\/?p=9190","title":{"rendered":"Agenda deportiva para el fin de semana\u00a0"},"content":{"rendered":"\n<p>Se invita a participar de las actividades deportivas que se llevar\u00e1n\u00a0a cabo en diversos puntos del distrito durante el fin de semana.<\/p>\n\n\n\n<figure class=\"wp-block-image size-large\"><img loading=\"lazy\" decoding=\"async\" width=\"1024\" height=\"768\" src=\"https:\/\/elciudadanodelujan.com.ar\/wp-content\/uploads\/2025\/07\/image-24-1024x768.png\" alt=\"\" class=\"wp-image-9191\" srcset=\"https:\/\/elciudadanodelujan.com.ar\/wp-content\/uploads\/2025\/07\/image-24-1024x768.png 1024w, https:\/\/elciudadanodelujan.com.ar\/wp-content\/uploads\/2025\/07\/image-24-300x225.png 300w, https:\/\/elciudadanodelujan.com.ar\/wp-content\/uploads\/2025\/07\/image-24-768x576.png 768w, https:\/\/elciudadanodelujan.com.ar\/wp-content\/uploads\/2025\/07\/image-24-1536x1152.png 1536w, https:\/\/elciudadanodelujan.com.ar\/wp-content\/uploads\/2025\/07\/image-24.png 1600w\" sizes=\"auto, (max-width: 1024px) 100vw, 1024px\" \/><\/figure>\n\n\n\n<p><strong>S\u00e1bado 12 de julio:<\/strong><\/p>\n\n\n\n<p>F\u00daTBOL AFA: FLANDRIA VS. VILLA SAN CARLOS<\/p>\n\n\n\n<p>Por la&nbsp;cuarta fecha del Torneo Clausura de Primera Divisi\u00f3n B, el Canario recibir\u00e1 a Villa San Carlos en el estadio Carlos V. El encuentro se disputar\u00e1 desde las 15.30 horas, con la transmisi\u00f3n de Pares TV, FM Nueva y TyC Play.&nbsp;<\/p>\n\n\n\n<p>PRIMERA B DE LA URBA: DON BOSCO VS. LUJ\u00c1N RUGBY CLUB&nbsp;<\/p>\n\n\n\n<p>Por una nueva fecha del Torneo de Primera B de la URBA, Luj\u00e1n Rugby Club visitar\u00e1 a Don Bosco en Bernal. El encuentro se disputar\u00e1 desde las 15.30 horas, con la transmisi\u00f3n de Pares TV.&nbsp;<\/p>\n\n\n\n<p>F\u00daTBOL: JUVENILES DEL CLUB LUJ\u00c1N<\/p>\n\n\n\n<p>Desde las 10 horas, las categor\u00edas Juveniles del Lujanero se enfrentar\u00e1n a San Mart\u00edn de Burzaco, en el predio del barrio San Emilio.&nbsp;<\/p>\n\n\n\n<p>F\u00daTBOL: JUVENILES DEL CLUB FLANDRIA<\/p>\n\n\n\n<p>Desde las 10 horas, las categor\u00edas Juveniles del Canario se enfrentar\u00e1n al Club Atl\u00e9tico Ferrocarril Midland, en el predio Carlos V.&nbsp;<\/p>\n\n\n\n<p>HOCKEY DEL LUJ\u00c1N RUGBY CLUB&nbsp;<\/p>\n\n\n\n<p>Por una nueva fecha del Torneo de la Primera Divisi\u00f3n D del Torneo de la AHBA, el combinado A del Luj\u00e1n Rugby Club visitar\u00e1 a GEBA C, desde las 16 horas.&nbsp; Por su parte, en el mismo horario, el combinado B recibir\u00e1 en el predio del barrio La Loma a SITAS C.&nbsp;<\/p>\n\n\n\n<p>HOCKEY EN EL LUJ\u00c1N TENIS CLUB<\/p>\n\n\n\n<p>Por la Liga Mercedina de Hockey Femenino, el Luj\u00e1n Tenis Club recibir\u00e1 a Club San Carlos en su predio de Mariano Moreno y Doctor Real, con el siguiente cronograma:&nbsp;<\/p>\n\n\n\n<p>-Categor\u00eda S\u00e9ptima: 10 horas<\/p>\n\n\n\n<p>-Categor\u00eda Sexta: 11 horas<\/p>\n\n\n\n<p>-Categor\u00eda Primera: 12 horas<\/p>\n\n\n\n<p>HOCKEY DE CERVECEROS<\/p>\n\n\n\n<p>Por la Liga Mercedina de Hockey Femenino, la Primera de Cerveceros Hockey Club recibir\u00e1 a Hurac\u00e1n de San Antonio de Areco, desde las 12 horas, en el predio del Club Defensores de Mercedes.&nbsp;<\/p>\n\n\n\n<p>TORNEO FEMENINO DE ACIFO<\/p>\n\n\n\n<p>Se disputar\u00e1 una nueva fecha del Torneo Femenino de la Asociaci\u00f3n de Clubes Infantiles de F\u00fatbol del Oeste (ACIFO), desde las 13 horas, en la cancha del Club Rey de Reyes; con el siguiente fixture:&nbsp;<\/p>\n\n\n\n<p>-San Lorenzo Vs. Equipo Municipal (Primera)<\/p>\n\n\n\n<p>-Santa Elena Vs. Rey de Reyes B (Primera)<\/p>\n\n\n\n<p>-Platense Vs. Rey de Reyes A (Primera)<\/p>\n\n\n\n<p>-Amistoso Vs. Amistoso (Infantil)<\/p>\n\n\n\n<p>-Amistoso Vs. Amistoso (Infantil)<\/p>\n\n\n\n<p>LIGA LUJANENSE DE VOLEY<\/p>\n\n\n\n<p>Este s\u00e1bado, desde las 10 horas, en el Polideportivo Municipal, se disputar\u00e1 una nueva fecha de la Liga Lujanense de Voley para los combinados masculinos y femeninos del Nivel A; con el siguiente fixture:<\/p>\n\n\n\n<p>-UNLu Libre Vs. San Lorenzo (Femenino)<\/p>\n\n\n\n<p>-Defe A Vs. Es lo que hay (Femenino)<\/p>\n\n\n\n<p>-Zorras de Sarmiento Vs. UNLu Libre (Femenino)&nbsp;<\/p>\n\n\n\n<p>-UNLu Maxi Vs. Es lo que hay (Femenino)<\/p>\n\n\n\n<p>-Club del Progreso Vs. Zorras de Sarmiento (Femenino)<\/p>\n\n\n\n<p>-Club Ateneo C Vs. Onix (Femenino)&nbsp;<\/p>\n\n\n\n<p>-UNLu Maxi Vs. Club Ateneo A (Femenino)<\/p>\n\n\n\n<p>-Club del Progreso&nbsp;Vs. Club Ateneo C (Femenino)&nbsp;<\/p>\n\n\n\n<p>-Club Ateneo A Vs. San Lorenzo (Femenino)<\/p>\n\n\n\n<p>-Onix Vs. Defe A (Femenino)<\/p>\n\n\n\n<p>-Valhalla Vs. Club Ateneo (Masculino)<\/p>\n\n\n\n<p>-PAC Vs. Valhalla (Masculino)<\/p>\n\n\n\n<p>-Lobos Athletic Club Vs. Doble Golpe (Masculino)<\/p>\n\n\n\n<p>-Club Ateneo Vs. NPN &#8211; Luj\u00e1n (Masculino)<\/p>\n\n\n\n<p>-Los Buitres&nbsp;Vs. Doble Golpe (Masculino)<\/p>\n\n\n\n<p>-Lobos Athletic Club Vs. PAC (Masculino)&nbsp;<\/p>\n\n\n\n<p>-NPN &#8211; Luj\u00e1n Vs. UNLu Verde (Masculino)<\/p>\n\n\n\n<p>-Lima VC Vs. Los Buitres (Masculino)&nbsp;<\/p>\n\n\n\n<p>-UNLu Verde Vs. Lima VC (Masculino) &nbsp; &nbsp; &nbsp; &nbsp; &nbsp;<\/p>\n\n\n\n<p><strong>Domingo 13 de julio:&nbsp;<\/strong><\/p>\n\n\n\n<p>F\u00daTBOL EN EL CLUB EL TIM\u00d3N<\/p>\n\n\n\n<p>Por la Liga Mercedina de F\u00fatbol Femenino, las categor\u00edas Juveniles del Club El Tim\u00f3n se enfrentar\u00e1 al Club La Tijereta de Suipacha, con el siguiente cronograma:&nbsp;<\/p>\n\n\n\n<p>-Categor\u00eda 2012: 11 horas<\/p>\n\n\n\n<p>-Categor\u00eda 2010: 12.15 horas&nbsp;<\/p>\n\n\n\n<p>-Categor\u00eda Quinta: 13.30 horas&nbsp;<\/p>\n\n\n\n<p>En tanto, el combinado de Primera se medir\u00e1 contra el Club V\u00e9lez de Mercedes, desde las 15 horas. Todos los partidos tendr\u00e1n lugar en el estadio Julio Compagnoni de la localidad de J\u00e1uregui.&nbsp;<\/p>\n\n\n\n<p>HOCKEY MASCULINO DEL LUJ\u00c1N RUGBY CLUB<\/p>\n\n\n\n<p>Desde las 16 horas, el conjunto de hockey masculino del Luj\u00e1n Rugby Club visitar\u00e1 a Banco Provincia B.&nbsp;&nbsp;&nbsp;&nbsp;<\/p>\n\n\n\n<p>HANDBALL EN LA UNLU<\/p>\n\n\n\n<p>Por el torneo de la Federaci\u00f3n Metropolitana de Balonmano, el combinado de Mayores de la Universidad Nacional de Luj\u00e1n se enfrentar\u00e1 a Argentinos Juniors C, desde las 18 horas, en el gimnasio cubierto de la casa de altos estudios.&nbsp;<\/p>\n\n\n\n<p>B\u00c1SQUET DE LA UNLU<\/p>\n\n\n\n<p>Por la Liga Mercedina de B\u00e1squet, la Universidad Nacional de Luj\u00e1n se enfrentar\u00e1 al Club Estudiantes de Mercedes en el gimnasio del Club Ateneo, con el siguiente cronograma:&nbsp;<\/p>\n\n\n\n<p>-Categor\u00eda Pre Mini: 10.30 horas<\/p>\n\n\n\n<p>-Categor\u00eda Mini: 11.30 horas&nbsp;<\/p>\n\n\n\n<p>-Categor\u00eda U13: 13 horas&nbsp;<\/p>\n\n\n\n<p>-Categor\u00eda U15: 14.30 horas&nbsp;<\/p>\n\n\n\n<p>-Categor\u00eda U17: 16 horas<\/p>\n\n\n\n<p>-Categor\u00eda Primera Femenino: 17.30 horas&nbsp;<\/p>\n\n\n\n<p>-Categor\u00eda Primera Masculino: 19 horas<\/p>\n\n\n\n<p>INFANTILES Y PRIMERA DE ACIFO DE ACIFO<\/p>\n\n\n\n<p>Se disputar\u00e1 una nueva fecha del Torneo de Infantiles de la Asociaci\u00f3n de Clubes Infantiles de F\u00fatbol del Oeste (ACIFO). Ser\u00e1 desde las 10 horas con el siguiente fixture:&nbsp;<\/p>\n\n\n\n<p>-San Lorenzo Vs. Italianos<\/p>\n\n\n\n<p>-Rey de Reyes Vs. San Luis Gonzaga&nbsp;<\/p>\n\n\n\n<p>-Juan XXIII Vs. Juvenal Gallardo&nbsp;<\/p>\n\n\n\n<p>-Cort\u00ednez Vs. Porte\u00f1o<\/p>\n\n\n\n<p>-El Mirador Vs. Jorge Newbery&nbsp;<\/p>\n\n\n\n<p>-San Bernardo Vs. Jos\u00e9 Ingenieros<\/p>\n\n\n\n<p>-Parque Irigoyen Vs. Pueblo Nuevo<\/p>\n\n\n\n<p>-Steverlynck Vs. El Lucero&nbsp;<\/p>\n\n\n\n<p>-Parque Real Vs. San Pedro<\/p>\n\n\n\n<p>-Mart\u00edn Rodr\u00edguez Vs. 25 de Mayo<\/p>\n\n\n\n<p>-El Tr\u00e9bol Vs. Juventud Unida&nbsp;<\/p>\n\n\n\n<p>-Robles Vs. Santa Elena<\/p>\n\n\n\n<p>-Defensores de General Rodr\u00edguez Vs. La Pepa<\/p>\n\n\n\n<p>-Alumni Vs. Los Pumas&nbsp;<\/p>\n\n\n\n<p>-Platense Vs. Ingeniero Raver<\/p>\n\n\n\n<p>-Juventud Unida de Olivera Vs. Sportivo Victoria<\/p>\n\n\n\n<p>Adem\u00e1s, desde las 10 horas, en la cancha del Club Social y Deportivo Capilla de Exaltaci\u00f3n de la Cruz, se jugar\u00e1n los siguientes partidos de Primera:&nbsp;<\/p>\n\n\n\n<p>-Rey de Reyes Vs. El Lucero<\/p>\n\n\n\n<p>-Juventud Unida de Olivera Vs. Santa Elena&nbsp;<\/p>\n\n\n\n<p>-San Pedro Vs. Leones<\/p>\n\n\n\n<p>-Atl\u00e9tico Exaltaci\u00f3n Vs. San Lorenzo&nbsp;<\/p>\n\n\n\n<p><strong>Lunes 14 de julio:<\/strong><\/p>\n\n\n\n<p>F\u00daTBOL AFA: SPORTIVO BARRACAS VS. LUJ\u00c1N&nbsp;<\/p>\n\n\n\n<p>Por la cuarta fecha de la Segunda Ronda de la Zona B del Torneo de Primera Divisi\u00f3n C, el Lujanero visitar\u00e1 a Sportivo Barracas. El encuentro se disputar\u00e1 desde las 15.30 horas, con la transmisi\u00f3n de Pares TV y Radio Ciudad de Luj\u00e1n.<\/p>\n","protected":false},"excerpt":{"rendered":"<p>Se invita a participar de las actividades deportivas que se llevar\u00e1n\u00a0a cabo en diversos puntos del distrito durante el fin de semana. S\u00e1bado 12 de julio: F\u00daTBOL AFA: FLANDRIA VS.&hellip; <\/p>\n","protected":false},"author":2,"featured_media":9191,"comment_status":"closed","ping_status":"closed","sticky":false,"template":"","format":"standard","meta":{"footnotes":""},"categories":[12],"tags":[],"class_list":["post-9190","post","type-post","status-publish","format-standard","has-post-thumbnail","hentry","category-deporte"],"yoast_head":"<!-- This site is optimized with the Yoast SEO plugin v27.3 - https:\/\/yoast.com\/product\/yoast-seo-wordpress\/ -->\n<title>Agenda deportiva para el fin de semana\u00a0 -<\/title>\n<meta name=\"robots\" content=\"index, follow, max-snippet:-1, max-image-preview:large, max-video-preview:-1\" \/>\n<link rel=\"canonical\" href=\"https:\/\/elciudadanodelujan.com.ar\/?p=9190\" \/>\n<meta property=\"og:locale\" content=\"es_ES\" \/>\n<meta property=\"og:type\" content=\"article\" \/>\n<meta property=\"og:title\" content=\"Agenda deportiva para el fin de semana\u00a0 -\" \/>\n<meta property=\"og:description\" content=\"Se invita a participar de las actividades deportivas que se llevar\u00e1n\u00a0a cabo en diversos puntos del distrito durante el fin de semana. S\u00e1bado 12 de julio: F\u00daTBOL AFA: FLANDRIA VS.&hellip;\" \/>\n<meta property=\"og:url\" content=\"https:\/\/elciudadanodelujan.com.ar\/?p=9190\" \/>\n<meta property=\"article:publisher\" content=\"https:\/\/www.facebook.com\/elciudadanodelujan\" \/>\n<meta property=\"article:published_time\" content=\"2025-07-11T16:40:38+00:00\" \/>\n<meta property=\"article:modified_time\" content=\"2025-07-11T16:40:57+00:00\" \/>\n<meta property=\"og:image\" content=\"https:\/\/elciudadanodelujan.com.ar\/wp-content\/uploads\/2025\/07\/image-24-1024x768.png\" \/>\n\t<meta property=\"og:image:width\" content=\"1024\" \/>\n\t<meta property=\"og:image:height\" content=\"768\" \/>\n\t<meta property=\"og:image:type\" content=\"image\/png\" \/>\n<meta name=\"author\" content=\"Osvaldo Cabral\" \/>\n<meta name=\"twitter:card\" content=\"summary_large_image\" \/>\n<meta name=\"twitter:label1\" content=\"Escrito por\" \/>\n\t<meta name=\"twitter:data1\" content=\"Osvaldo Cabral\" \/>\n<script type=\"application\/ld+json\" class=\"yoast-schema-graph\">{\"@context\":\"https:\\\/\\\/schema.org\",\"@graph\":[{\"@type\":\"Article\",\"@id\":\"https:\\\/\\\/elciudadanodelujan.com.ar\\\/?p=9190#article\",\"isPartOf\":{\"@id\":\"https:\\\/\\\/elciudadanodelujan.com.ar\\\/?p=9190\"},\"author\":{\"name\":\"Osvaldo Cabral\",\"@id\":\"https:\\\/\\\/elciudadanodelujan.com.ar\\\/#\\\/schema\\\/person\\\/6e4147c312281a224c424b0ca2b1d439\"},\"headline\":\"Agenda deportiva para el fin de semana\u00a0\",\"datePublished\":\"2025-07-11T16:40:38+00:00\",\"dateModified\":\"2025-07-11T16:40:57+00:00\",\"mainEntityOfPage\":{\"@id\":\"https:\\\/\\\/elciudadanodelujan.com.ar\\\/?p=9190\"},\"wordCount\":1073,\"publisher\":{\"@id\":\"https:\\\/\\\/elciudadanodelujan.com.ar\\\/#organization\"},\"image\":{\"@id\":\"https:\\\/\\\/elciudadanodelujan.com.ar\\\/?p=9190#primaryimage\"},\"thumbnailUrl\":\"https:\\\/\\\/elciudadanodelujan.com.ar\\\/wp-content\\\/uploads\\\/2025\\\/07\\\/image-24.png\",\"articleSection\":[\"Deporte\"],\"inLanguage\":\"es\"},{\"@type\":\"WebPage\",\"@id\":\"https:\\\/\\\/elciudadanodelujan.com.ar\\\/?p=9190\",\"url\":\"https:\\\/\\\/elciudadanodelujan.com.ar\\\/?p=9190\",\"name\":\"Agenda deportiva para el fin de semana\u00a0 -\",\"isPartOf\":{\"@id\":\"https:\\\/\\\/elciudadanodelujan.com.ar\\\/#website\"},\"primaryImageOfPage\":{\"@id\":\"https:\\\/\\\/elciudadanodelujan.com.ar\\\/?p=9190#primaryimage\"},\"image\":{\"@id\":\"https:\\\/\\\/elciudadanodelujan.com.ar\\\/?p=9190#primaryimage\"},\"thumbnailUrl\":\"https:\\\/\\\/elciudadanodelujan.com.ar\\\/wp-content\\\/uploads\\\/2025\\\/07\\\/image-24.png\",\"datePublished\":\"2025-07-11T16:40:38+00:00\",\"dateModified\":\"2025-07-11T16:40:57+00:00\",\"breadcrumb\":{\"@id\":\"https:\\\/\\\/elciudadanodelujan.com.ar\\\/?p=9190#breadcrumb\"},\"inLanguage\":\"es\",\"potentialAction\":[{\"@type\":\"ReadAction\",\"target\":[\"https:\\\/\\\/elciudadanodelujan.com.ar\\\/?p=9190\"]}]},{\"@type\":\"ImageObject\",\"inLanguage\":\"es\",\"@id\":\"https:\\\/\\\/elciudadanodelujan.com.ar\\\/?p=9190#primaryimage\",\"url\":\"https:\\\/\\\/elciudadanodelujan.com.ar\\\/wp-content\\\/uploads\\\/2025\\\/07\\\/image-24.png\",\"contentUrl\":\"https:\\\/\\\/elciudadanodelujan.com.ar\\\/wp-content\\\/uploads\\\/2025\\\/07\\\/image-24.png\",\"width\":1600,\"height\":1200},{\"@type\":\"BreadcrumbList\",\"@id\":\"https:\\\/\\\/elciudadanodelujan.com.ar\\\/?p=9190#breadcrumb\",\"itemListElement\":[{\"@type\":\"ListItem\",\"position\":1,\"name\":\"Home\",\"item\":\"https:\\\/\\\/elciudadanodelujan.com.ar\\\/\"},{\"@type\":\"ListItem\",\"position\":2,\"name\":\"Agenda deportiva para el fin de semana\u00a0\"}]},{\"@type\":\"WebSite\",\"@id\":\"https:\\\/\\\/elciudadanodelujan.com.ar\\\/#website\",\"url\":\"https:\\\/\\\/elciudadanodelujan.com.ar\\\/\",\"name\":\"https:\\\/\\\/elciudadanodelujan.com.ar\",\"description\":\"Noticias de inter\u00e9s general y periodismo de investigaci\u00f3n\",\"publisher\":{\"@id\":\"https:\\\/\\\/elciudadanodelujan.com.ar\\\/#organization\"},\"potentialAction\":[{\"@type\":\"SearchAction\",\"target\":{\"@type\":\"EntryPoint\",\"urlTemplate\":\"https:\\\/\\\/elciudadanodelujan.com.ar\\\/?s={search_term_string}\"},\"query-input\":{\"@type\":\"PropertyValueSpecification\",\"valueRequired\":true,\"valueName\":\"search_term_string\"}}],\"inLanguage\":\"es\"},{\"@type\":\"Organization\",\"@id\":\"https:\\\/\\\/elciudadanodelujan.com.ar\\\/#organization\",\"name\":\"El Ciudadano de Lujan\",\"url\":\"https:\\\/\\\/elciudadanodelujan.com.ar\\\/\",\"logo\":{\"@type\":\"ImageObject\",\"inLanguage\":\"es\",\"@id\":\"https:\\\/\\\/elciudadanodelujan.com.ar\\\/#\\\/schema\\\/logo\\\/image\\\/\",\"url\":\"https:\\\/\\\/elciudadanodelujan.com.ar\\\/wp-content\\\/uploads\\\/2025\\\/01\\\/logo_El_Ciudadano.jpg\",\"contentUrl\":\"https:\\\/\\\/elciudadanodelujan.com.ar\\\/wp-content\\\/uploads\\\/2025\\\/01\\\/logo_El_Ciudadano.jpg\",\"width\":500,\"height\":123,\"caption\":\"El Ciudadano de Lujan\"},\"image\":{\"@id\":\"https:\\\/\\\/elciudadanodelujan.com.ar\\\/#\\\/schema\\\/logo\\\/image\\\/\"},\"sameAs\":[\"https:\\\/\\\/www.facebook.com\\\/elciudadanodelujan\"]},{\"@type\":\"Person\",\"@id\":\"https:\\\/\\\/elciudadanodelujan.com.ar\\\/#\\\/schema\\\/person\\\/6e4147c312281a224c424b0ca2b1d439\",\"name\":\"Osvaldo Cabral\",\"image\":{\"@type\":\"ImageObject\",\"inLanguage\":\"es\",\"@id\":\"https:\\\/\\\/secure.gravatar.com\\\/avatar\\\/c4c6a8aea430571651e7d6992bdfdff335bbe96580656f78299d10ca9a6c1ae9?s=96&d=mm&r=g\",\"url\":\"https:\\\/\\\/secure.gravatar.com\\\/avatar\\\/c4c6a8aea430571651e7d6992bdfdff335bbe96580656f78299d10ca9a6c1ae9?s=96&d=mm&r=g\",\"contentUrl\":\"https:\\\/\\\/secure.gravatar.com\\\/avatar\\\/c4c6a8aea430571651e7d6992bdfdff335bbe96580656f78299d10ca9a6c1ae9?s=96&d=mm&r=g\",\"caption\":\"Osvaldo Cabral\"},\"url\":\"https:\\\/\\\/elciudadanodelujan.com.ar\\\/?author=2\"}]}<\/script>\n<!-- \/ Yoast SEO plugin. -->","yoast_head_json":{"title":"Agenda deportiva para el fin de semana\u00a0 -","robots":{"index":"index","follow":"follow","max-snippet":"max-snippet:-1","max-image-preview":"max-image-preview:large","max-video-preview":"max-video-preview:-1"},"canonical":"https:\/\/elciudadanodelujan.com.ar\/?p=9190","og_locale":"es_ES","og_type":"article","og_title":"Agenda deportiva para el fin de semana\u00a0 -","og_description":"Se invita a participar de las actividades deportivas que se llevar\u00e1n\u00a0a cabo en diversos puntos del distrito durante el fin de semana. S\u00e1bado 12 de julio: F\u00daTBOL AFA: FLANDRIA VS.&hellip;","og_url":"https:\/\/elciudadanodelujan.com.ar\/?p=9190","article_publisher":"https:\/\/www.facebook.com\/elciudadanodelujan","article_published_time":"2025-07-11T16:40:38+00:00","article_modified_time":"2025-07-11T16:40:57+00:00","og_image":[{"width":1024,"height":768,"url":"https:\/\/elciudadanodelujan.com.ar\/wp-content\/uploads\/2025\/07\/image-24-1024x768.png","type":"image\/png"}],"author":"Osvaldo Cabral","twitter_card":"summary_large_image","twitter_misc":{"Escrito por":"Osvaldo Cabral"},"schema":{"@context":"https:\/\/schema.org","@graph":[{"@type":"Article","@id":"https:\/\/elciudadanodelujan.com.ar\/?p=9190#article","isPartOf":{"@id":"https:\/\/elciudadanodelujan.com.ar\/?p=9190"},"author":{"name":"Osvaldo Cabral","@id":"https:\/\/elciudadanodelujan.com.ar\/#\/schema\/person\/6e4147c312281a224c424b0ca2b1d439"},"headline":"Agenda deportiva para el fin de semana\u00a0","datePublished":"2025-07-11T16:40:38+00:00","dateModified":"2025-07-11T16:40:57+00:00","mainEntityOfPage":{"@id":"https:\/\/elciudadanodelujan.com.ar\/?p=9190"},"wordCount":1073,"publisher":{"@id":"https:\/\/elciudadanodelujan.com.ar\/#organization"},"image":{"@id":"https:\/\/elciudadanodelujan.com.ar\/?p=9190#primaryimage"},"thumbnailUrl":"https:\/\/elciudadanodelujan.com.ar\/wp-content\/uploads\/2025\/07\/image-24.png","articleSection":["Deporte"],"inLanguage":"es"},{"@type":"WebPage","@id":"https:\/\/elciudadanodelujan.com.ar\/?p=9190","url":"https:\/\/elciudadanodelujan.com.ar\/?p=9190","name":"Agenda deportiva para el fin de semana\u00a0 -","isPartOf":{"@id":"https:\/\/elciudadanodelujan.com.ar\/#website"},"primaryImageOfPage":{"@id":"https:\/\/elciudadanodelujan.com.ar\/?p=9190#primaryimage"},"image":{"@id":"https:\/\/elciudadanodelujan.com.ar\/?p=9190#primaryimage"},"thumbnailUrl":"https:\/\/elciudadanodelujan.com.ar\/wp-content\/uploads\/2025\/07\/image-24.png","datePublished":"2025-07-11T16:40:38+00:00","dateModified":"2025-07-11T16:40:57+00:00","breadcrumb":{"@id":"https:\/\/elciudadanodelujan.com.ar\/?p=9190#breadcrumb"},"inLanguage":"es","potentialAction":[{"@type":"ReadAction","target":["https:\/\/elciudadanodelujan.com.ar\/?p=9190"]}]},{"@type":"ImageObject","inLanguage":"es","@id":"https:\/\/elciudadanodelujan.com.ar\/?p=9190#primaryimage","url":"https:\/\/elciudadanodelujan.com.ar\/wp-content\/uploads\/2025\/07\/image-24.png","contentUrl":"https:\/\/elciudadanodelujan.com.ar\/wp-content\/uploads\/2025\/07\/image-24.png","width":1600,"height":1200},{"@type":"BreadcrumbList","@id":"https:\/\/elciudadanodelujan.com.ar\/?p=9190#breadcrumb","itemListElement":[{"@type":"ListItem","position":1,"name":"Home","item":"https:\/\/elciudadanodelujan.com.ar\/"},{"@type":"ListItem","position":2,"name":"Agenda deportiva para el fin de semana\u00a0"}]},{"@type":"WebSite","@id":"https:\/\/elciudadanodelujan.com.ar\/#website","url":"https:\/\/elciudadanodelujan.com.ar\/","name":"https:\/\/elciudadanodelujan.com.ar","description":"Noticias de inter\u00e9s general y periodismo de investigaci\u00f3n","publisher":{"@id":"https:\/\/elciudadanodelujan.com.ar\/#organization"},"potentialAction":[{"@type":"SearchAction","target":{"@type":"EntryPoint","urlTemplate":"https:\/\/elciudadanodelujan.com.ar\/?s={search_term_string}"},"query-input":{"@type":"PropertyValueSpecification","valueRequired":true,"valueName":"search_term_string"}}],"inLanguage":"es"},{"@type":"Organization","@id":"https:\/\/elciudadanodelujan.com.ar\/#organization","name":"El Ciudadano de Lujan","url":"https:\/\/elciudadanodelujan.com.ar\/","logo":{"@type":"ImageObject","inLanguage":"es","@id":"https:\/\/elciudadanodelujan.com.ar\/#\/schema\/logo\/image\/","url":"https:\/\/elciudadanodelujan.com.ar\/wp-content\/uploads\/2025\/01\/logo_El_Ciudadano.jpg","contentUrl":"https:\/\/elciudadanodelujan.com.ar\/wp-content\/uploads\/2025\/01\/logo_El_Ciudadano.jpg","width":500,"height":123,"caption":"El Ciudadano de Lujan"},"image":{"@id":"https:\/\/elciudadanodelujan.com.ar\/#\/schema\/logo\/image\/"},"sameAs":["https:\/\/www.facebook.com\/elciudadanodelujan"]},{"@type":"Person","@id":"https:\/\/elciudadanodelujan.com.ar\/#\/schema\/person\/6e4147c312281a224c424b0ca2b1d439","name":"Osvaldo Cabral","image":{"@type":"ImageObject","inLanguage":"es","@id":"https:\/\/secure.gravatar.com\/avatar\/c4c6a8aea430571651e7d6992bdfdff335bbe96580656f78299d10ca9a6c1ae9?s=96&d=mm&r=g","url":"https:\/\/secure.gravatar.com\/avatar\/c4c6a8aea430571651e7d6992bdfdff335bbe96580656f78299d10ca9a6c1ae9?s=96&d=mm&r=g","contentUrl":"https:\/\/secure.gravatar.com\/avatar\/c4c6a8aea430571651e7d6992bdfdff335bbe96580656f78299d10ca9a6c1ae9?s=96&d=mm&r=g","caption":"Osvaldo Cabral"},"url":"https:\/\/elciudadanodelujan.com.ar\/?author=2"}]}},"_links":{"self":[{"href":"https:\/\/elciudadanodelujan.com.ar\/index.php?rest_route=\/wp\/v2\/posts\/9190","targetHints":{"allow":["GET"]}}],"collection":[{"href":"https:\/\/elciudadanodelujan.com.ar\/index.php?rest_route=\/wp\/v2\/posts"}],"about":[{"href":"https:\/\/elciudadanodelujan.com.ar\/index.php?rest_route=\/wp\/v2\/types\/post"}],"author":[{"embeddable":true,"href":"https:\/\/elciudadanodelujan.com.ar\/index.php?rest_route=\/wp\/v2\/users\/2"}],"replies":[{"embeddable":true,"href":"https:\/\/elciudadanodelujan.com.ar\/index.php?rest_route=%2Fwp%2Fv2%2Fcomments&post=9190"}],"version-history":[{"count":1,"href":"https:\/\/elciudadanodelujan.com.ar\/index.php?rest_route=\/wp\/v2\/posts\/9190\/revisions"}],"predecessor-version":[{"id":9192,"href":"https:\/\/elciudadanodelujan.com.ar\/index.php?rest_route=\/wp\/v2\/posts\/9190\/revisions\/9192"}],"wp:featuredmedia":[{"embeddable":true,"href":"https:\/\/elciudadanodelujan.com.ar\/index.php?rest_route=\/wp\/v2\/media\/9191"}],"wp:attachment":[{"href":"https:\/\/elciudadanodelujan.com.ar\/index.php?rest_route=%2Fwp%2Fv2%2Fmedia&parent=9190"}],"wp:term":[{"taxonomy":"category","embeddable":true,"href":"https:\/\/elciudadanodelujan.com.ar\/index.php?rest_route=%2Fwp%2Fv2%2Fcategories&post=9190"},{"taxonomy":"post_tag","embeddable":true,"href":"https:\/\/elciudadanodelujan.com.ar\/index.php?rest_route=%2Fwp%2Fv2%2Ftags&post=9190"}],"curies":[{"name":"wp","href":"https:\/\/api.w.org\/{rel}","templated":true}]}}