{"id":9187,"date":"2025-07-10T13:35:09","date_gmt":"2025-07-10T16:35:09","guid":{"rendered":"https:\/\/elciudadanodelujan.com.ar\/?p=9187"},"modified":"2025-07-10T13:35:24","modified_gmt":"2025-07-10T16:35:24","slug":"pueblo-nuevo-celebrara-la-2-edicion-de-la-fiesta-del-locro","status":"publish","type":"post","link":"https:\/\/elciudadanodelujan.com.ar\/?p=9187","title":{"rendered":"Pueblo Nuevo celebrar\u00e1 la 2\u00b0 Edici\u00f3n de la Fiesta del Locro"},"content":{"rendered":"\n<p><strong>El pr\u00f3ximo domingo 13 de julio, la localidad de Pueblo Nuevo ser\u00e1 sede de la segunda edici\u00f3n de la Fiesta del Locro, una jornada que reunir\u00e1 tradici\u00f3n, gastronom\u00eda y m\u00fasica en un espacio pensado para el encuentro de toda la comunidad.<\/strong><\/p>\n\n\n\n<figure class=\"wp-block-image size-full is-resized\"><img loading=\"lazy\" decoding=\"async\" width=\"720\" height=\"720\" src=\"https:\/\/elciudadanodelujan.com.ar\/wp-content\/uploads\/2025\/07\/image-23.png\" alt=\"\" class=\"wp-image-9188\" style=\"width:840px;height:auto\" srcset=\"https:\/\/elciudadanodelujan.com.ar\/wp-content\/uploads\/2025\/07\/image-23.png 720w, https:\/\/elciudadanodelujan.com.ar\/wp-content\/uploads\/2025\/07\/image-23-300x300.png 300w, https:\/\/elciudadanodelujan.com.ar\/wp-content\/uploads\/2025\/07\/image-23-150x150.png 150w\" sizes=\"auto, (max-width: 720px) 100vw, 720px\" \/><\/figure>\n\n\n\n<p>Organizada con el acompa\u00f1amiento del Municipio de Luj\u00e1n, la celebraci\u00f3n se desarrollar\u00e1 de 12 a 18 horas en el Club Defensores, ubicado en la intersecci\u00f3n de San Jos\u00e9 y Tropero Moreira, en Pueblo Nuevo. La entrada ser\u00e1 libre y gratuita.<\/p>\n\n\n\n<p>El eje central del evento es la elecci\u00f3n del mejor plato de locro, para as\u00ed rendir homenaje a una de las comidas m\u00e1s representativas de la identidad nacional. Adem\u00e1s, la jornada contar\u00e1 con servicio de cantina, un patio de artesanos y m\u00faltiples propuestas para el entretenimiento familiar.<\/p>\n\n\n\n<p>La programaci\u00f3n art\u00edstica incluir\u00e1 las presentaciones de:<\/p>\n\n\n\n<ul class=\"wp-block-list\">\n<li>Grupo Karicia<br><\/li>\n\n\n\n<li>La Ley 13 (grupo de cumbia)<br><\/li>\n\n\n\n<li>Tomi (artista local)<br><\/li>\n\n\n\n<li>Juana y Gustavo, con un tributo a Pimpinela<br><\/li>\n\n\n\n<li>Jean Gabriel, con un tributo a Horacio Guarany<br><\/li>\n<\/ul>\n\n\n\n<p>Desde la organizaci\u00f3n, se recomienda asistir con reposeras para disfrutar con mayor comodidad de las actividades al aire libre.<\/p>\n\n\n\n<p>Con esta segunda edici\u00f3n, la Fiesta del Locro busca consolidarse como un espacio de encuentro cultural y celebraci\u00f3n popular, que fortalece la identidad local y promueve la participaci\u00f3n de vecinos y vecinas de todo el partido.<\/p>\n","protected":false},"excerpt":{"rendered":"<p>El pr\u00f3ximo domingo 13 de julio, la localidad de Pueblo Nuevo ser\u00e1 sede de la segunda edici\u00f3n de la Fiesta del Locro, una jornada que reunir\u00e1 tradici\u00f3n, gastronom\u00eda y m\u00fasica&hellip; <\/p>\n","protected":false},"author":2,"featured_media":9188,"comment_status":"closed","ping_status":"closed","sticky":false,"template":"","format":"standard","meta":{"footnotes":""},"categories":[17],"tags":[],"class_list":["post-9187","post","type-post","status-publish","format-standard","has-post-thumbnail","hentry","category-sociedad"],"yoast_head":"<!-- This site is optimized with the Yoast SEO plugin v27.3 - https:\/\/yoast.com\/product\/yoast-seo-wordpress\/ -->\n<title>Pueblo Nuevo celebrar\u00e1 la 2\u00b0 Edici\u00f3n de la Fiesta del Locro -<\/title>\n<meta name=\"robots\" content=\"index, follow, max-snippet:-1, max-image-preview:large, max-video-preview:-1\" \/>\n<link rel=\"canonical\" href=\"https:\/\/elciudadanodelujan.com.ar\/?p=9187\" \/>\n<meta property=\"og:locale\" content=\"es_ES\" \/>\n<meta property=\"og:type\" content=\"article\" \/>\n<meta property=\"og:title\" content=\"Pueblo Nuevo celebrar\u00e1 la 2\u00b0 Edici\u00f3n de la Fiesta del Locro -\" \/>\n<meta property=\"og:description\" content=\"El pr\u00f3ximo domingo 13 de julio, la localidad de Pueblo Nuevo ser\u00e1 sede de la segunda edici\u00f3n de la Fiesta del Locro, una jornada que reunir\u00e1 tradici\u00f3n, gastronom\u00eda y m\u00fasica&hellip;\" \/>\n<meta property=\"og:url\" content=\"https:\/\/elciudadanodelujan.com.ar\/?p=9187\" \/>\n<meta property=\"article:publisher\" content=\"https:\/\/www.facebook.com\/elciudadanodelujan\" \/>\n<meta property=\"article:published_time\" content=\"2025-07-10T16:35:09+00:00\" \/>\n<meta property=\"article:modified_time\" content=\"2025-07-10T16:35:24+00:00\" \/>\n<meta property=\"og:image\" content=\"https:\/\/elciudadanodelujan.com.ar\/wp-content\/uploads\/2025\/07\/image-23.png\" \/>\n\t<meta property=\"og:image:width\" content=\"720\" \/>\n\t<meta property=\"og:image:height\" content=\"720\" \/>\n\t<meta property=\"og:image:type\" content=\"image\/png\" \/>\n<meta name=\"author\" content=\"Osvaldo Cabral\" \/>\n<meta name=\"twitter:card\" content=\"summary_large_image\" \/>\n<meta name=\"twitter:label1\" content=\"Escrito por\" \/>\n\t<meta name=\"twitter:data1\" content=\"Osvaldo Cabral\" \/>\n\t<meta name=\"twitter:label2\" content=\"Tiempo de lectura\" \/>\n\t<meta name=\"twitter:data2\" content=\"2 minutos\" \/>\n<script type=\"application\/ld+json\" class=\"yoast-schema-graph\">{\"@context\":\"https:\\\/\\\/schema.org\",\"@graph\":[{\"@type\":\"Article\",\"@id\":\"https:\\\/\\\/elciudadanodelujan.com.ar\\\/?p=9187#article\",\"isPartOf\":{\"@id\":\"https:\\\/\\\/elciudadanodelujan.com.ar\\\/?p=9187\"},\"author\":{\"name\":\"Osvaldo Cabral\",\"@id\":\"https:\\\/\\\/elciudadanodelujan.com.ar\\\/#\\\/schema\\\/person\\\/6e4147c312281a224c424b0ca2b1d439\"},\"headline\":\"Pueblo Nuevo celebrar\u00e1 la 2\u00b0 Edici\u00f3n de la Fiesta del Locro\",\"datePublished\":\"2025-07-10T16:35:09+00:00\",\"dateModified\":\"2025-07-10T16:35:24+00:00\",\"mainEntityOfPage\":{\"@id\":\"https:\\\/\\\/elciudadanodelujan.com.ar\\\/?p=9187\"},\"wordCount\":243,\"publisher\":{\"@id\":\"https:\\\/\\\/elciudadanodelujan.com.ar\\\/#organization\"},\"image\":{\"@id\":\"https:\\\/\\\/elciudadanodelujan.com.ar\\\/?p=9187#primaryimage\"},\"thumbnailUrl\":\"https:\\\/\\\/elciudadanodelujan.com.ar\\\/wp-content\\\/uploads\\\/2025\\\/07\\\/image-23.png\",\"articleSection\":[\"SOCIEDAD\"],\"inLanguage\":\"es\"},{\"@type\":\"WebPage\",\"@id\":\"https:\\\/\\\/elciudadanodelujan.com.ar\\\/?p=9187\",\"url\":\"https:\\\/\\\/elciudadanodelujan.com.ar\\\/?p=9187\",\"name\":\"Pueblo Nuevo celebrar\u00e1 la 2\u00b0 Edici\u00f3n de la Fiesta del Locro -\",\"isPartOf\":{\"@id\":\"https:\\\/\\\/elciudadanodelujan.com.ar\\\/#website\"},\"primaryImageOfPage\":{\"@id\":\"https:\\\/\\\/elciudadanodelujan.com.ar\\\/?p=9187#primaryimage\"},\"image\":{\"@id\":\"https:\\\/\\\/elciudadanodelujan.com.ar\\\/?p=9187#primaryimage\"},\"thumbnailUrl\":\"https:\\\/\\\/elciudadanodelujan.com.ar\\\/wp-content\\\/uploads\\\/2025\\\/07\\\/image-23.png\",\"datePublished\":\"2025-07-10T16:35:09+00:00\",\"dateModified\":\"2025-07-10T16:35:24+00:00\",\"breadcrumb\":{\"@id\":\"https:\\\/\\\/elciudadanodelujan.com.ar\\\/?p=9187#breadcrumb\"},\"inLanguage\":\"es\",\"potentialAction\":[{\"@type\":\"ReadAction\",\"target\":[\"https:\\\/\\\/elciudadanodelujan.com.ar\\\/?p=9187\"]}]},{\"@type\":\"ImageObject\",\"inLanguage\":\"es\",\"@id\":\"https:\\\/\\\/elciudadanodelujan.com.ar\\\/?p=9187#primaryimage\",\"url\":\"https:\\\/\\\/elciudadanodelujan.com.ar\\\/wp-content\\\/uploads\\\/2025\\\/07\\\/image-23.png\",\"contentUrl\":\"https:\\\/\\\/elciudadanodelujan.com.ar\\\/wp-content\\\/uploads\\\/2025\\\/07\\\/image-23.png\",\"width\":720,\"height\":720},{\"@type\":\"BreadcrumbList\",\"@id\":\"https:\\\/\\\/elciudadanodelujan.com.ar\\\/?p=9187#breadcrumb\",\"itemListElement\":[{\"@type\":\"ListItem\",\"position\":1,\"name\":\"Home\",\"item\":\"https:\\\/\\\/elciudadanodelujan.com.ar\\\/\"},{\"@type\":\"ListItem\",\"position\":2,\"name\":\"Pueblo Nuevo celebrar\u00e1 la 2\u00b0 Edici\u00f3n de la Fiesta del Locro\"}]},{\"@type\":\"WebSite\",\"@id\":\"https:\\\/\\\/elciudadanodelujan.com.ar\\\/#website\",\"url\":\"https:\\\/\\\/elciudadanodelujan.com.ar\\\/\",\"name\":\"https:\\\/\\\/elciudadanodelujan.com.ar\",\"description\":\"Noticias de inter\u00e9s general y periodismo de investigaci\u00f3n\",\"publisher\":{\"@id\":\"https:\\\/\\\/elciudadanodelujan.com.ar\\\/#organization\"},\"potentialAction\":[{\"@type\":\"SearchAction\",\"target\":{\"@type\":\"EntryPoint\",\"urlTemplate\":\"https:\\\/\\\/elciudadanodelujan.com.ar\\\/?s={search_term_string}\"},\"query-input\":{\"@type\":\"PropertyValueSpecification\",\"valueRequired\":true,\"valueName\":\"search_term_string\"}}],\"inLanguage\":\"es\"},{\"@type\":\"Organization\",\"@id\":\"https:\\\/\\\/elciudadanodelujan.com.ar\\\/#organization\",\"name\":\"El Ciudadano de Lujan\",\"url\":\"https:\\\/\\\/elciudadanodelujan.com.ar\\\/\",\"logo\":{\"@type\":\"ImageObject\",\"inLanguage\":\"es\",\"@id\":\"https:\\\/\\\/elciudadanodelujan.com.ar\\\/#\\\/schema\\\/logo\\\/image\\\/\",\"url\":\"https:\\\/\\\/elciudadanodelujan.com.ar\\\/wp-content\\\/uploads\\\/2025\\\/01\\\/logo_El_Ciudadano.jpg\",\"contentUrl\":\"https:\\\/\\\/elciudadanodelujan.com.ar\\\/wp-content\\\/uploads\\\/2025\\\/01\\\/logo_El_Ciudadano.jpg\",\"width\":500,\"height\":123,\"caption\":\"El Ciudadano de Lujan\"},\"image\":{\"@id\":\"https:\\\/\\\/elciudadanodelujan.com.ar\\\/#\\\/schema\\\/logo\\\/image\\\/\"},\"sameAs\":[\"https:\\\/\\\/www.facebook.com\\\/elciudadanodelujan\"]},{\"@type\":\"Person\",\"@id\":\"https:\\\/\\\/elciudadanodelujan.com.ar\\\/#\\\/schema\\\/person\\\/6e4147c312281a224c424b0ca2b1d439\",\"name\":\"Osvaldo Cabral\",\"image\":{\"@type\":\"ImageObject\",\"inLanguage\":\"es\",\"@id\":\"https:\\\/\\\/secure.gravatar.com\\\/avatar\\\/c4c6a8aea430571651e7d6992bdfdff335bbe96580656f78299d10ca9a6c1ae9?s=96&d=mm&r=g\",\"url\":\"https:\\\/\\\/secure.gravatar.com\\\/avatar\\\/c4c6a8aea430571651e7d6992bdfdff335bbe96580656f78299d10ca9a6c1ae9?s=96&d=mm&r=g\",\"contentUrl\":\"https:\\\/\\\/secure.gravatar.com\\\/avatar\\\/c4c6a8aea430571651e7d6992bdfdff335bbe96580656f78299d10ca9a6c1ae9?s=96&d=mm&r=g\",\"caption\":\"Osvaldo Cabral\"},\"url\":\"https:\\\/\\\/elciudadanodelujan.com.ar\\\/?author=2\"}]}<\/script>\n<!-- \/ Yoast SEO plugin. -->","yoast_head_json":{"title":"Pueblo Nuevo celebrar\u00e1 la 2\u00b0 Edici\u00f3n de la Fiesta del Locro -","robots":{"index":"index","follow":"follow","max-snippet":"max-snippet:-1","max-image-preview":"max-image-preview:large","max-video-preview":"max-video-preview:-1"},"canonical":"https:\/\/elciudadanodelujan.com.ar\/?p=9187","og_locale":"es_ES","og_type":"article","og_title":"Pueblo Nuevo celebrar\u00e1 la 2\u00b0 Edici\u00f3n de la Fiesta del Locro -","og_description":"El pr\u00f3ximo domingo 13 de julio, la localidad de Pueblo Nuevo ser\u00e1 sede de la segunda edici\u00f3n de la Fiesta del Locro, una jornada que reunir\u00e1 tradici\u00f3n, gastronom\u00eda y m\u00fasica&hellip;","og_url":"https:\/\/elciudadanodelujan.com.ar\/?p=9187","article_publisher":"https:\/\/www.facebook.com\/elciudadanodelujan","article_published_time":"2025-07-10T16:35:09+00:00","article_modified_time":"2025-07-10T16:35:24+00:00","og_image":[{"width":720,"height":720,"url":"https:\/\/elciudadanodelujan.com.ar\/wp-content\/uploads\/2025\/07\/image-23.png","type":"image\/png"}],"author":"Osvaldo Cabral","twitter_card":"summary_large_image","twitter_misc":{"Escrito por":"Osvaldo Cabral","Tiempo de lectura":"2 minutos"},"schema":{"@context":"https:\/\/schema.org","@graph":[{"@type":"Article","@id":"https:\/\/elciudadanodelujan.com.ar\/?p=9187#article","isPartOf":{"@id":"https:\/\/elciudadanodelujan.com.ar\/?p=9187"},"author":{"name":"Osvaldo Cabral","@id":"https:\/\/elciudadanodelujan.com.ar\/#\/schema\/person\/6e4147c312281a224c424b0ca2b1d439"},"headline":"Pueblo Nuevo celebrar\u00e1 la 2\u00b0 Edici\u00f3n de la Fiesta del Locro","datePublished":"2025-07-10T16:35:09+00:00","dateModified":"2025-07-10T16:35:24+00:00","mainEntityOfPage":{"@id":"https:\/\/elciudadanodelujan.com.ar\/?p=9187"},"wordCount":243,"publisher":{"@id":"https:\/\/elciudadanodelujan.com.ar\/#organization"},"image":{"@id":"https:\/\/elciudadanodelujan.com.ar\/?p=9187#primaryimage"},"thumbnailUrl":"https:\/\/elciudadanodelujan.com.ar\/wp-content\/uploads\/2025\/07\/image-23.png","articleSection":["SOCIEDAD"],"inLanguage":"es"},{"@type":"WebPage","@id":"https:\/\/elciudadanodelujan.com.ar\/?p=9187","url":"https:\/\/elciudadanodelujan.com.ar\/?p=9187","name":"Pueblo Nuevo celebrar\u00e1 la 2\u00b0 Edici\u00f3n de la Fiesta del Locro -","isPartOf":{"@id":"https:\/\/elciudadanodelujan.com.ar\/#website"},"primaryImageOfPage":{"@id":"https:\/\/elciudadanodelujan.com.ar\/?p=9187#primaryimage"},"image":{"@id":"https:\/\/elciudadanodelujan.com.ar\/?p=9187#primaryimage"},"thumbnailUrl":"https:\/\/elciudadanodelujan.com.ar\/wp-content\/uploads\/2025\/07\/image-23.png","datePublished":"2025-07-10T16:35:09+00:00","dateModified":"2025-07-10T16:35:24+00:00","breadcrumb":{"@id":"https:\/\/elciudadanodelujan.com.ar\/?p=9187#breadcrumb"},"inLanguage":"es","potentialAction":[{"@type":"ReadAction","target":["https:\/\/elciudadanodelujan.com.ar\/?p=9187"]}]},{"@type":"ImageObject","inLanguage":"es","@id":"https:\/\/elciudadanodelujan.com.ar\/?p=9187#primaryimage","url":"https:\/\/elciudadanodelujan.com.ar\/wp-content\/uploads\/2025\/07\/image-23.png","contentUrl":"https:\/\/elciudadanodelujan.com.ar\/wp-content\/uploads\/2025\/07\/image-23.png","width":720,"height":720},{"@type":"BreadcrumbList","@id":"https:\/\/elciudadanodelujan.com.ar\/?p=9187#breadcrumb","itemListElement":[{"@type":"ListItem","position":1,"name":"Home","item":"https:\/\/elciudadanodelujan.com.ar\/"},{"@type":"ListItem","position":2,"name":"Pueblo Nuevo celebrar\u00e1 la 2\u00b0 Edici\u00f3n de la Fiesta del Locro"}]},{"@type":"WebSite","@id":"https:\/\/elciudadanodelujan.com.ar\/#website","url":"https:\/\/elciudadanodelujan.com.ar\/","name":"https:\/\/elciudadanodelujan.com.ar","description":"Noticias de inter\u00e9s general y periodismo de investigaci\u00f3n","publisher":{"@id":"https:\/\/elciudadanodelujan.com.ar\/#organization"},"potentialAction":[{"@type":"SearchAction","target":{"@type":"EntryPoint","urlTemplate":"https:\/\/elciudadanodelujan.com.ar\/?s={search_term_string}"},"query-input":{"@type":"PropertyValueSpecification","valueRequired":true,"valueName":"search_term_string"}}],"inLanguage":"es"},{"@type":"Organization","@id":"https:\/\/elciudadanodelujan.com.ar\/#organization","name":"El Ciudadano de Lujan","url":"https:\/\/elciudadanodelujan.com.ar\/","logo":{"@type":"ImageObject","inLanguage":"es","@id":"https:\/\/elciudadanodelujan.com.ar\/#\/schema\/logo\/image\/","url":"https:\/\/elciudadanodelujan.com.ar\/wp-content\/uploads\/2025\/01\/logo_El_Ciudadano.jpg","contentUrl":"https:\/\/elciudadanodelujan.com.ar\/wp-content\/uploads\/2025\/01\/logo_El_Ciudadano.jpg","width":500,"height":123,"caption":"El Ciudadano de Lujan"},"image":{"@id":"https:\/\/elciudadanodelujan.com.ar\/#\/schema\/logo\/image\/"},"sameAs":["https:\/\/www.facebook.com\/elciudadanodelujan"]},{"@type":"Person","@id":"https:\/\/elciudadanodelujan.com.ar\/#\/schema\/person\/6e4147c312281a224c424b0ca2b1d439","name":"Osvaldo Cabral","image":{"@type":"ImageObject","inLanguage":"es","@id":"https:\/\/secure.gravatar.com\/avatar\/c4c6a8aea430571651e7d6992bdfdff335bbe96580656f78299d10ca9a6c1ae9?s=96&d=mm&r=g","url":"https:\/\/secure.gravatar.com\/avatar\/c4c6a8aea430571651e7d6992bdfdff335bbe96580656f78299d10ca9a6c1ae9?s=96&d=mm&r=g","contentUrl":"https:\/\/secure.gravatar.com\/avatar\/c4c6a8aea430571651e7d6992bdfdff335bbe96580656f78299d10ca9a6c1ae9?s=96&d=mm&r=g","caption":"Osvaldo Cabral"},"url":"https:\/\/elciudadanodelujan.com.ar\/?author=2"}]}},"_links":{"self":[{"href":"https:\/\/elciudadanodelujan.com.ar\/index.php?rest_route=\/wp\/v2\/posts\/9187","targetHints":{"allow":["GET"]}}],"collection":[{"href":"https:\/\/elciudadanodelujan.com.ar\/index.php?rest_route=\/wp\/v2\/posts"}],"about":[{"href":"https:\/\/elciudadanodelujan.com.ar\/index.php?rest_route=\/wp\/v2\/types\/post"}],"author":[{"embeddable":true,"href":"https:\/\/elciudadanodelujan.com.ar\/index.php?rest_route=\/wp\/v2\/users\/2"}],"replies":[{"embeddable":true,"href":"https:\/\/elciudadanodelujan.com.ar\/index.php?rest_route=%2Fwp%2Fv2%2Fcomments&post=9187"}],"version-history":[{"count":1,"href":"https:\/\/elciudadanodelujan.com.ar\/index.php?rest_route=\/wp\/v2\/posts\/9187\/revisions"}],"predecessor-version":[{"id":9189,"href":"https:\/\/elciudadanodelujan.com.ar\/index.php?rest_route=\/wp\/v2\/posts\/9187\/revisions\/9189"}],"wp:featuredmedia":[{"embeddable":true,"href":"https:\/\/elciudadanodelujan.com.ar\/index.php?rest_route=\/wp\/v2\/media\/9188"}],"wp:attachment":[{"href":"https:\/\/elciudadanodelujan.com.ar\/index.php?rest_route=%2Fwp%2Fv2%2Fmedia&parent=9187"}],"wp:term":[{"taxonomy":"category","embeddable":true,"href":"https:\/\/elciudadanodelujan.com.ar\/index.php?rest_route=%2Fwp%2Fv2%2Fcategories&post=9187"},{"taxonomy":"post_tag","embeddable":true,"href":"https:\/\/elciudadanodelujan.com.ar\/index.php?rest_route=%2Fwp%2Fv2%2Ftags&post=9187"}],"curies":[{"name":"wp","href":"https:\/\/api.w.org\/{rel}","templated":true}]}}