{"id":9184,"date":"2025-07-09T13:33:22","date_gmt":"2025-07-09T16:33:22","guid":{"rendered":"https:\/\/elciudadanodelujan.com.ar\/?p=9184"},"modified":"2025-07-10T13:33:46","modified_gmt":"2025-07-10T16:33:46","slug":"se-realizo-el-tradicional-desfile-para-celebrar-el-dia-de-la-independencia-en-pueblo-nuevo","status":"publish","type":"post","link":"https:\/\/elciudadanodelujan.com.ar\/?p=9184","title":{"rendered":"Se realiz\u00f3 el tradicional desfile para celebrar el D\u00eda de la Independencia en Pueblo Nuevo"},"content":{"rendered":"\n<p><strong>M\u00e1s de 50 instituciones participaron este mi\u00e9rcoles en Pueblo Nuevo del tradicional desfile conmemorativo del 209\u00ba aniversario por el D\u00eda de la Independencia. \u00a0<\/strong><\/p>\n\n\n\n<figure class=\"wp-block-image size-large\"><img loading=\"lazy\" decoding=\"async\" width=\"1024\" height=\"618\" src=\"https:\/\/elciudadanodelujan.com.ar\/wp-content\/uploads\/2025\/07\/image-22-1024x618.png\" alt=\"\" class=\"wp-image-9185\" srcset=\"https:\/\/elciudadanodelujan.com.ar\/wp-content\/uploads\/2025\/07\/image-22-1024x618.png 1024w, https:\/\/elciudadanodelujan.com.ar\/wp-content\/uploads\/2025\/07\/image-22-300x181.png 300w, https:\/\/elciudadanodelujan.com.ar\/wp-content\/uploads\/2025\/07\/image-22-768x464.png 768w, https:\/\/elciudadanodelujan.com.ar\/wp-content\/uploads\/2025\/07\/image-22-1536x927.png 1536w, https:\/\/elciudadanodelujan.com.ar\/wp-content\/uploads\/2025\/07\/image-22.png 1600w\" sizes=\"auto, (max-width: 1024px) 100vw, 1024px\" \/><\/figure>\n\n\n\n<p>Desde las 10 horas se desarrollaron las distintas actividades en la Avenida Tropero Moreira, organizado por la Comisi\u00f3n de fiestas de Villa Flandria \u201cJorge Coco Moronta\u201d y el Municipio de Luj\u00e1n, con la participaci\u00f3n de autoridades, abanderados de las Escuelas e Instituciones, Banda de M\u00fasica \u201cRerum Novarum\u201d y vecinos y vecinas de nuestra ciudad.<\/p>\n\n\n\n<p>\u201cSaludamos a todos en este d\u00eda tan especial, en este 9 de julio, D\u00eda de la Independencia, en donde recordamos ese momento tan importante de la patria. La independencia es una lucha constante, no es una declaraci\u00f3n, es una construcci\u00f3n. Y hoy tambi\u00e9n se sigue jugando esa independencia en nuestro tiempo. Es una independencia econ\u00f3mica, la posibilidad de crecer, la posibilidad de pensarnos a nosotros mismos, de construir una comunidad, de ser pueblo, de poder mirarnos a los ojos y reconocernos como hermanos, de construir futuro. Un ejemplo de comunidad, son nuestras instituciones, nuestras escuelas, nuestros gobiernos, la iglesia. Somos pueblo, y tenemos el desaf\u00edo de caminar juntos. As\u00ed que invitarnos a reflexionar sobre los desaf\u00edos que tiene nuestro pueblo. Sigamos trabajando para intentar poner de pie a la patria, que tengan un muy, muy lindo d\u00eda\u201d, destac\u00f3 el Intendente Leonardo Boto.<\/p>\n\n\n\n<p>Tras el izamiento del pabell\u00f3n nacional, y la entonaci\u00f3n de las estrofas del Himno Argentino, se realiz\u00f3 la simb\u00f3lica suelta de palomas. A continuaci\u00f3n, se llev\u00f3 a cabo la Celebraci\u00f3n de Acci\u00f3n de Gracias a cargo del Cura de la Parroquia San Luis Gonzaga, Padre Andr\u00e9s Rogowicz y brind\u00f3 unas palabras el representante de los Scout, Nicol\u00e1s Schirof<\/p>\n\n\n\n<p>La Banda de M\u00fasica \u201cRerum Novarum\u201d y la Agrupaci\u00f3n \u201cPonchos Celestes y Blancos\u201d dieron inicio al desfile, luego&nbsp;los jardines N\u00b0 902 \u201cMar\u00eda Alicia Gonnet de Steverlynck\u201d, N\u00b0 927 \u201cRom\u00e1n Chechotca\u201d (Pueblo Nuevo), N\u00b0 912 (Cort\u00ednez), N\u00ba 904 \u201cProf. Hermenegildo Amadeo Gamboso\u201d, N\u00b0 913 (B\u00b0 Loreto), Centro \u201cD\u00e9jalo ser\u2026 D\u00e9jame hacer\u201d.<\/p>\n\n\n\n<p>Continuaron las Escuelas de Educaci\u00f3n Primaria N\u00ba 24 \u201cDr. Francisco Javier Mu\u00f1iz\u201d, N\u00ba 4 \u201cDr. Santiago Cortinez\u201d, Escuela de Educaci\u00f3n Primaria N\u00ba 26 \u201cRep\u00fablica de Venezuela\u201d, Escuela de Educaci\u00f3n Primaria N\u00ba 16 \u201cJos\u00e9 Mar\u00eda J\u00e1uregui\u201d.<\/p>\n\n\n\n<p>Tambi\u00e9n desfilaron la Escuela de Educaci\u00f3n Secundaria N\u00ba 2 \u201cJulio Steverlynck\u201d, Secundaria N\u00ba 16 (Cort\u00ednez), Centro Educativo Rural N\u00ba 1 (Cort\u00ednez) Centro de Educaci\u00f3n de Adultos y Adolescentes N\u00ba 703, Centro de Educaci\u00f3n de Adultos N\u00b0 453, Escuela de Educaci\u00f3n Secundaria N\u00ba 14, Colegio Inmaculada Concepci\u00f3n, Instituto Inmaculada Concepci\u00f3n, Colegio San Luis Gonzaga, E.E.T. No Oficial \u201cAlgodonera Flandria\u201d, Colegio \u201cLos Aromos\u201d, Instituto Municipal de Educaci\u00f3n y Tecnolog\u00eda \u201cDr. Emilio F. Mignone\u201d, Grupo Scout N\u00ba 7 \u201cSan Antonio de Padua\u201d, Comunidad Gu\u00eda \u201cSanta Clara de As\u00eds\u201d, Grupo Scout N\u00ba 1 \u201cSan Luis Gonzaga\u201d, Comunidad Gu\u00eda \u201cVirgen Ni\u00f1a\u201d, Centro de Jubilados y Pensionados \u201c2da.&nbsp; Juventud\u201d de Pueblo Nuevo y Cort\u00ednez, Centro de Jubilados y Pensionados de \u201cVilla Flandria\u201d<\/p>\n\n\n\n<p>Las instituciones ALUCEC \u201cPadre Demarco\u201d y AEVOB, Centro de Educaci\u00f3n F\u00edsica N\u00b0 73. Club Social y Deportivo Defensores de Villa Flandria Norte, Club N\u00e1utico \u201cEl Tim\u00f3n\u201d, Club Social y Deportivo Flandria, Escuela de F\u00fatbol Infantil \u201cSantiago Cort\u00ednez\u201d.&nbsp; Escuela de Futbol Infantil \u201cSan Luis Gonzaga\u201d, Escuela de F\u00fatbol Infantil \u201cDon Julio Steverlynck\u201d, Asociaci\u00f3n de Veteranos de Guerra de Luj\u00e1n, Sala Permanente de Malvinas, Cuerpo de Bomberos Voluntarios de Luj\u00e1n, Daniel Conti, Club Autos Antiguos de Luj\u00e1n.<\/p>\n\n\n\n<p>Cerrando, las agrupaciones tradicionalistas: C\u00edrculo Criollo \u201cMart\u00edn Fierro\u201d de Villa Flandria, Centro Educativo Rural N\u00ba 1 (Cort\u00ednez), Agrupaci\u00f3n Tradicionalista \u201cVirgen Gaucha\u201d (Luj\u00e1n), \u201cLos Tacuaras\u201d (Cort\u00ednez)<\/p>\n\n\n\n<p>Estuvieron presentes, adem\u00e1s, el presidente del Honorable Concejo Deliberante, C\u00e9sar Siror, Secretarios y funcionarios del Ejecutivo, Concejales.<\/p>\n","protected":false},"excerpt":{"rendered":"<p>M\u00e1s de 50 instituciones participaron este mi\u00e9rcoles en Pueblo Nuevo del tradicional desfile conmemorativo del 209\u00ba aniversario por el D\u00eda de la Independencia. \u00a0 Desde las 10 horas se desarrollaron&hellip; <\/p>\n","protected":false},"author":2,"featured_media":9185,"comment_status":"closed","ping_status":"closed","sticky":false,"template":"","format":"standard","meta":{"footnotes":""},"categories":[4],"tags":[],"class_list":["post-9184","post","type-post","status-publish","format-standard","has-post-thumbnail","hentry","category-barriales"],"yoast_head":"<!-- This site is optimized with the Yoast SEO plugin v27.3 - https:\/\/yoast.com\/product\/yoast-seo-wordpress\/ -->\n<title>Se realiz\u00f3 el tradicional desfile para celebrar el D\u00eda de la Independencia en Pueblo Nuevo -<\/title>\n<meta name=\"robots\" content=\"index, follow, max-snippet:-1, max-image-preview:large, max-video-preview:-1\" \/>\n<link rel=\"canonical\" href=\"https:\/\/elciudadanodelujan.com.ar\/?p=9184\" \/>\n<meta property=\"og:locale\" content=\"es_ES\" \/>\n<meta property=\"og:type\" content=\"article\" \/>\n<meta property=\"og:title\" content=\"Se realiz\u00f3 el tradicional desfile para celebrar el D\u00eda de la Independencia en Pueblo Nuevo -\" \/>\n<meta property=\"og:description\" content=\"M\u00e1s de 50 instituciones participaron este mi\u00e9rcoles en Pueblo Nuevo del tradicional desfile conmemorativo del 209\u00ba aniversario por el D\u00eda de la Independencia. \u00a0 Desde las 10 horas se desarrollaron&hellip;\" \/>\n<meta property=\"og:url\" content=\"https:\/\/elciudadanodelujan.com.ar\/?p=9184\" \/>\n<meta property=\"article:publisher\" content=\"https:\/\/www.facebook.com\/elciudadanodelujan\" \/>\n<meta property=\"article:published_time\" content=\"2025-07-09T16:33:22+00:00\" \/>\n<meta property=\"article:modified_time\" content=\"2025-07-10T16:33:46+00:00\" \/>\n<meta property=\"og:image\" content=\"https:\/\/elciudadanodelujan.com.ar\/wp-content\/uploads\/2025\/07\/image-22-1024x618.png\" \/>\n\t<meta property=\"og:image:width\" content=\"1024\" \/>\n\t<meta property=\"og:image:height\" content=\"618\" \/>\n\t<meta property=\"og:image:type\" content=\"image\/png\" \/>\n<meta name=\"author\" content=\"Osvaldo Cabral\" \/>\n<meta name=\"twitter:card\" content=\"summary_large_image\" \/>\n<meta name=\"twitter:label1\" content=\"Escrito por\" \/>\n\t<meta name=\"twitter:data1\" content=\"Osvaldo Cabral\" \/>\n\t<meta name=\"twitter:label2\" content=\"Tiempo de lectura\" \/>\n\t<meta name=\"twitter:data2\" content=\"4 minutos\" \/>\n<script type=\"application\/ld+json\" class=\"yoast-schema-graph\">{\"@context\":\"https:\\\/\\\/schema.org\",\"@graph\":[{\"@type\":\"Article\",\"@id\":\"https:\\\/\\\/elciudadanodelujan.com.ar\\\/?p=9184#article\",\"isPartOf\":{\"@id\":\"https:\\\/\\\/elciudadanodelujan.com.ar\\\/?p=9184\"},\"author\":{\"name\":\"Osvaldo Cabral\",\"@id\":\"https:\\\/\\\/elciudadanodelujan.com.ar\\\/#\\\/schema\\\/person\\\/6e4147c312281a224c424b0ca2b1d439\"},\"headline\":\"Se realiz\u00f3 el tradicional desfile para celebrar el D\u00eda de la Independencia en Pueblo Nuevo\",\"datePublished\":\"2025-07-09T16:33:22+00:00\",\"dateModified\":\"2025-07-10T16:33:46+00:00\",\"mainEntityOfPage\":{\"@id\":\"https:\\\/\\\/elciudadanodelujan.com.ar\\\/?p=9184\"},\"wordCount\":667,\"publisher\":{\"@id\":\"https:\\\/\\\/elciudadanodelujan.com.ar\\\/#organization\"},\"image\":{\"@id\":\"https:\\\/\\\/elciudadanodelujan.com.ar\\\/?p=9184#primaryimage\"},\"thumbnailUrl\":\"https:\\\/\\\/elciudadanodelujan.com.ar\\\/wp-content\\\/uploads\\\/2025\\\/07\\\/image-22.png\",\"articleSection\":[\"BARRIALES\"],\"inLanguage\":\"es\"},{\"@type\":\"WebPage\",\"@id\":\"https:\\\/\\\/elciudadanodelujan.com.ar\\\/?p=9184\",\"url\":\"https:\\\/\\\/elciudadanodelujan.com.ar\\\/?p=9184\",\"name\":\"Se realiz\u00f3 el tradicional desfile para celebrar el D\u00eda de la Independencia en Pueblo Nuevo -\",\"isPartOf\":{\"@id\":\"https:\\\/\\\/elciudadanodelujan.com.ar\\\/#website\"},\"primaryImageOfPage\":{\"@id\":\"https:\\\/\\\/elciudadanodelujan.com.ar\\\/?p=9184#primaryimage\"},\"image\":{\"@id\":\"https:\\\/\\\/elciudadanodelujan.com.ar\\\/?p=9184#primaryimage\"},\"thumbnailUrl\":\"https:\\\/\\\/elciudadanodelujan.com.ar\\\/wp-content\\\/uploads\\\/2025\\\/07\\\/image-22.png\",\"datePublished\":\"2025-07-09T16:33:22+00:00\",\"dateModified\":\"2025-07-10T16:33:46+00:00\",\"breadcrumb\":{\"@id\":\"https:\\\/\\\/elciudadanodelujan.com.ar\\\/?p=9184#breadcrumb\"},\"inLanguage\":\"es\",\"potentialAction\":[{\"@type\":\"ReadAction\",\"target\":[\"https:\\\/\\\/elciudadanodelujan.com.ar\\\/?p=9184\"]}]},{\"@type\":\"ImageObject\",\"inLanguage\":\"es\",\"@id\":\"https:\\\/\\\/elciudadanodelujan.com.ar\\\/?p=9184#primaryimage\",\"url\":\"https:\\\/\\\/elciudadanodelujan.com.ar\\\/wp-content\\\/uploads\\\/2025\\\/07\\\/image-22.png\",\"contentUrl\":\"https:\\\/\\\/elciudadanodelujan.com.ar\\\/wp-content\\\/uploads\\\/2025\\\/07\\\/image-22.png\",\"width\":1600,\"height\":966},{\"@type\":\"BreadcrumbList\",\"@id\":\"https:\\\/\\\/elciudadanodelujan.com.ar\\\/?p=9184#breadcrumb\",\"itemListElement\":[{\"@type\":\"ListItem\",\"position\":1,\"name\":\"Home\",\"item\":\"https:\\\/\\\/elciudadanodelujan.com.ar\\\/\"},{\"@type\":\"ListItem\",\"position\":2,\"name\":\"Se realiz\u00f3 el tradicional desfile para celebrar el D\u00eda de la Independencia en Pueblo Nuevo\"}]},{\"@type\":\"WebSite\",\"@id\":\"https:\\\/\\\/elciudadanodelujan.com.ar\\\/#website\",\"url\":\"https:\\\/\\\/elciudadanodelujan.com.ar\\\/\",\"name\":\"https:\\\/\\\/elciudadanodelujan.com.ar\",\"description\":\"Noticias de inter\u00e9s general y periodismo de investigaci\u00f3n\",\"publisher\":{\"@id\":\"https:\\\/\\\/elciudadanodelujan.com.ar\\\/#organization\"},\"potentialAction\":[{\"@type\":\"SearchAction\",\"target\":{\"@type\":\"EntryPoint\",\"urlTemplate\":\"https:\\\/\\\/elciudadanodelujan.com.ar\\\/?s={search_term_string}\"},\"query-input\":{\"@type\":\"PropertyValueSpecification\",\"valueRequired\":true,\"valueName\":\"search_term_string\"}}],\"inLanguage\":\"es\"},{\"@type\":\"Organization\",\"@id\":\"https:\\\/\\\/elciudadanodelujan.com.ar\\\/#organization\",\"name\":\"El Ciudadano de Lujan\",\"url\":\"https:\\\/\\\/elciudadanodelujan.com.ar\\\/\",\"logo\":{\"@type\":\"ImageObject\",\"inLanguage\":\"es\",\"@id\":\"https:\\\/\\\/elciudadanodelujan.com.ar\\\/#\\\/schema\\\/logo\\\/image\\\/\",\"url\":\"https:\\\/\\\/elciudadanodelujan.com.ar\\\/wp-content\\\/uploads\\\/2025\\\/01\\\/logo_El_Ciudadano.jpg\",\"contentUrl\":\"https:\\\/\\\/elciudadanodelujan.com.ar\\\/wp-content\\\/uploads\\\/2025\\\/01\\\/logo_El_Ciudadano.jpg\",\"width\":500,\"height\":123,\"caption\":\"El Ciudadano de Lujan\"},\"image\":{\"@id\":\"https:\\\/\\\/elciudadanodelujan.com.ar\\\/#\\\/schema\\\/logo\\\/image\\\/\"},\"sameAs\":[\"https:\\\/\\\/www.facebook.com\\\/elciudadanodelujan\"]},{\"@type\":\"Person\",\"@id\":\"https:\\\/\\\/elciudadanodelujan.com.ar\\\/#\\\/schema\\\/person\\\/6e4147c312281a224c424b0ca2b1d439\",\"name\":\"Osvaldo Cabral\",\"image\":{\"@type\":\"ImageObject\",\"inLanguage\":\"es\",\"@id\":\"https:\\\/\\\/secure.gravatar.com\\\/avatar\\\/c4c6a8aea430571651e7d6992bdfdff335bbe96580656f78299d10ca9a6c1ae9?s=96&d=mm&r=g\",\"url\":\"https:\\\/\\\/secure.gravatar.com\\\/avatar\\\/c4c6a8aea430571651e7d6992bdfdff335bbe96580656f78299d10ca9a6c1ae9?s=96&d=mm&r=g\",\"contentUrl\":\"https:\\\/\\\/secure.gravatar.com\\\/avatar\\\/c4c6a8aea430571651e7d6992bdfdff335bbe96580656f78299d10ca9a6c1ae9?s=96&d=mm&r=g\",\"caption\":\"Osvaldo Cabral\"},\"url\":\"https:\\\/\\\/elciudadanodelujan.com.ar\\\/?author=2\"}]}<\/script>\n<!-- \/ Yoast SEO plugin. -->","yoast_head_json":{"title":"Se realiz\u00f3 el tradicional desfile para celebrar el D\u00eda de la Independencia en Pueblo Nuevo -","robots":{"index":"index","follow":"follow","max-snippet":"max-snippet:-1","max-image-preview":"max-image-preview:large","max-video-preview":"max-video-preview:-1"},"canonical":"https:\/\/elciudadanodelujan.com.ar\/?p=9184","og_locale":"es_ES","og_type":"article","og_title":"Se realiz\u00f3 el tradicional desfile para celebrar el D\u00eda de la Independencia en Pueblo Nuevo -","og_description":"M\u00e1s de 50 instituciones participaron este mi\u00e9rcoles en Pueblo Nuevo del tradicional desfile conmemorativo del 209\u00ba aniversario por el D\u00eda de la Independencia. \u00a0 Desde las 10 horas se desarrollaron&hellip;","og_url":"https:\/\/elciudadanodelujan.com.ar\/?p=9184","article_publisher":"https:\/\/www.facebook.com\/elciudadanodelujan","article_published_time":"2025-07-09T16:33:22+00:00","article_modified_time":"2025-07-10T16:33:46+00:00","og_image":[{"width":1024,"height":618,"url":"https:\/\/elciudadanodelujan.com.ar\/wp-content\/uploads\/2025\/07\/image-22-1024x618.png","type":"image\/png"}],"author":"Osvaldo Cabral","twitter_card":"summary_large_image","twitter_misc":{"Escrito por":"Osvaldo Cabral","Tiempo de lectura":"4 minutos"},"schema":{"@context":"https:\/\/schema.org","@graph":[{"@type":"Article","@id":"https:\/\/elciudadanodelujan.com.ar\/?p=9184#article","isPartOf":{"@id":"https:\/\/elciudadanodelujan.com.ar\/?p=9184"},"author":{"name":"Osvaldo Cabral","@id":"https:\/\/elciudadanodelujan.com.ar\/#\/schema\/person\/6e4147c312281a224c424b0ca2b1d439"},"headline":"Se realiz\u00f3 el tradicional desfile para celebrar el D\u00eda de la Independencia en Pueblo Nuevo","datePublished":"2025-07-09T16:33:22+00:00","dateModified":"2025-07-10T16:33:46+00:00","mainEntityOfPage":{"@id":"https:\/\/elciudadanodelujan.com.ar\/?p=9184"},"wordCount":667,"publisher":{"@id":"https:\/\/elciudadanodelujan.com.ar\/#organization"},"image":{"@id":"https:\/\/elciudadanodelujan.com.ar\/?p=9184#primaryimage"},"thumbnailUrl":"https:\/\/elciudadanodelujan.com.ar\/wp-content\/uploads\/2025\/07\/image-22.png","articleSection":["BARRIALES"],"inLanguage":"es"},{"@type":"WebPage","@id":"https:\/\/elciudadanodelujan.com.ar\/?p=9184","url":"https:\/\/elciudadanodelujan.com.ar\/?p=9184","name":"Se realiz\u00f3 el tradicional desfile para celebrar el D\u00eda de la Independencia en Pueblo Nuevo -","isPartOf":{"@id":"https:\/\/elciudadanodelujan.com.ar\/#website"},"primaryImageOfPage":{"@id":"https:\/\/elciudadanodelujan.com.ar\/?p=9184#primaryimage"},"image":{"@id":"https:\/\/elciudadanodelujan.com.ar\/?p=9184#primaryimage"},"thumbnailUrl":"https:\/\/elciudadanodelujan.com.ar\/wp-content\/uploads\/2025\/07\/image-22.png","datePublished":"2025-07-09T16:33:22+00:00","dateModified":"2025-07-10T16:33:46+00:00","breadcrumb":{"@id":"https:\/\/elciudadanodelujan.com.ar\/?p=9184#breadcrumb"},"inLanguage":"es","potentialAction":[{"@type":"ReadAction","target":["https:\/\/elciudadanodelujan.com.ar\/?p=9184"]}]},{"@type":"ImageObject","inLanguage":"es","@id":"https:\/\/elciudadanodelujan.com.ar\/?p=9184#primaryimage","url":"https:\/\/elciudadanodelujan.com.ar\/wp-content\/uploads\/2025\/07\/image-22.png","contentUrl":"https:\/\/elciudadanodelujan.com.ar\/wp-content\/uploads\/2025\/07\/image-22.png","width":1600,"height":966},{"@type":"BreadcrumbList","@id":"https:\/\/elciudadanodelujan.com.ar\/?p=9184#breadcrumb","itemListElement":[{"@type":"ListItem","position":1,"name":"Home","item":"https:\/\/elciudadanodelujan.com.ar\/"},{"@type":"ListItem","position":2,"name":"Se realiz\u00f3 el tradicional desfile para celebrar el D\u00eda de la Independencia en Pueblo Nuevo"}]},{"@type":"WebSite","@id":"https:\/\/elciudadanodelujan.com.ar\/#website","url":"https:\/\/elciudadanodelujan.com.ar\/","name":"https:\/\/elciudadanodelujan.com.ar","description":"Noticias de inter\u00e9s general y periodismo de investigaci\u00f3n","publisher":{"@id":"https:\/\/elciudadanodelujan.com.ar\/#organization"},"potentialAction":[{"@type":"SearchAction","target":{"@type":"EntryPoint","urlTemplate":"https:\/\/elciudadanodelujan.com.ar\/?s={search_term_string}"},"query-input":{"@type":"PropertyValueSpecification","valueRequired":true,"valueName":"search_term_string"}}],"inLanguage":"es"},{"@type":"Organization","@id":"https:\/\/elciudadanodelujan.com.ar\/#organization","name":"El Ciudadano de Lujan","url":"https:\/\/elciudadanodelujan.com.ar\/","logo":{"@type":"ImageObject","inLanguage":"es","@id":"https:\/\/elciudadanodelujan.com.ar\/#\/schema\/logo\/image\/","url":"https:\/\/elciudadanodelujan.com.ar\/wp-content\/uploads\/2025\/01\/logo_El_Ciudadano.jpg","contentUrl":"https:\/\/elciudadanodelujan.com.ar\/wp-content\/uploads\/2025\/01\/logo_El_Ciudadano.jpg","width":500,"height":123,"caption":"El Ciudadano de Lujan"},"image":{"@id":"https:\/\/elciudadanodelujan.com.ar\/#\/schema\/logo\/image\/"},"sameAs":["https:\/\/www.facebook.com\/elciudadanodelujan"]},{"@type":"Person","@id":"https:\/\/elciudadanodelujan.com.ar\/#\/schema\/person\/6e4147c312281a224c424b0ca2b1d439","name":"Osvaldo Cabral","image":{"@type":"ImageObject","inLanguage":"es","@id":"https:\/\/secure.gravatar.com\/avatar\/c4c6a8aea430571651e7d6992bdfdff335bbe96580656f78299d10ca9a6c1ae9?s=96&d=mm&r=g","url":"https:\/\/secure.gravatar.com\/avatar\/c4c6a8aea430571651e7d6992bdfdff335bbe96580656f78299d10ca9a6c1ae9?s=96&d=mm&r=g","contentUrl":"https:\/\/secure.gravatar.com\/avatar\/c4c6a8aea430571651e7d6992bdfdff335bbe96580656f78299d10ca9a6c1ae9?s=96&d=mm&r=g","caption":"Osvaldo Cabral"},"url":"https:\/\/elciudadanodelujan.com.ar\/?author=2"}]}},"_links":{"self":[{"href":"https:\/\/elciudadanodelujan.com.ar\/index.php?rest_route=\/wp\/v2\/posts\/9184","targetHints":{"allow":["GET"]}}],"collection":[{"href":"https:\/\/elciudadanodelujan.com.ar\/index.php?rest_route=\/wp\/v2\/posts"}],"about":[{"href":"https:\/\/elciudadanodelujan.com.ar\/index.php?rest_route=\/wp\/v2\/types\/post"}],"author":[{"embeddable":true,"href":"https:\/\/elciudadanodelujan.com.ar\/index.php?rest_route=\/wp\/v2\/users\/2"}],"replies":[{"embeddable":true,"href":"https:\/\/elciudadanodelujan.com.ar\/index.php?rest_route=%2Fwp%2Fv2%2Fcomments&post=9184"}],"version-history":[{"count":1,"href":"https:\/\/elciudadanodelujan.com.ar\/index.php?rest_route=\/wp\/v2\/posts\/9184\/revisions"}],"predecessor-version":[{"id":9186,"href":"https:\/\/elciudadanodelujan.com.ar\/index.php?rest_route=\/wp\/v2\/posts\/9184\/revisions\/9186"}],"wp:featuredmedia":[{"embeddable":true,"href":"https:\/\/elciudadanodelujan.com.ar\/index.php?rest_route=\/wp\/v2\/media\/9185"}],"wp:attachment":[{"href":"https:\/\/elciudadanodelujan.com.ar\/index.php?rest_route=%2Fwp%2Fv2%2Fmedia&parent=9184"}],"wp:term":[{"taxonomy":"category","embeddable":true,"href":"https:\/\/elciudadanodelujan.com.ar\/index.php?rest_route=%2Fwp%2Fv2%2Fcategories&post=9184"},{"taxonomy":"post_tag","embeddable":true,"href":"https:\/\/elciudadanodelujan.com.ar\/index.php?rest_route=%2Fwp%2Fv2%2Ftags&post=9184"}],"curies":[{"name":"wp","href":"https:\/\/api.w.org\/{rel}","templated":true}]}}