{"id":9181,"date":"2025-07-10T13:32:02","date_gmt":"2025-07-10T16:32:02","guid":{"rendered":"https:\/\/elciudadanodelujan.com.ar\/?p=9181"},"modified":"2025-07-10T13:32:49","modified_gmt":"2025-07-10T16:32:49","slug":"agenda-de-actividades-para-el-fin-de-semana-69","status":"publish","type":"post","link":"https:\/\/elciudadanodelujan.com.ar\/?p=9181","title":{"rendered":"Agenda de actividades para el fin de semana"},"content":{"rendered":"\n<p id=\"geom_inter_1752165074081_75_14\"><strong>El Municipio de Luj\u00e1n invita a participar de una nueva serie de actividades art\u00edsticas y culturales, que se desarrollar\u00e1n en diferentes espacios del partido durante el fin de semana.<\/strong><\/p>\n\n\n\n<p id=\"geom_inter_1752165074081_75_14\"><\/p>\n\n\n\n<figure class=\"wp-block-image size-large\"><img loading=\"lazy\" decoding=\"async\" width=\"1024\" height=\"682\" src=\"https:\/\/elciudadanodelujan.com.ar\/wp-content\/uploads\/2025\/07\/image-21-1024x682.png\" alt=\"\" class=\"wp-image-9182\" srcset=\"https:\/\/elciudadanodelujan.com.ar\/wp-content\/uploads\/2025\/07\/image-21-1024x682.png 1024w, https:\/\/elciudadanodelujan.com.ar\/wp-content\/uploads\/2025\/07\/image-21-300x200.png 300w, https:\/\/elciudadanodelujan.com.ar\/wp-content\/uploads\/2025\/07\/image-21-768x512.png 768w, https:\/\/elciudadanodelujan.com.ar\/wp-content\/uploads\/2025\/07\/image-21-1536x1023.png 1536w, https:\/\/elciudadanodelujan.com.ar\/wp-content\/uploads\/2025\/07\/image-21.png 1600w\" sizes=\"auto, (max-width: 1024px) 100vw, 1024px\" \/><\/figure>\n\n\n\n<p id=\"geom_inter_1752165074081_75_14\"><\/p>\n\n\n\n<p id=\"geom_inter_1752165071355_58_6\"><strong>Actividades libres y gratuita<\/strong><\/p>\n\n\n\n<p id=\"geom_inter_1752165074081_0_15\"><strong>2\u00b0 EDICI\u00d3N DE LA FIESTA DEL LOCRO<\/strong><\/p>\n\n\n\n<p id=\"geom_inter_1752165076091_16_19\">El domingo 13, de 12 a 18 horas en el Club Defensores de Pueblo Nuevo (San Jos\u00e9 y Tropero Moreira) se llevar\u00e1 a cabo la segunda edici\u00f3n de la Fiesta del Locro, una jornada que reunir\u00e1 tradici\u00f3n, gastronom\u00eda y m\u00fasica.&nbsp;<\/p>\n\n\n\n<p id=\"geom_inter_1752165077095_91_21\">El eje central del evento es la elecci\u00f3n del mejor plato de locro, para as\u00ed rendir homenaje a una de las comidas m\u00e1s representativas de la identidad nacional. Adem\u00e1s, la jornada contar\u00e1 con servicio de cantina, un patio de artesanos y m\u00faltiples propuestas para el entretenimiento familiar.<\/p>\n\n\n\n<p>En esta oportunidad se har\u00e1n presentes: Grupo Karicia, La Ley 13 (grupo de cumbia), Tomi (artista local), Juana y Gustavo, con un tributo a Pimpinela, y Jean Gabriel, con un tributo a Horacio Guarany.<\/p>\n\n\n\n<p><strong>SEMINARIO MUNICIPAL DE TEATRO<\/strong><\/p>\n\n\n\n<p id=\"geom_inter_1752165078094_70_24\">El lunes 14, a las 18 horas, en el Centro Cultural Do\u00f1a Ana de Matos (Paseo Caleli\u00e1n 1135) se dar\u00e1 la&nbsp;<strong>muestra<\/strong>&nbsp;del&nbsp;<strong>Seminario Municipal de Teatro<\/strong>, en el marco de los Talleres Culturales libres y gratuitos.&nbsp;<\/p>\n\n\n\n<p id=\"geom_inter_1752165080091_63_30\"><strong>Actividades aranceladas<\/strong><\/p>\n\n\n\n<p><strong>SEMINARIO DE ACTUACI\u00d3N EN EL TEATRO WALGON&nbsp;<\/strong><\/p>\n\n\n\n<p id=\"geom_inter_1752165078099_6_29\">El jueves 10, en el Teatro Walgon (Mariano Moreno 954)&nbsp;<strong>Miguel Di Lemme<\/strong>&nbsp;brindar\u00e1 un&nbsp;<strong>seminario de actuaci\u00f3n a c\u00e1mara<\/strong>. El valor de la actividad ser\u00e1 de $30000. Para mayor informaci\u00f3n podr\u00e1n comunicarse al 2323 678722.&nbsp;<\/p>\n\n\n\n<p id=\"geom_inter_1752165078095_80_27\"><strong>TEATRO TRINIDAD GUEVARA<\/strong><\/p>\n\n\n\n<p id=\"geom_inter_1752165080091_43_32\">El jueves 10, a las 20.30 horas, el Estudio de Danza Iba\u00f1ez Fern\u00e1ndez presenta su espect\u00e1culo \u201c<strong>Momentos de danza<\/strong>\u201d cumpliendo 25 a\u00f1os de ense\u00f1anza en la ciudad. La entrada tendr\u00e1 un valor de $15000.&nbsp;<\/p>\n\n\n\n<p id=\"geom_inter_1752165081091_93_37\">El viernes 11, a las 19 y 21 horas, Attitude Studio presenta \u201c<strong>Beat, siente el pulso\u201d<\/strong>, dos funciones para culminar la primera parte del a\u00f1o. La entrada costar\u00e1 $10000.&nbsp;<\/p>\n\n\n\n<p>El s\u00e1bado 12, 19&nbsp; y 20.30&nbsp; horas, se desarrollar\u00e1 una&nbsp;<strong>Clase Abierta de Danza &amp; Tela Acrob\u00e1tica.&nbsp;<\/strong>La jornada costar\u00e1 $10000.&nbsp;<\/p>\n\n\n\n<p id=\"geom_inter_1752165081090_97_36\">El domingo 13, 20.30 horas,&nbsp;<strong>Experiencia Queen<\/strong>&nbsp;llega al teatro para continuar con su Tour 2025, un homenaje a los 50 a\u00f1os de uno de los temas m\u00e1s emblem\u00e1ticos de la m\u00fasica mundial \u201cBohemian Rhapsody\u201d.&nbsp; El pullman del segundo piso saldr\u00e1 $28000, mientras que el palco y la platea costar\u00e1 $32000.&nbsp;<\/p>\n\n\n\n<p>El martes 15, a las 20.30 horas, Multiespacio Carito Dance y M.A Studio presentar\u00e1n su espect\u00e1culo de danza \u201c<strong>M &amp; M<\/strong>\u201d. La entrada saldr\u00e1 $8000.&nbsp;<\/p>\n\n\n\n<p>Las entradas pueden adquirirse de manera virtual en&nbsp;<a rel=\"noreferrer noopener\" target=\"_blank\" href=\"https:\/\/trinidadguevara.boleteriadigital.com.ar\/\">https:\/\/trinidadguevara.boleteriadigital.com.ar\/<\/a>&nbsp;o de forma presencial en la boleter\u00eda del teatro (Rivadavia 1096), de martes a s\u00e1bados de 10 a 20 horas. Los d\u00edas lunes, domingos y feriados se encuentra cerrada, excepto dos horas antes de cada espect\u00e1culo.<\/p>\n\n\n\n<p id=\"geom_inter_1752165082093_44_39\"><strong>TR\u00cdO TABURETE TANGO&nbsp;<\/strong><\/p>\n\n\n\n<p>El viernes 11, a las 20.30 horas, en el Teatro Walgon (Mariano Moreno 954) se presentar\u00e1 \u201c<strong>Tr\u00edo Taburete Tango<\/strong>\u201d. El valor de la entrada ser\u00e1 de $10000. Para reservas, comunicarse al 2323 678722.&nbsp;<\/p>\n\n\n\n<p><strong>CLUB DE ROCK<\/strong><\/p>\n\n\n\n<p id=\"geom_inter_1752165082093_5_41\">El s\u00e1bado 12 y domingo 13, desde las 13.30 horas, en el Centro Cultural Do\u00f1a Ana de Matos (Paseo Caleli\u00e1n 1135) Club de Rock brindar\u00e1 dos jornadas musicales \u201c<strong>Cdr Fest<\/strong>\u201d<strong>.<\/strong>&nbsp;<\/p>\n\n\n\n<p id=\"geom_inter_1752165082093_99_43\">La entrada costar\u00e1 $6000. Podr\u00e1 conseguirse enviando un WhatsApp al&nbsp; +54 9 11 6193-2896 o en puerta.&nbsp;<\/p>\n\n\n\n<p><strong>LA DOM\u00c9STICA<\/strong><\/p>\n\n\n\n<p>El s\u00e1bado 12, a las 20.30 horas, en el Teatro Walgon (Mariano Moreno 954) se dar\u00e1 la obra de teatro \u201c<strong>La dom\u00e9stica<\/strong>\u201d. La entrada saldr\u00e1 $10000. Para conseguir un lugar, enviar un mensaje v\u00eda WhatsApp al 2323 678722.&nbsp;<\/p>\n\n\n\n<p><strong>PERLA GUARAN\u00cd<\/strong><\/p>\n\n\n\n<p>El domingo 13, a las 19 horas, en el Teatro Walgon (Mariano Moreno 954) ser\u00e1 el turno de \u201c<strong>Perla Guaran\u00ed<\/strong>\u201d de Gabriel Pastor. La entrada costar\u00e1 $10000. Para reservar una butaca, comunicarse al 2323 678722.&nbsp;<\/p>\n\n\n\n<p id=\"geom_inter_1752165083093_27_50\"><strong>ATLANTIQUE EN LA BIBLIOTECA JEAN JAUR\u00c9S<\/strong><\/p>\n\n\n\n<p id=\"geom_inter_1752165083091_7_47\">El mi\u00e9rcoles 16, a las 20 horas, en la Biblioteca Jean Jaur\u00e9s (Lavalle 758) se&nbsp;<strong>proyectar\u00e1<\/strong>&nbsp;el film de Mati Diop \u201c<strong>Atlantique<\/strong>\u201d, una pel\u00edcula senegalesa de 2019.&nbsp; El bono contribuci\u00f3n saldr\u00e1 $2000.&nbsp;<\/p>\n","protected":false},"excerpt":{"rendered":"<p>El Municipio de Luj\u00e1n invita a participar de una nueva serie de actividades art\u00edsticas y culturales, que se desarrollar\u00e1n en diferentes espacios del partido durante el fin de semana. Actividades&hellip; <\/p>\n","protected":false},"author":2,"featured_media":9182,"comment_status":"closed","ping_status":"closed","sticky":false,"template":"","format":"standard","meta":{"footnotes":""},"categories":[1],"tags":[],"class_list":["post-9181","post","type-post","status-publish","format-standard","has-post-thumbnail","hentry","category-uncategorized"],"yoast_head":"<!-- This site is optimized with the Yoast SEO plugin v27.3 - https:\/\/yoast.com\/product\/yoast-seo-wordpress\/ -->\n<title>Agenda de actividades para el fin de semana -<\/title>\n<meta name=\"robots\" content=\"index, follow, max-snippet:-1, max-image-preview:large, max-video-preview:-1\" \/>\n<link rel=\"canonical\" href=\"https:\/\/elciudadanodelujan.com.ar\/?p=9181\" \/>\n<meta property=\"og:locale\" content=\"es_ES\" \/>\n<meta property=\"og:type\" content=\"article\" \/>\n<meta property=\"og:title\" content=\"Agenda de actividades para el fin de semana -\" \/>\n<meta property=\"og:description\" content=\"El Municipio de Luj\u00e1n invita a participar de una nueva serie de actividades art\u00edsticas y culturales, que se desarrollar\u00e1n en diferentes espacios del partido durante el fin de semana. Actividades&hellip;\" \/>\n<meta property=\"og:url\" content=\"https:\/\/elciudadanodelujan.com.ar\/?p=9181\" \/>\n<meta property=\"article:publisher\" content=\"https:\/\/www.facebook.com\/elciudadanodelujan\" \/>\n<meta property=\"article:published_time\" content=\"2025-07-10T16:32:02+00:00\" \/>\n<meta property=\"article:modified_time\" content=\"2025-07-10T16:32:49+00:00\" \/>\n<meta property=\"og:image\" content=\"https:\/\/elciudadanodelujan.com.ar\/wp-content\/uploads\/2025\/07\/image-21-1024x682.png\" \/>\n\t<meta property=\"og:image:width\" content=\"1024\" \/>\n\t<meta property=\"og:image:height\" content=\"682\" \/>\n\t<meta property=\"og:image:type\" content=\"image\/png\" \/>\n<meta name=\"author\" content=\"Osvaldo Cabral\" \/>\n<meta name=\"twitter:card\" content=\"summary_large_image\" \/>\n<meta name=\"twitter:label1\" content=\"Escrito por\" \/>\n\t<meta name=\"twitter:data1\" content=\"Osvaldo Cabral\" \/>\n\t<meta name=\"twitter:label2\" content=\"Tiempo de lectura\" \/>\n\t<meta name=\"twitter:data2\" content=\"4 minutos\" \/>\n<script type=\"application\/ld+json\" class=\"yoast-schema-graph\">{\"@context\":\"https:\\\/\\\/schema.org\",\"@graph\":[{\"@type\":\"Article\",\"@id\":\"https:\\\/\\\/elciudadanodelujan.com.ar\\\/?p=9181#article\",\"isPartOf\":{\"@id\":\"https:\\\/\\\/elciudadanodelujan.com.ar\\\/?p=9181\"},\"author\":{\"name\":\"Osvaldo Cabral\",\"@id\":\"https:\\\/\\\/elciudadanodelujan.com.ar\\\/#\\\/schema\\\/person\\\/6e4147c312281a224c424b0ca2b1d439\"},\"headline\":\"Agenda de actividades para el fin de semana\",\"datePublished\":\"2025-07-10T16:32:02+00:00\",\"dateModified\":\"2025-07-10T16:32:49+00:00\",\"mainEntityOfPage\":{\"@id\":\"https:\\\/\\\/elciudadanodelujan.com.ar\\\/?p=9181\"},\"wordCount\":688,\"publisher\":{\"@id\":\"https:\\\/\\\/elciudadanodelujan.com.ar\\\/#organization\"},\"image\":{\"@id\":\"https:\\\/\\\/elciudadanodelujan.com.ar\\\/?p=9181#primaryimage\"},\"thumbnailUrl\":\"https:\\\/\\\/elciudadanodelujan.com.ar\\\/wp-content\\\/uploads\\\/2025\\\/07\\\/image-21.png\",\"articleSection\":[\"Actualidad\"],\"inLanguage\":\"es\"},{\"@type\":\"WebPage\",\"@id\":\"https:\\\/\\\/elciudadanodelujan.com.ar\\\/?p=9181\",\"url\":\"https:\\\/\\\/elciudadanodelujan.com.ar\\\/?p=9181\",\"name\":\"Agenda de actividades para el fin de semana -\",\"isPartOf\":{\"@id\":\"https:\\\/\\\/elciudadanodelujan.com.ar\\\/#website\"},\"primaryImageOfPage\":{\"@id\":\"https:\\\/\\\/elciudadanodelujan.com.ar\\\/?p=9181#primaryimage\"},\"image\":{\"@id\":\"https:\\\/\\\/elciudadanodelujan.com.ar\\\/?p=9181#primaryimage\"},\"thumbnailUrl\":\"https:\\\/\\\/elciudadanodelujan.com.ar\\\/wp-content\\\/uploads\\\/2025\\\/07\\\/image-21.png\",\"datePublished\":\"2025-07-10T16:32:02+00:00\",\"dateModified\":\"2025-07-10T16:32:49+00:00\",\"breadcrumb\":{\"@id\":\"https:\\\/\\\/elciudadanodelujan.com.ar\\\/?p=9181#breadcrumb\"},\"inLanguage\":\"es\",\"potentialAction\":[{\"@type\":\"ReadAction\",\"target\":[\"https:\\\/\\\/elciudadanodelujan.com.ar\\\/?p=9181\"]}]},{\"@type\":\"ImageObject\",\"inLanguage\":\"es\",\"@id\":\"https:\\\/\\\/elciudadanodelujan.com.ar\\\/?p=9181#primaryimage\",\"url\":\"https:\\\/\\\/elciudadanodelujan.com.ar\\\/wp-content\\\/uploads\\\/2025\\\/07\\\/image-21.png\",\"contentUrl\":\"https:\\\/\\\/elciudadanodelujan.com.ar\\\/wp-content\\\/uploads\\\/2025\\\/07\\\/image-21.png\",\"width\":1600,\"height\":1066},{\"@type\":\"BreadcrumbList\",\"@id\":\"https:\\\/\\\/elciudadanodelujan.com.ar\\\/?p=9181#breadcrumb\",\"itemListElement\":[{\"@type\":\"ListItem\",\"position\":1,\"name\":\"Home\",\"item\":\"https:\\\/\\\/elciudadanodelujan.com.ar\\\/\"},{\"@type\":\"ListItem\",\"position\":2,\"name\":\"Agenda de actividades para el fin de semana\"}]},{\"@type\":\"WebSite\",\"@id\":\"https:\\\/\\\/elciudadanodelujan.com.ar\\\/#website\",\"url\":\"https:\\\/\\\/elciudadanodelujan.com.ar\\\/\",\"name\":\"https:\\\/\\\/elciudadanodelujan.com.ar\",\"description\":\"Noticias de inter\u00e9s general y periodismo de investigaci\u00f3n\",\"publisher\":{\"@id\":\"https:\\\/\\\/elciudadanodelujan.com.ar\\\/#organization\"},\"potentialAction\":[{\"@type\":\"SearchAction\",\"target\":{\"@type\":\"EntryPoint\",\"urlTemplate\":\"https:\\\/\\\/elciudadanodelujan.com.ar\\\/?s={search_term_string}\"},\"query-input\":{\"@type\":\"PropertyValueSpecification\",\"valueRequired\":true,\"valueName\":\"search_term_string\"}}],\"inLanguage\":\"es\"},{\"@type\":\"Organization\",\"@id\":\"https:\\\/\\\/elciudadanodelujan.com.ar\\\/#organization\",\"name\":\"El Ciudadano de Lujan\",\"url\":\"https:\\\/\\\/elciudadanodelujan.com.ar\\\/\",\"logo\":{\"@type\":\"ImageObject\",\"inLanguage\":\"es\",\"@id\":\"https:\\\/\\\/elciudadanodelujan.com.ar\\\/#\\\/schema\\\/logo\\\/image\\\/\",\"url\":\"https:\\\/\\\/elciudadanodelujan.com.ar\\\/wp-content\\\/uploads\\\/2025\\\/01\\\/logo_El_Ciudadano.jpg\",\"contentUrl\":\"https:\\\/\\\/elciudadanodelujan.com.ar\\\/wp-content\\\/uploads\\\/2025\\\/01\\\/logo_El_Ciudadano.jpg\",\"width\":500,\"height\":123,\"caption\":\"El Ciudadano de Lujan\"},\"image\":{\"@id\":\"https:\\\/\\\/elciudadanodelujan.com.ar\\\/#\\\/schema\\\/logo\\\/image\\\/\"},\"sameAs\":[\"https:\\\/\\\/www.facebook.com\\\/elciudadanodelujan\"]},{\"@type\":\"Person\",\"@id\":\"https:\\\/\\\/elciudadanodelujan.com.ar\\\/#\\\/schema\\\/person\\\/6e4147c312281a224c424b0ca2b1d439\",\"name\":\"Osvaldo Cabral\",\"image\":{\"@type\":\"ImageObject\",\"inLanguage\":\"es\",\"@id\":\"https:\\\/\\\/secure.gravatar.com\\\/avatar\\\/c4c6a8aea430571651e7d6992bdfdff335bbe96580656f78299d10ca9a6c1ae9?s=96&d=mm&r=g\",\"url\":\"https:\\\/\\\/secure.gravatar.com\\\/avatar\\\/c4c6a8aea430571651e7d6992bdfdff335bbe96580656f78299d10ca9a6c1ae9?s=96&d=mm&r=g\",\"contentUrl\":\"https:\\\/\\\/secure.gravatar.com\\\/avatar\\\/c4c6a8aea430571651e7d6992bdfdff335bbe96580656f78299d10ca9a6c1ae9?s=96&d=mm&r=g\",\"caption\":\"Osvaldo Cabral\"},\"url\":\"https:\\\/\\\/elciudadanodelujan.com.ar\\\/?author=2\"}]}<\/script>\n<!-- \/ Yoast SEO plugin. -->","yoast_head_json":{"title":"Agenda de actividades para el fin de semana -","robots":{"index":"index","follow":"follow","max-snippet":"max-snippet:-1","max-image-preview":"max-image-preview:large","max-video-preview":"max-video-preview:-1"},"canonical":"https:\/\/elciudadanodelujan.com.ar\/?p=9181","og_locale":"es_ES","og_type":"article","og_title":"Agenda de actividades para el fin de semana -","og_description":"El Municipio de Luj\u00e1n invita a participar de una nueva serie de actividades art\u00edsticas y culturales, que se desarrollar\u00e1n en diferentes espacios del partido durante el fin de semana. Actividades&hellip;","og_url":"https:\/\/elciudadanodelujan.com.ar\/?p=9181","article_publisher":"https:\/\/www.facebook.com\/elciudadanodelujan","article_published_time":"2025-07-10T16:32:02+00:00","article_modified_time":"2025-07-10T16:32:49+00:00","og_image":[{"width":1024,"height":682,"url":"https:\/\/elciudadanodelujan.com.ar\/wp-content\/uploads\/2025\/07\/image-21-1024x682.png","type":"image\/png"}],"author":"Osvaldo Cabral","twitter_card":"summary_large_image","twitter_misc":{"Escrito por":"Osvaldo Cabral","Tiempo de lectura":"4 minutos"},"schema":{"@context":"https:\/\/schema.org","@graph":[{"@type":"Article","@id":"https:\/\/elciudadanodelujan.com.ar\/?p=9181#article","isPartOf":{"@id":"https:\/\/elciudadanodelujan.com.ar\/?p=9181"},"author":{"name":"Osvaldo Cabral","@id":"https:\/\/elciudadanodelujan.com.ar\/#\/schema\/person\/6e4147c312281a224c424b0ca2b1d439"},"headline":"Agenda de actividades para el fin de semana","datePublished":"2025-07-10T16:32:02+00:00","dateModified":"2025-07-10T16:32:49+00:00","mainEntityOfPage":{"@id":"https:\/\/elciudadanodelujan.com.ar\/?p=9181"},"wordCount":688,"publisher":{"@id":"https:\/\/elciudadanodelujan.com.ar\/#organization"},"image":{"@id":"https:\/\/elciudadanodelujan.com.ar\/?p=9181#primaryimage"},"thumbnailUrl":"https:\/\/elciudadanodelujan.com.ar\/wp-content\/uploads\/2025\/07\/image-21.png","articleSection":["Actualidad"],"inLanguage":"es"},{"@type":"WebPage","@id":"https:\/\/elciudadanodelujan.com.ar\/?p=9181","url":"https:\/\/elciudadanodelujan.com.ar\/?p=9181","name":"Agenda de actividades para el fin de semana -","isPartOf":{"@id":"https:\/\/elciudadanodelujan.com.ar\/#website"},"primaryImageOfPage":{"@id":"https:\/\/elciudadanodelujan.com.ar\/?p=9181#primaryimage"},"image":{"@id":"https:\/\/elciudadanodelujan.com.ar\/?p=9181#primaryimage"},"thumbnailUrl":"https:\/\/elciudadanodelujan.com.ar\/wp-content\/uploads\/2025\/07\/image-21.png","datePublished":"2025-07-10T16:32:02+00:00","dateModified":"2025-07-10T16:32:49+00:00","breadcrumb":{"@id":"https:\/\/elciudadanodelujan.com.ar\/?p=9181#breadcrumb"},"inLanguage":"es","potentialAction":[{"@type":"ReadAction","target":["https:\/\/elciudadanodelujan.com.ar\/?p=9181"]}]},{"@type":"ImageObject","inLanguage":"es","@id":"https:\/\/elciudadanodelujan.com.ar\/?p=9181#primaryimage","url":"https:\/\/elciudadanodelujan.com.ar\/wp-content\/uploads\/2025\/07\/image-21.png","contentUrl":"https:\/\/elciudadanodelujan.com.ar\/wp-content\/uploads\/2025\/07\/image-21.png","width":1600,"height":1066},{"@type":"BreadcrumbList","@id":"https:\/\/elciudadanodelujan.com.ar\/?p=9181#breadcrumb","itemListElement":[{"@type":"ListItem","position":1,"name":"Home","item":"https:\/\/elciudadanodelujan.com.ar\/"},{"@type":"ListItem","position":2,"name":"Agenda de actividades para el fin de semana"}]},{"@type":"WebSite","@id":"https:\/\/elciudadanodelujan.com.ar\/#website","url":"https:\/\/elciudadanodelujan.com.ar\/","name":"https:\/\/elciudadanodelujan.com.ar","description":"Noticias de inter\u00e9s general y periodismo de investigaci\u00f3n","publisher":{"@id":"https:\/\/elciudadanodelujan.com.ar\/#organization"},"potentialAction":[{"@type":"SearchAction","target":{"@type":"EntryPoint","urlTemplate":"https:\/\/elciudadanodelujan.com.ar\/?s={search_term_string}"},"query-input":{"@type":"PropertyValueSpecification","valueRequired":true,"valueName":"search_term_string"}}],"inLanguage":"es"},{"@type":"Organization","@id":"https:\/\/elciudadanodelujan.com.ar\/#organization","name":"El Ciudadano de Lujan","url":"https:\/\/elciudadanodelujan.com.ar\/","logo":{"@type":"ImageObject","inLanguage":"es","@id":"https:\/\/elciudadanodelujan.com.ar\/#\/schema\/logo\/image\/","url":"https:\/\/elciudadanodelujan.com.ar\/wp-content\/uploads\/2025\/01\/logo_El_Ciudadano.jpg","contentUrl":"https:\/\/elciudadanodelujan.com.ar\/wp-content\/uploads\/2025\/01\/logo_El_Ciudadano.jpg","width":500,"height":123,"caption":"El Ciudadano de Lujan"},"image":{"@id":"https:\/\/elciudadanodelujan.com.ar\/#\/schema\/logo\/image\/"},"sameAs":["https:\/\/www.facebook.com\/elciudadanodelujan"]},{"@type":"Person","@id":"https:\/\/elciudadanodelujan.com.ar\/#\/schema\/person\/6e4147c312281a224c424b0ca2b1d439","name":"Osvaldo Cabral","image":{"@type":"ImageObject","inLanguage":"es","@id":"https:\/\/secure.gravatar.com\/avatar\/c4c6a8aea430571651e7d6992bdfdff335bbe96580656f78299d10ca9a6c1ae9?s=96&d=mm&r=g","url":"https:\/\/secure.gravatar.com\/avatar\/c4c6a8aea430571651e7d6992bdfdff335bbe96580656f78299d10ca9a6c1ae9?s=96&d=mm&r=g","contentUrl":"https:\/\/secure.gravatar.com\/avatar\/c4c6a8aea430571651e7d6992bdfdff335bbe96580656f78299d10ca9a6c1ae9?s=96&d=mm&r=g","caption":"Osvaldo Cabral"},"url":"https:\/\/elciudadanodelujan.com.ar\/?author=2"}]}},"_links":{"self":[{"href":"https:\/\/elciudadanodelujan.com.ar\/index.php?rest_route=\/wp\/v2\/posts\/9181","targetHints":{"allow":["GET"]}}],"collection":[{"href":"https:\/\/elciudadanodelujan.com.ar\/index.php?rest_route=\/wp\/v2\/posts"}],"about":[{"href":"https:\/\/elciudadanodelujan.com.ar\/index.php?rest_route=\/wp\/v2\/types\/post"}],"author":[{"embeddable":true,"href":"https:\/\/elciudadanodelujan.com.ar\/index.php?rest_route=\/wp\/v2\/users\/2"}],"replies":[{"embeddable":true,"href":"https:\/\/elciudadanodelujan.com.ar\/index.php?rest_route=%2Fwp%2Fv2%2Fcomments&post=9181"}],"version-history":[{"count":1,"href":"https:\/\/elciudadanodelujan.com.ar\/index.php?rest_route=\/wp\/v2\/posts\/9181\/revisions"}],"predecessor-version":[{"id":9183,"href":"https:\/\/elciudadanodelujan.com.ar\/index.php?rest_route=\/wp\/v2\/posts\/9181\/revisions\/9183"}],"wp:featuredmedia":[{"embeddable":true,"href":"https:\/\/elciudadanodelujan.com.ar\/index.php?rest_route=\/wp\/v2\/media\/9182"}],"wp:attachment":[{"href":"https:\/\/elciudadanodelujan.com.ar\/index.php?rest_route=%2Fwp%2Fv2%2Fmedia&parent=9181"}],"wp:term":[{"taxonomy":"category","embeddable":true,"href":"https:\/\/elciudadanodelujan.com.ar\/index.php?rest_route=%2Fwp%2Fv2%2Fcategories&post=9181"},{"taxonomy":"post_tag","embeddable":true,"href":"https:\/\/elciudadanodelujan.com.ar\/index.php?rest_route=%2Fwp%2Fv2%2Ftags&post=9181"}],"curies":[{"name":"wp","href":"https:\/\/api.w.org\/{rel}","templated":true}]}}