{"id":9177,"date":"2025-07-10T13:30:50","date_gmt":"2025-07-10T16:30:50","guid":{"rendered":"https:\/\/elciudadanodelujan.com.ar\/?p=9177"},"modified":"2025-07-10T13:31:27","modified_gmt":"2025-07-10T16:31:27","slug":"deportes-miles-de-corredores-disfrutaron-de-la-media-maraton-de-la-virgen-de-lujan","status":"publish","type":"post","link":"https:\/\/elciudadanodelujan.com.ar\/?p=9177","title":{"rendered":"Deportes: miles de corredores disfrutaron de la media marat\u00f3n de la Virgen de Luj\u00e1n"},"content":{"rendered":"\n<p><strong>M\u00e1s de 5.000 corredores de todo el pa\u00eds disfrutaron este mi\u00e9rcoles de una nueva edici\u00f3n de la Carrera de la Virgen \u201cHoy por ti\u201d, que este a\u00f1o incorpor\u00f3 por primera vez la modalidad de media marat\u00f3n.<\/strong><\/p>\n\n\n\n<figure class=\"wp-block-image size-large\"><img loading=\"lazy\" decoding=\"async\" width=\"1024\" height=\"636\" src=\"https:\/\/elciudadanodelujan.com.ar\/wp-content\/uploads\/2025\/07\/image-19-1024x636.png\" alt=\"\" class=\"wp-image-9178\" srcset=\"https:\/\/elciudadanodelujan.com.ar\/wp-content\/uploads\/2025\/07\/image-19-1024x636.png 1024w, https:\/\/elciudadanodelujan.com.ar\/wp-content\/uploads\/2025\/07\/image-19-300x186.png 300w, https:\/\/elciudadanodelujan.com.ar\/wp-content\/uploads\/2025\/07\/image-19-768x477.png 768w, https:\/\/elciudadanodelujan.com.ar\/wp-content\/uploads\/2025\/07\/image-19-1536x953.png 1536w, https:\/\/elciudadanodelujan.com.ar\/wp-content\/uploads\/2025\/07\/image-19.png 1600w\" sizes=\"auto, (max-width: 1024px) 100vw, 1024px\" \/><\/figure>\n\n\n\n<p>\u201cEs la competencia de atletismo m\u00e1s importante del calendario, con miles de corredores de todo el pa\u00eds que llegan a nuestra ciudad para hacer lo que m\u00e1s les gusta y compartir una jornada en familia. Este a\u00f1o incrementamos el nivel de exigencia sumando una modalidad m\u00e1s exigente como es la media marat\u00f3n. Estamos construyendo un evento de referencia nacional y eso nos pone muy contentos\u201d, expres\u00f3 el Intendente Leonardo Boto tras su participaci\u00f3n en la competencia, en tanto adelant\u00f3 que \u201cel a\u00f1o que viene vamos a elevar a\u00fan m\u00e1s el desaf\u00edo con la posibilidad de correr una marat\u00f3n completa\u201d.&nbsp;<\/p>\n\n\n\n<figure class=\"wp-block-image size-large\"><img loading=\"lazy\" decoding=\"async\" width=\"1024\" height=\"576\" src=\"https:\/\/elciudadanodelujan.com.ar\/wp-content\/uploads\/2025\/07\/image-20-1024x576.png\" alt=\"\" class=\"wp-image-9179\" srcset=\"https:\/\/elciudadanodelujan.com.ar\/wp-content\/uploads\/2025\/07\/image-20-1024x576.png 1024w, https:\/\/elciudadanodelujan.com.ar\/wp-content\/uploads\/2025\/07\/image-20-300x169.png 300w, https:\/\/elciudadanodelujan.com.ar\/wp-content\/uploads\/2025\/07\/image-20-768x432.png 768w, https:\/\/elciudadanodelujan.com.ar\/wp-content\/uploads\/2025\/07\/image-20-1536x864.png 1536w, https:\/\/elciudadanodelujan.com.ar\/wp-content\/uploads\/2025\/07\/image-20.png 1600w\" sizes=\"auto, (max-width: 1024px) 100vw, 1024px\" \/><\/figure>\n\n\n\n<p>La carrera permiti\u00f3 tres modalidades de participaci\u00f3n: 5K participativos, 10K competitivos y 21K competitivos, sobre un circuito urbano dise\u00f1ado para atravesar las arterias y espacios m\u00e1s emblem\u00e1ticos de la ciudad.<\/p>\n\n\n\n<p>Tanto la largada como la llegada tuvieron lugar en la avenida Nuestra Se\u00f1ora de Luj\u00e1n, a los pies de la Bas\u00edlica Nacional, donde tambi\u00e9n se mont\u00f3 el escenario para la ceremonia de premiaci\u00f3n a los ganadores.&nbsp;<\/p>\n\n\n\n<p>En la modalidad 5K el podio fue para Ezequiel Ovelar, Jonathan Zabala y Salvador Galant en la categor\u00eda Hombres, y para Sabrina Ariazola, Mariel Ram\u00edrez y Ameli Angelini en Mujeres. En los 10K los tres primeros lugares los ocuparon Juan Galv\u00e1n, Ariel Melian y C\u00e9sar Orta en Hombres y Melanie Ilundai, Daniela Lavalle y M\u00f3nica Vargas en Mujeres.&nbsp;<\/p>\n\n\n\n<p>En tanto, la modalidad m\u00e1s exigente de la competencia (21K) qued\u00f3 en manos de Alan Niestroj, Gaspar Andreoni y Rodrigo Jamardo en Hombres y Natalia Vel\u00e1zquez, Angelina Reyes y Mar\u00eda Altesi en Mujeres.&nbsp;<\/p>\n\n\n\n<p>\u201cEs una carrera familiar, solidaria e inclusiva que cada a\u00f1o incrementa su atractivo y convoca a cada vez m\u00e1s deportistas de la provincia y el pa\u00eds, posicionando a Luj\u00e1n en el calendario nacional de competencias de atletismo. Quiero destacar y agradecer a todos los que trabajaron en el importante dispositivo log\u00edstico y de seguridad que desplegamos para que quienes nos visitan corran en las mejores condiciones y que los lujanenses tuvieran las menores molestias posibles\u201d, valor\u00f3 por su parte el Secretario de Desarrollo Humano del Municipio, Federico Vanin.&nbsp;<\/p>\n\n\n\n<p>Cabe destacar que cada competidor debi\u00f3 aportar alimentos no perecederos, que en los pr\u00f3ximos d\u00edas ser\u00e1n donados a distintos comedores y merenderos del distrito. Al finalizar la carrera, tambi\u00e9n hubo sorteos, espect\u00e1culos musicales, un patio de comidas y un paseo ferial.&nbsp;<\/p>\n\n\n\n<p>La Carrera de la Virgen \u201cHoy por ti\u201d es organizada por el Municipio de Luj\u00e1n, la empresa Argensun Foods, y el productor y animador de eventos deportivos \u201cPablito\u201d Colombo.<\/p>\n","protected":false},"excerpt":{"rendered":"<p>M\u00e1s de 5.000 corredores de todo el pa\u00eds disfrutaron este mi\u00e9rcoles de una nueva edici\u00f3n de la Carrera de la Virgen \u201cHoy por ti\u201d, que este a\u00f1o incorpor\u00f3 por primera&hellip; <\/p>\n","protected":false},"author":2,"featured_media":9178,"comment_status":"closed","ping_status":"closed","sticky":false,"template":"","format":"standard","meta":{"footnotes":""},"categories":[1],"tags":[],"class_list":["post-9177","post","type-post","status-publish","format-standard","has-post-thumbnail","hentry","category-uncategorized"],"yoast_head":"<!-- This site is optimized with the Yoast SEO plugin v27.3 - https:\/\/yoast.com\/product\/yoast-seo-wordpress\/ -->\n<title>Deportes: miles de corredores disfrutaron de la media marat\u00f3n de la Virgen de Luj\u00e1n -<\/title>\n<meta name=\"robots\" content=\"index, follow, max-snippet:-1, max-image-preview:large, max-video-preview:-1\" \/>\n<link rel=\"canonical\" href=\"https:\/\/elciudadanodelujan.com.ar\/?p=9177\" \/>\n<meta property=\"og:locale\" content=\"es_ES\" \/>\n<meta property=\"og:type\" content=\"article\" \/>\n<meta property=\"og:title\" content=\"Deportes: miles de corredores disfrutaron de la media marat\u00f3n de la Virgen de Luj\u00e1n -\" \/>\n<meta property=\"og:description\" content=\"M\u00e1s de 5.000 corredores de todo el pa\u00eds disfrutaron este mi\u00e9rcoles de una nueva edici\u00f3n de la Carrera de la Virgen \u201cHoy por ti\u201d, que este a\u00f1o incorpor\u00f3 por primera&hellip;\" \/>\n<meta property=\"og:url\" content=\"https:\/\/elciudadanodelujan.com.ar\/?p=9177\" \/>\n<meta property=\"article:publisher\" content=\"https:\/\/www.facebook.com\/elciudadanodelujan\" \/>\n<meta property=\"article:published_time\" content=\"2025-07-10T16:30:50+00:00\" \/>\n<meta property=\"article:modified_time\" content=\"2025-07-10T16:31:27+00:00\" \/>\n<meta property=\"og:image\" content=\"https:\/\/elciudadanodelujan.com.ar\/wp-content\/uploads\/2025\/07\/image-19-1024x636.png\" \/>\n\t<meta property=\"og:image:width\" content=\"1024\" \/>\n\t<meta property=\"og:image:height\" content=\"636\" \/>\n\t<meta property=\"og:image:type\" content=\"image\/png\" \/>\n<meta name=\"author\" content=\"Osvaldo Cabral\" \/>\n<meta name=\"twitter:card\" content=\"summary_large_image\" \/>\n<meta name=\"twitter:label1\" content=\"Escrito por\" \/>\n\t<meta name=\"twitter:data1\" content=\"Osvaldo Cabral\" \/>\n\t<meta name=\"twitter:label2\" content=\"Tiempo de lectura\" \/>\n\t<meta name=\"twitter:data2\" content=\"3 minutos\" \/>\n<script type=\"application\/ld+json\" class=\"yoast-schema-graph\">{\"@context\":\"https:\\\/\\\/schema.org\",\"@graph\":[{\"@type\":\"Article\",\"@id\":\"https:\\\/\\\/elciudadanodelujan.com.ar\\\/?p=9177#article\",\"isPartOf\":{\"@id\":\"https:\\\/\\\/elciudadanodelujan.com.ar\\\/?p=9177\"},\"author\":{\"name\":\"Osvaldo Cabral\",\"@id\":\"https:\\\/\\\/elciudadanodelujan.com.ar\\\/#\\\/schema\\\/person\\\/6e4147c312281a224c424b0ca2b1d439\"},\"headline\":\"Deportes: miles de corredores disfrutaron de la media marat\u00f3n de la Virgen de Luj\u00e1n\",\"datePublished\":\"2025-07-10T16:30:50+00:00\",\"dateModified\":\"2025-07-10T16:31:27+00:00\",\"mainEntityOfPage\":{\"@id\":\"https:\\\/\\\/elciudadanodelujan.com.ar\\\/?p=9177\"},\"wordCount\":517,\"publisher\":{\"@id\":\"https:\\\/\\\/elciudadanodelujan.com.ar\\\/#organization\"},\"image\":{\"@id\":\"https:\\\/\\\/elciudadanodelujan.com.ar\\\/?p=9177#primaryimage\"},\"thumbnailUrl\":\"https:\\\/\\\/elciudadanodelujan.com.ar\\\/wp-content\\\/uploads\\\/2025\\\/07\\\/image-19.png\",\"articleSection\":[\"Actualidad\"],\"inLanguage\":\"es\"},{\"@type\":\"WebPage\",\"@id\":\"https:\\\/\\\/elciudadanodelujan.com.ar\\\/?p=9177\",\"url\":\"https:\\\/\\\/elciudadanodelujan.com.ar\\\/?p=9177\",\"name\":\"Deportes: miles de corredores disfrutaron de la media marat\u00f3n de la Virgen de Luj\u00e1n -\",\"isPartOf\":{\"@id\":\"https:\\\/\\\/elciudadanodelujan.com.ar\\\/#website\"},\"primaryImageOfPage\":{\"@id\":\"https:\\\/\\\/elciudadanodelujan.com.ar\\\/?p=9177#primaryimage\"},\"image\":{\"@id\":\"https:\\\/\\\/elciudadanodelujan.com.ar\\\/?p=9177#primaryimage\"},\"thumbnailUrl\":\"https:\\\/\\\/elciudadanodelujan.com.ar\\\/wp-content\\\/uploads\\\/2025\\\/07\\\/image-19.png\",\"datePublished\":\"2025-07-10T16:30:50+00:00\",\"dateModified\":\"2025-07-10T16:31:27+00:00\",\"breadcrumb\":{\"@id\":\"https:\\\/\\\/elciudadanodelujan.com.ar\\\/?p=9177#breadcrumb\"},\"inLanguage\":\"es\",\"potentialAction\":[{\"@type\":\"ReadAction\",\"target\":[\"https:\\\/\\\/elciudadanodelujan.com.ar\\\/?p=9177\"]}]},{\"@type\":\"ImageObject\",\"inLanguage\":\"es\",\"@id\":\"https:\\\/\\\/elciudadanodelujan.com.ar\\\/?p=9177#primaryimage\",\"url\":\"https:\\\/\\\/elciudadanodelujan.com.ar\\\/wp-content\\\/uploads\\\/2025\\\/07\\\/image-19.png\",\"contentUrl\":\"https:\\\/\\\/elciudadanodelujan.com.ar\\\/wp-content\\\/uploads\\\/2025\\\/07\\\/image-19.png\",\"width\":1600,\"height\":993},{\"@type\":\"BreadcrumbList\",\"@id\":\"https:\\\/\\\/elciudadanodelujan.com.ar\\\/?p=9177#breadcrumb\",\"itemListElement\":[{\"@type\":\"ListItem\",\"position\":1,\"name\":\"Home\",\"item\":\"https:\\\/\\\/elciudadanodelujan.com.ar\\\/\"},{\"@type\":\"ListItem\",\"position\":2,\"name\":\"Deportes: miles de corredores disfrutaron de la media marat\u00f3n de la Virgen de Luj\u00e1n\"}]},{\"@type\":\"WebSite\",\"@id\":\"https:\\\/\\\/elciudadanodelujan.com.ar\\\/#website\",\"url\":\"https:\\\/\\\/elciudadanodelujan.com.ar\\\/\",\"name\":\"https:\\\/\\\/elciudadanodelujan.com.ar\",\"description\":\"Noticias de inter\u00e9s general y periodismo de investigaci\u00f3n\",\"publisher\":{\"@id\":\"https:\\\/\\\/elciudadanodelujan.com.ar\\\/#organization\"},\"potentialAction\":[{\"@type\":\"SearchAction\",\"target\":{\"@type\":\"EntryPoint\",\"urlTemplate\":\"https:\\\/\\\/elciudadanodelujan.com.ar\\\/?s={search_term_string}\"},\"query-input\":{\"@type\":\"PropertyValueSpecification\",\"valueRequired\":true,\"valueName\":\"search_term_string\"}}],\"inLanguage\":\"es\"},{\"@type\":\"Organization\",\"@id\":\"https:\\\/\\\/elciudadanodelujan.com.ar\\\/#organization\",\"name\":\"El Ciudadano de Lujan\",\"url\":\"https:\\\/\\\/elciudadanodelujan.com.ar\\\/\",\"logo\":{\"@type\":\"ImageObject\",\"inLanguage\":\"es\",\"@id\":\"https:\\\/\\\/elciudadanodelujan.com.ar\\\/#\\\/schema\\\/logo\\\/image\\\/\",\"url\":\"https:\\\/\\\/elciudadanodelujan.com.ar\\\/wp-content\\\/uploads\\\/2025\\\/01\\\/logo_El_Ciudadano.jpg\",\"contentUrl\":\"https:\\\/\\\/elciudadanodelujan.com.ar\\\/wp-content\\\/uploads\\\/2025\\\/01\\\/logo_El_Ciudadano.jpg\",\"width\":500,\"height\":123,\"caption\":\"El Ciudadano de Lujan\"},\"image\":{\"@id\":\"https:\\\/\\\/elciudadanodelujan.com.ar\\\/#\\\/schema\\\/logo\\\/image\\\/\"},\"sameAs\":[\"https:\\\/\\\/www.facebook.com\\\/elciudadanodelujan\"]},{\"@type\":\"Person\",\"@id\":\"https:\\\/\\\/elciudadanodelujan.com.ar\\\/#\\\/schema\\\/person\\\/6e4147c312281a224c424b0ca2b1d439\",\"name\":\"Osvaldo Cabral\",\"image\":{\"@type\":\"ImageObject\",\"inLanguage\":\"es\",\"@id\":\"https:\\\/\\\/secure.gravatar.com\\\/avatar\\\/c4c6a8aea430571651e7d6992bdfdff335bbe96580656f78299d10ca9a6c1ae9?s=96&d=mm&r=g\",\"url\":\"https:\\\/\\\/secure.gravatar.com\\\/avatar\\\/c4c6a8aea430571651e7d6992bdfdff335bbe96580656f78299d10ca9a6c1ae9?s=96&d=mm&r=g\",\"contentUrl\":\"https:\\\/\\\/secure.gravatar.com\\\/avatar\\\/c4c6a8aea430571651e7d6992bdfdff335bbe96580656f78299d10ca9a6c1ae9?s=96&d=mm&r=g\",\"caption\":\"Osvaldo Cabral\"},\"url\":\"https:\\\/\\\/elciudadanodelujan.com.ar\\\/?author=2\"}]}<\/script>\n<!-- \/ Yoast SEO plugin. -->","yoast_head_json":{"title":"Deportes: miles de corredores disfrutaron de la media marat\u00f3n de la Virgen de Luj\u00e1n -","robots":{"index":"index","follow":"follow","max-snippet":"max-snippet:-1","max-image-preview":"max-image-preview:large","max-video-preview":"max-video-preview:-1"},"canonical":"https:\/\/elciudadanodelujan.com.ar\/?p=9177","og_locale":"es_ES","og_type":"article","og_title":"Deportes: miles de corredores disfrutaron de la media marat\u00f3n de la Virgen de Luj\u00e1n -","og_description":"M\u00e1s de 5.000 corredores de todo el pa\u00eds disfrutaron este mi\u00e9rcoles de una nueva edici\u00f3n de la Carrera de la Virgen \u201cHoy por ti\u201d, que este a\u00f1o incorpor\u00f3 por primera&hellip;","og_url":"https:\/\/elciudadanodelujan.com.ar\/?p=9177","article_publisher":"https:\/\/www.facebook.com\/elciudadanodelujan","article_published_time":"2025-07-10T16:30:50+00:00","article_modified_time":"2025-07-10T16:31:27+00:00","og_image":[{"width":1024,"height":636,"url":"https:\/\/elciudadanodelujan.com.ar\/wp-content\/uploads\/2025\/07\/image-19-1024x636.png","type":"image\/png"}],"author":"Osvaldo Cabral","twitter_card":"summary_large_image","twitter_misc":{"Escrito por":"Osvaldo Cabral","Tiempo de lectura":"3 minutos"},"schema":{"@context":"https:\/\/schema.org","@graph":[{"@type":"Article","@id":"https:\/\/elciudadanodelujan.com.ar\/?p=9177#article","isPartOf":{"@id":"https:\/\/elciudadanodelujan.com.ar\/?p=9177"},"author":{"name":"Osvaldo Cabral","@id":"https:\/\/elciudadanodelujan.com.ar\/#\/schema\/person\/6e4147c312281a224c424b0ca2b1d439"},"headline":"Deportes: miles de corredores disfrutaron de la media marat\u00f3n de la Virgen de Luj\u00e1n","datePublished":"2025-07-10T16:30:50+00:00","dateModified":"2025-07-10T16:31:27+00:00","mainEntityOfPage":{"@id":"https:\/\/elciudadanodelujan.com.ar\/?p=9177"},"wordCount":517,"publisher":{"@id":"https:\/\/elciudadanodelujan.com.ar\/#organization"},"image":{"@id":"https:\/\/elciudadanodelujan.com.ar\/?p=9177#primaryimage"},"thumbnailUrl":"https:\/\/elciudadanodelujan.com.ar\/wp-content\/uploads\/2025\/07\/image-19.png","articleSection":["Actualidad"],"inLanguage":"es"},{"@type":"WebPage","@id":"https:\/\/elciudadanodelujan.com.ar\/?p=9177","url":"https:\/\/elciudadanodelujan.com.ar\/?p=9177","name":"Deportes: miles de corredores disfrutaron de la media marat\u00f3n de la Virgen de Luj\u00e1n -","isPartOf":{"@id":"https:\/\/elciudadanodelujan.com.ar\/#website"},"primaryImageOfPage":{"@id":"https:\/\/elciudadanodelujan.com.ar\/?p=9177#primaryimage"},"image":{"@id":"https:\/\/elciudadanodelujan.com.ar\/?p=9177#primaryimage"},"thumbnailUrl":"https:\/\/elciudadanodelujan.com.ar\/wp-content\/uploads\/2025\/07\/image-19.png","datePublished":"2025-07-10T16:30:50+00:00","dateModified":"2025-07-10T16:31:27+00:00","breadcrumb":{"@id":"https:\/\/elciudadanodelujan.com.ar\/?p=9177#breadcrumb"},"inLanguage":"es","potentialAction":[{"@type":"ReadAction","target":["https:\/\/elciudadanodelujan.com.ar\/?p=9177"]}]},{"@type":"ImageObject","inLanguage":"es","@id":"https:\/\/elciudadanodelujan.com.ar\/?p=9177#primaryimage","url":"https:\/\/elciudadanodelujan.com.ar\/wp-content\/uploads\/2025\/07\/image-19.png","contentUrl":"https:\/\/elciudadanodelujan.com.ar\/wp-content\/uploads\/2025\/07\/image-19.png","width":1600,"height":993},{"@type":"BreadcrumbList","@id":"https:\/\/elciudadanodelujan.com.ar\/?p=9177#breadcrumb","itemListElement":[{"@type":"ListItem","position":1,"name":"Home","item":"https:\/\/elciudadanodelujan.com.ar\/"},{"@type":"ListItem","position":2,"name":"Deportes: miles de corredores disfrutaron de la media marat\u00f3n de la Virgen de Luj\u00e1n"}]},{"@type":"WebSite","@id":"https:\/\/elciudadanodelujan.com.ar\/#website","url":"https:\/\/elciudadanodelujan.com.ar\/","name":"https:\/\/elciudadanodelujan.com.ar","description":"Noticias de inter\u00e9s general y periodismo de investigaci\u00f3n","publisher":{"@id":"https:\/\/elciudadanodelujan.com.ar\/#organization"},"potentialAction":[{"@type":"SearchAction","target":{"@type":"EntryPoint","urlTemplate":"https:\/\/elciudadanodelujan.com.ar\/?s={search_term_string}"},"query-input":{"@type":"PropertyValueSpecification","valueRequired":true,"valueName":"search_term_string"}}],"inLanguage":"es"},{"@type":"Organization","@id":"https:\/\/elciudadanodelujan.com.ar\/#organization","name":"El Ciudadano de Lujan","url":"https:\/\/elciudadanodelujan.com.ar\/","logo":{"@type":"ImageObject","inLanguage":"es","@id":"https:\/\/elciudadanodelujan.com.ar\/#\/schema\/logo\/image\/","url":"https:\/\/elciudadanodelujan.com.ar\/wp-content\/uploads\/2025\/01\/logo_El_Ciudadano.jpg","contentUrl":"https:\/\/elciudadanodelujan.com.ar\/wp-content\/uploads\/2025\/01\/logo_El_Ciudadano.jpg","width":500,"height":123,"caption":"El Ciudadano de Lujan"},"image":{"@id":"https:\/\/elciudadanodelujan.com.ar\/#\/schema\/logo\/image\/"},"sameAs":["https:\/\/www.facebook.com\/elciudadanodelujan"]},{"@type":"Person","@id":"https:\/\/elciudadanodelujan.com.ar\/#\/schema\/person\/6e4147c312281a224c424b0ca2b1d439","name":"Osvaldo Cabral","image":{"@type":"ImageObject","inLanguage":"es","@id":"https:\/\/secure.gravatar.com\/avatar\/c4c6a8aea430571651e7d6992bdfdff335bbe96580656f78299d10ca9a6c1ae9?s=96&d=mm&r=g","url":"https:\/\/secure.gravatar.com\/avatar\/c4c6a8aea430571651e7d6992bdfdff335bbe96580656f78299d10ca9a6c1ae9?s=96&d=mm&r=g","contentUrl":"https:\/\/secure.gravatar.com\/avatar\/c4c6a8aea430571651e7d6992bdfdff335bbe96580656f78299d10ca9a6c1ae9?s=96&d=mm&r=g","caption":"Osvaldo Cabral"},"url":"https:\/\/elciudadanodelujan.com.ar\/?author=2"}]}},"_links":{"self":[{"href":"https:\/\/elciudadanodelujan.com.ar\/index.php?rest_route=\/wp\/v2\/posts\/9177","targetHints":{"allow":["GET"]}}],"collection":[{"href":"https:\/\/elciudadanodelujan.com.ar\/index.php?rest_route=\/wp\/v2\/posts"}],"about":[{"href":"https:\/\/elciudadanodelujan.com.ar\/index.php?rest_route=\/wp\/v2\/types\/post"}],"author":[{"embeddable":true,"href":"https:\/\/elciudadanodelujan.com.ar\/index.php?rest_route=\/wp\/v2\/users\/2"}],"replies":[{"embeddable":true,"href":"https:\/\/elciudadanodelujan.com.ar\/index.php?rest_route=%2Fwp%2Fv2%2Fcomments&post=9177"}],"version-history":[{"count":1,"href":"https:\/\/elciudadanodelujan.com.ar\/index.php?rest_route=\/wp\/v2\/posts\/9177\/revisions"}],"predecessor-version":[{"id":9180,"href":"https:\/\/elciudadanodelujan.com.ar\/index.php?rest_route=\/wp\/v2\/posts\/9177\/revisions\/9180"}],"wp:featuredmedia":[{"embeddable":true,"href":"https:\/\/elciudadanodelujan.com.ar\/index.php?rest_route=\/wp\/v2\/media\/9178"}],"wp:attachment":[{"href":"https:\/\/elciudadanodelujan.com.ar\/index.php?rest_route=%2Fwp%2Fv2%2Fmedia&parent=9177"}],"wp:term":[{"taxonomy":"category","embeddable":true,"href":"https:\/\/elciudadanodelujan.com.ar\/index.php?rest_route=%2Fwp%2Fv2%2Fcategories&post=9177"},{"taxonomy":"post_tag","embeddable":true,"href":"https:\/\/elciudadanodelujan.com.ar\/index.php?rest_route=%2Fwp%2Fv2%2Ftags&post=9177"}],"curies":[{"name":"wp","href":"https:\/\/api.w.org\/{rel}","templated":true}]}}