{"id":9174,"date":"2025-07-08T10:19:59","date_gmt":"2025-07-08T13:19:59","guid":{"rendered":"https:\/\/elciudadanodelujan.com.ar\/?p=9174"},"modified":"2025-07-08T10:20:17","modified_gmt":"2025-07-08T13:20:17","slug":"lujan-lidera-el-ranking-de-transparencia-fiscal-en-la-provincia-de-buenos-aires","status":"publish","type":"post","link":"https:\/\/elciudadanodelujan.com.ar\/?p=9174","title":{"rendered":"Luj\u00e1n lidera el ranking de transparencia fiscal en la Provincia de Buenos Aires"},"content":{"rendered":"\n<p><strong>El Municipio de Luj\u00e1n se posicion\u00f3 nuevamente entre los distritos m\u00e1s transparentes de la Provincia de Buenos Aires, al alcanzar el puntaje m\u00e1ximo de 100 en el \u00cdndice de Transparencia Fiscal Municipal, elaborado por la Asociaci\u00f3n Argentina de Presupuesto y Administraci\u00f3n Financiera P\u00fablica (ASAP). De esta forma, Luj\u00e1n se consolida como referente en la publicaci\u00f3n y accesibilidad de la informaci\u00f3n fiscal y presupuestaria.<\/strong><\/p>\n\n\n\n<figure class=\"wp-block-image size-large\"><img loading=\"lazy\" decoding=\"async\" width=\"1024\" height=\"681\" src=\"https:\/\/elciudadanodelujan.com.ar\/wp-content\/uploads\/2025\/07\/image-18-1024x681.png\" alt=\"\" class=\"wp-image-9175\" srcset=\"https:\/\/elciudadanodelujan.com.ar\/wp-content\/uploads\/2025\/07\/image-18-1024x681.png 1024w, https:\/\/elciudadanodelujan.com.ar\/wp-content\/uploads\/2025\/07\/image-18-300x200.png 300w, https:\/\/elciudadanodelujan.com.ar\/wp-content\/uploads\/2025\/07\/image-18-768x511.png 768w, https:\/\/elciudadanodelujan.com.ar\/wp-content\/uploads\/2025\/07\/image-18-1536x1021.png 1536w, https:\/\/elciudadanodelujan.com.ar\/wp-content\/uploads\/2025\/07\/image-18.png 1600w\" sizes=\"auto, (max-width: 1024px) 100vw, 1024px\" \/><\/figure>\n\n\n\n<p>El relevamiento eval\u00faa el grado de cumplimiento de los 135 municipios bonaerenses en la publicaci\u00f3n de sus cuentas p\u00fablicas. El \u00edndice se construye en base a seis criterios clave: presupuesto 2025; situaci\u00f3n econ\u00f3mico financiera trimestral; ejecuci\u00f3n presupuestaria (recursos y gastos); gastos clasificados por finalidad y funci\u00f3n; stock de deuda p\u00fablica; y facilidad de acceso a la informaci\u00f3n en la web oficial.<\/p>\n\n\n\n<p>Cada municipio puede obtener un m\u00e1ximo de 100 puntos si cumple estrictamente con todos los \u00edtems. El informe de ASAP destaca que Luj\u00e1n forma parte del 36,3% de municipios que presentan un \u201ccumplimiento estricto\u201d con los par\u00e1metros establecidos, cumpliendo con la normativa de responsabilidad fiscal y garantizando a vecinos y vecinas, periodistas, concejales y organizaciones civiles acceso f\u00e1cil y actualizado a la informaci\u00f3n econ\u00f3mica del gobierno local.<\/p>\n\n\n\n<p>El ranking de ASAP, elaborado desde 2019, se ha transformado en una herramienta clave para evaluar las pr\u00e1cticas de gobierno abierto, al tiempo que promueve el fortalecimiento de la democracia local a trav\u00e9s del control ciudadano.<\/p>\n\n\n\n<p>Seg\u00fan el informe, si bien se observa una tendencia general de mejora en la transparencia municipal, a\u00fan 40 municipios presentan niveles bajos o nulos de publicaci\u00f3n fiscal, lo que refuerza la importancia de experiencias como la de Luj\u00e1n, recordando adem\u00e1s que en el 2019 Luj\u00e1n se encontraba entre los \u00faltimos puestos del ranking.<\/p>\n\n\n\n<p>El liderazgo de Luj\u00e1n en este sentido no solo refleja un cumplimiento t\u00e9cnico, sino una firme decisi\u00f3n pol\u00edtica de gestionar con transparencia y rendir cuentas sobre la evoluci\u00f3n financiera del municipio de manera sostenida.<\/p>\n","protected":false},"excerpt":{"rendered":"<p>El Municipio de Luj\u00e1n se posicion\u00f3 nuevamente entre los distritos m\u00e1s transparentes de la Provincia de Buenos Aires, al alcanzar el puntaje m\u00e1ximo de 100 en el \u00cdndice de Transparencia&hellip; <\/p>\n","protected":false},"author":2,"featured_media":9175,"comment_status":"closed","ping_status":"closed","sticky":false,"template":"","format":"standard","meta":{"footnotes":""},"categories":[3],"tags":[],"class_list":["post-9174","post","type-post","status-publish","format-standard","has-post-thumbnail","hentry","category-economia"],"yoast_head":"<!-- This site is optimized with the Yoast SEO plugin v27.3 - https:\/\/yoast.com\/product\/yoast-seo-wordpress\/ -->\n<title>Luj\u00e1n lidera el ranking de transparencia fiscal en la Provincia de Buenos Aires -<\/title>\n<meta name=\"robots\" content=\"index, follow, max-snippet:-1, max-image-preview:large, max-video-preview:-1\" \/>\n<link rel=\"canonical\" href=\"https:\/\/elciudadanodelujan.com.ar\/?p=9174\" \/>\n<meta property=\"og:locale\" content=\"es_ES\" \/>\n<meta property=\"og:type\" content=\"article\" \/>\n<meta property=\"og:title\" content=\"Luj\u00e1n lidera el ranking de transparencia fiscal en la Provincia de Buenos Aires -\" \/>\n<meta property=\"og:description\" content=\"El Municipio de Luj\u00e1n se posicion\u00f3 nuevamente entre los distritos m\u00e1s transparentes de la Provincia de Buenos Aires, al alcanzar el puntaje m\u00e1ximo de 100 en el \u00cdndice de Transparencia&hellip;\" \/>\n<meta property=\"og:url\" content=\"https:\/\/elciudadanodelujan.com.ar\/?p=9174\" \/>\n<meta property=\"article:publisher\" content=\"https:\/\/www.facebook.com\/elciudadanodelujan\" \/>\n<meta property=\"article:published_time\" content=\"2025-07-08T13:19:59+00:00\" \/>\n<meta property=\"article:modified_time\" content=\"2025-07-08T13:20:17+00:00\" \/>\n<meta property=\"og:image\" content=\"https:\/\/elciudadanodelujan.com.ar\/wp-content\/uploads\/2025\/07\/image-18-1024x681.png\" \/>\n\t<meta property=\"og:image:width\" content=\"1024\" \/>\n\t<meta property=\"og:image:height\" content=\"681\" \/>\n\t<meta property=\"og:image:type\" content=\"image\/png\" \/>\n<meta name=\"author\" content=\"Osvaldo Cabral\" \/>\n<meta name=\"twitter:card\" content=\"summary_large_image\" \/>\n<meta name=\"twitter:label1\" content=\"Escrito por\" \/>\n\t<meta name=\"twitter:data1\" content=\"Osvaldo Cabral\" \/>\n\t<meta name=\"twitter:label2\" content=\"Tiempo de lectura\" \/>\n\t<meta name=\"twitter:data2\" content=\"2 minutos\" \/>\n<script type=\"application\/ld+json\" class=\"yoast-schema-graph\">{\"@context\":\"https:\\\/\\\/schema.org\",\"@graph\":[{\"@type\":\"Article\",\"@id\":\"https:\\\/\\\/elciudadanodelujan.com.ar\\\/?p=9174#article\",\"isPartOf\":{\"@id\":\"https:\\\/\\\/elciudadanodelujan.com.ar\\\/?p=9174\"},\"author\":{\"name\":\"Osvaldo Cabral\",\"@id\":\"https:\\\/\\\/elciudadanodelujan.com.ar\\\/#\\\/schema\\\/person\\\/6e4147c312281a224c424b0ca2b1d439\"},\"headline\":\"Luj\u00e1n lidera el ranking de transparencia fiscal en la Provincia de Buenos Aires\",\"datePublished\":\"2025-07-08T13:19:59+00:00\",\"dateModified\":\"2025-07-08T13:20:17+00:00\",\"mainEntityOfPage\":{\"@id\":\"https:\\\/\\\/elciudadanodelujan.com.ar\\\/?p=9174\"},\"wordCount\":357,\"publisher\":{\"@id\":\"https:\\\/\\\/elciudadanodelujan.com.ar\\\/#organization\"},\"image\":{\"@id\":\"https:\\\/\\\/elciudadanodelujan.com.ar\\\/?p=9174#primaryimage\"},\"thumbnailUrl\":\"https:\\\/\\\/elciudadanodelujan.com.ar\\\/wp-content\\\/uploads\\\/2025\\\/07\\\/image-18.png\",\"articleSection\":[\"ECONOM\u00cdA\"],\"inLanguage\":\"es\"},{\"@type\":\"WebPage\",\"@id\":\"https:\\\/\\\/elciudadanodelujan.com.ar\\\/?p=9174\",\"url\":\"https:\\\/\\\/elciudadanodelujan.com.ar\\\/?p=9174\",\"name\":\"Luj\u00e1n lidera el ranking de transparencia fiscal en la Provincia de Buenos Aires -\",\"isPartOf\":{\"@id\":\"https:\\\/\\\/elciudadanodelujan.com.ar\\\/#website\"},\"primaryImageOfPage\":{\"@id\":\"https:\\\/\\\/elciudadanodelujan.com.ar\\\/?p=9174#primaryimage\"},\"image\":{\"@id\":\"https:\\\/\\\/elciudadanodelujan.com.ar\\\/?p=9174#primaryimage\"},\"thumbnailUrl\":\"https:\\\/\\\/elciudadanodelujan.com.ar\\\/wp-content\\\/uploads\\\/2025\\\/07\\\/image-18.png\",\"datePublished\":\"2025-07-08T13:19:59+00:00\",\"dateModified\":\"2025-07-08T13:20:17+00:00\",\"breadcrumb\":{\"@id\":\"https:\\\/\\\/elciudadanodelujan.com.ar\\\/?p=9174#breadcrumb\"},\"inLanguage\":\"es\",\"potentialAction\":[{\"@type\":\"ReadAction\",\"target\":[\"https:\\\/\\\/elciudadanodelujan.com.ar\\\/?p=9174\"]}]},{\"@type\":\"ImageObject\",\"inLanguage\":\"es\",\"@id\":\"https:\\\/\\\/elciudadanodelujan.com.ar\\\/?p=9174#primaryimage\",\"url\":\"https:\\\/\\\/elciudadanodelujan.com.ar\\\/wp-content\\\/uploads\\\/2025\\\/07\\\/image-18.png\",\"contentUrl\":\"https:\\\/\\\/elciudadanodelujan.com.ar\\\/wp-content\\\/uploads\\\/2025\\\/07\\\/image-18.png\",\"width\":1600,\"height\":1064},{\"@type\":\"BreadcrumbList\",\"@id\":\"https:\\\/\\\/elciudadanodelujan.com.ar\\\/?p=9174#breadcrumb\",\"itemListElement\":[{\"@type\":\"ListItem\",\"position\":1,\"name\":\"Home\",\"item\":\"https:\\\/\\\/elciudadanodelujan.com.ar\\\/\"},{\"@type\":\"ListItem\",\"position\":2,\"name\":\"Luj\u00e1n lidera el ranking de transparencia fiscal en la Provincia de Buenos Aires\"}]},{\"@type\":\"WebSite\",\"@id\":\"https:\\\/\\\/elciudadanodelujan.com.ar\\\/#website\",\"url\":\"https:\\\/\\\/elciudadanodelujan.com.ar\\\/\",\"name\":\"https:\\\/\\\/elciudadanodelujan.com.ar\",\"description\":\"Noticias de inter\u00e9s general y periodismo de investigaci\u00f3n\",\"publisher\":{\"@id\":\"https:\\\/\\\/elciudadanodelujan.com.ar\\\/#organization\"},\"potentialAction\":[{\"@type\":\"SearchAction\",\"target\":{\"@type\":\"EntryPoint\",\"urlTemplate\":\"https:\\\/\\\/elciudadanodelujan.com.ar\\\/?s={search_term_string}\"},\"query-input\":{\"@type\":\"PropertyValueSpecification\",\"valueRequired\":true,\"valueName\":\"search_term_string\"}}],\"inLanguage\":\"es\"},{\"@type\":\"Organization\",\"@id\":\"https:\\\/\\\/elciudadanodelujan.com.ar\\\/#organization\",\"name\":\"El Ciudadano de Lujan\",\"url\":\"https:\\\/\\\/elciudadanodelujan.com.ar\\\/\",\"logo\":{\"@type\":\"ImageObject\",\"inLanguage\":\"es\",\"@id\":\"https:\\\/\\\/elciudadanodelujan.com.ar\\\/#\\\/schema\\\/logo\\\/image\\\/\",\"url\":\"https:\\\/\\\/elciudadanodelujan.com.ar\\\/wp-content\\\/uploads\\\/2025\\\/01\\\/logo_El_Ciudadano.jpg\",\"contentUrl\":\"https:\\\/\\\/elciudadanodelujan.com.ar\\\/wp-content\\\/uploads\\\/2025\\\/01\\\/logo_El_Ciudadano.jpg\",\"width\":500,\"height\":123,\"caption\":\"El Ciudadano de Lujan\"},\"image\":{\"@id\":\"https:\\\/\\\/elciudadanodelujan.com.ar\\\/#\\\/schema\\\/logo\\\/image\\\/\"},\"sameAs\":[\"https:\\\/\\\/www.facebook.com\\\/elciudadanodelujan\"]},{\"@type\":\"Person\",\"@id\":\"https:\\\/\\\/elciudadanodelujan.com.ar\\\/#\\\/schema\\\/person\\\/6e4147c312281a224c424b0ca2b1d439\",\"name\":\"Osvaldo Cabral\",\"image\":{\"@type\":\"ImageObject\",\"inLanguage\":\"es\",\"@id\":\"https:\\\/\\\/secure.gravatar.com\\\/avatar\\\/c4c6a8aea430571651e7d6992bdfdff335bbe96580656f78299d10ca9a6c1ae9?s=96&d=mm&r=g\",\"url\":\"https:\\\/\\\/secure.gravatar.com\\\/avatar\\\/c4c6a8aea430571651e7d6992bdfdff335bbe96580656f78299d10ca9a6c1ae9?s=96&d=mm&r=g\",\"contentUrl\":\"https:\\\/\\\/secure.gravatar.com\\\/avatar\\\/c4c6a8aea430571651e7d6992bdfdff335bbe96580656f78299d10ca9a6c1ae9?s=96&d=mm&r=g\",\"caption\":\"Osvaldo Cabral\"},\"url\":\"https:\\\/\\\/elciudadanodelujan.com.ar\\\/?author=2\"}]}<\/script>\n<!-- \/ Yoast SEO plugin. -->","yoast_head_json":{"title":"Luj\u00e1n lidera el ranking de transparencia fiscal en la Provincia de Buenos Aires -","robots":{"index":"index","follow":"follow","max-snippet":"max-snippet:-1","max-image-preview":"max-image-preview:large","max-video-preview":"max-video-preview:-1"},"canonical":"https:\/\/elciudadanodelujan.com.ar\/?p=9174","og_locale":"es_ES","og_type":"article","og_title":"Luj\u00e1n lidera el ranking de transparencia fiscal en la Provincia de Buenos Aires -","og_description":"El Municipio de Luj\u00e1n se posicion\u00f3 nuevamente entre los distritos m\u00e1s transparentes de la Provincia de Buenos Aires, al alcanzar el puntaje m\u00e1ximo de 100 en el \u00cdndice de Transparencia&hellip;","og_url":"https:\/\/elciudadanodelujan.com.ar\/?p=9174","article_publisher":"https:\/\/www.facebook.com\/elciudadanodelujan","article_published_time":"2025-07-08T13:19:59+00:00","article_modified_time":"2025-07-08T13:20:17+00:00","og_image":[{"width":1024,"height":681,"url":"https:\/\/elciudadanodelujan.com.ar\/wp-content\/uploads\/2025\/07\/image-18-1024x681.png","type":"image\/png"}],"author":"Osvaldo Cabral","twitter_card":"summary_large_image","twitter_misc":{"Escrito por":"Osvaldo Cabral","Tiempo de lectura":"2 minutos"},"schema":{"@context":"https:\/\/schema.org","@graph":[{"@type":"Article","@id":"https:\/\/elciudadanodelujan.com.ar\/?p=9174#article","isPartOf":{"@id":"https:\/\/elciudadanodelujan.com.ar\/?p=9174"},"author":{"name":"Osvaldo Cabral","@id":"https:\/\/elciudadanodelujan.com.ar\/#\/schema\/person\/6e4147c312281a224c424b0ca2b1d439"},"headline":"Luj\u00e1n lidera el ranking de transparencia fiscal en la Provincia de Buenos Aires","datePublished":"2025-07-08T13:19:59+00:00","dateModified":"2025-07-08T13:20:17+00:00","mainEntityOfPage":{"@id":"https:\/\/elciudadanodelujan.com.ar\/?p=9174"},"wordCount":357,"publisher":{"@id":"https:\/\/elciudadanodelujan.com.ar\/#organization"},"image":{"@id":"https:\/\/elciudadanodelujan.com.ar\/?p=9174#primaryimage"},"thumbnailUrl":"https:\/\/elciudadanodelujan.com.ar\/wp-content\/uploads\/2025\/07\/image-18.png","articleSection":["ECONOM\u00cdA"],"inLanguage":"es"},{"@type":"WebPage","@id":"https:\/\/elciudadanodelujan.com.ar\/?p=9174","url":"https:\/\/elciudadanodelujan.com.ar\/?p=9174","name":"Luj\u00e1n lidera el ranking de transparencia fiscal en la Provincia de Buenos Aires -","isPartOf":{"@id":"https:\/\/elciudadanodelujan.com.ar\/#website"},"primaryImageOfPage":{"@id":"https:\/\/elciudadanodelujan.com.ar\/?p=9174#primaryimage"},"image":{"@id":"https:\/\/elciudadanodelujan.com.ar\/?p=9174#primaryimage"},"thumbnailUrl":"https:\/\/elciudadanodelujan.com.ar\/wp-content\/uploads\/2025\/07\/image-18.png","datePublished":"2025-07-08T13:19:59+00:00","dateModified":"2025-07-08T13:20:17+00:00","breadcrumb":{"@id":"https:\/\/elciudadanodelujan.com.ar\/?p=9174#breadcrumb"},"inLanguage":"es","potentialAction":[{"@type":"ReadAction","target":["https:\/\/elciudadanodelujan.com.ar\/?p=9174"]}]},{"@type":"ImageObject","inLanguage":"es","@id":"https:\/\/elciudadanodelujan.com.ar\/?p=9174#primaryimage","url":"https:\/\/elciudadanodelujan.com.ar\/wp-content\/uploads\/2025\/07\/image-18.png","contentUrl":"https:\/\/elciudadanodelujan.com.ar\/wp-content\/uploads\/2025\/07\/image-18.png","width":1600,"height":1064},{"@type":"BreadcrumbList","@id":"https:\/\/elciudadanodelujan.com.ar\/?p=9174#breadcrumb","itemListElement":[{"@type":"ListItem","position":1,"name":"Home","item":"https:\/\/elciudadanodelujan.com.ar\/"},{"@type":"ListItem","position":2,"name":"Luj\u00e1n lidera el ranking de transparencia fiscal en la Provincia de Buenos Aires"}]},{"@type":"WebSite","@id":"https:\/\/elciudadanodelujan.com.ar\/#website","url":"https:\/\/elciudadanodelujan.com.ar\/","name":"https:\/\/elciudadanodelujan.com.ar","description":"Noticias de inter\u00e9s general y periodismo de investigaci\u00f3n","publisher":{"@id":"https:\/\/elciudadanodelujan.com.ar\/#organization"},"potentialAction":[{"@type":"SearchAction","target":{"@type":"EntryPoint","urlTemplate":"https:\/\/elciudadanodelujan.com.ar\/?s={search_term_string}"},"query-input":{"@type":"PropertyValueSpecification","valueRequired":true,"valueName":"search_term_string"}}],"inLanguage":"es"},{"@type":"Organization","@id":"https:\/\/elciudadanodelujan.com.ar\/#organization","name":"El Ciudadano de Lujan","url":"https:\/\/elciudadanodelujan.com.ar\/","logo":{"@type":"ImageObject","inLanguage":"es","@id":"https:\/\/elciudadanodelujan.com.ar\/#\/schema\/logo\/image\/","url":"https:\/\/elciudadanodelujan.com.ar\/wp-content\/uploads\/2025\/01\/logo_El_Ciudadano.jpg","contentUrl":"https:\/\/elciudadanodelujan.com.ar\/wp-content\/uploads\/2025\/01\/logo_El_Ciudadano.jpg","width":500,"height":123,"caption":"El Ciudadano de Lujan"},"image":{"@id":"https:\/\/elciudadanodelujan.com.ar\/#\/schema\/logo\/image\/"},"sameAs":["https:\/\/www.facebook.com\/elciudadanodelujan"]},{"@type":"Person","@id":"https:\/\/elciudadanodelujan.com.ar\/#\/schema\/person\/6e4147c312281a224c424b0ca2b1d439","name":"Osvaldo Cabral","image":{"@type":"ImageObject","inLanguage":"es","@id":"https:\/\/secure.gravatar.com\/avatar\/c4c6a8aea430571651e7d6992bdfdff335bbe96580656f78299d10ca9a6c1ae9?s=96&d=mm&r=g","url":"https:\/\/secure.gravatar.com\/avatar\/c4c6a8aea430571651e7d6992bdfdff335bbe96580656f78299d10ca9a6c1ae9?s=96&d=mm&r=g","contentUrl":"https:\/\/secure.gravatar.com\/avatar\/c4c6a8aea430571651e7d6992bdfdff335bbe96580656f78299d10ca9a6c1ae9?s=96&d=mm&r=g","caption":"Osvaldo Cabral"},"url":"https:\/\/elciudadanodelujan.com.ar\/?author=2"}]}},"_links":{"self":[{"href":"https:\/\/elciudadanodelujan.com.ar\/index.php?rest_route=\/wp\/v2\/posts\/9174","targetHints":{"allow":["GET"]}}],"collection":[{"href":"https:\/\/elciudadanodelujan.com.ar\/index.php?rest_route=\/wp\/v2\/posts"}],"about":[{"href":"https:\/\/elciudadanodelujan.com.ar\/index.php?rest_route=\/wp\/v2\/types\/post"}],"author":[{"embeddable":true,"href":"https:\/\/elciudadanodelujan.com.ar\/index.php?rest_route=\/wp\/v2\/users\/2"}],"replies":[{"embeddable":true,"href":"https:\/\/elciudadanodelujan.com.ar\/index.php?rest_route=%2Fwp%2Fv2%2Fcomments&post=9174"}],"version-history":[{"count":1,"href":"https:\/\/elciudadanodelujan.com.ar\/index.php?rest_route=\/wp\/v2\/posts\/9174\/revisions"}],"predecessor-version":[{"id":9176,"href":"https:\/\/elciudadanodelujan.com.ar\/index.php?rest_route=\/wp\/v2\/posts\/9174\/revisions\/9176"}],"wp:featuredmedia":[{"embeddable":true,"href":"https:\/\/elciudadanodelujan.com.ar\/index.php?rest_route=\/wp\/v2\/media\/9175"}],"wp:attachment":[{"href":"https:\/\/elciudadanodelujan.com.ar\/index.php?rest_route=%2Fwp%2Fv2%2Fmedia&parent=9174"}],"wp:term":[{"taxonomy":"category","embeddable":true,"href":"https:\/\/elciudadanodelujan.com.ar\/index.php?rest_route=%2Fwp%2Fv2%2Fcategories&post=9174"},{"taxonomy":"post_tag","embeddable":true,"href":"https:\/\/elciudadanodelujan.com.ar\/index.php?rest_route=%2Fwp%2Fv2%2Ftags&post=9174"}],"curies":[{"name":"wp","href":"https:\/\/api.w.org\/{rel}","templated":true}]}}