{"id":9168,"date":"2025-07-08T10:05:57","date_gmt":"2025-07-08T13:05:57","guid":{"rendered":"https:\/\/elciudadanodelujan.com.ar\/?p=9168"},"modified":"2025-07-08T10:06:12","modified_gmt":"2025-07-08T13:06:12","slug":"recorridos-participativos-para-homenajear-a-mujeres-y-hombres-de-la-independencia","status":"publish","type":"post","link":"https:\/\/elciudadanodelujan.com.ar\/?p=9168","title":{"rendered":"Recorridos participativos para homenajear a mujeres y hombres de la Independencia"},"content":{"rendered":"\n<p><strong>Ser\u00e1 todos los s\u00e1bados y domingos de julio, de 12:00 a 16:00. La propuesta busca reivindicar a quienes se sumaron al esfuerzo independentista. La actividad es libre y gratuita.<\/strong><\/p>\n\n\n\n<figure class=\"wp-block-image size-large\"><img loading=\"lazy\" decoding=\"async\" width=\"1024\" height=\"682\" src=\"https:\/\/elciudadanodelujan.com.ar\/wp-content\/uploads\/2025\/07\/IMG_1596-1024x682.jpg\" alt=\"\" class=\"wp-image-9169\" srcset=\"https:\/\/elciudadanodelujan.com.ar\/wp-content\/uploads\/2025\/07\/IMG_1596-1024x682.jpg 1024w, https:\/\/elciudadanodelujan.com.ar\/wp-content\/uploads\/2025\/07\/IMG_1596-300x200.jpg 300w, https:\/\/elciudadanodelujan.com.ar\/wp-content\/uploads\/2025\/07\/IMG_1596-768x512.jpg 768w, https:\/\/elciudadanodelujan.com.ar\/wp-content\/uploads\/2025\/07\/IMG_1596-1536x1023.jpg 1536w, https:\/\/elciudadanodelujan.com.ar\/wp-content\/uploads\/2025\/07\/IMG_1596.jpg 2048w\" sizes=\"auto, (max-width: 1024px) 100vw, 1024px\" \/><\/figure>\n\n\n\n<p>El Complejo Museogr\u00e1fico Provincial Enrique Udaondo invita todos los s\u00e1bados y domingos de julio, a las 12:00 y a las 16:00, a participar de los recorridos participativos titulados \u201cHombres y mujeres de la Independencia\u201d. Esta propuesta es gratuita y cuenta con el apoyo del Instituto Cultural de la Provincia de Buenos Aires.<\/p>\n\n\n\n<p>En el mes en el que se celebra un nuevo aniversario del D\u00eda de la Independencia de la Rep\u00fablica Argentina, el Museo Udaondo brindar\u00e1 visitas participativas en la sala \u201cLuchas por la Independencia\u201d durante todo el mes de julio. As\u00ed, a partir del patrimonio expuesto, se invitar\u00e1 a identificar la participaci\u00f3n activa de la comunidad, recuperando sus historias a trav\u00e9s de los retratos y condecoraciones.<\/p>\n\n\n\n<p>Los recorridos, destinados al p\u00fablico en general, proponen reconocer a los hombres y las mujeres que desde distintos \u00e1mbitos apoyaron la causa de la independencia. M\u00e1s all\u00e1 de quienes estuvieron al mando de los ej\u00e9rcitos, como San Mart\u00edn, Belgrano y G\u00fcemes, se busca reivindicar a hombres y mujeres que se sumaron al esfuerzo independentista, de diferentes formas. Algunas mujeres de la \u00e9lite abrieron las puertas de sus casas organizando tertulias, otras donaron sus joyas y confeccionaron banderas y uniformes. Pero tambi\u00e9n se reconocer\u00e1 a aquellas que se sumaron al esfuerzo independentista poniendo el cuerpo en el campo de batalla.<\/p>\n","protected":false},"excerpt":{"rendered":"<p>Ser\u00e1 todos los s\u00e1bados y domingos de julio, de 12:00 a 16:00. La propuesta busca reivindicar a quienes se sumaron al esfuerzo independentista. La actividad es libre y gratuita. El&hellip; <\/p>\n","protected":false},"author":2,"featured_media":9169,"comment_status":"closed","ping_status":"closed","sticky":false,"template":"","format":"standard","meta":{"footnotes":""},"categories":[1],"tags":[],"class_list":["post-9168","post","type-post","status-publish","format-standard","has-post-thumbnail","hentry","category-uncategorized"],"yoast_head":"<!-- This site is optimized with the Yoast SEO plugin v27.3 - https:\/\/yoast.com\/product\/yoast-seo-wordpress\/ -->\n<title>Recorridos participativos para homenajear a mujeres y hombres de la Independencia -<\/title>\n<meta name=\"robots\" content=\"index, follow, max-snippet:-1, max-image-preview:large, max-video-preview:-1\" \/>\n<link rel=\"canonical\" href=\"https:\/\/elciudadanodelujan.com.ar\/?p=9168\" \/>\n<meta property=\"og:locale\" content=\"es_ES\" \/>\n<meta property=\"og:type\" content=\"article\" \/>\n<meta property=\"og:title\" content=\"Recorridos participativos para homenajear a mujeres y hombres de la Independencia -\" \/>\n<meta property=\"og:description\" content=\"Ser\u00e1 todos los s\u00e1bados y domingos de julio, de 12:00 a 16:00. La propuesta busca reivindicar a quienes se sumaron al esfuerzo independentista. La actividad es libre y gratuita. El&hellip;\" \/>\n<meta property=\"og:url\" content=\"https:\/\/elciudadanodelujan.com.ar\/?p=9168\" \/>\n<meta property=\"article:publisher\" content=\"https:\/\/www.facebook.com\/elciudadanodelujan\" \/>\n<meta property=\"article:published_time\" content=\"2025-07-08T13:05:57+00:00\" \/>\n<meta property=\"article:modified_time\" content=\"2025-07-08T13:06:12+00:00\" \/>\n<meta property=\"og:image\" content=\"https:\/\/elciudadanodelujan.com.ar\/wp-content\/uploads\/2025\/07\/IMG_1596.jpg\" \/>\n\t<meta property=\"og:image:width\" content=\"2048\" \/>\n\t<meta property=\"og:image:height\" content=\"1364\" \/>\n\t<meta property=\"og:image:type\" content=\"image\/jpeg\" \/>\n<meta name=\"author\" content=\"Osvaldo Cabral\" \/>\n<meta name=\"twitter:card\" content=\"summary_large_image\" \/>\n<meta name=\"twitter:label1\" content=\"Escrito por\" \/>\n\t<meta name=\"twitter:data1\" content=\"Osvaldo Cabral\" \/>\n\t<meta name=\"twitter:label2\" content=\"Tiempo de lectura\" \/>\n\t<meta name=\"twitter:data2\" content=\"2 minutos\" \/>\n<script type=\"application\/ld+json\" class=\"yoast-schema-graph\">{\"@context\":\"https:\\\/\\\/schema.org\",\"@graph\":[{\"@type\":\"Article\",\"@id\":\"https:\\\/\\\/elciudadanodelujan.com.ar\\\/?p=9168#article\",\"isPartOf\":{\"@id\":\"https:\\\/\\\/elciudadanodelujan.com.ar\\\/?p=9168\"},\"author\":{\"name\":\"Osvaldo Cabral\",\"@id\":\"https:\\\/\\\/elciudadanodelujan.com.ar\\\/#\\\/schema\\\/person\\\/6e4147c312281a224c424b0ca2b1d439\"},\"headline\":\"Recorridos participativos para homenajear a mujeres y hombres de la Independencia\",\"datePublished\":\"2025-07-08T13:05:57+00:00\",\"dateModified\":\"2025-07-08T13:06:12+00:00\",\"mainEntityOfPage\":{\"@id\":\"https:\\\/\\\/elciudadanodelujan.com.ar\\\/?p=9168\"},\"wordCount\":265,\"publisher\":{\"@id\":\"https:\\\/\\\/elciudadanodelujan.com.ar\\\/#organization\"},\"image\":{\"@id\":\"https:\\\/\\\/elciudadanodelujan.com.ar\\\/?p=9168#primaryimage\"},\"thumbnailUrl\":\"https:\\\/\\\/elciudadanodelujan.com.ar\\\/wp-content\\\/uploads\\\/2025\\\/07\\\/IMG_1596.jpg\",\"articleSection\":[\"Actualidad\"],\"inLanguage\":\"es\"},{\"@type\":\"WebPage\",\"@id\":\"https:\\\/\\\/elciudadanodelujan.com.ar\\\/?p=9168\",\"url\":\"https:\\\/\\\/elciudadanodelujan.com.ar\\\/?p=9168\",\"name\":\"Recorridos participativos para homenajear a mujeres y hombres de la Independencia -\",\"isPartOf\":{\"@id\":\"https:\\\/\\\/elciudadanodelujan.com.ar\\\/#website\"},\"primaryImageOfPage\":{\"@id\":\"https:\\\/\\\/elciudadanodelujan.com.ar\\\/?p=9168#primaryimage\"},\"image\":{\"@id\":\"https:\\\/\\\/elciudadanodelujan.com.ar\\\/?p=9168#primaryimage\"},\"thumbnailUrl\":\"https:\\\/\\\/elciudadanodelujan.com.ar\\\/wp-content\\\/uploads\\\/2025\\\/07\\\/IMG_1596.jpg\",\"datePublished\":\"2025-07-08T13:05:57+00:00\",\"dateModified\":\"2025-07-08T13:06:12+00:00\",\"breadcrumb\":{\"@id\":\"https:\\\/\\\/elciudadanodelujan.com.ar\\\/?p=9168#breadcrumb\"},\"inLanguage\":\"es\",\"potentialAction\":[{\"@type\":\"ReadAction\",\"target\":[\"https:\\\/\\\/elciudadanodelujan.com.ar\\\/?p=9168\"]}]},{\"@type\":\"ImageObject\",\"inLanguage\":\"es\",\"@id\":\"https:\\\/\\\/elciudadanodelujan.com.ar\\\/?p=9168#primaryimage\",\"url\":\"https:\\\/\\\/elciudadanodelujan.com.ar\\\/wp-content\\\/uploads\\\/2025\\\/07\\\/IMG_1596.jpg\",\"contentUrl\":\"https:\\\/\\\/elciudadanodelujan.com.ar\\\/wp-content\\\/uploads\\\/2025\\\/07\\\/IMG_1596.jpg\",\"width\":2048,\"height\":1364},{\"@type\":\"BreadcrumbList\",\"@id\":\"https:\\\/\\\/elciudadanodelujan.com.ar\\\/?p=9168#breadcrumb\",\"itemListElement\":[{\"@type\":\"ListItem\",\"position\":1,\"name\":\"Home\",\"item\":\"https:\\\/\\\/elciudadanodelujan.com.ar\\\/\"},{\"@type\":\"ListItem\",\"position\":2,\"name\":\"Recorridos participativos para homenajear a mujeres y hombres de la Independencia\"}]},{\"@type\":\"WebSite\",\"@id\":\"https:\\\/\\\/elciudadanodelujan.com.ar\\\/#website\",\"url\":\"https:\\\/\\\/elciudadanodelujan.com.ar\\\/\",\"name\":\"https:\\\/\\\/elciudadanodelujan.com.ar\",\"description\":\"Noticias de inter\u00e9s general y periodismo de investigaci\u00f3n\",\"publisher\":{\"@id\":\"https:\\\/\\\/elciudadanodelujan.com.ar\\\/#organization\"},\"potentialAction\":[{\"@type\":\"SearchAction\",\"target\":{\"@type\":\"EntryPoint\",\"urlTemplate\":\"https:\\\/\\\/elciudadanodelujan.com.ar\\\/?s={search_term_string}\"},\"query-input\":{\"@type\":\"PropertyValueSpecification\",\"valueRequired\":true,\"valueName\":\"search_term_string\"}}],\"inLanguage\":\"es\"},{\"@type\":\"Organization\",\"@id\":\"https:\\\/\\\/elciudadanodelujan.com.ar\\\/#organization\",\"name\":\"El Ciudadano de Lujan\",\"url\":\"https:\\\/\\\/elciudadanodelujan.com.ar\\\/\",\"logo\":{\"@type\":\"ImageObject\",\"inLanguage\":\"es\",\"@id\":\"https:\\\/\\\/elciudadanodelujan.com.ar\\\/#\\\/schema\\\/logo\\\/image\\\/\",\"url\":\"https:\\\/\\\/elciudadanodelujan.com.ar\\\/wp-content\\\/uploads\\\/2025\\\/01\\\/logo_El_Ciudadano.jpg\",\"contentUrl\":\"https:\\\/\\\/elciudadanodelujan.com.ar\\\/wp-content\\\/uploads\\\/2025\\\/01\\\/logo_El_Ciudadano.jpg\",\"width\":500,\"height\":123,\"caption\":\"El Ciudadano de Lujan\"},\"image\":{\"@id\":\"https:\\\/\\\/elciudadanodelujan.com.ar\\\/#\\\/schema\\\/logo\\\/image\\\/\"},\"sameAs\":[\"https:\\\/\\\/www.facebook.com\\\/elciudadanodelujan\"]},{\"@type\":\"Person\",\"@id\":\"https:\\\/\\\/elciudadanodelujan.com.ar\\\/#\\\/schema\\\/person\\\/6e4147c312281a224c424b0ca2b1d439\",\"name\":\"Osvaldo Cabral\",\"image\":{\"@type\":\"ImageObject\",\"inLanguage\":\"es\",\"@id\":\"https:\\\/\\\/secure.gravatar.com\\\/avatar\\\/c4c6a8aea430571651e7d6992bdfdff335bbe96580656f78299d10ca9a6c1ae9?s=96&d=mm&r=g\",\"url\":\"https:\\\/\\\/secure.gravatar.com\\\/avatar\\\/c4c6a8aea430571651e7d6992bdfdff335bbe96580656f78299d10ca9a6c1ae9?s=96&d=mm&r=g\",\"contentUrl\":\"https:\\\/\\\/secure.gravatar.com\\\/avatar\\\/c4c6a8aea430571651e7d6992bdfdff335bbe96580656f78299d10ca9a6c1ae9?s=96&d=mm&r=g\",\"caption\":\"Osvaldo Cabral\"},\"url\":\"https:\\\/\\\/elciudadanodelujan.com.ar\\\/?author=2\"}]}<\/script>\n<!-- \/ Yoast SEO plugin. -->","yoast_head_json":{"title":"Recorridos participativos para homenajear a mujeres y hombres de la Independencia -","robots":{"index":"index","follow":"follow","max-snippet":"max-snippet:-1","max-image-preview":"max-image-preview:large","max-video-preview":"max-video-preview:-1"},"canonical":"https:\/\/elciudadanodelujan.com.ar\/?p=9168","og_locale":"es_ES","og_type":"article","og_title":"Recorridos participativos para homenajear a mujeres y hombres de la Independencia -","og_description":"Ser\u00e1 todos los s\u00e1bados y domingos de julio, de 12:00 a 16:00. La propuesta busca reivindicar a quienes se sumaron al esfuerzo independentista. La actividad es libre y gratuita. El&hellip;","og_url":"https:\/\/elciudadanodelujan.com.ar\/?p=9168","article_publisher":"https:\/\/www.facebook.com\/elciudadanodelujan","article_published_time":"2025-07-08T13:05:57+00:00","article_modified_time":"2025-07-08T13:06:12+00:00","og_image":[{"width":2048,"height":1364,"url":"https:\/\/elciudadanodelujan.com.ar\/wp-content\/uploads\/2025\/07\/IMG_1596.jpg","type":"image\/jpeg"}],"author":"Osvaldo Cabral","twitter_card":"summary_large_image","twitter_misc":{"Escrito por":"Osvaldo Cabral","Tiempo de lectura":"2 minutos"},"schema":{"@context":"https:\/\/schema.org","@graph":[{"@type":"Article","@id":"https:\/\/elciudadanodelujan.com.ar\/?p=9168#article","isPartOf":{"@id":"https:\/\/elciudadanodelujan.com.ar\/?p=9168"},"author":{"name":"Osvaldo Cabral","@id":"https:\/\/elciudadanodelujan.com.ar\/#\/schema\/person\/6e4147c312281a224c424b0ca2b1d439"},"headline":"Recorridos participativos para homenajear a mujeres y hombres de la Independencia","datePublished":"2025-07-08T13:05:57+00:00","dateModified":"2025-07-08T13:06:12+00:00","mainEntityOfPage":{"@id":"https:\/\/elciudadanodelujan.com.ar\/?p=9168"},"wordCount":265,"publisher":{"@id":"https:\/\/elciudadanodelujan.com.ar\/#organization"},"image":{"@id":"https:\/\/elciudadanodelujan.com.ar\/?p=9168#primaryimage"},"thumbnailUrl":"https:\/\/elciudadanodelujan.com.ar\/wp-content\/uploads\/2025\/07\/IMG_1596.jpg","articleSection":["Actualidad"],"inLanguage":"es"},{"@type":"WebPage","@id":"https:\/\/elciudadanodelujan.com.ar\/?p=9168","url":"https:\/\/elciudadanodelujan.com.ar\/?p=9168","name":"Recorridos participativos para homenajear a mujeres y hombres de la Independencia -","isPartOf":{"@id":"https:\/\/elciudadanodelujan.com.ar\/#website"},"primaryImageOfPage":{"@id":"https:\/\/elciudadanodelujan.com.ar\/?p=9168#primaryimage"},"image":{"@id":"https:\/\/elciudadanodelujan.com.ar\/?p=9168#primaryimage"},"thumbnailUrl":"https:\/\/elciudadanodelujan.com.ar\/wp-content\/uploads\/2025\/07\/IMG_1596.jpg","datePublished":"2025-07-08T13:05:57+00:00","dateModified":"2025-07-08T13:06:12+00:00","breadcrumb":{"@id":"https:\/\/elciudadanodelujan.com.ar\/?p=9168#breadcrumb"},"inLanguage":"es","potentialAction":[{"@type":"ReadAction","target":["https:\/\/elciudadanodelujan.com.ar\/?p=9168"]}]},{"@type":"ImageObject","inLanguage":"es","@id":"https:\/\/elciudadanodelujan.com.ar\/?p=9168#primaryimage","url":"https:\/\/elciudadanodelujan.com.ar\/wp-content\/uploads\/2025\/07\/IMG_1596.jpg","contentUrl":"https:\/\/elciudadanodelujan.com.ar\/wp-content\/uploads\/2025\/07\/IMG_1596.jpg","width":2048,"height":1364},{"@type":"BreadcrumbList","@id":"https:\/\/elciudadanodelujan.com.ar\/?p=9168#breadcrumb","itemListElement":[{"@type":"ListItem","position":1,"name":"Home","item":"https:\/\/elciudadanodelujan.com.ar\/"},{"@type":"ListItem","position":2,"name":"Recorridos participativos para homenajear a mujeres y hombres de la Independencia"}]},{"@type":"WebSite","@id":"https:\/\/elciudadanodelujan.com.ar\/#website","url":"https:\/\/elciudadanodelujan.com.ar\/","name":"https:\/\/elciudadanodelujan.com.ar","description":"Noticias de inter\u00e9s general y periodismo de investigaci\u00f3n","publisher":{"@id":"https:\/\/elciudadanodelujan.com.ar\/#organization"},"potentialAction":[{"@type":"SearchAction","target":{"@type":"EntryPoint","urlTemplate":"https:\/\/elciudadanodelujan.com.ar\/?s={search_term_string}"},"query-input":{"@type":"PropertyValueSpecification","valueRequired":true,"valueName":"search_term_string"}}],"inLanguage":"es"},{"@type":"Organization","@id":"https:\/\/elciudadanodelujan.com.ar\/#organization","name":"El Ciudadano de Lujan","url":"https:\/\/elciudadanodelujan.com.ar\/","logo":{"@type":"ImageObject","inLanguage":"es","@id":"https:\/\/elciudadanodelujan.com.ar\/#\/schema\/logo\/image\/","url":"https:\/\/elciudadanodelujan.com.ar\/wp-content\/uploads\/2025\/01\/logo_El_Ciudadano.jpg","contentUrl":"https:\/\/elciudadanodelujan.com.ar\/wp-content\/uploads\/2025\/01\/logo_El_Ciudadano.jpg","width":500,"height":123,"caption":"El Ciudadano de Lujan"},"image":{"@id":"https:\/\/elciudadanodelujan.com.ar\/#\/schema\/logo\/image\/"},"sameAs":["https:\/\/www.facebook.com\/elciudadanodelujan"]},{"@type":"Person","@id":"https:\/\/elciudadanodelujan.com.ar\/#\/schema\/person\/6e4147c312281a224c424b0ca2b1d439","name":"Osvaldo Cabral","image":{"@type":"ImageObject","inLanguage":"es","@id":"https:\/\/secure.gravatar.com\/avatar\/c4c6a8aea430571651e7d6992bdfdff335bbe96580656f78299d10ca9a6c1ae9?s=96&d=mm&r=g","url":"https:\/\/secure.gravatar.com\/avatar\/c4c6a8aea430571651e7d6992bdfdff335bbe96580656f78299d10ca9a6c1ae9?s=96&d=mm&r=g","contentUrl":"https:\/\/secure.gravatar.com\/avatar\/c4c6a8aea430571651e7d6992bdfdff335bbe96580656f78299d10ca9a6c1ae9?s=96&d=mm&r=g","caption":"Osvaldo Cabral"},"url":"https:\/\/elciudadanodelujan.com.ar\/?author=2"}]}},"_links":{"self":[{"href":"https:\/\/elciudadanodelujan.com.ar\/index.php?rest_route=\/wp\/v2\/posts\/9168","targetHints":{"allow":["GET"]}}],"collection":[{"href":"https:\/\/elciudadanodelujan.com.ar\/index.php?rest_route=\/wp\/v2\/posts"}],"about":[{"href":"https:\/\/elciudadanodelujan.com.ar\/index.php?rest_route=\/wp\/v2\/types\/post"}],"author":[{"embeddable":true,"href":"https:\/\/elciudadanodelujan.com.ar\/index.php?rest_route=\/wp\/v2\/users\/2"}],"replies":[{"embeddable":true,"href":"https:\/\/elciudadanodelujan.com.ar\/index.php?rest_route=%2Fwp%2Fv2%2Fcomments&post=9168"}],"version-history":[{"count":1,"href":"https:\/\/elciudadanodelujan.com.ar\/index.php?rest_route=\/wp\/v2\/posts\/9168\/revisions"}],"predecessor-version":[{"id":9170,"href":"https:\/\/elciudadanodelujan.com.ar\/index.php?rest_route=\/wp\/v2\/posts\/9168\/revisions\/9170"}],"wp:featuredmedia":[{"embeddable":true,"href":"https:\/\/elciudadanodelujan.com.ar\/index.php?rest_route=\/wp\/v2\/media\/9169"}],"wp:attachment":[{"href":"https:\/\/elciudadanodelujan.com.ar\/index.php?rest_route=%2Fwp%2Fv2%2Fmedia&parent=9168"}],"wp:term":[{"taxonomy":"category","embeddable":true,"href":"https:\/\/elciudadanodelujan.com.ar\/index.php?rest_route=%2Fwp%2Fv2%2Fcategories&post=9168"},{"taxonomy":"post_tag","embeddable":true,"href":"https:\/\/elciudadanodelujan.com.ar\/index.php?rest_route=%2Fwp%2Fv2%2Ftags&post=9168"}],"curies":[{"name":"wp","href":"https:\/\/api.w.org\/{rel}","templated":true}]}}