{"id":7696,"date":"2024-10-30T23:10:46","date_gmt":"2024-10-31T02:10:46","guid":{"rendered":"https:\/\/elciudadanodelujan.com.ar\/?p=7696"},"modified":"2024-10-30T23:11:00","modified_gmt":"2024-10-31T02:11:00","slug":"finalizo-el-ciclo-de-talleres-construir-y-reconstruir-la-historia-de-lujan","status":"publish","type":"post","link":"https:\/\/elciudadanodelujan.com.ar\/?p=7696","title":{"rendered":"Finaliz\u00f3 el ciclo de talleres: \u201cConstruir y reconstruir la historia de Luj\u00e1n\u201d"},"content":{"rendered":"\n<p id=\"geom_inter_1730340596625_99_82\"><strong>Durante el mes de octubre, la Junta Municipal de Estudios Hist\u00f3ricos y la Universidad de Luj\u00e1n (UNLu) llevaron a cabo un ciclo de talleres titulado \u00abConstruir y reconstruir la historia de Luj\u00e1n\u00bb en el Museo Hist\u00f3rico de la ciudad.<\/strong><\/p>\n\n\n\n<figure class=\"wp-block-image size-large\"><img loading=\"lazy\" decoding=\"async\" width=\"1024\" height=\"562\" src=\"https:\/\/elciudadanodelujan.com.ar\/wp-content\/uploads\/2024\/10\/image-107-1024x562.png\" alt=\"\" class=\"wp-image-7697\" srcset=\"https:\/\/elciudadanodelujan.com.ar\/wp-content\/uploads\/2024\/10\/image-107-1024x562.png 1024w, https:\/\/elciudadanodelujan.com.ar\/wp-content\/uploads\/2024\/10\/image-107-300x165.png 300w, https:\/\/elciudadanodelujan.com.ar\/wp-content\/uploads\/2024\/10\/image-107-768x421.png 768w, https:\/\/elciudadanodelujan.com.ar\/wp-content\/uploads\/2024\/10\/image-107-1536x842.png 1536w, https:\/\/elciudadanodelujan.com.ar\/wp-content\/uploads\/2024\/10\/image-107.png 1920w\" sizes=\"auto, (max-width: 1024px) 100vw, 1024px\" \/><\/figure>\n\n\n\n<p>Se realizaron cuatro talleres dirigidos a la comunidad, de los cuales participaron especialistas, docentes y vecinos.<\/p>\n\n\n\n<p>El primer taller, dado por el Dr. Oscar Trujillo, ofreci\u00f3 una introducci\u00f3n a la historia local, destacando sus caracter\u00edsticas y momentos clave. En el segundo encuentro, el Profesor Nicol\u00e1s Grande analiz\u00f3 el papel de los sectores populares en Luj\u00e1n entre 1880 y 1916, destacando a los actores sociales imprescindibles para entender el pasado de la ciudad.<\/p>\n\n\n\n<p id=\"geom_inter_1730340595623_68_80\">El tercer taller fue presentado por la Dra. Mar\u00eda Elena Barral, quien explor\u00f3 la historia religiosa de Luj\u00e1n a fines del siglo XIX y principios del XX, centr\u00e1ndose en el padre Jorge Mar\u00eda Salvaire y la construcci\u00f3n de la Bas\u00edlica.<\/p>\n\n\n\n<p>En el \u00faltimo encuentro, la Mag\u00edster Anal\u00eda G\u00f3mez abord\u00f3 la historia reciente, examinando las vanguardias culturales de las d\u00e9cadas de 1960 y 1970 y el impacto de la \u00faltima dictadura c\u00edvico-militar en la ciudad.<\/p>\n\n\n\n<p id=\"geom_inter_1730340588637_52_76\">Esta acci\u00f3n se enmarca en la idea de construir \u00abuna historia local y no de localismos\u00bb y busca seguir avanzando en la construcci\u00f3n y reconstrucci\u00f3n de la historia de Luj\u00e1n, como el nombre del encuentro lo indica.<\/p>\n","protected":false},"excerpt":{"rendered":"<p>Durante el mes de octubre, la Junta Municipal de Estudios Hist\u00f3ricos y la Universidad de Luj\u00e1n (UNLu) llevaron a cabo un ciclo de talleres titulado \u00abConstruir y reconstruir la historia&hellip; <\/p>\n","protected":false},"author":2,"featured_media":7697,"comment_status":"closed","ping_status":"closed","sticky":false,"template":"","format":"standard","meta":{"footnotes":""},"categories":[7],"tags":[],"class_list":["post-7696","post","type-post","status-publish","format-standard","has-post-thumbnail","hentry","category-cultura"],"yoast_head":"<!-- This site is optimized with the Yoast SEO plugin v27.3 - https:\/\/yoast.com\/product\/yoast-seo-wordpress\/ -->\n<title>Finaliz\u00f3 el ciclo de talleres: \u201cConstruir y reconstruir la historia de Luj\u00e1n\u201d -<\/title>\n<meta name=\"robots\" content=\"index, follow, max-snippet:-1, max-image-preview:large, max-video-preview:-1\" \/>\n<link rel=\"canonical\" href=\"https:\/\/elciudadanodelujan.com.ar\/?p=7696\" \/>\n<meta property=\"og:locale\" content=\"es_ES\" \/>\n<meta property=\"og:type\" content=\"article\" \/>\n<meta property=\"og:title\" content=\"Finaliz\u00f3 el ciclo de talleres: \u201cConstruir y reconstruir la historia de Luj\u00e1n\u201d -\" \/>\n<meta property=\"og:description\" content=\"Durante el mes de octubre, la Junta Municipal de Estudios Hist\u00f3ricos y la Universidad de Luj\u00e1n (UNLu) llevaron a cabo un ciclo de talleres titulado \u00abConstruir y reconstruir la historia&hellip;\" \/>\n<meta property=\"og:url\" content=\"https:\/\/elciudadanodelujan.com.ar\/?p=7696\" \/>\n<meta property=\"article:publisher\" content=\"https:\/\/www.facebook.com\/elciudadanodelujan\" \/>\n<meta property=\"article:published_time\" content=\"2024-10-31T02:10:46+00:00\" \/>\n<meta property=\"article:modified_time\" content=\"2024-10-31T02:11:00+00:00\" \/>\n<meta property=\"og:image\" content=\"https:\/\/elciudadanodelujan.com.ar\/wp-content\/uploads\/2024\/10\/image-107.png\" \/>\n\t<meta property=\"og:image:width\" content=\"1920\" \/>\n\t<meta property=\"og:image:height\" content=\"1053\" \/>\n\t<meta property=\"og:image:type\" content=\"image\/png\" \/>\n<meta name=\"author\" content=\"Osvaldo Cabral\" \/>\n<meta name=\"twitter:card\" content=\"summary_large_image\" \/>\n<meta name=\"twitter:label1\" content=\"Escrito por\" \/>\n\t<meta name=\"twitter:data1\" content=\"Osvaldo Cabral\" \/>\n\t<meta name=\"twitter:label2\" content=\"Tiempo de lectura\" \/>\n\t<meta name=\"twitter:data2\" content=\"1 minuto\" \/>\n<script type=\"application\/ld+json\" class=\"yoast-schema-graph\">{\"@context\":\"https:\\\/\\\/schema.org\",\"@graph\":[{\"@type\":\"Article\",\"@id\":\"https:\\\/\\\/elciudadanodelujan.com.ar\\\/?p=7696#article\",\"isPartOf\":{\"@id\":\"https:\\\/\\\/elciudadanodelujan.com.ar\\\/?p=7696\"},\"author\":{\"name\":\"Osvaldo Cabral\",\"@id\":\"https:\\\/\\\/elciudadanodelujan.com.ar\\\/#\\\/schema\\\/person\\\/6e4147c312281a224c424b0ca2b1d439\"},\"headline\":\"Finaliz\u00f3 el ciclo de talleres: \u201cConstruir y reconstruir la historia de Luj\u00e1n\u201d\",\"datePublished\":\"2024-10-31T02:10:46+00:00\",\"dateModified\":\"2024-10-31T02:11:00+00:00\",\"mainEntityOfPage\":{\"@id\":\"https:\\\/\\\/elciudadanodelujan.com.ar\\\/?p=7696\"},\"wordCount\":254,\"publisher\":{\"@id\":\"https:\\\/\\\/elciudadanodelujan.com.ar\\\/#organization\"},\"image\":{\"@id\":\"https:\\\/\\\/elciudadanodelujan.com.ar\\\/?p=7696#primaryimage\"},\"thumbnailUrl\":\"https:\\\/\\\/elciudadanodelujan.com.ar\\\/wp-content\\\/uploads\\\/2024\\\/10\\\/image-107.png\",\"articleSection\":[\"CULTURA\"],\"inLanguage\":\"es\"},{\"@type\":\"WebPage\",\"@id\":\"https:\\\/\\\/elciudadanodelujan.com.ar\\\/?p=7696\",\"url\":\"https:\\\/\\\/elciudadanodelujan.com.ar\\\/?p=7696\",\"name\":\"Finaliz\u00f3 el ciclo de talleres: \u201cConstruir y reconstruir la historia de Luj\u00e1n\u201d -\",\"isPartOf\":{\"@id\":\"https:\\\/\\\/elciudadanodelujan.com.ar\\\/#website\"},\"primaryImageOfPage\":{\"@id\":\"https:\\\/\\\/elciudadanodelujan.com.ar\\\/?p=7696#primaryimage\"},\"image\":{\"@id\":\"https:\\\/\\\/elciudadanodelujan.com.ar\\\/?p=7696#primaryimage\"},\"thumbnailUrl\":\"https:\\\/\\\/elciudadanodelujan.com.ar\\\/wp-content\\\/uploads\\\/2024\\\/10\\\/image-107.png\",\"datePublished\":\"2024-10-31T02:10:46+00:00\",\"dateModified\":\"2024-10-31T02:11:00+00:00\",\"breadcrumb\":{\"@id\":\"https:\\\/\\\/elciudadanodelujan.com.ar\\\/?p=7696#breadcrumb\"},\"inLanguage\":\"es\",\"potentialAction\":[{\"@type\":\"ReadAction\",\"target\":[\"https:\\\/\\\/elciudadanodelujan.com.ar\\\/?p=7696\"]}]},{\"@type\":\"ImageObject\",\"inLanguage\":\"es\",\"@id\":\"https:\\\/\\\/elciudadanodelujan.com.ar\\\/?p=7696#primaryimage\",\"url\":\"https:\\\/\\\/elciudadanodelujan.com.ar\\\/wp-content\\\/uploads\\\/2024\\\/10\\\/image-107.png\",\"contentUrl\":\"https:\\\/\\\/elciudadanodelujan.com.ar\\\/wp-content\\\/uploads\\\/2024\\\/10\\\/image-107.png\",\"width\":1920,\"height\":1053},{\"@type\":\"BreadcrumbList\",\"@id\":\"https:\\\/\\\/elciudadanodelujan.com.ar\\\/?p=7696#breadcrumb\",\"itemListElement\":[{\"@type\":\"ListItem\",\"position\":1,\"name\":\"Home\",\"item\":\"https:\\\/\\\/elciudadanodelujan.com.ar\\\/\"},{\"@type\":\"ListItem\",\"position\":2,\"name\":\"Finaliz\u00f3 el ciclo de talleres: \u201cConstruir y reconstruir la historia de Luj\u00e1n\u201d\"}]},{\"@type\":\"WebSite\",\"@id\":\"https:\\\/\\\/elciudadanodelujan.com.ar\\\/#website\",\"url\":\"https:\\\/\\\/elciudadanodelujan.com.ar\\\/\",\"name\":\"https:\\\/\\\/elciudadanodelujan.com.ar\",\"description\":\"Noticias de inter\u00e9s general y periodismo de investigaci\u00f3n\",\"publisher\":{\"@id\":\"https:\\\/\\\/elciudadanodelujan.com.ar\\\/#organization\"},\"potentialAction\":[{\"@type\":\"SearchAction\",\"target\":{\"@type\":\"EntryPoint\",\"urlTemplate\":\"https:\\\/\\\/elciudadanodelujan.com.ar\\\/?s={search_term_string}\"},\"query-input\":{\"@type\":\"PropertyValueSpecification\",\"valueRequired\":true,\"valueName\":\"search_term_string\"}}],\"inLanguage\":\"es\"},{\"@type\":\"Organization\",\"@id\":\"https:\\\/\\\/elciudadanodelujan.com.ar\\\/#organization\",\"name\":\"El Ciudadano de Lujan\",\"url\":\"https:\\\/\\\/elciudadanodelujan.com.ar\\\/\",\"logo\":{\"@type\":\"ImageObject\",\"inLanguage\":\"es\",\"@id\":\"https:\\\/\\\/elciudadanodelujan.com.ar\\\/#\\\/schema\\\/logo\\\/image\\\/\",\"url\":\"https:\\\/\\\/elciudadanodelujan.com.ar\\\/wp-content\\\/uploads\\\/2025\\\/01\\\/logo_El_Ciudadano.jpg\",\"contentUrl\":\"https:\\\/\\\/elciudadanodelujan.com.ar\\\/wp-content\\\/uploads\\\/2025\\\/01\\\/logo_El_Ciudadano.jpg\",\"width\":500,\"height\":123,\"caption\":\"El Ciudadano de Lujan\"},\"image\":{\"@id\":\"https:\\\/\\\/elciudadanodelujan.com.ar\\\/#\\\/schema\\\/logo\\\/image\\\/\"},\"sameAs\":[\"https:\\\/\\\/www.facebook.com\\\/elciudadanodelujan\"]},{\"@type\":\"Person\",\"@id\":\"https:\\\/\\\/elciudadanodelujan.com.ar\\\/#\\\/schema\\\/person\\\/6e4147c312281a224c424b0ca2b1d439\",\"name\":\"Osvaldo Cabral\",\"image\":{\"@type\":\"ImageObject\",\"inLanguage\":\"es\",\"@id\":\"https:\\\/\\\/secure.gravatar.com\\\/avatar\\\/c4c6a8aea430571651e7d6992bdfdff335bbe96580656f78299d10ca9a6c1ae9?s=96&d=mm&r=g\",\"url\":\"https:\\\/\\\/secure.gravatar.com\\\/avatar\\\/c4c6a8aea430571651e7d6992bdfdff335bbe96580656f78299d10ca9a6c1ae9?s=96&d=mm&r=g\",\"contentUrl\":\"https:\\\/\\\/secure.gravatar.com\\\/avatar\\\/c4c6a8aea430571651e7d6992bdfdff335bbe96580656f78299d10ca9a6c1ae9?s=96&d=mm&r=g\",\"caption\":\"Osvaldo Cabral\"},\"url\":\"https:\\\/\\\/elciudadanodelujan.com.ar\\\/?author=2\"}]}<\/script>\n<!-- \/ Yoast SEO plugin. -->","yoast_head_json":{"title":"Finaliz\u00f3 el ciclo de talleres: \u201cConstruir y reconstruir la historia de Luj\u00e1n\u201d -","robots":{"index":"index","follow":"follow","max-snippet":"max-snippet:-1","max-image-preview":"max-image-preview:large","max-video-preview":"max-video-preview:-1"},"canonical":"https:\/\/elciudadanodelujan.com.ar\/?p=7696","og_locale":"es_ES","og_type":"article","og_title":"Finaliz\u00f3 el ciclo de talleres: \u201cConstruir y reconstruir la historia de Luj\u00e1n\u201d -","og_description":"Durante el mes de octubre, la Junta Municipal de Estudios Hist\u00f3ricos y la Universidad de Luj\u00e1n (UNLu) llevaron a cabo un ciclo de talleres titulado \u00abConstruir y reconstruir la historia&hellip;","og_url":"https:\/\/elciudadanodelujan.com.ar\/?p=7696","article_publisher":"https:\/\/www.facebook.com\/elciudadanodelujan","article_published_time":"2024-10-31T02:10:46+00:00","article_modified_time":"2024-10-31T02:11:00+00:00","og_image":[{"width":1920,"height":1053,"url":"https:\/\/elciudadanodelujan.com.ar\/wp-content\/uploads\/2024\/10\/image-107.png","type":"image\/png"}],"author":"Osvaldo Cabral","twitter_card":"summary_large_image","twitter_misc":{"Escrito por":"Osvaldo Cabral","Tiempo de lectura":"1 minuto"},"schema":{"@context":"https:\/\/schema.org","@graph":[{"@type":"Article","@id":"https:\/\/elciudadanodelujan.com.ar\/?p=7696#article","isPartOf":{"@id":"https:\/\/elciudadanodelujan.com.ar\/?p=7696"},"author":{"name":"Osvaldo Cabral","@id":"https:\/\/elciudadanodelujan.com.ar\/#\/schema\/person\/6e4147c312281a224c424b0ca2b1d439"},"headline":"Finaliz\u00f3 el ciclo de talleres: \u201cConstruir y reconstruir la historia de Luj\u00e1n\u201d","datePublished":"2024-10-31T02:10:46+00:00","dateModified":"2024-10-31T02:11:00+00:00","mainEntityOfPage":{"@id":"https:\/\/elciudadanodelujan.com.ar\/?p=7696"},"wordCount":254,"publisher":{"@id":"https:\/\/elciudadanodelujan.com.ar\/#organization"},"image":{"@id":"https:\/\/elciudadanodelujan.com.ar\/?p=7696#primaryimage"},"thumbnailUrl":"https:\/\/elciudadanodelujan.com.ar\/wp-content\/uploads\/2024\/10\/image-107.png","articleSection":["CULTURA"],"inLanguage":"es"},{"@type":"WebPage","@id":"https:\/\/elciudadanodelujan.com.ar\/?p=7696","url":"https:\/\/elciudadanodelujan.com.ar\/?p=7696","name":"Finaliz\u00f3 el ciclo de talleres: \u201cConstruir y reconstruir la historia de Luj\u00e1n\u201d -","isPartOf":{"@id":"https:\/\/elciudadanodelujan.com.ar\/#website"},"primaryImageOfPage":{"@id":"https:\/\/elciudadanodelujan.com.ar\/?p=7696#primaryimage"},"image":{"@id":"https:\/\/elciudadanodelujan.com.ar\/?p=7696#primaryimage"},"thumbnailUrl":"https:\/\/elciudadanodelujan.com.ar\/wp-content\/uploads\/2024\/10\/image-107.png","datePublished":"2024-10-31T02:10:46+00:00","dateModified":"2024-10-31T02:11:00+00:00","breadcrumb":{"@id":"https:\/\/elciudadanodelujan.com.ar\/?p=7696#breadcrumb"},"inLanguage":"es","potentialAction":[{"@type":"ReadAction","target":["https:\/\/elciudadanodelujan.com.ar\/?p=7696"]}]},{"@type":"ImageObject","inLanguage":"es","@id":"https:\/\/elciudadanodelujan.com.ar\/?p=7696#primaryimage","url":"https:\/\/elciudadanodelujan.com.ar\/wp-content\/uploads\/2024\/10\/image-107.png","contentUrl":"https:\/\/elciudadanodelujan.com.ar\/wp-content\/uploads\/2024\/10\/image-107.png","width":1920,"height":1053},{"@type":"BreadcrumbList","@id":"https:\/\/elciudadanodelujan.com.ar\/?p=7696#breadcrumb","itemListElement":[{"@type":"ListItem","position":1,"name":"Home","item":"https:\/\/elciudadanodelujan.com.ar\/"},{"@type":"ListItem","position":2,"name":"Finaliz\u00f3 el ciclo de talleres: \u201cConstruir y reconstruir la historia de Luj\u00e1n\u201d"}]},{"@type":"WebSite","@id":"https:\/\/elciudadanodelujan.com.ar\/#website","url":"https:\/\/elciudadanodelujan.com.ar\/","name":"https:\/\/elciudadanodelujan.com.ar","description":"Noticias de inter\u00e9s general y periodismo de investigaci\u00f3n","publisher":{"@id":"https:\/\/elciudadanodelujan.com.ar\/#organization"},"potentialAction":[{"@type":"SearchAction","target":{"@type":"EntryPoint","urlTemplate":"https:\/\/elciudadanodelujan.com.ar\/?s={search_term_string}"},"query-input":{"@type":"PropertyValueSpecification","valueRequired":true,"valueName":"search_term_string"}}],"inLanguage":"es"},{"@type":"Organization","@id":"https:\/\/elciudadanodelujan.com.ar\/#organization","name":"El Ciudadano de Lujan","url":"https:\/\/elciudadanodelujan.com.ar\/","logo":{"@type":"ImageObject","inLanguage":"es","@id":"https:\/\/elciudadanodelujan.com.ar\/#\/schema\/logo\/image\/","url":"https:\/\/elciudadanodelujan.com.ar\/wp-content\/uploads\/2025\/01\/logo_El_Ciudadano.jpg","contentUrl":"https:\/\/elciudadanodelujan.com.ar\/wp-content\/uploads\/2025\/01\/logo_El_Ciudadano.jpg","width":500,"height":123,"caption":"El Ciudadano de Lujan"},"image":{"@id":"https:\/\/elciudadanodelujan.com.ar\/#\/schema\/logo\/image\/"},"sameAs":["https:\/\/www.facebook.com\/elciudadanodelujan"]},{"@type":"Person","@id":"https:\/\/elciudadanodelujan.com.ar\/#\/schema\/person\/6e4147c312281a224c424b0ca2b1d439","name":"Osvaldo Cabral","image":{"@type":"ImageObject","inLanguage":"es","@id":"https:\/\/secure.gravatar.com\/avatar\/c4c6a8aea430571651e7d6992bdfdff335bbe96580656f78299d10ca9a6c1ae9?s=96&d=mm&r=g","url":"https:\/\/secure.gravatar.com\/avatar\/c4c6a8aea430571651e7d6992bdfdff335bbe96580656f78299d10ca9a6c1ae9?s=96&d=mm&r=g","contentUrl":"https:\/\/secure.gravatar.com\/avatar\/c4c6a8aea430571651e7d6992bdfdff335bbe96580656f78299d10ca9a6c1ae9?s=96&d=mm&r=g","caption":"Osvaldo Cabral"},"url":"https:\/\/elciudadanodelujan.com.ar\/?author=2"}]}},"_links":{"self":[{"href":"https:\/\/elciudadanodelujan.com.ar\/index.php?rest_route=\/wp\/v2\/posts\/7696","targetHints":{"allow":["GET"]}}],"collection":[{"href":"https:\/\/elciudadanodelujan.com.ar\/index.php?rest_route=\/wp\/v2\/posts"}],"about":[{"href":"https:\/\/elciudadanodelujan.com.ar\/index.php?rest_route=\/wp\/v2\/types\/post"}],"author":[{"embeddable":true,"href":"https:\/\/elciudadanodelujan.com.ar\/index.php?rest_route=\/wp\/v2\/users\/2"}],"replies":[{"embeddable":true,"href":"https:\/\/elciudadanodelujan.com.ar\/index.php?rest_route=%2Fwp%2Fv2%2Fcomments&post=7696"}],"version-history":[{"count":1,"href":"https:\/\/elciudadanodelujan.com.ar\/index.php?rest_route=\/wp\/v2\/posts\/7696\/revisions"}],"predecessor-version":[{"id":7698,"href":"https:\/\/elciudadanodelujan.com.ar\/index.php?rest_route=\/wp\/v2\/posts\/7696\/revisions\/7698"}],"wp:featuredmedia":[{"embeddable":true,"href":"https:\/\/elciudadanodelujan.com.ar\/index.php?rest_route=\/wp\/v2\/media\/7697"}],"wp:attachment":[{"href":"https:\/\/elciudadanodelujan.com.ar\/index.php?rest_route=%2Fwp%2Fv2%2Fmedia&parent=7696"}],"wp:term":[{"taxonomy":"category","embeddable":true,"href":"https:\/\/elciudadanodelujan.com.ar\/index.php?rest_route=%2Fwp%2Fv2%2Fcategories&post=7696"},{"taxonomy":"post_tag","embeddable":true,"href":"https:\/\/elciudadanodelujan.com.ar\/index.php?rest_route=%2Fwp%2Fv2%2Ftags&post=7696"}],"curies":[{"name":"wp","href":"https:\/\/api.w.org\/{rel}","templated":true}]}}