{"id":7677,"date":"2024-10-29T18:41:16","date_gmt":"2024-10-29T21:41:16","guid":{"rendered":"https:\/\/elciudadanodelujan.com.ar\/?p=7677"},"modified":"2024-10-29T18:41:58","modified_gmt":"2024-10-29T21:41:58","slug":"cronograma-de-postas-de-salud-del-mes-de-noviembre","status":"publish","type":"post","link":"https:\/\/elciudadanodelujan.com.ar\/?p=7677","title":{"rendered":"Cronograma de postas de salud del mes de noviembre"},"content":{"rendered":"\n<p><strong>El Municipio de Luj\u00e1n informa a la comunidad el cronograma de Postas de Salud correspondiente al mes de noviembre, con el objetivo de promover la vacunaci\u00f3n y prevenir enfermedades.<\/strong><\/p>\n\n\n\n<figure class=\"wp-block-image size-full\"><img loading=\"lazy\" decoding=\"async\" width=\"854\" height=\"477\" src=\"https:\/\/elciudadanodelujan.com.ar\/wp-content\/uploads\/2024\/10\/Cronograma-de-postas-de-salud-del-mes-de-noviembre.jpg\" alt=\"\" class=\"wp-image-7678\" srcset=\"https:\/\/elciudadanodelujan.com.ar\/wp-content\/uploads\/2024\/10\/Cronograma-de-postas-de-salud-del-mes-de-noviembre.jpg 854w, https:\/\/elciudadanodelujan.com.ar\/wp-content\/uploads\/2024\/10\/Cronograma-de-postas-de-salud-del-mes-de-noviembre-300x168.jpg 300w, https:\/\/elciudadanodelujan.com.ar\/wp-content\/uploads\/2024\/10\/Cronograma-de-postas-de-salud-del-mes-de-noviembre-768x429.jpg 768w\" sizes=\"auto, (max-width: 854px) 100vw, 854px\" \/><\/figure>\n\n\n\n<p>Instaladas en el espacio p\u00fablico, las postas funcionan de manera alternada en el centro de la ciudad de Luj\u00e1n y las localidades del distrito, con el siguiente orden:&nbsp;<\/p>\n\n\n\n<p>Martes 5: Barrio El Ceibo en Sociedad de Fomento, Larrea 265 y Rodolfo Moreno.<\/p>\n\n\n\n<p>Mi\u00e9rcoles 6: Parque San Mart\u00edn, jornada de salud integral.<\/p>\n\n\n\n<p>Martes 12: Carlos Keen, en Gral Paz y Sarmiento.&nbsp;<\/p>\n\n\n\n<p>Mi\u00e9rcoles 13: Plaza Col\u00f3n.<\/p>\n\n\n\n<p>Martes 19: barrio&nbsp;Luchetti, Centro comunitario, calle Santa Cruz y Pedro Goyena.&nbsp;<\/p>\n\n\n\n<p>Mi\u00e9rcoles 20: Plaza Col\u00f3n.<\/p>\n\n\n\n<p>S\u00e1bado 23: barrio La blanqueada, calle 120 y 139 (entrada al barrio)<\/p>\n\n\n\n<p>Mi\u00e9rcoles 27: plaza Col\u00f3n.&nbsp;<\/p>\n\n\n\n<p>S\u00e1bado 30: Parque San Mart\u00edn.<\/p>\n\n\n\n<p>Entre las 9.00 y las 12 horas, las y los vecinos podr\u00e1n realizarse controles de prevenci\u00f3n de Dengue, de presi\u00f3n arterial y de Diabetes, y recibir la vacuna contra el COVID-19 y otras vacunas del calendario.<\/p>\n\n\n\n<p>La iniciativa es coordinada por la Secretar\u00eda de Salud del Municipio de Luj\u00e1n.&nbsp;<\/p>\n","protected":false},"excerpt":{"rendered":"<p>El Municipio de Luj\u00e1n informa a la comunidad el cronograma de Postas de Salud correspondiente al mes de noviembre, con el objetivo de promover la vacunaci\u00f3n y prevenir enfermedades. Instaladas&hellip; <\/p>\n","protected":false},"author":2,"featured_media":7678,"comment_status":"closed","ping_status":"closed","sticky":false,"template":"","format":"standard","meta":{"footnotes":""},"categories":[5],"tags":[],"class_list":["post-7677","post","type-post","status-publish","format-standard","has-post-thumbnail","hentry","category-salud"],"yoast_head":"<!-- This site is optimized with the Yoast SEO plugin v27.3 - https:\/\/yoast.com\/product\/yoast-seo-wordpress\/ -->\n<title>Cronograma de postas de salud del mes de noviembre -<\/title>\n<meta name=\"robots\" content=\"index, follow, max-snippet:-1, max-image-preview:large, max-video-preview:-1\" \/>\n<link rel=\"canonical\" href=\"https:\/\/elciudadanodelujan.com.ar\/?p=7677\" \/>\n<meta property=\"og:locale\" content=\"es_ES\" \/>\n<meta property=\"og:type\" content=\"article\" \/>\n<meta property=\"og:title\" content=\"Cronograma de postas de salud del mes de noviembre -\" \/>\n<meta property=\"og:description\" content=\"El Municipio de Luj\u00e1n informa a la comunidad el cronograma de Postas de Salud correspondiente al mes de noviembre, con el objetivo de promover la vacunaci\u00f3n y prevenir enfermedades. Instaladas&hellip;\" \/>\n<meta property=\"og:url\" content=\"https:\/\/elciudadanodelujan.com.ar\/?p=7677\" \/>\n<meta property=\"article:publisher\" content=\"https:\/\/www.facebook.com\/elciudadanodelujan\" \/>\n<meta property=\"article:published_time\" content=\"2024-10-29T21:41:16+00:00\" \/>\n<meta property=\"article:modified_time\" content=\"2024-10-29T21:41:58+00:00\" \/>\n<meta property=\"og:image\" content=\"https:\/\/elciudadanodelujan.com.ar\/wp-content\/uploads\/2024\/10\/Cronograma-de-postas-de-salud-del-mes-de-noviembre.jpg\" \/>\n\t<meta property=\"og:image:width\" content=\"854\" \/>\n\t<meta property=\"og:image:height\" content=\"477\" \/>\n\t<meta property=\"og:image:type\" content=\"image\/jpeg\" \/>\n<meta name=\"author\" content=\"Osvaldo Cabral\" \/>\n<meta name=\"twitter:card\" content=\"summary_large_image\" \/>\n<meta name=\"twitter:label1\" content=\"Escrito por\" \/>\n\t<meta name=\"twitter:data1\" content=\"Osvaldo Cabral\" \/>\n\t<meta name=\"twitter:label2\" content=\"Tiempo de lectura\" \/>\n\t<meta name=\"twitter:data2\" content=\"1 minuto\" \/>\n<script type=\"application\/ld+json\" class=\"yoast-schema-graph\">{\"@context\":\"https:\\\/\\\/schema.org\",\"@graph\":[{\"@type\":\"Article\",\"@id\":\"https:\\\/\\\/elciudadanodelujan.com.ar\\\/?p=7677#article\",\"isPartOf\":{\"@id\":\"https:\\\/\\\/elciudadanodelujan.com.ar\\\/?p=7677\"},\"author\":{\"name\":\"Osvaldo Cabral\",\"@id\":\"https:\\\/\\\/elciudadanodelujan.com.ar\\\/#\\\/schema\\\/person\\\/6e4147c312281a224c424b0ca2b1d439\"},\"headline\":\"Cronograma de postas de salud del mes de noviembre\",\"datePublished\":\"2024-10-29T21:41:16+00:00\",\"dateModified\":\"2024-10-29T21:41:58+00:00\",\"mainEntityOfPage\":{\"@id\":\"https:\\\/\\\/elciudadanodelujan.com.ar\\\/?p=7677\"},\"wordCount\":200,\"publisher\":{\"@id\":\"https:\\\/\\\/elciudadanodelujan.com.ar\\\/#organization\"},\"image\":{\"@id\":\"https:\\\/\\\/elciudadanodelujan.com.ar\\\/?p=7677#primaryimage\"},\"thumbnailUrl\":\"https:\\\/\\\/elciudadanodelujan.com.ar\\\/wp-content\\\/uploads\\\/2024\\\/10\\\/Cronograma-de-postas-de-salud-del-mes-de-noviembre.jpg\",\"articleSection\":[\"SALUD\"],\"inLanguage\":\"es\"},{\"@type\":\"WebPage\",\"@id\":\"https:\\\/\\\/elciudadanodelujan.com.ar\\\/?p=7677\",\"url\":\"https:\\\/\\\/elciudadanodelujan.com.ar\\\/?p=7677\",\"name\":\"Cronograma de postas de salud del mes de noviembre -\",\"isPartOf\":{\"@id\":\"https:\\\/\\\/elciudadanodelujan.com.ar\\\/#website\"},\"primaryImageOfPage\":{\"@id\":\"https:\\\/\\\/elciudadanodelujan.com.ar\\\/?p=7677#primaryimage\"},\"image\":{\"@id\":\"https:\\\/\\\/elciudadanodelujan.com.ar\\\/?p=7677#primaryimage\"},\"thumbnailUrl\":\"https:\\\/\\\/elciudadanodelujan.com.ar\\\/wp-content\\\/uploads\\\/2024\\\/10\\\/Cronograma-de-postas-de-salud-del-mes-de-noviembre.jpg\",\"datePublished\":\"2024-10-29T21:41:16+00:00\",\"dateModified\":\"2024-10-29T21:41:58+00:00\",\"breadcrumb\":{\"@id\":\"https:\\\/\\\/elciudadanodelujan.com.ar\\\/?p=7677#breadcrumb\"},\"inLanguage\":\"es\",\"potentialAction\":[{\"@type\":\"ReadAction\",\"target\":[\"https:\\\/\\\/elciudadanodelujan.com.ar\\\/?p=7677\"]}]},{\"@type\":\"ImageObject\",\"inLanguage\":\"es\",\"@id\":\"https:\\\/\\\/elciudadanodelujan.com.ar\\\/?p=7677#primaryimage\",\"url\":\"https:\\\/\\\/elciudadanodelujan.com.ar\\\/wp-content\\\/uploads\\\/2024\\\/10\\\/Cronograma-de-postas-de-salud-del-mes-de-noviembre.jpg\",\"contentUrl\":\"https:\\\/\\\/elciudadanodelujan.com.ar\\\/wp-content\\\/uploads\\\/2024\\\/10\\\/Cronograma-de-postas-de-salud-del-mes-de-noviembre.jpg\",\"width\":854,\"height\":477},{\"@type\":\"BreadcrumbList\",\"@id\":\"https:\\\/\\\/elciudadanodelujan.com.ar\\\/?p=7677#breadcrumb\",\"itemListElement\":[{\"@type\":\"ListItem\",\"position\":1,\"name\":\"Home\",\"item\":\"https:\\\/\\\/elciudadanodelujan.com.ar\\\/\"},{\"@type\":\"ListItem\",\"position\":2,\"name\":\"Cronograma de postas de salud del mes de noviembre\"}]},{\"@type\":\"WebSite\",\"@id\":\"https:\\\/\\\/elciudadanodelujan.com.ar\\\/#website\",\"url\":\"https:\\\/\\\/elciudadanodelujan.com.ar\\\/\",\"name\":\"https:\\\/\\\/elciudadanodelujan.com.ar\",\"description\":\"Noticias de inter\u00e9s general y periodismo de investigaci\u00f3n\",\"publisher\":{\"@id\":\"https:\\\/\\\/elciudadanodelujan.com.ar\\\/#organization\"},\"potentialAction\":[{\"@type\":\"SearchAction\",\"target\":{\"@type\":\"EntryPoint\",\"urlTemplate\":\"https:\\\/\\\/elciudadanodelujan.com.ar\\\/?s={search_term_string}\"},\"query-input\":{\"@type\":\"PropertyValueSpecification\",\"valueRequired\":true,\"valueName\":\"search_term_string\"}}],\"inLanguage\":\"es\"},{\"@type\":\"Organization\",\"@id\":\"https:\\\/\\\/elciudadanodelujan.com.ar\\\/#organization\",\"name\":\"El Ciudadano de Lujan\",\"url\":\"https:\\\/\\\/elciudadanodelujan.com.ar\\\/\",\"logo\":{\"@type\":\"ImageObject\",\"inLanguage\":\"es\",\"@id\":\"https:\\\/\\\/elciudadanodelujan.com.ar\\\/#\\\/schema\\\/logo\\\/image\\\/\",\"url\":\"https:\\\/\\\/elciudadanodelujan.com.ar\\\/wp-content\\\/uploads\\\/2025\\\/01\\\/logo_El_Ciudadano.jpg\",\"contentUrl\":\"https:\\\/\\\/elciudadanodelujan.com.ar\\\/wp-content\\\/uploads\\\/2025\\\/01\\\/logo_El_Ciudadano.jpg\",\"width\":500,\"height\":123,\"caption\":\"El Ciudadano de Lujan\"},\"image\":{\"@id\":\"https:\\\/\\\/elciudadanodelujan.com.ar\\\/#\\\/schema\\\/logo\\\/image\\\/\"},\"sameAs\":[\"https:\\\/\\\/www.facebook.com\\\/elciudadanodelujan\"]},{\"@type\":\"Person\",\"@id\":\"https:\\\/\\\/elciudadanodelujan.com.ar\\\/#\\\/schema\\\/person\\\/6e4147c312281a224c424b0ca2b1d439\",\"name\":\"Osvaldo Cabral\",\"image\":{\"@type\":\"ImageObject\",\"inLanguage\":\"es\",\"@id\":\"https:\\\/\\\/secure.gravatar.com\\\/avatar\\\/c4c6a8aea430571651e7d6992bdfdff335bbe96580656f78299d10ca9a6c1ae9?s=96&d=mm&r=g\",\"url\":\"https:\\\/\\\/secure.gravatar.com\\\/avatar\\\/c4c6a8aea430571651e7d6992bdfdff335bbe96580656f78299d10ca9a6c1ae9?s=96&d=mm&r=g\",\"contentUrl\":\"https:\\\/\\\/secure.gravatar.com\\\/avatar\\\/c4c6a8aea430571651e7d6992bdfdff335bbe96580656f78299d10ca9a6c1ae9?s=96&d=mm&r=g\",\"caption\":\"Osvaldo Cabral\"},\"url\":\"https:\\\/\\\/elciudadanodelujan.com.ar\\\/?author=2\"}]}<\/script>\n<!-- \/ Yoast SEO plugin. -->","yoast_head_json":{"title":"Cronograma de postas de salud del mes de noviembre -","robots":{"index":"index","follow":"follow","max-snippet":"max-snippet:-1","max-image-preview":"max-image-preview:large","max-video-preview":"max-video-preview:-1"},"canonical":"https:\/\/elciudadanodelujan.com.ar\/?p=7677","og_locale":"es_ES","og_type":"article","og_title":"Cronograma de postas de salud del mes de noviembre -","og_description":"El Municipio de Luj\u00e1n informa a la comunidad el cronograma de Postas de Salud correspondiente al mes de noviembre, con el objetivo de promover la vacunaci\u00f3n y prevenir enfermedades. Instaladas&hellip;","og_url":"https:\/\/elciudadanodelujan.com.ar\/?p=7677","article_publisher":"https:\/\/www.facebook.com\/elciudadanodelujan","article_published_time":"2024-10-29T21:41:16+00:00","article_modified_time":"2024-10-29T21:41:58+00:00","og_image":[{"width":854,"height":477,"url":"https:\/\/elciudadanodelujan.com.ar\/wp-content\/uploads\/2024\/10\/Cronograma-de-postas-de-salud-del-mes-de-noviembre.jpg","type":"image\/jpeg"}],"author":"Osvaldo Cabral","twitter_card":"summary_large_image","twitter_misc":{"Escrito por":"Osvaldo Cabral","Tiempo de lectura":"1 minuto"},"schema":{"@context":"https:\/\/schema.org","@graph":[{"@type":"Article","@id":"https:\/\/elciudadanodelujan.com.ar\/?p=7677#article","isPartOf":{"@id":"https:\/\/elciudadanodelujan.com.ar\/?p=7677"},"author":{"name":"Osvaldo Cabral","@id":"https:\/\/elciudadanodelujan.com.ar\/#\/schema\/person\/6e4147c312281a224c424b0ca2b1d439"},"headline":"Cronograma de postas de salud del mes de noviembre","datePublished":"2024-10-29T21:41:16+00:00","dateModified":"2024-10-29T21:41:58+00:00","mainEntityOfPage":{"@id":"https:\/\/elciudadanodelujan.com.ar\/?p=7677"},"wordCount":200,"publisher":{"@id":"https:\/\/elciudadanodelujan.com.ar\/#organization"},"image":{"@id":"https:\/\/elciudadanodelujan.com.ar\/?p=7677#primaryimage"},"thumbnailUrl":"https:\/\/elciudadanodelujan.com.ar\/wp-content\/uploads\/2024\/10\/Cronograma-de-postas-de-salud-del-mes-de-noviembre.jpg","articleSection":["SALUD"],"inLanguage":"es"},{"@type":"WebPage","@id":"https:\/\/elciudadanodelujan.com.ar\/?p=7677","url":"https:\/\/elciudadanodelujan.com.ar\/?p=7677","name":"Cronograma de postas de salud del mes de noviembre -","isPartOf":{"@id":"https:\/\/elciudadanodelujan.com.ar\/#website"},"primaryImageOfPage":{"@id":"https:\/\/elciudadanodelujan.com.ar\/?p=7677#primaryimage"},"image":{"@id":"https:\/\/elciudadanodelujan.com.ar\/?p=7677#primaryimage"},"thumbnailUrl":"https:\/\/elciudadanodelujan.com.ar\/wp-content\/uploads\/2024\/10\/Cronograma-de-postas-de-salud-del-mes-de-noviembre.jpg","datePublished":"2024-10-29T21:41:16+00:00","dateModified":"2024-10-29T21:41:58+00:00","breadcrumb":{"@id":"https:\/\/elciudadanodelujan.com.ar\/?p=7677#breadcrumb"},"inLanguage":"es","potentialAction":[{"@type":"ReadAction","target":["https:\/\/elciudadanodelujan.com.ar\/?p=7677"]}]},{"@type":"ImageObject","inLanguage":"es","@id":"https:\/\/elciudadanodelujan.com.ar\/?p=7677#primaryimage","url":"https:\/\/elciudadanodelujan.com.ar\/wp-content\/uploads\/2024\/10\/Cronograma-de-postas-de-salud-del-mes-de-noviembre.jpg","contentUrl":"https:\/\/elciudadanodelujan.com.ar\/wp-content\/uploads\/2024\/10\/Cronograma-de-postas-de-salud-del-mes-de-noviembre.jpg","width":854,"height":477},{"@type":"BreadcrumbList","@id":"https:\/\/elciudadanodelujan.com.ar\/?p=7677#breadcrumb","itemListElement":[{"@type":"ListItem","position":1,"name":"Home","item":"https:\/\/elciudadanodelujan.com.ar\/"},{"@type":"ListItem","position":2,"name":"Cronograma de postas de salud del mes de noviembre"}]},{"@type":"WebSite","@id":"https:\/\/elciudadanodelujan.com.ar\/#website","url":"https:\/\/elciudadanodelujan.com.ar\/","name":"https:\/\/elciudadanodelujan.com.ar","description":"Noticias de inter\u00e9s general y periodismo de investigaci\u00f3n","publisher":{"@id":"https:\/\/elciudadanodelujan.com.ar\/#organization"},"potentialAction":[{"@type":"SearchAction","target":{"@type":"EntryPoint","urlTemplate":"https:\/\/elciudadanodelujan.com.ar\/?s={search_term_string}"},"query-input":{"@type":"PropertyValueSpecification","valueRequired":true,"valueName":"search_term_string"}}],"inLanguage":"es"},{"@type":"Organization","@id":"https:\/\/elciudadanodelujan.com.ar\/#organization","name":"El Ciudadano de Lujan","url":"https:\/\/elciudadanodelujan.com.ar\/","logo":{"@type":"ImageObject","inLanguage":"es","@id":"https:\/\/elciudadanodelujan.com.ar\/#\/schema\/logo\/image\/","url":"https:\/\/elciudadanodelujan.com.ar\/wp-content\/uploads\/2025\/01\/logo_El_Ciudadano.jpg","contentUrl":"https:\/\/elciudadanodelujan.com.ar\/wp-content\/uploads\/2025\/01\/logo_El_Ciudadano.jpg","width":500,"height":123,"caption":"El Ciudadano de Lujan"},"image":{"@id":"https:\/\/elciudadanodelujan.com.ar\/#\/schema\/logo\/image\/"},"sameAs":["https:\/\/www.facebook.com\/elciudadanodelujan"]},{"@type":"Person","@id":"https:\/\/elciudadanodelujan.com.ar\/#\/schema\/person\/6e4147c312281a224c424b0ca2b1d439","name":"Osvaldo Cabral","image":{"@type":"ImageObject","inLanguage":"es","@id":"https:\/\/secure.gravatar.com\/avatar\/c4c6a8aea430571651e7d6992bdfdff335bbe96580656f78299d10ca9a6c1ae9?s=96&d=mm&r=g","url":"https:\/\/secure.gravatar.com\/avatar\/c4c6a8aea430571651e7d6992bdfdff335bbe96580656f78299d10ca9a6c1ae9?s=96&d=mm&r=g","contentUrl":"https:\/\/secure.gravatar.com\/avatar\/c4c6a8aea430571651e7d6992bdfdff335bbe96580656f78299d10ca9a6c1ae9?s=96&d=mm&r=g","caption":"Osvaldo Cabral"},"url":"https:\/\/elciudadanodelujan.com.ar\/?author=2"}]}},"_links":{"self":[{"href":"https:\/\/elciudadanodelujan.com.ar\/index.php?rest_route=\/wp\/v2\/posts\/7677","targetHints":{"allow":["GET"]}}],"collection":[{"href":"https:\/\/elciudadanodelujan.com.ar\/index.php?rest_route=\/wp\/v2\/posts"}],"about":[{"href":"https:\/\/elciudadanodelujan.com.ar\/index.php?rest_route=\/wp\/v2\/types\/post"}],"author":[{"embeddable":true,"href":"https:\/\/elciudadanodelujan.com.ar\/index.php?rest_route=\/wp\/v2\/users\/2"}],"replies":[{"embeddable":true,"href":"https:\/\/elciudadanodelujan.com.ar\/index.php?rest_route=%2Fwp%2Fv2%2Fcomments&post=7677"}],"version-history":[{"count":1,"href":"https:\/\/elciudadanodelujan.com.ar\/index.php?rest_route=\/wp\/v2\/posts\/7677\/revisions"}],"predecessor-version":[{"id":7679,"href":"https:\/\/elciudadanodelujan.com.ar\/index.php?rest_route=\/wp\/v2\/posts\/7677\/revisions\/7679"}],"wp:featuredmedia":[{"embeddable":true,"href":"https:\/\/elciudadanodelujan.com.ar\/index.php?rest_route=\/wp\/v2\/media\/7678"}],"wp:attachment":[{"href":"https:\/\/elciudadanodelujan.com.ar\/index.php?rest_route=%2Fwp%2Fv2%2Fmedia&parent=7677"}],"wp:term":[{"taxonomy":"category","embeddable":true,"href":"https:\/\/elciudadanodelujan.com.ar\/index.php?rest_route=%2Fwp%2Fv2%2Fcategories&post=7677"},{"taxonomy":"post_tag","embeddable":true,"href":"https:\/\/elciudadanodelujan.com.ar\/index.php?rest_route=%2Fwp%2Fv2%2Ftags&post=7677"}],"curies":[{"name":"wp","href":"https:\/\/api.w.org\/{rel}","templated":true}]}}