{"id":7674,"date":"2024-10-25T22:04:42","date_gmt":"2024-10-26T01:04:42","guid":{"rendered":"https:\/\/elciudadanodelujan.com.ar\/?p=7674"},"modified":"2024-10-25T22:05:32","modified_gmt":"2024-10-26T01:05:32","slug":"agenda-de-actividades-para-el-fin-de-semana-47","status":"publish","type":"post","link":"https:\/\/elciudadanodelujan.com.ar\/?p=7674","title":{"rendered":"Agenda de actividades para el fin de semana"},"content":{"rendered":"\n<p><strong>Se invita a la comunidad a participar de una serie de actividades art\u00edsticas y culturales, libres y gratuitas, que se llevar\u00e1n a cabo en diferentes puntos del partido durante el fin de semana.<\/strong><\/p>\n\n\n\n<figure class=\"wp-block-image size-large\"><img loading=\"lazy\" decoding=\"async\" width=\"1024\" height=\"682\" src=\"https:\/\/elciudadanodelujan.com.ar\/wp-content\/uploads\/2024\/10\/image-103-1024x682.png\" alt=\"\" class=\"wp-image-7675\" srcset=\"https:\/\/elciudadanodelujan.com.ar\/wp-content\/uploads\/2024\/10\/image-103-1024x682.png 1024w, https:\/\/elciudadanodelujan.com.ar\/wp-content\/uploads\/2024\/10\/image-103-300x200.png 300w, https:\/\/elciudadanodelujan.com.ar\/wp-content\/uploads\/2024\/10\/image-103-768x512.png 768w, https:\/\/elciudadanodelujan.com.ar\/wp-content\/uploads\/2024\/10\/image-103-1536x1023.png 1536w, https:\/\/elciudadanodelujan.com.ar\/wp-content\/uploads\/2024\/10\/image-103.png 1600w\" sizes=\"auto, (max-width: 1024px) 100vw, 1024px\" \/><\/figure>\n\n\n\n<p><strong>Actividades libres y gratuitas<\/strong><\/p>\n\n\n\n<p><strong>2do Festival Latinomearicano por la Soberan\u00eda Menstrual<\/strong><\/p>\n\n\n\n<p>El s\u00e1bado 26, de 10 a 18 horas, en el Complejo Museogr\u00e1fico \u201cEnrique Udaondo\u201d (Lezica y Torrezuri 917) se realizar\u00e1 el 2do Festival Latinoamericano por la Soberan\u00eda Menstrual. Habr\u00e1 m\u00fasica en vivo, arte, talleres, feria de emprendedores y foods trucks.&nbsp;<\/p>\n\n\n\n<p><strong>J\u00e1uregui Festeja<\/strong><\/p>\n\n\n\n<p>El s\u00e1bado 26 y domingo 27, desde las 12 horas, en el predio ferroviario de J\u00e1uregui, tendr\u00e1 lugar el 140\u00b0 aniversario de la localidad. Habr\u00e1 m\u00fasica en vivo, juegos infantiles, exposici\u00f3n de autos y motos cl\u00e1sicos, gastronom\u00eda tradicional, feria de emprendedores con m\u00e1s de 180 puestos de productos locales y regionales, patio&nbsp; cervecero, patio dulce y Food Trucks.&nbsp;<\/p>\n\n\n\n<p>En este sentido, el s\u00e1bado 26, &nbsp; tocar\u00e1n las bandas&nbsp; Rerum Novarum, \u00d1aupa, Type Beat Crew, Guache! Vibra subtropical, Sin Bozal, Genjibaros, La Bonsai Orquesta, Todos contra Jaime, y Fiesta DJ.<\/p>\n\n\n\n<p>El domingo 27, por su parte, actuar\u00e1n Natalia Sanchez, Trio El taburete, Lenguas Suburbanas, Los Menos Mal,&nbsp; \u00c9 lo que hay, The Perez Garc\u00eda y Doctora Queen.<\/p>\n\n\n\n<p>En ambas oportunidades se ubicar\u00e1n diferentes cantinas con oferta de parrilla, comida r\u00e1pida y bebidas, as\u00ed como tambi\u00e9n un patio dulce y un patio cervecero.<\/p>\n\n\n\n<p><strong>Recorrido con Historia R\u00edo Luj\u00e1n<\/strong><\/p>\n\n\n\n<p>El s\u00e1bado 26, a las 17 horas, se realizar\u00e1 una nueva jornada de Recorrido con Historia \u201cDe Humberto a la Estaci\u00f3n\u201d, d\u00f3nde se podr\u00e1 visualizar la inmigraci\u00f3n y el desarrollo en el paisaje urbano de Luj\u00e1n. La salida ser\u00e1 desde la Escuela Normal (av. Espa\u00f1a y Humberto).&nbsp;<\/p>\n\n\n\n<p>La actividad se suspende en caso de lluvias.&nbsp;<\/p>\n\n\n\n<p>Para participar y obtener otros beneficios exclusivos, deber\u00e1n registrarse en la web&nbsp;<a rel=\"noreferrer noopener\" target=\"_blank\" href=\"http:\/\/www.descubrilujan.com\/\">www.descubrilujan.com<\/a>.&nbsp;<\/p>\n\n\n\n<p><strong>Festival de Danzas de Luj\u00e1n<\/strong><\/p>\n\n\n\n<p>El s\u00e1bado 26 y domingo 27, desde las 18 horas, en el Gimnasio de la Escuela Normal Superior \u201cFlorentino Ameghino\u201d se llevar\u00e1 a cabo un nuevo Festival de Danzas.&nbsp;Ambas fechas ser\u00e1n acompa\u00f1adas por Foods Trucks.&nbsp;<\/p>\n\n\n\n<p>Se presentar\u00e1n Ballet Yamal, Ballet Hermanos Vera, Grupo de Danzas Horizontes Argentinos, Cia Nova Mistura, Estudi\u00f3 Dinamis, Agrupaci\u00f3n Tintaya, ENTRE-TELONES \u00abSALA DE BAILES\u00bb, DAM 18 bailarinas, Studio Chantal Aiello, Taller Municipal de Contempor\u00e1neo, Pasi\u00f3n Flamenco, Grupo de Danzas Pasi\u00f3n Folklore, Ballet Municipal Mabel Lujan, Agrupaci\u00f3n Cultural Luj\u00e1n, Elenco de Tango, C\u00edrculo Criollo, Alma de Tradici\u00f3n y Flow 40.<\/p>\n\n\n\n<p><strong>Muestra \u201cRetrospectiva 1979-2024\u201d<\/strong><\/p>\n\n\n\n<p>El domingo 27, en el Museo Municipal de Bellas Artes Fern\u00e1n F\u00e9lix de Amador (9 de Julio 863)&nbsp; ser\u00e1 el \u00faltimo d\u00eda que se podr\u00e1 visitar la exhibici\u00f3n \u201cRetrospectiva 1979-2024\u201d que re\u00fane obras del destacado artista local Jorge Hueso Ricciardulli, abarcando m\u00e1s de cuatro d\u00e9cadas de su trayectoria. La misma incluir\u00e1 adem\u00e1s m\u00fasica en vivo a cargo del \u00abD\u00fao Presto\u00bb.<\/p>\n\n\n\n<p>La exposici\u00f3n, libre y gratuita, podr\u00e1 visitarse los d\u00edas viernes de 9 a 15 horas y s\u00e1bados y domingos de 10 a 17 horas, en 9 de Julio 863.<\/p>\n\n\n\n<p><strong>4\u00b0 Encuentro de voces iguales en el Complejo Udaondo<\/strong><\/p>\n\n\n\n<p>El domingo 27, a las 17 horas, en el Complejo Museogr\u00e1fico \u201cEnrique Udaondo\u201d (Lezica y Torrezuri 917) se realizar\u00e1 el 4to Encuentro de voces iguales. Luj\u00e1n recibir\u00e1 al Coro \u201cBardot Grupo Vocal\u201d a cargo de Fabi\u00e1n Pipolo en el Sal\u00f3n Cultural.&nbsp;<\/p>\n\n\n\n<p><strong>Peatonal Gastron\u00f3mica<\/strong><\/p>\n\n\n\n<p>El domingo 27, a las 18 horas, en el centro de la ciudad tendr\u00e1 lugar una nueva Peatonal Gastron\u00f3mica.&nbsp;<\/p>\n\n\n\n<p>Habr\u00e1 m\u00e1s de 15 shows musicales en vivo en escenarios simult\u00e1neos, adem\u00e1s de artistas urbanos, feria de emprendedores, kermesse y sorpresas para los m\u00e1s chicos. Tambi\u00e9n se realizar\u00e1 la Calle de las Artes en Mitre entre Alsina y Mariano Moreno, donde habr\u00e1 pintura en vivo y otros expondr\u00e1n sus obras, adem\u00e1s del espacio Arte Kids.&nbsp;<\/p>\n\n\n\n<p>Adem\u00e1s en esta ocasi\u00f3n se volver\u00e1 a repetir la feria Expo Anim\u00e9 y, tambi\u00e9n en Mitre entre Alsina y Humberto, estar\u00e1 la Expo Feria dulce con sus expositores locales.&nbsp;<\/p>\n\n\n\n<p>En tanto, estar\u00e1n presentes Luciana Santos &amp; Martin Do\u00f1agueda, Rodrigo Almar &amp; Agusp\u00e9h, Astrum, Juan Cavalli &amp; amigos, Seba Bert\u00edn &amp; \u00c1ngel Colacili, Mago Schefer, Fede Melo DJ vinyl set, Pablo Sax y Macedonian Blues.&nbsp;<\/p>\n\n\n\n<p><strong>Actividades Aranceladas<\/strong><\/p>\n\n\n\n<p><strong>Cartelera del Teatro Municipal \u201cTrinidad Guevara\u201d<\/strong><\/p>\n\n\n\n<p>El jueves 24, a las 20.30 horas, la escuela de danza de Celeste Brunello presenta en la sala oficial del Teatro Municipal By Step diferentes estilos de bailes, mucha m\u00fasica y buen ritmo. La entrada tiene un valor de 4000 pesos.&nbsp;<\/p>\n\n\n\n<p>El viernes 25, a las 21 horas, el emblem\u00e1tico grupo de los a\u00f1os 70 , quien se lanz\u00f3 a la fama con temas como \u201cLa Tarde que te am\u00e9\u201d, \u201cUn d\u00eda de paseo en Santa Fe\u201d,\u201d La Luna y el Toro\u201d, \u201cGuatemala que chica tan mala\u201d, entre otros, vuelve con su show \u201cIndustria nacional\u201d a la ciudad de Luj\u00e1n. La entrada tiene un costo de 12000 pesos.<\/p>\n\n\n\n<p>El s\u00e1bado 26, a las 21 horas, Mart\u00edn Pugliese presentar\u00e1 su show de stand up \u201cVienen con alegr\u00eda\u201d donde recorrer\u00e1 el trayecto que atravesaron los Festejos de Cumplea\u00f1os, El Perro y los Temas Mel\u00f3dicos de los \u201890s. La entrada costar\u00e1 15000 pesos.<\/p>\n\n\n\n<p>El domingo 27, a las 20.30 horas, un Viaje Musical a trav\u00e9s de diferentes g\u00e9neros, se llevar\u00e1 a cabo una presentaci\u00f3n del Estudio de canto dirigido por la profesora Mabel Garrido reconocida por su amplia trayectoria de 35 a\u00f1os en la formaci\u00f3n vocal.<\/p>\n\n\n\n<p>Para cada uno de ellos, las entradas pueden adquirirse de manera virtual en&nbsp;<a rel=\"noreferrer noopener\" target=\"_blank\" href=\"https:\/\/trinidadguevara.boleteriadigital.com.ar\/\">https:\/\/trinidadguevara.boleteriadigital.com.ar\/<\/a>&nbsp;o de forma presencial en la boleter\u00eda del teatro, ubicada en Rivadavia 1096, de lunes a viernes de 13 a 20 y los s\u00e1bados de 14 a 20 horas.<\/p>\n\n\n\n<p><strong>Recitales en Bulzack Jazz Caf\u00e9<\/strong><\/p>\n\n\n\n<p>El jueves 24, a las 21 horas, estar\u00e1 Diego Frenkel, m\u00fasico, cantante y compositor de rock argentino. En su carrera solista nos ha regalado discos como C\u00e9lula, M\u00fasica para beb\u00e9s, y un disco hom\u00f3nimo.<\/p>\n\n\n\n<p>El viernes 25, a las 21 horas, se presentar\u00e1 \u201cPies de barro\u201d la banda lujanense de folklore argentino.&nbsp;<\/p>\n\n\n\n<p>El s\u00e1bado 26, a las 21 horas, la banda \u201cInnuendo\u201d har\u00e1 su show \u201cPlay the Queen\u201d.&nbsp;<\/p>\n\n\n\n<p>El domingo 27, se realizar\u00e1 el festival de tango y Alejandro Viola \u201cSure\u00f1o\u201d estar\u00e1 presente. Estar\u00e1n Adri\u00e1n Heitman, Pablo Cebolla y Alberto Arce, bajo la direcci\u00f3n de Fernando Herrera.<\/p>\n\n\n\n<p>Las entradas pueden conseguirse en Col\u00f3n 1384 o a trav\u00e9s de la siguiente p\u00e1gina web&nbsp;<a rel=\"noreferrer noopener\" target=\"_blank\" href=\"http:\/\/www.bulzack.com.ar\/\">www.bulzack.com.ar<\/a>.&nbsp;&nbsp;&nbsp;&nbsp;&nbsp;&nbsp;&nbsp;<\/p>\n\n\n\n<p><strong>Ojal\u00e1 lloviera<\/strong><\/p>\n\n\n\n<p>El s\u00e1bado 26, a las 20.30 horas, en el Teatro Walgon (Mariano Moreno 954) tendr\u00e1 lugar la obra \u201cOjal\u00e1 lloviera\u201d de Gustavo Lista, dirigida por Laurentino Blanco.&nbsp;<\/p>\n\n\n\n<p>Para reservas, comunicarse al 2323 678722.&nbsp;<\/p>\n\n\n\n<p><strong>El canto del cisne<\/strong><\/p>\n\n\n\n<p>El domingo 27, a las 19 horas, en el Teatro Walgon (Mariano Moreno 954) se dar\u00e1 la obra \u201cEl canto del cisne\u201d de Ant\u00f3n Chej\u00f3v.<\/p>\n\n\n\n<p>Para reservas, comunicarse al 2323 678722.&nbsp;<\/p>\n","protected":false},"excerpt":{"rendered":"<p>Se invita a la comunidad a participar de una serie de actividades art\u00edsticas y culturales, libres y gratuitas, que se llevar\u00e1n a cabo en diferentes puntos del partido durante el&hellip; <\/p>\n","protected":false},"author":2,"featured_media":7675,"comment_status":"closed","ping_status":"closed","sticky":false,"template":"","format":"standard","meta":{"footnotes":""},"categories":[24],"tags":[],"class_list":["post-7674","post","type-post","status-publish","format-standard","has-post-thumbnail","hentry","category-la-ciudad-en-movimiento"],"yoast_head":"<!-- This site is optimized with the Yoast SEO plugin v27.3 - https:\/\/yoast.com\/product\/yoast-seo-wordpress\/ -->\n<title>Agenda de actividades para el fin de semana -<\/title>\n<meta name=\"robots\" content=\"index, follow, max-snippet:-1, max-image-preview:large, max-video-preview:-1\" \/>\n<link rel=\"canonical\" href=\"https:\/\/elciudadanodelujan.com.ar\/?p=7674\" \/>\n<meta property=\"og:locale\" content=\"es_ES\" \/>\n<meta property=\"og:type\" content=\"article\" \/>\n<meta property=\"og:title\" content=\"Agenda de actividades para el fin de semana -\" \/>\n<meta property=\"og:description\" content=\"Se invita a la comunidad a participar de una serie de actividades art\u00edsticas y culturales, libres y gratuitas, que se llevar\u00e1n a cabo en diferentes puntos del partido durante el&hellip;\" \/>\n<meta property=\"og:url\" content=\"https:\/\/elciudadanodelujan.com.ar\/?p=7674\" \/>\n<meta property=\"article:publisher\" content=\"https:\/\/www.facebook.com\/elciudadanodelujan\" \/>\n<meta property=\"article:published_time\" content=\"2024-10-26T01:04:42+00:00\" \/>\n<meta property=\"article:modified_time\" content=\"2024-10-26T01:05:32+00:00\" \/>\n<meta property=\"og:image\" content=\"https:\/\/elciudadanodelujan.com.ar\/wp-content\/uploads\/2024\/10\/image-103-1024x682.png\" \/>\n\t<meta property=\"og:image:width\" content=\"1024\" \/>\n\t<meta property=\"og:image:height\" content=\"682\" \/>\n\t<meta property=\"og:image:type\" content=\"image\/png\" \/>\n<meta name=\"author\" content=\"Osvaldo Cabral\" \/>\n<meta name=\"twitter:card\" content=\"summary_large_image\" \/>\n<meta name=\"twitter:label1\" content=\"Escrito por\" \/>\n\t<meta name=\"twitter:data1\" content=\"Osvaldo Cabral\" \/>\n\t<meta name=\"twitter:label2\" content=\"Tiempo de lectura\" \/>\n\t<meta name=\"twitter:data2\" content=\"6 minutos\" \/>\n<script type=\"application\/ld+json\" class=\"yoast-schema-graph\">{\"@context\":\"https:\\\/\\\/schema.org\",\"@graph\":[{\"@type\":\"Article\",\"@id\":\"https:\\\/\\\/elciudadanodelujan.com.ar\\\/?p=7674#article\",\"isPartOf\":{\"@id\":\"https:\\\/\\\/elciudadanodelujan.com.ar\\\/?p=7674\"},\"author\":{\"name\":\"Osvaldo Cabral\",\"@id\":\"https:\\\/\\\/elciudadanodelujan.com.ar\\\/#\\\/schema\\\/person\\\/6e4147c312281a224c424b0ca2b1d439\"},\"headline\":\"Agenda de actividades para el fin de semana\",\"datePublished\":\"2024-10-26T01:04:42+00:00\",\"dateModified\":\"2024-10-26T01:05:32+00:00\",\"mainEntityOfPage\":{\"@id\":\"https:\\\/\\\/elciudadanodelujan.com.ar\\\/?p=7674\"},\"wordCount\":1201,\"publisher\":{\"@id\":\"https:\\\/\\\/elciudadanodelujan.com.ar\\\/#organization\"},\"image\":{\"@id\":\"https:\\\/\\\/elciudadanodelujan.com.ar\\\/?p=7674#primaryimage\"},\"thumbnailUrl\":\"https:\\\/\\\/elciudadanodelujan.com.ar\\\/wp-content\\\/uploads\\\/2024\\\/10\\\/image-103.png\",\"articleSection\":[\"La Ciudad en movimiento\"],\"inLanguage\":\"es\"},{\"@type\":\"WebPage\",\"@id\":\"https:\\\/\\\/elciudadanodelujan.com.ar\\\/?p=7674\",\"url\":\"https:\\\/\\\/elciudadanodelujan.com.ar\\\/?p=7674\",\"name\":\"Agenda de actividades para el fin de semana -\",\"isPartOf\":{\"@id\":\"https:\\\/\\\/elciudadanodelujan.com.ar\\\/#website\"},\"primaryImageOfPage\":{\"@id\":\"https:\\\/\\\/elciudadanodelujan.com.ar\\\/?p=7674#primaryimage\"},\"image\":{\"@id\":\"https:\\\/\\\/elciudadanodelujan.com.ar\\\/?p=7674#primaryimage\"},\"thumbnailUrl\":\"https:\\\/\\\/elciudadanodelujan.com.ar\\\/wp-content\\\/uploads\\\/2024\\\/10\\\/image-103.png\",\"datePublished\":\"2024-10-26T01:04:42+00:00\",\"dateModified\":\"2024-10-26T01:05:32+00:00\",\"breadcrumb\":{\"@id\":\"https:\\\/\\\/elciudadanodelujan.com.ar\\\/?p=7674#breadcrumb\"},\"inLanguage\":\"es\",\"potentialAction\":[{\"@type\":\"ReadAction\",\"target\":[\"https:\\\/\\\/elciudadanodelujan.com.ar\\\/?p=7674\"]}]},{\"@type\":\"ImageObject\",\"inLanguage\":\"es\",\"@id\":\"https:\\\/\\\/elciudadanodelujan.com.ar\\\/?p=7674#primaryimage\",\"url\":\"https:\\\/\\\/elciudadanodelujan.com.ar\\\/wp-content\\\/uploads\\\/2024\\\/10\\\/image-103.png\",\"contentUrl\":\"https:\\\/\\\/elciudadanodelujan.com.ar\\\/wp-content\\\/uploads\\\/2024\\\/10\\\/image-103.png\",\"width\":1600,\"height\":1066},{\"@type\":\"BreadcrumbList\",\"@id\":\"https:\\\/\\\/elciudadanodelujan.com.ar\\\/?p=7674#breadcrumb\",\"itemListElement\":[{\"@type\":\"ListItem\",\"position\":1,\"name\":\"Home\",\"item\":\"https:\\\/\\\/elciudadanodelujan.com.ar\\\/\"},{\"@type\":\"ListItem\",\"position\":2,\"name\":\"Agenda de actividades para el fin de semana\"}]},{\"@type\":\"WebSite\",\"@id\":\"https:\\\/\\\/elciudadanodelujan.com.ar\\\/#website\",\"url\":\"https:\\\/\\\/elciudadanodelujan.com.ar\\\/\",\"name\":\"https:\\\/\\\/elciudadanodelujan.com.ar\",\"description\":\"Noticias de inter\u00e9s general y periodismo de investigaci\u00f3n\",\"publisher\":{\"@id\":\"https:\\\/\\\/elciudadanodelujan.com.ar\\\/#organization\"},\"potentialAction\":[{\"@type\":\"SearchAction\",\"target\":{\"@type\":\"EntryPoint\",\"urlTemplate\":\"https:\\\/\\\/elciudadanodelujan.com.ar\\\/?s={search_term_string}\"},\"query-input\":{\"@type\":\"PropertyValueSpecification\",\"valueRequired\":true,\"valueName\":\"search_term_string\"}}],\"inLanguage\":\"es\"},{\"@type\":\"Organization\",\"@id\":\"https:\\\/\\\/elciudadanodelujan.com.ar\\\/#organization\",\"name\":\"El Ciudadano de Lujan\",\"url\":\"https:\\\/\\\/elciudadanodelujan.com.ar\\\/\",\"logo\":{\"@type\":\"ImageObject\",\"inLanguage\":\"es\",\"@id\":\"https:\\\/\\\/elciudadanodelujan.com.ar\\\/#\\\/schema\\\/logo\\\/image\\\/\",\"url\":\"https:\\\/\\\/elciudadanodelujan.com.ar\\\/wp-content\\\/uploads\\\/2025\\\/01\\\/logo_El_Ciudadano.jpg\",\"contentUrl\":\"https:\\\/\\\/elciudadanodelujan.com.ar\\\/wp-content\\\/uploads\\\/2025\\\/01\\\/logo_El_Ciudadano.jpg\",\"width\":500,\"height\":123,\"caption\":\"El Ciudadano de Lujan\"},\"image\":{\"@id\":\"https:\\\/\\\/elciudadanodelujan.com.ar\\\/#\\\/schema\\\/logo\\\/image\\\/\"},\"sameAs\":[\"https:\\\/\\\/www.facebook.com\\\/elciudadanodelujan\"]},{\"@type\":\"Person\",\"@id\":\"https:\\\/\\\/elciudadanodelujan.com.ar\\\/#\\\/schema\\\/person\\\/6e4147c312281a224c424b0ca2b1d439\",\"name\":\"Osvaldo Cabral\",\"image\":{\"@type\":\"ImageObject\",\"inLanguage\":\"es\",\"@id\":\"https:\\\/\\\/secure.gravatar.com\\\/avatar\\\/c4c6a8aea430571651e7d6992bdfdff335bbe96580656f78299d10ca9a6c1ae9?s=96&d=mm&r=g\",\"url\":\"https:\\\/\\\/secure.gravatar.com\\\/avatar\\\/c4c6a8aea430571651e7d6992bdfdff335bbe96580656f78299d10ca9a6c1ae9?s=96&d=mm&r=g\",\"contentUrl\":\"https:\\\/\\\/secure.gravatar.com\\\/avatar\\\/c4c6a8aea430571651e7d6992bdfdff335bbe96580656f78299d10ca9a6c1ae9?s=96&d=mm&r=g\",\"caption\":\"Osvaldo Cabral\"},\"url\":\"https:\\\/\\\/elciudadanodelujan.com.ar\\\/?author=2\"}]}<\/script>\n<!-- \/ Yoast SEO plugin. -->","yoast_head_json":{"title":"Agenda de actividades para el fin de semana -","robots":{"index":"index","follow":"follow","max-snippet":"max-snippet:-1","max-image-preview":"max-image-preview:large","max-video-preview":"max-video-preview:-1"},"canonical":"https:\/\/elciudadanodelujan.com.ar\/?p=7674","og_locale":"es_ES","og_type":"article","og_title":"Agenda de actividades para el fin de semana -","og_description":"Se invita a la comunidad a participar de una serie de actividades art\u00edsticas y culturales, libres y gratuitas, que se llevar\u00e1n a cabo en diferentes puntos del partido durante el&hellip;","og_url":"https:\/\/elciudadanodelujan.com.ar\/?p=7674","article_publisher":"https:\/\/www.facebook.com\/elciudadanodelujan","article_published_time":"2024-10-26T01:04:42+00:00","article_modified_time":"2024-10-26T01:05:32+00:00","og_image":[{"width":1024,"height":682,"url":"https:\/\/elciudadanodelujan.com.ar\/wp-content\/uploads\/2024\/10\/image-103-1024x682.png","type":"image\/png"}],"author":"Osvaldo Cabral","twitter_card":"summary_large_image","twitter_misc":{"Escrito por":"Osvaldo Cabral","Tiempo de lectura":"6 minutos"},"schema":{"@context":"https:\/\/schema.org","@graph":[{"@type":"Article","@id":"https:\/\/elciudadanodelujan.com.ar\/?p=7674#article","isPartOf":{"@id":"https:\/\/elciudadanodelujan.com.ar\/?p=7674"},"author":{"name":"Osvaldo Cabral","@id":"https:\/\/elciudadanodelujan.com.ar\/#\/schema\/person\/6e4147c312281a224c424b0ca2b1d439"},"headline":"Agenda de actividades para el fin de semana","datePublished":"2024-10-26T01:04:42+00:00","dateModified":"2024-10-26T01:05:32+00:00","mainEntityOfPage":{"@id":"https:\/\/elciudadanodelujan.com.ar\/?p=7674"},"wordCount":1201,"publisher":{"@id":"https:\/\/elciudadanodelujan.com.ar\/#organization"},"image":{"@id":"https:\/\/elciudadanodelujan.com.ar\/?p=7674#primaryimage"},"thumbnailUrl":"https:\/\/elciudadanodelujan.com.ar\/wp-content\/uploads\/2024\/10\/image-103.png","articleSection":["La Ciudad en movimiento"],"inLanguage":"es"},{"@type":"WebPage","@id":"https:\/\/elciudadanodelujan.com.ar\/?p=7674","url":"https:\/\/elciudadanodelujan.com.ar\/?p=7674","name":"Agenda de actividades para el fin de semana -","isPartOf":{"@id":"https:\/\/elciudadanodelujan.com.ar\/#website"},"primaryImageOfPage":{"@id":"https:\/\/elciudadanodelujan.com.ar\/?p=7674#primaryimage"},"image":{"@id":"https:\/\/elciudadanodelujan.com.ar\/?p=7674#primaryimage"},"thumbnailUrl":"https:\/\/elciudadanodelujan.com.ar\/wp-content\/uploads\/2024\/10\/image-103.png","datePublished":"2024-10-26T01:04:42+00:00","dateModified":"2024-10-26T01:05:32+00:00","breadcrumb":{"@id":"https:\/\/elciudadanodelujan.com.ar\/?p=7674#breadcrumb"},"inLanguage":"es","potentialAction":[{"@type":"ReadAction","target":["https:\/\/elciudadanodelujan.com.ar\/?p=7674"]}]},{"@type":"ImageObject","inLanguage":"es","@id":"https:\/\/elciudadanodelujan.com.ar\/?p=7674#primaryimage","url":"https:\/\/elciudadanodelujan.com.ar\/wp-content\/uploads\/2024\/10\/image-103.png","contentUrl":"https:\/\/elciudadanodelujan.com.ar\/wp-content\/uploads\/2024\/10\/image-103.png","width":1600,"height":1066},{"@type":"BreadcrumbList","@id":"https:\/\/elciudadanodelujan.com.ar\/?p=7674#breadcrumb","itemListElement":[{"@type":"ListItem","position":1,"name":"Home","item":"https:\/\/elciudadanodelujan.com.ar\/"},{"@type":"ListItem","position":2,"name":"Agenda de actividades para el fin de semana"}]},{"@type":"WebSite","@id":"https:\/\/elciudadanodelujan.com.ar\/#website","url":"https:\/\/elciudadanodelujan.com.ar\/","name":"https:\/\/elciudadanodelujan.com.ar","description":"Noticias de inter\u00e9s general y periodismo de investigaci\u00f3n","publisher":{"@id":"https:\/\/elciudadanodelujan.com.ar\/#organization"},"potentialAction":[{"@type":"SearchAction","target":{"@type":"EntryPoint","urlTemplate":"https:\/\/elciudadanodelujan.com.ar\/?s={search_term_string}"},"query-input":{"@type":"PropertyValueSpecification","valueRequired":true,"valueName":"search_term_string"}}],"inLanguage":"es"},{"@type":"Organization","@id":"https:\/\/elciudadanodelujan.com.ar\/#organization","name":"El Ciudadano de Lujan","url":"https:\/\/elciudadanodelujan.com.ar\/","logo":{"@type":"ImageObject","inLanguage":"es","@id":"https:\/\/elciudadanodelujan.com.ar\/#\/schema\/logo\/image\/","url":"https:\/\/elciudadanodelujan.com.ar\/wp-content\/uploads\/2025\/01\/logo_El_Ciudadano.jpg","contentUrl":"https:\/\/elciudadanodelujan.com.ar\/wp-content\/uploads\/2025\/01\/logo_El_Ciudadano.jpg","width":500,"height":123,"caption":"El Ciudadano de Lujan"},"image":{"@id":"https:\/\/elciudadanodelujan.com.ar\/#\/schema\/logo\/image\/"},"sameAs":["https:\/\/www.facebook.com\/elciudadanodelujan"]},{"@type":"Person","@id":"https:\/\/elciudadanodelujan.com.ar\/#\/schema\/person\/6e4147c312281a224c424b0ca2b1d439","name":"Osvaldo Cabral","image":{"@type":"ImageObject","inLanguage":"es","@id":"https:\/\/secure.gravatar.com\/avatar\/c4c6a8aea430571651e7d6992bdfdff335bbe96580656f78299d10ca9a6c1ae9?s=96&d=mm&r=g","url":"https:\/\/secure.gravatar.com\/avatar\/c4c6a8aea430571651e7d6992bdfdff335bbe96580656f78299d10ca9a6c1ae9?s=96&d=mm&r=g","contentUrl":"https:\/\/secure.gravatar.com\/avatar\/c4c6a8aea430571651e7d6992bdfdff335bbe96580656f78299d10ca9a6c1ae9?s=96&d=mm&r=g","caption":"Osvaldo Cabral"},"url":"https:\/\/elciudadanodelujan.com.ar\/?author=2"}]}},"_links":{"self":[{"href":"https:\/\/elciudadanodelujan.com.ar\/index.php?rest_route=\/wp\/v2\/posts\/7674","targetHints":{"allow":["GET"]}}],"collection":[{"href":"https:\/\/elciudadanodelujan.com.ar\/index.php?rest_route=\/wp\/v2\/posts"}],"about":[{"href":"https:\/\/elciudadanodelujan.com.ar\/index.php?rest_route=\/wp\/v2\/types\/post"}],"author":[{"embeddable":true,"href":"https:\/\/elciudadanodelujan.com.ar\/index.php?rest_route=\/wp\/v2\/users\/2"}],"replies":[{"embeddable":true,"href":"https:\/\/elciudadanodelujan.com.ar\/index.php?rest_route=%2Fwp%2Fv2%2Fcomments&post=7674"}],"version-history":[{"count":1,"href":"https:\/\/elciudadanodelujan.com.ar\/index.php?rest_route=\/wp\/v2\/posts\/7674\/revisions"}],"predecessor-version":[{"id":7676,"href":"https:\/\/elciudadanodelujan.com.ar\/index.php?rest_route=\/wp\/v2\/posts\/7674\/revisions\/7676"}],"wp:featuredmedia":[{"embeddable":true,"href":"https:\/\/elciudadanodelujan.com.ar\/index.php?rest_route=\/wp\/v2\/media\/7675"}],"wp:attachment":[{"href":"https:\/\/elciudadanodelujan.com.ar\/index.php?rest_route=%2Fwp%2Fv2%2Fmedia&parent=7674"}],"wp:term":[{"taxonomy":"category","embeddable":true,"href":"https:\/\/elciudadanodelujan.com.ar\/index.php?rest_route=%2Fwp%2Fv2%2Fcategories&post=7674"},{"taxonomy":"post_tag","embeddable":true,"href":"https:\/\/elciudadanodelujan.com.ar\/index.php?rest_route=%2Fwp%2Fv2%2Ftags&post=7674"}],"curies":[{"name":"wp","href":"https:\/\/api.w.org\/{rel}","templated":true}]}}