{"id":7671,"date":"2024-10-25T22:03:09","date_gmt":"2024-10-26T01:03:09","guid":{"rendered":"https:\/\/elciudadanodelujan.com.ar\/?p=7671"},"modified":"2024-10-25T22:03:27","modified_gmt":"2024-10-26T01:03:27","slug":"juegos-bonaerenses-se-realizo-un-encuentro-con-lujanenses-que-viajaran-a-mar-del-plata","status":"publish","type":"post","link":"https:\/\/elciudadanodelujan.com.ar\/?p=7671","title":{"rendered":"Juegos Bonaerenses: se realiz\u00f3 un encuentro con lujanenses que viajar\u00e1n a Mar del Plata"},"content":{"rendered":"\n<p><strong>Este mi\u00e9rcoles hubo un encuentro con lujanenses que viajar\u00e1n hacia la ciudad de Mar del Plata, para disputar las instancias finales de los Juegos Bonaerenses 2024.<\/strong><\/p>\n\n\n\n<figure class=\"wp-block-image size-large\"><img loading=\"lazy\" decoding=\"async\" width=\"1024\" height=\"599\" src=\"https:\/\/elciudadanodelujan.com.ar\/wp-content\/uploads\/2024\/10\/image-102-1024x599.png\" alt=\"\" class=\"wp-image-7672\" srcset=\"https:\/\/elciudadanodelujan.com.ar\/wp-content\/uploads\/2024\/10\/image-102-1024x599.png 1024w, https:\/\/elciudadanodelujan.com.ar\/wp-content\/uploads\/2024\/10\/image-102-300x176.png 300w, https:\/\/elciudadanodelujan.com.ar\/wp-content\/uploads\/2024\/10\/image-102-768x449.png 768w, https:\/\/elciudadanodelujan.com.ar\/wp-content\/uploads\/2024\/10\/image-102.png 1511w\" sizes=\"auto, (max-width: 1024px) 100vw, 1024px\" \/><\/figure>\n\n\n\n<p>En tanto, la actividad cont\u00f3 con la presencia del Intendente Leonardo Boto, qui\u00e9n felicit\u00f3 a las y los competidores por lo logrado, adem\u00e1s de brindarles el mayor los \u00e9xitos en la ciudad balnearia.&nbsp;<\/p>\n\n\n\n<p>La jornada se desarroll\u00f3 en las instalaciones de Luj\u00e1n Tenis Club, d\u00f3nde estuvieron presentes m\u00e1s de 100 lujanenses que representar\u00e1n a la ciudad en la competencia deportiva y cultural m\u00e1s importante de la Provincia de Buenos Aires.<\/p>\n\n\n\n<p id=\"geom_inter_1729904535551_87_147\">\u201cNos encontrarnos una vez m\u00e1s en esta previa de la competici\u00f3n para conocernos antes del viaje y para celebrar lo que ya logramos desde Luj\u00e1n en las instancias local y regional del torneo m\u00e1s apasionante de la Provincia. En tiempos dif\u00edciles, acompa\u00f1amos con fuerte decisi\u00f3n desde el Municipio para que nuestra Delegaci\u00f3n tenga las mejores condiciones para disfrutar de la experiencia, convencidos que el deporte y la cultura no son un gasto, es inversi\u00f3n que valoriza y transforma a las personas\u201d, expres\u00f3 el Secretario de Desarrollo Humano, Federico Vanin.&nbsp;<\/p>\n\n\n\n<p>La delegaci\u00f3n local contar\u00e1 con una campera de algod\u00f3n, la cu\u00e1l ser\u00e1 un elemento para distinguir a cada uno y una de los participantes.<\/p>\n\n\n\n<p>Durante la actividad, se proyect\u00f3 un video que conten\u00eda la participaci\u00f3n de las y los lujanenses en la etapa Local y Regional, se entregaron presentes y carpetas con las acreditaciones a los delegados de todas las disciplinas, se realizaron sorteos y para dar un cierre, se present\u00f3 el grupo musical Guache!.<\/p>\n\n\n\n<p>Las instancias finales de los Juegos Bonaerenses se desarrollar\u00e1n&nbsp;del 28 de octubre al 2 de noviembre. Por lo tanto, la delegaci\u00f3n local saldr\u00e1 el domingo por la noche, desde el Polideportivo Municipal, hacia la ciudad de Mar del Plata.<\/p>\n\n\n\n<p id=\"geom_inter_1729904536534_67_150\">Participaron de la jornada el Director de Deportes, Gustavo Santill\u00e1n, el Director de Culturas, Federico Aime, y el Subdirector de Promoci\u00f3n de Derechos para Personas Mayores, Adri\u00e1n Caporales.<\/p>\n","protected":false},"excerpt":{"rendered":"<p>Este mi\u00e9rcoles hubo un encuentro con lujanenses que viajar\u00e1n hacia la ciudad de Mar del Plata, para disputar las instancias finales de los Juegos Bonaerenses 2024. En tanto, la actividad&hellip; <\/p>\n","protected":false},"author":2,"featured_media":7672,"comment_status":"closed","ping_status":"closed","sticky":false,"template":"","format":"standard","meta":{"footnotes":""},"categories":[12],"tags":[],"class_list":["post-7671","post","type-post","status-publish","format-standard","has-post-thumbnail","hentry","category-deporte"],"yoast_head":"<!-- This site is optimized with the Yoast SEO plugin v27.3 - https:\/\/yoast.com\/product\/yoast-seo-wordpress\/ -->\n<title>Juegos Bonaerenses: se realiz\u00f3 un encuentro con lujanenses que viajar\u00e1n a Mar del Plata -<\/title>\n<meta name=\"robots\" content=\"index, follow, max-snippet:-1, max-image-preview:large, max-video-preview:-1\" \/>\n<link rel=\"canonical\" href=\"https:\/\/elciudadanodelujan.com.ar\/?p=7671\" \/>\n<meta property=\"og:locale\" content=\"es_ES\" \/>\n<meta property=\"og:type\" content=\"article\" \/>\n<meta property=\"og:title\" content=\"Juegos Bonaerenses: se realiz\u00f3 un encuentro con lujanenses que viajar\u00e1n a Mar del Plata -\" \/>\n<meta property=\"og:description\" content=\"Este mi\u00e9rcoles hubo un encuentro con lujanenses que viajar\u00e1n hacia la ciudad de Mar del Plata, para disputar las instancias finales de los Juegos Bonaerenses 2024. En tanto, la actividad&hellip;\" \/>\n<meta property=\"og:url\" content=\"https:\/\/elciudadanodelujan.com.ar\/?p=7671\" \/>\n<meta property=\"article:publisher\" content=\"https:\/\/www.facebook.com\/elciudadanodelujan\" \/>\n<meta property=\"article:published_time\" content=\"2024-10-26T01:03:09+00:00\" \/>\n<meta property=\"article:modified_time\" content=\"2024-10-26T01:03:27+00:00\" \/>\n<meta property=\"og:image\" content=\"https:\/\/elciudadanodelujan.com.ar\/wp-content\/uploads\/2024\/10\/image-102-1024x599.png\" \/>\n\t<meta property=\"og:image:width\" content=\"1024\" \/>\n\t<meta property=\"og:image:height\" content=\"599\" \/>\n\t<meta property=\"og:image:type\" content=\"image\/png\" \/>\n<meta name=\"author\" content=\"Osvaldo Cabral\" \/>\n<meta name=\"twitter:card\" content=\"summary_large_image\" \/>\n<meta name=\"twitter:label1\" content=\"Escrito por\" \/>\n\t<meta name=\"twitter:data1\" content=\"Osvaldo Cabral\" \/>\n\t<meta name=\"twitter:label2\" content=\"Tiempo de lectura\" \/>\n\t<meta name=\"twitter:data2\" content=\"2 minutos\" \/>\n<script type=\"application\/ld+json\" class=\"yoast-schema-graph\">{\"@context\":\"https:\\\/\\\/schema.org\",\"@graph\":[{\"@type\":\"Article\",\"@id\":\"https:\\\/\\\/elciudadanodelujan.com.ar\\\/?p=7671#article\",\"isPartOf\":{\"@id\":\"https:\\\/\\\/elciudadanodelujan.com.ar\\\/?p=7671\"},\"author\":{\"name\":\"Osvaldo Cabral\",\"@id\":\"https:\\\/\\\/elciudadanodelujan.com.ar\\\/#\\\/schema\\\/person\\\/6e4147c312281a224c424b0ca2b1d439\"},\"headline\":\"Juegos Bonaerenses: se realiz\u00f3 un encuentro con lujanenses que viajar\u00e1n a Mar del Plata\",\"datePublished\":\"2024-10-26T01:03:09+00:00\",\"dateModified\":\"2024-10-26T01:03:27+00:00\",\"mainEntityOfPage\":{\"@id\":\"https:\\\/\\\/elciudadanodelujan.com.ar\\\/?p=7671\"},\"wordCount\":370,\"publisher\":{\"@id\":\"https:\\\/\\\/elciudadanodelujan.com.ar\\\/#organization\"},\"image\":{\"@id\":\"https:\\\/\\\/elciudadanodelujan.com.ar\\\/?p=7671#primaryimage\"},\"thumbnailUrl\":\"https:\\\/\\\/elciudadanodelujan.com.ar\\\/wp-content\\\/uploads\\\/2024\\\/10\\\/image-102.png\",\"articleSection\":[\"Deporte\"],\"inLanguage\":\"es\"},{\"@type\":\"WebPage\",\"@id\":\"https:\\\/\\\/elciudadanodelujan.com.ar\\\/?p=7671\",\"url\":\"https:\\\/\\\/elciudadanodelujan.com.ar\\\/?p=7671\",\"name\":\"Juegos Bonaerenses: se realiz\u00f3 un encuentro con lujanenses que viajar\u00e1n a Mar del Plata -\",\"isPartOf\":{\"@id\":\"https:\\\/\\\/elciudadanodelujan.com.ar\\\/#website\"},\"primaryImageOfPage\":{\"@id\":\"https:\\\/\\\/elciudadanodelujan.com.ar\\\/?p=7671#primaryimage\"},\"image\":{\"@id\":\"https:\\\/\\\/elciudadanodelujan.com.ar\\\/?p=7671#primaryimage\"},\"thumbnailUrl\":\"https:\\\/\\\/elciudadanodelujan.com.ar\\\/wp-content\\\/uploads\\\/2024\\\/10\\\/image-102.png\",\"datePublished\":\"2024-10-26T01:03:09+00:00\",\"dateModified\":\"2024-10-26T01:03:27+00:00\",\"breadcrumb\":{\"@id\":\"https:\\\/\\\/elciudadanodelujan.com.ar\\\/?p=7671#breadcrumb\"},\"inLanguage\":\"es\",\"potentialAction\":[{\"@type\":\"ReadAction\",\"target\":[\"https:\\\/\\\/elciudadanodelujan.com.ar\\\/?p=7671\"]}]},{\"@type\":\"ImageObject\",\"inLanguage\":\"es\",\"@id\":\"https:\\\/\\\/elciudadanodelujan.com.ar\\\/?p=7671#primaryimage\",\"url\":\"https:\\\/\\\/elciudadanodelujan.com.ar\\\/wp-content\\\/uploads\\\/2024\\\/10\\\/image-102.png\",\"contentUrl\":\"https:\\\/\\\/elciudadanodelujan.com.ar\\\/wp-content\\\/uploads\\\/2024\\\/10\\\/image-102.png\",\"width\":1511,\"height\":884},{\"@type\":\"BreadcrumbList\",\"@id\":\"https:\\\/\\\/elciudadanodelujan.com.ar\\\/?p=7671#breadcrumb\",\"itemListElement\":[{\"@type\":\"ListItem\",\"position\":1,\"name\":\"Home\",\"item\":\"https:\\\/\\\/elciudadanodelujan.com.ar\\\/\"},{\"@type\":\"ListItem\",\"position\":2,\"name\":\"Juegos Bonaerenses: se realiz\u00f3 un encuentro con lujanenses que viajar\u00e1n a Mar del Plata\"}]},{\"@type\":\"WebSite\",\"@id\":\"https:\\\/\\\/elciudadanodelujan.com.ar\\\/#website\",\"url\":\"https:\\\/\\\/elciudadanodelujan.com.ar\\\/\",\"name\":\"https:\\\/\\\/elciudadanodelujan.com.ar\",\"description\":\"Noticias de inter\u00e9s general y periodismo de investigaci\u00f3n\",\"publisher\":{\"@id\":\"https:\\\/\\\/elciudadanodelujan.com.ar\\\/#organization\"},\"potentialAction\":[{\"@type\":\"SearchAction\",\"target\":{\"@type\":\"EntryPoint\",\"urlTemplate\":\"https:\\\/\\\/elciudadanodelujan.com.ar\\\/?s={search_term_string}\"},\"query-input\":{\"@type\":\"PropertyValueSpecification\",\"valueRequired\":true,\"valueName\":\"search_term_string\"}}],\"inLanguage\":\"es\"},{\"@type\":\"Organization\",\"@id\":\"https:\\\/\\\/elciudadanodelujan.com.ar\\\/#organization\",\"name\":\"El Ciudadano de Lujan\",\"url\":\"https:\\\/\\\/elciudadanodelujan.com.ar\\\/\",\"logo\":{\"@type\":\"ImageObject\",\"inLanguage\":\"es\",\"@id\":\"https:\\\/\\\/elciudadanodelujan.com.ar\\\/#\\\/schema\\\/logo\\\/image\\\/\",\"url\":\"https:\\\/\\\/elciudadanodelujan.com.ar\\\/wp-content\\\/uploads\\\/2025\\\/01\\\/logo_El_Ciudadano.jpg\",\"contentUrl\":\"https:\\\/\\\/elciudadanodelujan.com.ar\\\/wp-content\\\/uploads\\\/2025\\\/01\\\/logo_El_Ciudadano.jpg\",\"width\":500,\"height\":123,\"caption\":\"El Ciudadano de Lujan\"},\"image\":{\"@id\":\"https:\\\/\\\/elciudadanodelujan.com.ar\\\/#\\\/schema\\\/logo\\\/image\\\/\"},\"sameAs\":[\"https:\\\/\\\/www.facebook.com\\\/elciudadanodelujan\"]},{\"@type\":\"Person\",\"@id\":\"https:\\\/\\\/elciudadanodelujan.com.ar\\\/#\\\/schema\\\/person\\\/6e4147c312281a224c424b0ca2b1d439\",\"name\":\"Osvaldo Cabral\",\"image\":{\"@type\":\"ImageObject\",\"inLanguage\":\"es\",\"@id\":\"https:\\\/\\\/secure.gravatar.com\\\/avatar\\\/c4c6a8aea430571651e7d6992bdfdff335bbe96580656f78299d10ca9a6c1ae9?s=96&d=mm&r=g\",\"url\":\"https:\\\/\\\/secure.gravatar.com\\\/avatar\\\/c4c6a8aea430571651e7d6992bdfdff335bbe96580656f78299d10ca9a6c1ae9?s=96&d=mm&r=g\",\"contentUrl\":\"https:\\\/\\\/secure.gravatar.com\\\/avatar\\\/c4c6a8aea430571651e7d6992bdfdff335bbe96580656f78299d10ca9a6c1ae9?s=96&d=mm&r=g\",\"caption\":\"Osvaldo Cabral\"},\"url\":\"https:\\\/\\\/elciudadanodelujan.com.ar\\\/?author=2\"}]}<\/script>\n<!-- \/ Yoast SEO plugin. -->","yoast_head_json":{"title":"Juegos Bonaerenses: se realiz\u00f3 un encuentro con lujanenses que viajar\u00e1n a Mar del Plata -","robots":{"index":"index","follow":"follow","max-snippet":"max-snippet:-1","max-image-preview":"max-image-preview:large","max-video-preview":"max-video-preview:-1"},"canonical":"https:\/\/elciudadanodelujan.com.ar\/?p=7671","og_locale":"es_ES","og_type":"article","og_title":"Juegos Bonaerenses: se realiz\u00f3 un encuentro con lujanenses que viajar\u00e1n a Mar del Plata -","og_description":"Este mi\u00e9rcoles hubo un encuentro con lujanenses que viajar\u00e1n hacia la ciudad de Mar del Plata, para disputar las instancias finales de los Juegos Bonaerenses 2024. En tanto, la actividad&hellip;","og_url":"https:\/\/elciudadanodelujan.com.ar\/?p=7671","article_publisher":"https:\/\/www.facebook.com\/elciudadanodelujan","article_published_time":"2024-10-26T01:03:09+00:00","article_modified_time":"2024-10-26T01:03:27+00:00","og_image":[{"width":1024,"height":599,"url":"https:\/\/elciudadanodelujan.com.ar\/wp-content\/uploads\/2024\/10\/image-102-1024x599.png","type":"image\/png"}],"author":"Osvaldo Cabral","twitter_card":"summary_large_image","twitter_misc":{"Escrito por":"Osvaldo Cabral","Tiempo de lectura":"2 minutos"},"schema":{"@context":"https:\/\/schema.org","@graph":[{"@type":"Article","@id":"https:\/\/elciudadanodelujan.com.ar\/?p=7671#article","isPartOf":{"@id":"https:\/\/elciudadanodelujan.com.ar\/?p=7671"},"author":{"name":"Osvaldo Cabral","@id":"https:\/\/elciudadanodelujan.com.ar\/#\/schema\/person\/6e4147c312281a224c424b0ca2b1d439"},"headline":"Juegos Bonaerenses: se realiz\u00f3 un encuentro con lujanenses que viajar\u00e1n a Mar del Plata","datePublished":"2024-10-26T01:03:09+00:00","dateModified":"2024-10-26T01:03:27+00:00","mainEntityOfPage":{"@id":"https:\/\/elciudadanodelujan.com.ar\/?p=7671"},"wordCount":370,"publisher":{"@id":"https:\/\/elciudadanodelujan.com.ar\/#organization"},"image":{"@id":"https:\/\/elciudadanodelujan.com.ar\/?p=7671#primaryimage"},"thumbnailUrl":"https:\/\/elciudadanodelujan.com.ar\/wp-content\/uploads\/2024\/10\/image-102.png","articleSection":["Deporte"],"inLanguage":"es"},{"@type":"WebPage","@id":"https:\/\/elciudadanodelujan.com.ar\/?p=7671","url":"https:\/\/elciudadanodelujan.com.ar\/?p=7671","name":"Juegos Bonaerenses: se realiz\u00f3 un encuentro con lujanenses que viajar\u00e1n a Mar del Plata -","isPartOf":{"@id":"https:\/\/elciudadanodelujan.com.ar\/#website"},"primaryImageOfPage":{"@id":"https:\/\/elciudadanodelujan.com.ar\/?p=7671#primaryimage"},"image":{"@id":"https:\/\/elciudadanodelujan.com.ar\/?p=7671#primaryimage"},"thumbnailUrl":"https:\/\/elciudadanodelujan.com.ar\/wp-content\/uploads\/2024\/10\/image-102.png","datePublished":"2024-10-26T01:03:09+00:00","dateModified":"2024-10-26T01:03:27+00:00","breadcrumb":{"@id":"https:\/\/elciudadanodelujan.com.ar\/?p=7671#breadcrumb"},"inLanguage":"es","potentialAction":[{"@type":"ReadAction","target":["https:\/\/elciudadanodelujan.com.ar\/?p=7671"]}]},{"@type":"ImageObject","inLanguage":"es","@id":"https:\/\/elciudadanodelujan.com.ar\/?p=7671#primaryimage","url":"https:\/\/elciudadanodelujan.com.ar\/wp-content\/uploads\/2024\/10\/image-102.png","contentUrl":"https:\/\/elciudadanodelujan.com.ar\/wp-content\/uploads\/2024\/10\/image-102.png","width":1511,"height":884},{"@type":"BreadcrumbList","@id":"https:\/\/elciudadanodelujan.com.ar\/?p=7671#breadcrumb","itemListElement":[{"@type":"ListItem","position":1,"name":"Home","item":"https:\/\/elciudadanodelujan.com.ar\/"},{"@type":"ListItem","position":2,"name":"Juegos Bonaerenses: se realiz\u00f3 un encuentro con lujanenses que viajar\u00e1n a Mar del Plata"}]},{"@type":"WebSite","@id":"https:\/\/elciudadanodelujan.com.ar\/#website","url":"https:\/\/elciudadanodelujan.com.ar\/","name":"https:\/\/elciudadanodelujan.com.ar","description":"Noticias de inter\u00e9s general y periodismo de investigaci\u00f3n","publisher":{"@id":"https:\/\/elciudadanodelujan.com.ar\/#organization"},"potentialAction":[{"@type":"SearchAction","target":{"@type":"EntryPoint","urlTemplate":"https:\/\/elciudadanodelujan.com.ar\/?s={search_term_string}"},"query-input":{"@type":"PropertyValueSpecification","valueRequired":true,"valueName":"search_term_string"}}],"inLanguage":"es"},{"@type":"Organization","@id":"https:\/\/elciudadanodelujan.com.ar\/#organization","name":"El Ciudadano de Lujan","url":"https:\/\/elciudadanodelujan.com.ar\/","logo":{"@type":"ImageObject","inLanguage":"es","@id":"https:\/\/elciudadanodelujan.com.ar\/#\/schema\/logo\/image\/","url":"https:\/\/elciudadanodelujan.com.ar\/wp-content\/uploads\/2025\/01\/logo_El_Ciudadano.jpg","contentUrl":"https:\/\/elciudadanodelujan.com.ar\/wp-content\/uploads\/2025\/01\/logo_El_Ciudadano.jpg","width":500,"height":123,"caption":"El Ciudadano de Lujan"},"image":{"@id":"https:\/\/elciudadanodelujan.com.ar\/#\/schema\/logo\/image\/"},"sameAs":["https:\/\/www.facebook.com\/elciudadanodelujan"]},{"@type":"Person","@id":"https:\/\/elciudadanodelujan.com.ar\/#\/schema\/person\/6e4147c312281a224c424b0ca2b1d439","name":"Osvaldo Cabral","image":{"@type":"ImageObject","inLanguage":"es","@id":"https:\/\/secure.gravatar.com\/avatar\/c4c6a8aea430571651e7d6992bdfdff335bbe96580656f78299d10ca9a6c1ae9?s=96&d=mm&r=g","url":"https:\/\/secure.gravatar.com\/avatar\/c4c6a8aea430571651e7d6992bdfdff335bbe96580656f78299d10ca9a6c1ae9?s=96&d=mm&r=g","contentUrl":"https:\/\/secure.gravatar.com\/avatar\/c4c6a8aea430571651e7d6992bdfdff335bbe96580656f78299d10ca9a6c1ae9?s=96&d=mm&r=g","caption":"Osvaldo Cabral"},"url":"https:\/\/elciudadanodelujan.com.ar\/?author=2"}]}},"_links":{"self":[{"href":"https:\/\/elciudadanodelujan.com.ar\/index.php?rest_route=\/wp\/v2\/posts\/7671","targetHints":{"allow":["GET"]}}],"collection":[{"href":"https:\/\/elciudadanodelujan.com.ar\/index.php?rest_route=\/wp\/v2\/posts"}],"about":[{"href":"https:\/\/elciudadanodelujan.com.ar\/index.php?rest_route=\/wp\/v2\/types\/post"}],"author":[{"embeddable":true,"href":"https:\/\/elciudadanodelujan.com.ar\/index.php?rest_route=\/wp\/v2\/users\/2"}],"replies":[{"embeddable":true,"href":"https:\/\/elciudadanodelujan.com.ar\/index.php?rest_route=%2Fwp%2Fv2%2Fcomments&post=7671"}],"version-history":[{"count":1,"href":"https:\/\/elciudadanodelujan.com.ar\/index.php?rest_route=\/wp\/v2\/posts\/7671\/revisions"}],"predecessor-version":[{"id":7673,"href":"https:\/\/elciudadanodelujan.com.ar\/index.php?rest_route=\/wp\/v2\/posts\/7671\/revisions\/7673"}],"wp:featuredmedia":[{"embeddable":true,"href":"https:\/\/elciudadanodelujan.com.ar\/index.php?rest_route=\/wp\/v2\/media\/7672"}],"wp:attachment":[{"href":"https:\/\/elciudadanodelujan.com.ar\/index.php?rest_route=%2Fwp%2Fv2%2Fmedia&parent=7671"}],"wp:term":[{"taxonomy":"category","embeddable":true,"href":"https:\/\/elciudadanodelujan.com.ar\/index.php?rest_route=%2Fwp%2Fv2%2Fcategories&post=7671"},{"taxonomy":"post_tag","embeddable":true,"href":"https:\/\/elciudadanodelujan.com.ar\/index.php?rest_route=%2Fwp%2Fv2%2Ftags&post=7671"}],"curies":[{"name":"wp","href":"https:\/\/api.w.org\/{rel}","templated":true}]}}