{"id":7665,"date":"2024-10-25T21:59:55","date_gmt":"2024-10-26T00:59:55","guid":{"rendered":"https:\/\/elciudadanodelujan.com.ar\/?p=7665"},"modified":"2024-10-25T22:00:39","modified_gmt":"2024-10-26T01:00:39","slug":"segundo-encuentro-de-la-mesa-local-intersectorial-contra-la-violencia-de-genero","status":"publish","type":"post","link":"https:\/\/elciudadanodelujan.com.ar\/?p=7665","title":{"rendered":"segundo encuentro de la Mesa Local Intersectorial contra la Violencia de G\u00e9nero"},"content":{"rendered":"\n<p id=\"geom_inter_1729904336522_14_121\"><strong>La Direcci\u00f3n de G\u00e9neros y Diversidad, dependiente de la Secretar\u00eda de Desarrollo Humano, realiz\u00f3 este mi\u00e9rcoles el segundo encuentro de la Mesa Local Intersectorial con el objetivo de seguir generando acciones para la prevenci\u00f3n y actuaci\u00f3n ante situaciones de violencia de g\u00e9nero.\u00a0<\/strong><\/p>\n\n\n\n<figure class=\"wp-block-image size-large\"><img loading=\"lazy\" decoding=\"async\" width=\"1024\" height=\"579\" src=\"https:\/\/elciudadanodelujan.com.ar\/wp-content\/uploads\/2024\/10\/image-100-1024x579.png\" alt=\"\" class=\"wp-image-7666\" srcset=\"https:\/\/elciudadanodelujan.com.ar\/wp-content\/uploads\/2024\/10\/image-100-1024x579.png 1024w, https:\/\/elciudadanodelujan.com.ar\/wp-content\/uploads\/2024\/10\/image-100-300x170.png 300w, https:\/\/elciudadanodelujan.com.ar\/wp-content\/uploads\/2024\/10\/image-100-768x434.png 768w, https:\/\/elciudadanodelujan.com.ar\/wp-content\/uploads\/2024\/10\/image-100-1536x868.png 1536w, https:\/\/elciudadanodelujan.com.ar\/wp-content\/uploads\/2024\/10\/image-100.png 1920w\" sizes=\"auto, (max-width: 1024px) 100vw, 1024px\" \/><\/figure>\n\n\n\n<p id=\"geom_inter_1729904294529_68_107\">El encuentro tuvo por objetivo general promover la Mesa Local Intersectorial como un espacio de trabajo en red entre quienes la integran, analizando pol\u00edticas p\u00fablicas existentes para el abordaje de las violencias y la promoci\u00f3n de derechos.<\/p>\n\n\n\n<p id=\"geom_inter_1729904305537_72_109\">El encuentro se llev\u00f3 a cabo en el Sal\u00f3n del Honorable Concejo Deliberante, en d\u00f3nde hubo dos instancias: la primera fue el armado de forma conjunta del \u201crecursero\u201d, un documento que consta de las direcciones, los tel\u00e9fonos, la consignaci\u00f3n de los d\u00edas y los horarios de funcionamiento de las diversas instituciones que trabajan abordando las situaciones de&nbsp; violencia de g\u00e9nero y ofrecen abordajes particulares para la atenci\u00f3n y la asistencia de v\u00edctimas.<\/p>\n\n\n\n<p id=\"geom_inter_1729904315526_23_110\">La segunda parte const\u00f3 de una divisi\u00f3n en grupos de acuerdo con las \u00e1reas representadas por las y los participantes, y a partir de all\u00ed, reflexionar sobre las problem\u00e1ticas detectadas en estas \u00e1reas, que luego se debatieron de manera colectiva.<\/p>\n\n\n\n<p id=\"geom_inter_1729904324538_93_113\">\u201cLa posibilidad de encontrarnos para repensar estrategias de acci\u00f3n en forma colectiva entre instituciones y organizaciones que abordan la problem\u00e1tica de la violencia por razones de g\u00e9neros, es una acci\u00f3n que debemos tomar para dar frente a la lamentable situaci\u00f3n de retroceso en relaci\u00f3n a los derechos y pol\u00edticas p\u00fablicas que est\u00e1n siendo desmanteladas por el gobierno nacional, en todas las \u00e1reas, pero atacando fundamentalmente las referidas a la de G\u00e9neros y Diversidades\u201d, sostuvo la Directora de G\u00e9neros y Diversidad, Mar\u00eda Cecilia Gallo.<\/p>\n\n\n\n<p>La convocatoria est\u00e1 dirigida a organizaciones sociales y comunitarias, \u00e1reas dependientes del Municipio, instituciones provinciales y nacionales, quienes tengan representantes de sus \u00e1reas de g\u00e9nero o personas afines a la tem\u00e1tica.<\/p>\n\n\n\n<p id=\"geom_inter_1729904326534_4_118\">El encuentro cont\u00f3 con la presencia de los siguientes espacios: Centro de Referencia Local (CDR), Comisar\u00eda de la Mujer y la Familia, Concejales, Direcci\u00f3n de ESI de Buenos Aires, Direcci\u00f3n General de Bienestar Universitario de la UNLu, Direcci\u00f3n General de Personal de la UNLu, PJ Luj\u00e1n, Equipo Pedag\u00f3gico y Social del Bachillerato Popular Carlos Fuentealba, Escuela de Educaci\u00f3n Primaria de Adultos (EPA) N.\u00b0 701, \u201cMala Junta\u201d, colectiva del Frente Patria Grande, Frente Renovador Luj\u00e1n, Agrupaci\u00f3n Trans juntxs por la vida, Movimiento Evita, Inspectoras de la&nbsp; Modalidad de Psicolog\u00eda Comunitaria de educaci\u00f3n, Programa Qunitas Luj\u00e1n, Sindicato de Trabajadores Municipales, Direcci\u00f3n de Discapacidad, Centro Barrial Hogares de Cristo Padre Varela, Fines TTD Luj\u00e1n, Fines Pedagog\u00eda por la Memoria, Casa Cultural Ana y Rosa, Organizaci\u00f3n Popular, Sindicato de Empleados Municipales de Luj\u00e1n, Agrupaci\u00f3n Orgullo Luj\u00e1n.<\/p>\n","protected":false},"excerpt":{"rendered":"<p>La Direcci\u00f3n de G\u00e9neros y Diversidad, dependiente de la Secretar\u00eda de Desarrollo Humano, realiz\u00f3 este mi\u00e9rcoles el segundo encuentro de la Mesa Local Intersectorial con el objetivo de seguir generando&hellip; <\/p>\n","protected":false},"author":2,"featured_media":7666,"comment_status":"closed","ping_status":"closed","sticky":false,"template":"","format":"standard","meta":{"footnotes":""},"categories":[17],"tags":[],"class_list":["post-7665","post","type-post","status-publish","format-standard","has-post-thumbnail","hentry","category-sociedad"],"yoast_head":"<!-- This site is optimized with the Yoast SEO plugin v27.3 - https:\/\/yoast.com\/product\/yoast-seo-wordpress\/ -->\n<title>segundo encuentro de la Mesa Local Intersectorial contra la Violencia de G\u00e9nero -<\/title>\n<meta name=\"robots\" content=\"index, follow, max-snippet:-1, max-image-preview:large, max-video-preview:-1\" \/>\n<link rel=\"canonical\" href=\"https:\/\/elciudadanodelujan.com.ar\/?p=7665\" \/>\n<meta property=\"og:locale\" content=\"es_ES\" \/>\n<meta property=\"og:type\" content=\"article\" \/>\n<meta property=\"og:title\" content=\"segundo encuentro de la Mesa Local Intersectorial contra la Violencia de G\u00e9nero -\" \/>\n<meta property=\"og:description\" content=\"La Direcci\u00f3n de G\u00e9neros y Diversidad, dependiente de la Secretar\u00eda de Desarrollo Humano, realiz\u00f3 este mi\u00e9rcoles el segundo encuentro de la Mesa Local Intersectorial con el objetivo de seguir generando&hellip;\" \/>\n<meta property=\"og:url\" content=\"https:\/\/elciudadanodelujan.com.ar\/?p=7665\" \/>\n<meta property=\"article:publisher\" content=\"https:\/\/www.facebook.com\/elciudadanodelujan\" \/>\n<meta property=\"article:published_time\" content=\"2024-10-26T00:59:55+00:00\" \/>\n<meta property=\"article:modified_time\" content=\"2024-10-26T01:00:39+00:00\" \/>\n<meta property=\"og:image\" content=\"https:\/\/elciudadanodelujan.com.ar\/wp-content\/uploads\/2024\/10\/image-100-1024x579.png\" \/>\n\t<meta property=\"og:image:width\" content=\"1024\" \/>\n\t<meta property=\"og:image:height\" content=\"579\" \/>\n\t<meta property=\"og:image:type\" content=\"image\/png\" \/>\n<meta name=\"author\" content=\"Osvaldo Cabral\" \/>\n<meta name=\"twitter:card\" content=\"summary_large_image\" \/>\n<meta name=\"twitter:label1\" content=\"Escrito por\" \/>\n\t<meta name=\"twitter:data1\" content=\"Osvaldo Cabral\" \/>\n\t<meta name=\"twitter:label2\" content=\"Tiempo de lectura\" \/>\n\t<meta name=\"twitter:data2\" content=\"2 minutos\" \/>\n<script type=\"application\/ld+json\" class=\"yoast-schema-graph\">{\"@context\":\"https:\\\/\\\/schema.org\",\"@graph\":[{\"@type\":\"Article\",\"@id\":\"https:\\\/\\\/elciudadanodelujan.com.ar\\\/?p=7665#article\",\"isPartOf\":{\"@id\":\"https:\\\/\\\/elciudadanodelujan.com.ar\\\/?p=7665\"},\"author\":{\"name\":\"Osvaldo Cabral\",\"@id\":\"https:\\\/\\\/elciudadanodelujan.com.ar\\\/#\\\/schema\\\/person\\\/6e4147c312281a224c424b0ca2b1d439\"},\"headline\":\"segundo encuentro de la Mesa Local Intersectorial contra la Violencia de G\u00e9nero\",\"datePublished\":\"2024-10-26T00:59:55+00:00\",\"dateModified\":\"2024-10-26T01:00:39+00:00\",\"mainEntityOfPage\":{\"@id\":\"https:\\\/\\\/elciudadanodelujan.com.ar\\\/?p=7665\"},\"wordCount\":504,\"publisher\":{\"@id\":\"https:\\\/\\\/elciudadanodelujan.com.ar\\\/#organization\"},\"image\":{\"@id\":\"https:\\\/\\\/elciudadanodelujan.com.ar\\\/?p=7665#primaryimage\"},\"thumbnailUrl\":\"https:\\\/\\\/elciudadanodelujan.com.ar\\\/wp-content\\\/uploads\\\/2024\\\/10\\\/image-100.png\",\"articleSection\":[\"SOCIEDAD\"],\"inLanguage\":\"es\"},{\"@type\":\"WebPage\",\"@id\":\"https:\\\/\\\/elciudadanodelujan.com.ar\\\/?p=7665\",\"url\":\"https:\\\/\\\/elciudadanodelujan.com.ar\\\/?p=7665\",\"name\":\"segundo encuentro de la Mesa Local Intersectorial contra la Violencia de G\u00e9nero -\",\"isPartOf\":{\"@id\":\"https:\\\/\\\/elciudadanodelujan.com.ar\\\/#website\"},\"primaryImageOfPage\":{\"@id\":\"https:\\\/\\\/elciudadanodelujan.com.ar\\\/?p=7665#primaryimage\"},\"image\":{\"@id\":\"https:\\\/\\\/elciudadanodelujan.com.ar\\\/?p=7665#primaryimage\"},\"thumbnailUrl\":\"https:\\\/\\\/elciudadanodelujan.com.ar\\\/wp-content\\\/uploads\\\/2024\\\/10\\\/image-100.png\",\"datePublished\":\"2024-10-26T00:59:55+00:00\",\"dateModified\":\"2024-10-26T01:00:39+00:00\",\"breadcrumb\":{\"@id\":\"https:\\\/\\\/elciudadanodelujan.com.ar\\\/?p=7665#breadcrumb\"},\"inLanguage\":\"es\",\"potentialAction\":[{\"@type\":\"ReadAction\",\"target\":[\"https:\\\/\\\/elciudadanodelujan.com.ar\\\/?p=7665\"]}]},{\"@type\":\"ImageObject\",\"inLanguage\":\"es\",\"@id\":\"https:\\\/\\\/elciudadanodelujan.com.ar\\\/?p=7665#primaryimage\",\"url\":\"https:\\\/\\\/elciudadanodelujan.com.ar\\\/wp-content\\\/uploads\\\/2024\\\/10\\\/image-100.png\",\"contentUrl\":\"https:\\\/\\\/elciudadanodelujan.com.ar\\\/wp-content\\\/uploads\\\/2024\\\/10\\\/image-100.png\",\"width\":1920,\"height\":1085},{\"@type\":\"BreadcrumbList\",\"@id\":\"https:\\\/\\\/elciudadanodelujan.com.ar\\\/?p=7665#breadcrumb\",\"itemListElement\":[{\"@type\":\"ListItem\",\"position\":1,\"name\":\"Home\",\"item\":\"https:\\\/\\\/elciudadanodelujan.com.ar\\\/\"},{\"@type\":\"ListItem\",\"position\":2,\"name\":\"segundo encuentro de la Mesa Local Intersectorial contra la Violencia de G\u00e9nero\"}]},{\"@type\":\"WebSite\",\"@id\":\"https:\\\/\\\/elciudadanodelujan.com.ar\\\/#website\",\"url\":\"https:\\\/\\\/elciudadanodelujan.com.ar\\\/\",\"name\":\"https:\\\/\\\/elciudadanodelujan.com.ar\",\"description\":\"Noticias de inter\u00e9s general y periodismo de investigaci\u00f3n\",\"publisher\":{\"@id\":\"https:\\\/\\\/elciudadanodelujan.com.ar\\\/#organization\"},\"potentialAction\":[{\"@type\":\"SearchAction\",\"target\":{\"@type\":\"EntryPoint\",\"urlTemplate\":\"https:\\\/\\\/elciudadanodelujan.com.ar\\\/?s={search_term_string}\"},\"query-input\":{\"@type\":\"PropertyValueSpecification\",\"valueRequired\":true,\"valueName\":\"search_term_string\"}}],\"inLanguage\":\"es\"},{\"@type\":\"Organization\",\"@id\":\"https:\\\/\\\/elciudadanodelujan.com.ar\\\/#organization\",\"name\":\"El Ciudadano de Lujan\",\"url\":\"https:\\\/\\\/elciudadanodelujan.com.ar\\\/\",\"logo\":{\"@type\":\"ImageObject\",\"inLanguage\":\"es\",\"@id\":\"https:\\\/\\\/elciudadanodelujan.com.ar\\\/#\\\/schema\\\/logo\\\/image\\\/\",\"url\":\"https:\\\/\\\/elciudadanodelujan.com.ar\\\/wp-content\\\/uploads\\\/2025\\\/01\\\/logo_El_Ciudadano.jpg\",\"contentUrl\":\"https:\\\/\\\/elciudadanodelujan.com.ar\\\/wp-content\\\/uploads\\\/2025\\\/01\\\/logo_El_Ciudadano.jpg\",\"width\":500,\"height\":123,\"caption\":\"El Ciudadano de Lujan\"},\"image\":{\"@id\":\"https:\\\/\\\/elciudadanodelujan.com.ar\\\/#\\\/schema\\\/logo\\\/image\\\/\"},\"sameAs\":[\"https:\\\/\\\/www.facebook.com\\\/elciudadanodelujan\"]},{\"@type\":\"Person\",\"@id\":\"https:\\\/\\\/elciudadanodelujan.com.ar\\\/#\\\/schema\\\/person\\\/6e4147c312281a224c424b0ca2b1d439\",\"name\":\"Osvaldo Cabral\",\"image\":{\"@type\":\"ImageObject\",\"inLanguage\":\"es\",\"@id\":\"https:\\\/\\\/secure.gravatar.com\\\/avatar\\\/c4c6a8aea430571651e7d6992bdfdff335bbe96580656f78299d10ca9a6c1ae9?s=96&d=mm&r=g\",\"url\":\"https:\\\/\\\/secure.gravatar.com\\\/avatar\\\/c4c6a8aea430571651e7d6992bdfdff335bbe96580656f78299d10ca9a6c1ae9?s=96&d=mm&r=g\",\"contentUrl\":\"https:\\\/\\\/secure.gravatar.com\\\/avatar\\\/c4c6a8aea430571651e7d6992bdfdff335bbe96580656f78299d10ca9a6c1ae9?s=96&d=mm&r=g\",\"caption\":\"Osvaldo Cabral\"},\"url\":\"https:\\\/\\\/elciudadanodelujan.com.ar\\\/?author=2\"}]}<\/script>\n<!-- \/ Yoast SEO plugin. -->","yoast_head_json":{"title":"segundo encuentro de la Mesa Local Intersectorial contra la Violencia de G\u00e9nero -","robots":{"index":"index","follow":"follow","max-snippet":"max-snippet:-1","max-image-preview":"max-image-preview:large","max-video-preview":"max-video-preview:-1"},"canonical":"https:\/\/elciudadanodelujan.com.ar\/?p=7665","og_locale":"es_ES","og_type":"article","og_title":"segundo encuentro de la Mesa Local Intersectorial contra la Violencia de G\u00e9nero -","og_description":"La Direcci\u00f3n de G\u00e9neros y Diversidad, dependiente de la Secretar\u00eda de Desarrollo Humano, realiz\u00f3 este mi\u00e9rcoles el segundo encuentro de la Mesa Local Intersectorial con el objetivo de seguir generando&hellip;","og_url":"https:\/\/elciudadanodelujan.com.ar\/?p=7665","article_publisher":"https:\/\/www.facebook.com\/elciudadanodelujan","article_published_time":"2024-10-26T00:59:55+00:00","article_modified_time":"2024-10-26T01:00:39+00:00","og_image":[{"width":1024,"height":579,"url":"https:\/\/elciudadanodelujan.com.ar\/wp-content\/uploads\/2024\/10\/image-100-1024x579.png","type":"image\/png"}],"author":"Osvaldo Cabral","twitter_card":"summary_large_image","twitter_misc":{"Escrito por":"Osvaldo Cabral","Tiempo de lectura":"2 minutos"},"schema":{"@context":"https:\/\/schema.org","@graph":[{"@type":"Article","@id":"https:\/\/elciudadanodelujan.com.ar\/?p=7665#article","isPartOf":{"@id":"https:\/\/elciudadanodelujan.com.ar\/?p=7665"},"author":{"name":"Osvaldo Cabral","@id":"https:\/\/elciudadanodelujan.com.ar\/#\/schema\/person\/6e4147c312281a224c424b0ca2b1d439"},"headline":"segundo encuentro de la Mesa Local Intersectorial contra la Violencia de G\u00e9nero","datePublished":"2024-10-26T00:59:55+00:00","dateModified":"2024-10-26T01:00:39+00:00","mainEntityOfPage":{"@id":"https:\/\/elciudadanodelujan.com.ar\/?p=7665"},"wordCount":504,"publisher":{"@id":"https:\/\/elciudadanodelujan.com.ar\/#organization"},"image":{"@id":"https:\/\/elciudadanodelujan.com.ar\/?p=7665#primaryimage"},"thumbnailUrl":"https:\/\/elciudadanodelujan.com.ar\/wp-content\/uploads\/2024\/10\/image-100.png","articleSection":["SOCIEDAD"],"inLanguage":"es"},{"@type":"WebPage","@id":"https:\/\/elciudadanodelujan.com.ar\/?p=7665","url":"https:\/\/elciudadanodelujan.com.ar\/?p=7665","name":"segundo encuentro de la Mesa Local Intersectorial contra la Violencia de G\u00e9nero -","isPartOf":{"@id":"https:\/\/elciudadanodelujan.com.ar\/#website"},"primaryImageOfPage":{"@id":"https:\/\/elciudadanodelujan.com.ar\/?p=7665#primaryimage"},"image":{"@id":"https:\/\/elciudadanodelujan.com.ar\/?p=7665#primaryimage"},"thumbnailUrl":"https:\/\/elciudadanodelujan.com.ar\/wp-content\/uploads\/2024\/10\/image-100.png","datePublished":"2024-10-26T00:59:55+00:00","dateModified":"2024-10-26T01:00:39+00:00","breadcrumb":{"@id":"https:\/\/elciudadanodelujan.com.ar\/?p=7665#breadcrumb"},"inLanguage":"es","potentialAction":[{"@type":"ReadAction","target":["https:\/\/elciudadanodelujan.com.ar\/?p=7665"]}]},{"@type":"ImageObject","inLanguage":"es","@id":"https:\/\/elciudadanodelujan.com.ar\/?p=7665#primaryimage","url":"https:\/\/elciudadanodelujan.com.ar\/wp-content\/uploads\/2024\/10\/image-100.png","contentUrl":"https:\/\/elciudadanodelujan.com.ar\/wp-content\/uploads\/2024\/10\/image-100.png","width":1920,"height":1085},{"@type":"BreadcrumbList","@id":"https:\/\/elciudadanodelujan.com.ar\/?p=7665#breadcrumb","itemListElement":[{"@type":"ListItem","position":1,"name":"Home","item":"https:\/\/elciudadanodelujan.com.ar\/"},{"@type":"ListItem","position":2,"name":"segundo encuentro de la Mesa Local Intersectorial contra la Violencia de G\u00e9nero"}]},{"@type":"WebSite","@id":"https:\/\/elciudadanodelujan.com.ar\/#website","url":"https:\/\/elciudadanodelujan.com.ar\/","name":"https:\/\/elciudadanodelujan.com.ar","description":"Noticias de inter\u00e9s general y periodismo de investigaci\u00f3n","publisher":{"@id":"https:\/\/elciudadanodelujan.com.ar\/#organization"},"potentialAction":[{"@type":"SearchAction","target":{"@type":"EntryPoint","urlTemplate":"https:\/\/elciudadanodelujan.com.ar\/?s={search_term_string}"},"query-input":{"@type":"PropertyValueSpecification","valueRequired":true,"valueName":"search_term_string"}}],"inLanguage":"es"},{"@type":"Organization","@id":"https:\/\/elciudadanodelujan.com.ar\/#organization","name":"El Ciudadano de Lujan","url":"https:\/\/elciudadanodelujan.com.ar\/","logo":{"@type":"ImageObject","inLanguage":"es","@id":"https:\/\/elciudadanodelujan.com.ar\/#\/schema\/logo\/image\/","url":"https:\/\/elciudadanodelujan.com.ar\/wp-content\/uploads\/2025\/01\/logo_El_Ciudadano.jpg","contentUrl":"https:\/\/elciudadanodelujan.com.ar\/wp-content\/uploads\/2025\/01\/logo_El_Ciudadano.jpg","width":500,"height":123,"caption":"El Ciudadano de Lujan"},"image":{"@id":"https:\/\/elciudadanodelujan.com.ar\/#\/schema\/logo\/image\/"},"sameAs":["https:\/\/www.facebook.com\/elciudadanodelujan"]},{"@type":"Person","@id":"https:\/\/elciudadanodelujan.com.ar\/#\/schema\/person\/6e4147c312281a224c424b0ca2b1d439","name":"Osvaldo Cabral","image":{"@type":"ImageObject","inLanguage":"es","@id":"https:\/\/secure.gravatar.com\/avatar\/c4c6a8aea430571651e7d6992bdfdff335bbe96580656f78299d10ca9a6c1ae9?s=96&d=mm&r=g","url":"https:\/\/secure.gravatar.com\/avatar\/c4c6a8aea430571651e7d6992bdfdff335bbe96580656f78299d10ca9a6c1ae9?s=96&d=mm&r=g","contentUrl":"https:\/\/secure.gravatar.com\/avatar\/c4c6a8aea430571651e7d6992bdfdff335bbe96580656f78299d10ca9a6c1ae9?s=96&d=mm&r=g","caption":"Osvaldo Cabral"},"url":"https:\/\/elciudadanodelujan.com.ar\/?author=2"}]}},"_links":{"self":[{"href":"https:\/\/elciudadanodelujan.com.ar\/index.php?rest_route=\/wp\/v2\/posts\/7665","targetHints":{"allow":["GET"]}}],"collection":[{"href":"https:\/\/elciudadanodelujan.com.ar\/index.php?rest_route=\/wp\/v2\/posts"}],"about":[{"href":"https:\/\/elciudadanodelujan.com.ar\/index.php?rest_route=\/wp\/v2\/types\/post"}],"author":[{"embeddable":true,"href":"https:\/\/elciudadanodelujan.com.ar\/index.php?rest_route=\/wp\/v2\/users\/2"}],"replies":[{"embeddable":true,"href":"https:\/\/elciudadanodelujan.com.ar\/index.php?rest_route=%2Fwp%2Fv2%2Fcomments&post=7665"}],"version-history":[{"count":1,"href":"https:\/\/elciudadanodelujan.com.ar\/index.php?rest_route=\/wp\/v2\/posts\/7665\/revisions"}],"predecessor-version":[{"id":7667,"href":"https:\/\/elciudadanodelujan.com.ar\/index.php?rest_route=\/wp\/v2\/posts\/7665\/revisions\/7667"}],"wp:featuredmedia":[{"embeddable":true,"href":"https:\/\/elciudadanodelujan.com.ar\/index.php?rest_route=\/wp\/v2\/media\/7666"}],"wp:attachment":[{"href":"https:\/\/elciudadanodelujan.com.ar\/index.php?rest_route=%2Fwp%2Fv2%2Fmedia&parent=7665"}],"wp:term":[{"taxonomy":"category","embeddable":true,"href":"https:\/\/elciudadanodelujan.com.ar\/index.php?rest_route=%2Fwp%2Fv2%2Fcategories&post=7665"},{"taxonomy":"post_tag","embeddable":true,"href":"https:\/\/elciudadanodelujan.com.ar\/index.php?rest_route=%2Fwp%2Fv2%2Ftags&post=7665"}],"curies":[{"name":"wp","href":"https:\/\/api.w.org\/{rel}","templated":true}]}}