{"id":7662,"date":"2024-10-25T21:57:41","date_gmt":"2024-10-26T00:57:41","guid":{"rendered":"https:\/\/elciudadanodelujan.com.ar\/?p=7662"},"modified":"2024-10-25T21:59:09","modified_gmt":"2024-10-26T00:59:09","slug":"agenda-de-actividades-deportivas-para-el-fin-de-semana-9","status":"publish","type":"post","link":"https:\/\/elciudadanodelujan.com.ar\/?p=7662","title":{"rendered":"Agenda de actividades deportivas para el fin de semana"},"content":{"rendered":"\n<p id=\"geom_inter_1729904185523_54_59\"><strong>Habr\u00e1 actividades deportivas que se llevar\u00e1n a cabo en diversos puntos del distrito durante el fin de semana.<\/strong><\/p>\n\n\n\n<p><\/p>\n\n\n\n<figure class=\"wp-block-image size-large\"><img loading=\"lazy\" decoding=\"async\" width=\"1024\" height=\"682\" src=\"https:\/\/elciudadanodelujan.com.ar\/wp-content\/uploads\/2024\/10\/image-99-1024x682.png\" alt=\"\" class=\"wp-image-7663\" srcset=\"https:\/\/elciudadanodelujan.com.ar\/wp-content\/uploads\/2024\/10\/image-99-1024x682.png 1024w, https:\/\/elciudadanodelujan.com.ar\/wp-content\/uploads\/2024\/10\/image-99-300x200.png 300w, https:\/\/elciudadanodelujan.com.ar\/wp-content\/uploads\/2024\/10\/image-99-768x511.png 768w, https:\/\/elciudadanodelujan.com.ar\/wp-content\/uploads\/2024\/10\/image-99.png 1440w\" sizes=\"auto, (max-width: 1024px) 100vw, 1024px\" \/><\/figure>\n\n\n\n<p id=\"geom_inter_1729904189521_93_62\">\u00a0<\/p>\n\n\n\n<p id=\"geom_inter_1729904189521_25_64\"><strong>Actividades deportivas libres y gratuitas<\/strong><\/p>\n\n\n\n<p><strong>S\u00e1bado 26 de octubre:<\/strong><\/p>\n\n\n\n<p><strong>RUGBY: IV EDICI\u00d3N SEVEN M-14<\/strong><\/p>\n\n\n\n<p id=\"geom_inter_1729904191532_89_65\">Este s\u00e1bado a partir de las 9.30 Luj\u00e1n Rugby Club&nbsp; (ex Ruta 7 km 70,500 y Los Claveles, barrio La Loma) realizar\u00e1 la&nbsp;&nbsp;<strong>IV Edici\u00f3n del SEVEN M-14 Luj\u00e0n 2024.<\/strong>&nbsp;Los clubes participantes ser\u00e1n Luj\u00e1n Rugby Club, SIC, CASA de Padua, DAOM, Liceo Militar, Ciudad de Campana, El Retiro y San Andr\u00e9s. Estos equipos competir\u00e1n en la Copa Oro, Plata, Bronce y&nbsp; Copa Desarrollo.<\/p>\n\n\n\n<p><strong>HOCKEY FEMENINO: LUJ\u00c1N RUGBY CLUB A VS. S.I.T.A.S<\/strong><\/p>\n\n\n\n<p>A partir de las 9 horas, Luj\u00e1n Rugby Club disputar\u00e1 la fecha 11 del Torneo de la&nbsp;Asociaci\u00f3n de Hockey de Buenos Aires ante&nbsp;<strong>&nbsp;S.I.T.A.S<\/strong>. Con entrada libre y gratuita, la jornada ser\u00e1 en el Predio de Luj\u00e1n Rugby Club (ex Ruta 7 km 70,500 y Los Claveles, barrio La Loma) con el siguiente cronograma:<\/p>\n\n\n\n<p>-9 horas: Novena y octava Divisi\u00f3n.<\/p>\n\n\n\n<p>-10 horas: S\u00e9ptima Divisi\u00f3n.<\/p>\n\n\n\n<p>-11.30 horas: Sexta Divisi\u00f3n.<\/p>\n\n\n\n<p>-13 horas: Quinta Divisi\u00f3n.<\/p>\n\n\n\n<p>-14.30 horas: Intermedia.<\/p>\n\n\n\n<p><strong>F\u00daTBOL JUVENIL AFA: FLANDRIA VS. TALLERES (RE)<\/strong><\/p>\n\n\n\n<p>A partir de las 9 horas, las categor\u00edas juveniles del Club Flandria enfrentar\u00e1n a Talleres en el Predio Deportivo Carlos V (San Mart\u00edn entre Fray Manuel de Torres y Julio Steverlynck).<\/p>\n\n\n\n<p><strong>TENIS FEMENINO Y MASCULINO: TORNEO INTERCLUBES<\/strong><\/p>\n\n\n\n<p>Se llevar\u00e1 a cabo una nueva fecha del Torneo&nbsp;Interclubes de la Asociaci\u00f3n Argentina de Tenis en Luj\u00e1n Tenis Club&nbsp;(Dr. Real 550). Los partidos ser\u00e1n a partir de las 12.30 horas.<\/p>\n\n\n\n<p><strong>\u201cPREVENIR ES VIVIR: 17\u00ba EDICI\u00d3N CAMINATA POR LA PREVENCI\u00d3N DEL C\u00c1NCER DE MAMA<\/strong><\/p>\n\n\n\n<p id=\"geom_inter_1729904192521_36_66\">El Municipio de Luj\u00e1n invita a la comunidad a participar de la 17\u00b0 edici\u00f3n de la Caminata \u201cPrevenir es vivir\u201d, que tendr\u00e1 lugar el pr\u00f3ximo s\u00e1bado 26 de octubre a las 17 horas en la Plazoleta Antigua Estaci\u00f3n Bas\u00edlica.<\/p>\n\n\n\n<p id=\"geom_inter_1729904192522_78_68\">La inscripci\u00f3n es un aporte solidario, se puede contribuir con un bono de 3.000 pesos o adquirir un kit que incluye la remera del evento por un valor de 18.000 pesos. Entre los vecinos que aporten con su bono se sortear\u00e1n distintos electrodom\u00e9sticos y entre aquellos.<\/p>\n\n\n\n<p id=\"geom_inter_1729904192522_26_69\"><strong>BOXEO: PAPESCHI VS. CZERKASZYN<\/strong><\/p>\n\n\n\n<p>El lujanense Sebasti\u00e1n\u00bb La Promesa\u00bb Papeschi pelear\u00e1 este s\u00e1bado 26 de octubre en la ciudad de Zakopane, Polonia, frente al ucraniano Fiodor Czerkaszyn y el cubano lhosvany Garc\u00eda, respectivamente.<\/p>\n\n\n\n<p>Papeschi, lujanense de 33 a\u00f1os, con r\u00e9cord de 22-4, 8 KO, disputar\u00e1 el t\u00edtulo internacional mediano del Consejo Mundial de Boxeo (WBC), que se encuentra vacante, frente al ucraniano radicado en Polonia, Fiodor Czerkaszyn, de 28 a\u00f1os y palmar\u00e9s de 24-1, 15 KO, que est\u00e1 clasificado 8o en el r\u00e1nking de la Organizaci\u00f3n (WBO), 13o en el de la Federaci\u00f3n Internacional (IBF) y 200 en el WBC.<\/p>\n\n\n\n<p>Este combate, tercero fuera de Argentina para Papeschi (gan\u00f3 en Panam\u00e1 y perdi\u00f3 en Kazajist\u00e1n), representa una gran posibilidad para el peleador nacido en Luj\u00e1n, clasificado 30o en el escalaf\u00f3n del WBC, de subir considerablemente en los r\u00e1nkings del mundo.<\/p>\n\n\n\n<p><strong><em>-Domingo 27 de octubre:<\/em><\/strong><\/p>\n\n\n\n<p><strong>HOCKEY MASCULINO: LUJ\u00c1N RUGBY CLUB VS. SANTA B\u00c1RBARA B<\/strong><\/p>\n\n\n\n<p>A partir de las 9 horas, Luj\u00e1n Rugby Club disputar\u00e1 la fecha 8 del Torneo de la&nbsp;Asociaci\u00f3n de Hockey de Buenos Aires ante Santa B\u00e1rbara B. Con entrada libre y gratuita, la jornada ser\u00e1 en el Predio de Luj\u00e1n Rugby Club (ex Ruta 7 km 70,500 y Los Claveles, barrio La Loma) con el siguiente cronograma:<\/p>\n\n\n\n<p>-9 horas: S\u00e9ptima Divisi\u00f3n.<\/p>\n\n\n\n<p>-10.30 horas: Novena y octava Divisi\u00f3n.<\/p>\n\n\n\n<p>-11.30 horas: Sexta Divisi\u00f3n.<\/p>\n\n\n\n<p>-13 horas: Quinta Divisi\u00f3n.<\/p>\n\n\n\n<p>-14.30 horas: Intermedia.<\/p>\n\n\n\n<p>-16 horas: Primera Divisi\u00f3n<\/p>\n\n\n\n<p id=\"geom_inter_1729904193528_86_70\"><strong>F\u00daTBOL JUVENIL AFA: CLUB LUJ\u00c1N VS. MIDLAND<\/strong><\/p>\n\n\n\n<p id=\"geom_inter_1729904193528_50_72\">A partir de las 9 horas, las categor\u00edas juveniles del Club Luj\u00e1n enfrentar\u00e1n a Midland en el Predio Deportivo del Club Luj\u00e1n (El Pechito Colorado y La Perdiz, barrio San Emilio).<\/p>\n\n\n\n<p><strong>TENIS FEMENINO Y MASCULINO: TORNEO INTERCLUBES<\/strong><\/p>\n\n\n\n<p>Se llevar\u00e1 a cabo una nueva fecha del Torneo&nbsp;Interclubes de la Asociaci\u00f3n Argentina de Tenis en Luj\u00e1n Tenis Club&nbsp;(Dr. Real 550). Los partidos ser\u00e1n a partir de las 12.30 horas.<\/p>\n\n\n\n<p><strong>-Actividades deportivas Aranceladas:<\/strong><\/p>\n\n\n\n<p><strong><em>-S\u00e1bado 26 de octubre:<\/em><\/strong><\/p>\n\n\n\n<p><strong>TORNEO INTERCLUBES DEL F\u00daTBOL ARGENTINO<\/strong><\/p>\n\n\n\n<p>Desde las 19 horas y en la sede de la&nbsp;en la&nbsp;<strong>Escuela<\/strong>&nbsp;de F\u00fatbol Club&nbsp;<strong>Parque Esperanza<\/strong>&nbsp;(La Rioja entre La&nbsp;<strong>Plata<\/strong>&nbsp;y Alberti),&nbsp;&nbsp;se llevar\u00e1 a cabo una nueva fecha del torneo de interclubes que re\u00fane a filiales, agrupaciones y pe\u00f1as locales de equipos del f\u00fatbol argentino y tiene como objetivo promover la cultura del deporte en un \u00e1mbito de no violencia. La entrada tiene un valor de 500 pesos y el evento cuenta con servicio de cantina. Todo lo recaudado es destinado para la instituci\u00f3n deportiva que dispone las instalaciones. El evento se suspende por lluvia.<\/p>\n\n\n\n<p><strong>F\u00daTBOL FEMENINO: JORNADA DE ACIFO<\/strong><\/p>\n\n\n\n<p>A partir de las 11 horas en la en la&nbsp;Escuela de F\u00fatbol Club Platense (R. L. De Martinez entre Adamo y Rubar),&nbsp;se llevar\u00e1 a cabo el Torneo Femenino de ACIFO, auspiciado por el Municipio de Luj\u00e1n. Las entradas tienen un valor de 1500 pesos, es a beneficio de las instituciones locales, y se disputar\u00e1 bajo el siguiente cronograma:<\/p>\n\n\n\n<p>12 horas: Primera -El Mirador Vs. Parque Esperanza<\/p>\n\n\n\n<p>13.20 horas: Primera &#8211; Escuela Municipal Vs. El Lucero B<\/p>\n\n\n\n<p>14.40 horas: Primera &#8211;&nbsp; El Lucero A Vs. El Lucero B<\/p>\n\n\n\n<p id=\"geom_inter_1729904194532_83_73\">16 horas:Primera &#8211; San Bernardo Vs. El Lucero A<\/p>\n\n\n\n<p id=\"geom_inter_1729904194532_89_74\">&nbsp;<\/p>\n\n\n\n<p><strong>F\u00daTBOL JUVENIL: JORNADA DE ACIFO<\/strong><\/p>\n\n\n\n<p>En el Club Menotti y Escuela de F\u00fatbol Menotti (9 de Julio y Juan B. Justo, Luj\u00e1n) y en la&nbsp;Escuela de F\u00fatbol Club Platense (R. L. De Martinez entre Adamo y Rubar),se llevar\u00e1 a cabo la jornada de las categor\u00edas sub 15, sub 17 y primera divisi\u00f3n masculino del Torneo Juveniles de ACIFO. Las entradas tienen un valor de 1500 pesos, es a beneficio de las instituciones locales, y se disputar\u00e1 bajo el siguiente cronograma:<\/p>\n\n\n\n<p><strong>F\u00fatbol Juvenil &#8211; Sede Menotti:<\/strong><\/p>\n\n\n\n<p>10&nbsp; horas: Sub 17 &#8211; J. Newbery Vs. Santa Elena<\/p>\n\n\n\n<p>11.30 horas: Sub 15 &#8211; J. Newbery Vs. Flandria<\/p>\n\n\n\n<p>13 horas: Sub 17- Raver Vs.&nbsp; Sarmiento<\/p>\n\n\n\n<p>14.30&nbsp; horas: Sub 15 &#8211; Menotti Vs. Ingeniero Raver<\/p>\n\n\n\n<p><strong>F\u00fatbol Juvenil &#8211; Sede Olivera:<\/strong><\/p>\n\n\n\n<p>10 horas:&nbsp; Sub 17 &#8211; El Mirador Vs. Flandria Amarillo<\/p>\n\n\n\n<p>11.30 horas: Sub 17 &#8211; Juan XXIII Vs. Platense<\/p>\n\n\n\n<p>13 horas: Sub 15- Cortinez Vs. Platense<\/p>\n\n\n\n<p>14.30 horas: Sub 15-&nbsp; &#8211; Juan XXIII Vs. El Tr\u00e9bol<\/p>\n\n\n\n<p>16.15 horas: Sub 17 &#8211; Cortinez Vs. Olivera<\/p>\n\n\n\n<p><strong>F\u00daTBOL AFA: CLUB LUJ\u00c1N VS. VICTORIANO ARENAS<\/strong><\/p>\n\n\n\n<p>A partir de las 15 horas, la primera divisi\u00f3n del Club Luj\u00e1n disputar\u00e1 la fecha 19 del Torneo Clausura de Primera C ante Central Ballester en el estadio 1ro de Abril a puertas cerradas.&nbsp;Transmiten Pares TV (YouTube) y Radio Ciudad de Luj\u00e1n (FM 104.1Mhz).<\/p>\n\n\n\n<p><strong>F\u00daTBOL FEMENINO: FLANDRIA<\/strong><\/p>\n\n\n\n<p id=\"geom_inter_1729904195533_29_78\">A partir de las 17.15 horas, el Club Flandria disputar\u00e1 partidos de reserva y primera en el Predio Deportivo Carlos V (San Mart\u00edn entre Fray Manuel de Torres y Julio Steverlynck) por la Liga Mercedina. La entrada tiene un valor de $1000.<\/p>\n\n\n\n<p id=\"geom_inter_1729904195536_35_81\">-17.15 horas: Sub 14 &#8211;&nbsp; Flandria Vs UAI Urquiza<\/p>\n\n\n\n<p id=\"geom_inter_1729904195536_37_82\">-18.30&nbsp; horas: Sub 16 &#8211; Flandria Vs UAI Urquiza<\/p>\n\n\n\n<p>-20 horas: Primera- Flandria Vs. Palometas<\/p>\n\n\n\n<p><strong>TORNEO INTERCLUBES DEL F\u00daTBOL ARGENTINO<\/strong><\/p>\n\n\n\n<p>Desde las 20 horas y en la sede de la Escuela de F\u00fatbol Club Alumni&nbsp; (La Plata entre Sarratea y San Vicente)&nbsp;se llevar\u00e1 a cabo una nueva fecha del torneo de interclubes que re\u00fane a filiales, agrupaciones y pe\u00f1as locales de equipos del f\u00fatbol argentino y tiene como objetivo promover la cultura del deporte en un \u00e1mbito de no violencia. La entrada tiene un valor de 500 pesos y el evento cuenta con servicio de cantina. Todo lo recaudado es destinado para la instituci\u00f3n deportiva que dispone las instalaciones. El evento se suspende por lluvia.<\/p>\n\n\n\n<p><strong><em>-Domingo 27 de octubre:<\/em><\/strong><\/p>\n\n\n\n<p><strong>F\u00daTBOL FEMENINO: LUJ\u00c1N VS. ALMAGRO<\/strong><\/p>\n\n\n\n<p>Desde las 10 horas, y por una nueva fecha de la Liga Metropolitana de F\u00fatbol Femenino se enfrentar\u00e1n los clubes Luj\u00e1n y Almagro. Los encuentros se disputar\u00e1n en el Predio Deportivo del Club Luj\u00e1n (El Pechito Colorado y La Perdiz, barrio San Emilio) con el siguiente cronograma y un valor de la entrada de $ 1500:<\/p>\n\n\n\n<p>-10 horas: Sub-12.<\/p>\n\n\n\n<p>-11 horas:&nbsp; Sub-10<\/p>\n\n\n\n<p>-12 horas: Sub-14.<\/p>\n\n\n\n<p>-13 horas: Sub-16.<\/p>\n\n\n\n<p>-14.15 horas: Reserva<\/p>\n\n\n\n<p><strong>F\u00daTBOL INFANTIL: JORNADA DE ACIFO<\/strong><\/p>\n\n\n\n<p>A partir de las 10 horas se desarrollar\u00e1n los partidos en el club del equipo local&nbsp; correspondientes a la fecha 10 del Torneo Infantil de ACIFO. Las entradas tienen un valor de 1500 pesos y se disputar\u00e1 bajo el siguiente cronograma de las categor\u00edas 2011 a 2017:<\/p>\n\n\n\n<p id=\"geom_inter_1729904196554_77_84\">Platense Vs. Sp Victoria<\/p>\n\n\n\n<p>Parque Real Vs. El Lucero<\/p>\n\n\n\n<p>Parque Esperanza Vs. J-U- Olivera<\/p>\n\n\n\n<p>Parque Irigoyen Vs. Jose Ingenieros Vs. Ing Raver<\/p>\n\n\n\n<p>Alumni Vs. El Mirador<\/p>\n\n\n\n<p>Porte\u00f1o Vs. La Pepa<\/p>\n\n\n\n<p>F.I.Robles Vs. Juan Xxiii<\/p>\n\n\n\n<p>San Luis Gonzaga Vs. Juv Unida<\/p>\n\n\n\n<p>Martin Rodriguez Vs. San Lorenzo<\/p>\n\n\n\n<p>Italianos Vs. San Pedro<\/p>\n\n\n\n<p>Steverlynck Vs. Rey De Reyes<\/p>\n\n\n\n<p>J. Gallardo Vs. Def. Pueblo Nuevo<\/p>\n\n\n\n<p>San Bernardo Vs. Cortinez<\/p>\n\n\n\n<p><strong>F\u00daTBOL FEMENINO: EL TIM\u00d3N VS. TROCHA<\/strong><\/p>\n\n\n\n<p>A partir de las 12 horas, la primera divisi\u00f3n del Club El Tim\u00f3n enfrentar\u00e1 a Trocha en el Estadio \u201cJulio Compagnoni\u201d del Club El Tim\u00f3n (Ingreso por Av. Flandes, J\u00e1uregui) por la Liga Mercedina. La entrada tiene un valor de $1500.<\/p>\n\n\n\n<p><strong>F\u00daTBOL FEMENINO AFA: LUJ\u00c1N VS. QUILMES<\/strong><\/p>\n\n\n\n<p>A partir de las las 15&nbsp; horas, en el Predio Deportivo del Club Luj\u00e1n (El Pechito Colorado y La Perdiz, barrio San Emilio) Luj\u00e1n recibir\u00e1 a Quilmes, para disputar la fecha \u00faltima fecha de la Primera C. La entrada tiene un valor de 2.000 pesos.<\/p>\n\n\n\n<p id=\"geom_inter_1729904197531_17_86\"><strong>F\u00daTBOL AFA: VILLA SAN CARLOS VS. FLANDRIA<\/strong><\/p>\n\n\n\n<p id=\"geom_inter_1729904198520_21_88\">En condici\u00f3n de visitante y a partir de las 15 horas, la primera divisi\u00f3n de Flandria disputar\u00e1 la fecha 20 del Torneo Clausura de Primera B ante Villa San Carlos. Transmite Tyc Sports Play.<\/p>\n","protected":false},"excerpt":{"rendered":"<p>Habr\u00e1 actividades deportivas que se llevar\u00e1n a cabo en diversos puntos del distrito durante el fin de semana. \u00a0 Actividades deportivas libres y gratuitas S\u00e1bado 26 de octubre: RUGBY: IV&hellip; <\/p>\n","protected":false},"author":2,"featured_media":7663,"comment_status":"closed","ping_status":"closed","sticky":false,"template":"","format":"standard","meta":{"footnotes":""},"categories":[12],"tags":[],"class_list":["post-7662","post","type-post","status-publish","format-standard","has-post-thumbnail","hentry","category-deporte"],"yoast_head":"<!-- This site is optimized with the Yoast SEO plugin v27.3 - https:\/\/yoast.com\/product\/yoast-seo-wordpress\/ -->\n<title>Agenda de actividades deportivas para el fin de semana -<\/title>\n<meta name=\"robots\" content=\"index, follow, max-snippet:-1, max-image-preview:large, max-video-preview:-1\" \/>\n<link rel=\"canonical\" href=\"https:\/\/elciudadanodelujan.com.ar\/?p=7662\" \/>\n<meta property=\"og:locale\" content=\"es_ES\" \/>\n<meta property=\"og:type\" content=\"article\" \/>\n<meta property=\"og:title\" content=\"Agenda de actividades deportivas para el fin de semana -\" \/>\n<meta property=\"og:description\" content=\"Habr\u00e1 actividades deportivas que se llevar\u00e1n a cabo en diversos puntos del distrito durante el fin de semana. \u00a0 Actividades deportivas libres y gratuitas S\u00e1bado 26 de octubre: RUGBY: IV&hellip;\" \/>\n<meta property=\"og:url\" content=\"https:\/\/elciudadanodelujan.com.ar\/?p=7662\" \/>\n<meta property=\"article:publisher\" content=\"https:\/\/www.facebook.com\/elciudadanodelujan\" \/>\n<meta property=\"article:published_time\" content=\"2024-10-26T00:57:41+00:00\" \/>\n<meta property=\"article:modified_time\" content=\"2024-10-26T00:59:09+00:00\" \/>\n<meta property=\"og:image\" content=\"https:\/\/elciudadanodelujan.com.ar\/wp-content\/uploads\/2024\/10\/image-99.png\" \/>\n\t<meta property=\"og:image:width\" content=\"1440\" \/>\n\t<meta property=\"og:image:height\" content=\"959\" \/>\n\t<meta property=\"og:image:type\" content=\"image\/png\" \/>\n<meta name=\"author\" content=\"Osvaldo Cabral\" \/>\n<meta name=\"twitter:card\" content=\"summary_large_image\" \/>\n<meta name=\"twitter:label1\" content=\"Escrito por\" \/>\n\t<meta name=\"twitter:data1\" content=\"Osvaldo Cabral\" \/>\n\t<meta name=\"twitter:label2\" content=\"Tiempo de lectura\" \/>\n\t<meta name=\"twitter:data2\" content=\"9 minutos\" \/>\n<script type=\"application\/ld+json\" class=\"yoast-schema-graph\">{\"@context\":\"https:\\\/\\\/schema.org\",\"@graph\":[{\"@type\":\"Article\",\"@id\":\"https:\\\/\\\/elciudadanodelujan.com.ar\\\/?p=7662#article\",\"isPartOf\":{\"@id\":\"https:\\\/\\\/elciudadanodelujan.com.ar\\\/?p=7662\"},\"author\":{\"name\":\"Osvaldo Cabral\",\"@id\":\"https:\\\/\\\/elciudadanodelujan.com.ar\\\/#\\\/schema\\\/person\\\/6e4147c312281a224c424b0ca2b1d439\"},\"headline\":\"Agenda de actividades deportivas para el fin de semana\",\"datePublished\":\"2024-10-26T00:57:41+00:00\",\"dateModified\":\"2024-10-26T00:59:09+00:00\",\"mainEntityOfPage\":{\"@id\":\"https:\\\/\\\/elciudadanodelujan.com.ar\\\/?p=7662\"},\"wordCount\":1715,\"publisher\":{\"@id\":\"https:\\\/\\\/elciudadanodelujan.com.ar\\\/#organization\"},\"image\":{\"@id\":\"https:\\\/\\\/elciudadanodelujan.com.ar\\\/?p=7662#primaryimage\"},\"thumbnailUrl\":\"https:\\\/\\\/elciudadanodelujan.com.ar\\\/wp-content\\\/uploads\\\/2024\\\/10\\\/image-99.png\",\"articleSection\":[\"Deporte\"],\"inLanguage\":\"es\"},{\"@type\":\"WebPage\",\"@id\":\"https:\\\/\\\/elciudadanodelujan.com.ar\\\/?p=7662\",\"url\":\"https:\\\/\\\/elciudadanodelujan.com.ar\\\/?p=7662\",\"name\":\"Agenda de actividades deportivas para el fin de semana -\",\"isPartOf\":{\"@id\":\"https:\\\/\\\/elciudadanodelujan.com.ar\\\/#website\"},\"primaryImageOfPage\":{\"@id\":\"https:\\\/\\\/elciudadanodelujan.com.ar\\\/?p=7662#primaryimage\"},\"image\":{\"@id\":\"https:\\\/\\\/elciudadanodelujan.com.ar\\\/?p=7662#primaryimage\"},\"thumbnailUrl\":\"https:\\\/\\\/elciudadanodelujan.com.ar\\\/wp-content\\\/uploads\\\/2024\\\/10\\\/image-99.png\",\"datePublished\":\"2024-10-26T00:57:41+00:00\",\"dateModified\":\"2024-10-26T00:59:09+00:00\",\"breadcrumb\":{\"@id\":\"https:\\\/\\\/elciudadanodelujan.com.ar\\\/?p=7662#breadcrumb\"},\"inLanguage\":\"es\",\"potentialAction\":[{\"@type\":\"ReadAction\",\"target\":[\"https:\\\/\\\/elciudadanodelujan.com.ar\\\/?p=7662\"]}]},{\"@type\":\"ImageObject\",\"inLanguage\":\"es\",\"@id\":\"https:\\\/\\\/elciudadanodelujan.com.ar\\\/?p=7662#primaryimage\",\"url\":\"https:\\\/\\\/elciudadanodelujan.com.ar\\\/wp-content\\\/uploads\\\/2024\\\/10\\\/image-99.png\",\"contentUrl\":\"https:\\\/\\\/elciudadanodelujan.com.ar\\\/wp-content\\\/uploads\\\/2024\\\/10\\\/image-99.png\",\"width\":1440,\"height\":959},{\"@type\":\"BreadcrumbList\",\"@id\":\"https:\\\/\\\/elciudadanodelujan.com.ar\\\/?p=7662#breadcrumb\",\"itemListElement\":[{\"@type\":\"ListItem\",\"position\":1,\"name\":\"Home\",\"item\":\"https:\\\/\\\/elciudadanodelujan.com.ar\\\/\"},{\"@type\":\"ListItem\",\"position\":2,\"name\":\"Agenda de actividades deportivas para el fin de semana\"}]},{\"@type\":\"WebSite\",\"@id\":\"https:\\\/\\\/elciudadanodelujan.com.ar\\\/#website\",\"url\":\"https:\\\/\\\/elciudadanodelujan.com.ar\\\/\",\"name\":\"https:\\\/\\\/elciudadanodelujan.com.ar\",\"description\":\"Noticias de inter\u00e9s general y periodismo de investigaci\u00f3n\",\"publisher\":{\"@id\":\"https:\\\/\\\/elciudadanodelujan.com.ar\\\/#organization\"},\"potentialAction\":[{\"@type\":\"SearchAction\",\"target\":{\"@type\":\"EntryPoint\",\"urlTemplate\":\"https:\\\/\\\/elciudadanodelujan.com.ar\\\/?s={search_term_string}\"},\"query-input\":{\"@type\":\"PropertyValueSpecification\",\"valueRequired\":true,\"valueName\":\"search_term_string\"}}],\"inLanguage\":\"es\"},{\"@type\":\"Organization\",\"@id\":\"https:\\\/\\\/elciudadanodelujan.com.ar\\\/#organization\",\"name\":\"El Ciudadano de Lujan\",\"url\":\"https:\\\/\\\/elciudadanodelujan.com.ar\\\/\",\"logo\":{\"@type\":\"ImageObject\",\"inLanguage\":\"es\",\"@id\":\"https:\\\/\\\/elciudadanodelujan.com.ar\\\/#\\\/schema\\\/logo\\\/image\\\/\",\"url\":\"https:\\\/\\\/elciudadanodelujan.com.ar\\\/wp-content\\\/uploads\\\/2025\\\/01\\\/logo_El_Ciudadano.jpg\",\"contentUrl\":\"https:\\\/\\\/elciudadanodelujan.com.ar\\\/wp-content\\\/uploads\\\/2025\\\/01\\\/logo_El_Ciudadano.jpg\",\"width\":500,\"height\":123,\"caption\":\"El Ciudadano de Lujan\"},\"image\":{\"@id\":\"https:\\\/\\\/elciudadanodelujan.com.ar\\\/#\\\/schema\\\/logo\\\/image\\\/\"},\"sameAs\":[\"https:\\\/\\\/www.facebook.com\\\/elciudadanodelujan\"]},{\"@type\":\"Person\",\"@id\":\"https:\\\/\\\/elciudadanodelujan.com.ar\\\/#\\\/schema\\\/person\\\/6e4147c312281a224c424b0ca2b1d439\",\"name\":\"Osvaldo Cabral\",\"image\":{\"@type\":\"ImageObject\",\"inLanguage\":\"es\",\"@id\":\"https:\\\/\\\/secure.gravatar.com\\\/avatar\\\/c4c6a8aea430571651e7d6992bdfdff335bbe96580656f78299d10ca9a6c1ae9?s=96&d=mm&r=g\",\"url\":\"https:\\\/\\\/secure.gravatar.com\\\/avatar\\\/c4c6a8aea430571651e7d6992bdfdff335bbe96580656f78299d10ca9a6c1ae9?s=96&d=mm&r=g\",\"contentUrl\":\"https:\\\/\\\/secure.gravatar.com\\\/avatar\\\/c4c6a8aea430571651e7d6992bdfdff335bbe96580656f78299d10ca9a6c1ae9?s=96&d=mm&r=g\",\"caption\":\"Osvaldo Cabral\"},\"url\":\"https:\\\/\\\/elciudadanodelujan.com.ar\\\/?author=2\"}]}<\/script>\n<!-- \/ Yoast SEO plugin. -->","yoast_head_json":{"title":"Agenda de actividades deportivas para el fin de semana -","robots":{"index":"index","follow":"follow","max-snippet":"max-snippet:-1","max-image-preview":"max-image-preview:large","max-video-preview":"max-video-preview:-1"},"canonical":"https:\/\/elciudadanodelujan.com.ar\/?p=7662","og_locale":"es_ES","og_type":"article","og_title":"Agenda de actividades deportivas para el fin de semana -","og_description":"Habr\u00e1 actividades deportivas que se llevar\u00e1n a cabo en diversos puntos del distrito durante el fin de semana. \u00a0 Actividades deportivas libres y gratuitas S\u00e1bado 26 de octubre: RUGBY: IV&hellip;","og_url":"https:\/\/elciudadanodelujan.com.ar\/?p=7662","article_publisher":"https:\/\/www.facebook.com\/elciudadanodelujan","article_published_time":"2024-10-26T00:57:41+00:00","article_modified_time":"2024-10-26T00:59:09+00:00","og_image":[{"width":1440,"height":959,"url":"https:\/\/elciudadanodelujan.com.ar\/wp-content\/uploads\/2024\/10\/image-99.png","type":"image\/png"}],"author":"Osvaldo Cabral","twitter_card":"summary_large_image","twitter_misc":{"Escrito por":"Osvaldo Cabral","Tiempo de lectura":"9 minutos"},"schema":{"@context":"https:\/\/schema.org","@graph":[{"@type":"Article","@id":"https:\/\/elciudadanodelujan.com.ar\/?p=7662#article","isPartOf":{"@id":"https:\/\/elciudadanodelujan.com.ar\/?p=7662"},"author":{"name":"Osvaldo Cabral","@id":"https:\/\/elciudadanodelujan.com.ar\/#\/schema\/person\/6e4147c312281a224c424b0ca2b1d439"},"headline":"Agenda de actividades deportivas para el fin de semana","datePublished":"2024-10-26T00:57:41+00:00","dateModified":"2024-10-26T00:59:09+00:00","mainEntityOfPage":{"@id":"https:\/\/elciudadanodelujan.com.ar\/?p=7662"},"wordCount":1715,"publisher":{"@id":"https:\/\/elciudadanodelujan.com.ar\/#organization"},"image":{"@id":"https:\/\/elciudadanodelujan.com.ar\/?p=7662#primaryimage"},"thumbnailUrl":"https:\/\/elciudadanodelujan.com.ar\/wp-content\/uploads\/2024\/10\/image-99.png","articleSection":["Deporte"],"inLanguage":"es"},{"@type":"WebPage","@id":"https:\/\/elciudadanodelujan.com.ar\/?p=7662","url":"https:\/\/elciudadanodelujan.com.ar\/?p=7662","name":"Agenda de actividades deportivas para el fin de semana -","isPartOf":{"@id":"https:\/\/elciudadanodelujan.com.ar\/#website"},"primaryImageOfPage":{"@id":"https:\/\/elciudadanodelujan.com.ar\/?p=7662#primaryimage"},"image":{"@id":"https:\/\/elciudadanodelujan.com.ar\/?p=7662#primaryimage"},"thumbnailUrl":"https:\/\/elciudadanodelujan.com.ar\/wp-content\/uploads\/2024\/10\/image-99.png","datePublished":"2024-10-26T00:57:41+00:00","dateModified":"2024-10-26T00:59:09+00:00","breadcrumb":{"@id":"https:\/\/elciudadanodelujan.com.ar\/?p=7662#breadcrumb"},"inLanguage":"es","potentialAction":[{"@type":"ReadAction","target":["https:\/\/elciudadanodelujan.com.ar\/?p=7662"]}]},{"@type":"ImageObject","inLanguage":"es","@id":"https:\/\/elciudadanodelujan.com.ar\/?p=7662#primaryimage","url":"https:\/\/elciudadanodelujan.com.ar\/wp-content\/uploads\/2024\/10\/image-99.png","contentUrl":"https:\/\/elciudadanodelujan.com.ar\/wp-content\/uploads\/2024\/10\/image-99.png","width":1440,"height":959},{"@type":"BreadcrumbList","@id":"https:\/\/elciudadanodelujan.com.ar\/?p=7662#breadcrumb","itemListElement":[{"@type":"ListItem","position":1,"name":"Home","item":"https:\/\/elciudadanodelujan.com.ar\/"},{"@type":"ListItem","position":2,"name":"Agenda de actividades deportivas para el fin de semana"}]},{"@type":"WebSite","@id":"https:\/\/elciudadanodelujan.com.ar\/#website","url":"https:\/\/elciudadanodelujan.com.ar\/","name":"https:\/\/elciudadanodelujan.com.ar","description":"Noticias de inter\u00e9s general y periodismo de investigaci\u00f3n","publisher":{"@id":"https:\/\/elciudadanodelujan.com.ar\/#organization"},"potentialAction":[{"@type":"SearchAction","target":{"@type":"EntryPoint","urlTemplate":"https:\/\/elciudadanodelujan.com.ar\/?s={search_term_string}"},"query-input":{"@type":"PropertyValueSpecification","valueRequired":true,"valueName":"search_term_string"}}],"inLanguage":"es"},{"@type":"Organization","@id":"https:\/\/elciudadanodelujan.com.ar\/#organization","name":"El Ciudadano de Lujan","url":"https:\/\/elciudadanodelujan.com.ar\/","logo":{"@type":"ImageObject","inLanguage":"es","@id":"https:\/\/elciudadanodelujan.com.ar\/#\/schema\/logo\/image\/","url":"https:\/\/elciudadanodelujan.com.ar\/wp-content\/uploads\/2025\/01\/logo_El_Ciudadano.jpg","contentUrl":"https:\/\/elciudadanodelujan.com.ar\/wp-content\/uploads\/2025\/01\/logo_El_Ciudadano.jpg","width":500,"height":123,"caption":"El Ciudadano de Lujan"},"image":{"@id":"https:\/\/elciudadanodelujan.com.ar\/#\/schema\/logo\/image\/"},"sameAs":["https:\/\/www.facebook.com\/elciudadanodelujan"]},{"@type":"Person","@id":"https:\/\/elciudadanodelujan.com.ar\/#\/schema\/person\/6e4147c312281a224c424b0ca2b1d439","name":"Osvaldo Cabral","image":{"@type":"ImageObject","inLanguage":"es","@id":"https:\/\/secure.gravatar.com\/avatar\/c4c6a8aea430571651e7d6992bdfdff335bbe96580656f78299d10ca9a6c1ae9?s=96&d=mm&r=g","url":"https:\/\/secure.gravatar.com\/avatar\/c4c6a8aea430571651e7d6992bdfdff335bbe96580656f78299d10ca9a6c1ae9?s=96&d=mm&r=g","contentUrl":"https:\/\/secure.gravatar.com\/avatar\/c4c6a8aea430571651e7d6992bdfdff335bbe96580656f78299d10ca9a6c1ae9?s=96&d=mm&r=g","caption":"Osvaldo Cabral"},"url":"https:\/\/elciudadanodelujan.com.ar\/?author=2"}]}},"_links":{"self":[{"href":"https:\/\/elciudadanodelujan.com.ar\/index.php?rest_route=\/wp\/v2\/posts\/7662","targetHints":{"allow":["GET"]}}],"collection":[{"href":"https:\/\/elciudadanodelujan.com.ar\/index.php?rest_route=\/wp\/v2\/posts"}],"about":[{"href":"https:\/\/elciudadanodelujan.com.ar\/index.php?rest_route=\/wp\/v2\/types\/post"}],"author":[{"embeddable":true,"href":"https:\/\/elciudadanodelujan.com.ar\/index.php?rest_route=\/wp\/v2\/users\/2"}],"replies":[{"embeddable":true,"href":"https:\/\/elciudadanodelujan.com.ar\/index.php?rest_route=%2Fwp%2Fv2%2Fcomments&post=7662"}],"version-history":[{"count":1,"href":"https:\/\/elciudadanodelujan.com.ar\/index.php?rest_route=\/wp\/v2\/posts\/7662\/revisions"}],"predecessor-version":[{"id":7664,"href":"https:\/\/elciudadanodelujan.com.ar\/index.php?rest_route=\/wp\/v2\/posts\/7662\/revisions\/7664"}],"wp:featuredmedia":[{"embeddable":true,"href":"https:\/\/elciudadanodelujan.com.ar\/index.php?rest_route=\/wp\/v2\/media\/7663"}],"wp:attachment":[{"href":"https:\/\/elciudadanodelujan.com.ar\/index.php?rest_route=%2Fwp%2Fv2%2Fmedia&parent=7662"}],"wp:term":[{"taxonomy":"category","embeddable":true,"href":"https:\/\/elciudadanodelujan.com.ar\/index.php?rest_route=%2Fwp%2Fv2%2Fcategories&post=7662"},{"taxonomy":"post_tag","embeddable":true,"href":"https:\/\/elciudadanodelujan.com.ar\/index.php?rest_route=%2Fwp%2Fv2%2Ftags&post=7662"}],"curies":[{"name":"wp","href":"https:\/\/api.w.org\/{rel}","templated":true}]}}