{"id":7654,"date":"2024-10-23T15:05:09","date_gmt":"2024-10-23T18:05:09","guid":{"rendered":"https:\/\/elciudadanodelujan.com.ar\/?p=7654"},"modified":"2024-10-23T15:06:50","modified_gmt":"2024-10-23T18:06:50","slug":"banda-sinfonica-nacional-de-ciegos-pascual-grisolia-en-el-marco-del-77-aniversario","status":"publish","type":"post","link":"https:\/\/elciudadanodelujan.com.ar\/?p=7654","title":{"rendered":"Banda Sinf\u00f3nica Nacional de Ciegos \u201cPascual Grisol\u00eda\u201d en el marco del 77\u00b0 aniversario"},"content":{"rendered":"\n<p><strong>Desde la Secretar\u00eda de Cultura de la Naci\u00f3n, del Ministerio de Capital Humano, se anuncian los conciertos de octubre que brindar\u00e1 la<em>\u00a0Banda Sinf\u00f3nica Nacional de Ciegos \u201cPascual Grisol\u00eda\u201d en el marco del 77\u00b0 ANIVERSARIO<\/em>. Las fechas\u00a0ser\u00e1n los d\u00edas\u00a0<em>jueves\u00a024 a las 19hs, en el Teatro Hebraica, y el mi\u00e9rcoles 30 de octubre a las 20 hs, en el Auditorio Nacional del Palacio Libertad.<\/em><\/strong><\/p>\n\n\n\n<figure class=\"wp-block-image size-large\"><img loading=\"lazy\" decoding=\"async\" width=\"1024\" height=\"682\" src=\"https:\/\/elciudadanodelujan.com.ar\/wp-content\/uploads\/2024\/10\/image-95-1024x682.png\" alt=\"\" class=\"wp-image-7655\" srcset=\"https:\/\/elciudadanodelujan.com.ar\/wp-content\/uploads\/2024\/10\/image-95-1024x682.png 1024w, https:\/\/elciudadanodelujan.com.ar\/wp-content\/uploads\/2024\/10\/image-95-300x200.png 300w, https:\/\/elciudadanodelujan.com.ar\/wp-content\/uploads\/2024\/10\/image-95-768x512.png 768w, https:\/\/elciudadanodelujan.com.ar\/wp-content\/uploads\/2024\/10\/image-95.png 1280w\" sizes=\"auto, (max-width: 1024px) 100vw, 1024px\" \/><\/figure>\n\n\n\n<p><br><\/p>\n\n\n\n<p>El elenco ofrecer\u00e1 un repertorio con obras destacadas del compositor y pianista norteamericano\u00a0<strong>George Gershwin<\/strong>, que incluye la interpretaci\u00f3n de la obra<strong><em>\u00a0\u201cRhapsody in Blue\u201d,<\/em><\/strong>\u00a0popular pieza para piano y orquesta estrenada en 1914, que cumple un siglo desde su creaci\u00f3n.<\/p>\n\n\n\n<figure class=\"wp-block-image size-large\"><img loading=\"lazy\" decoding=\"async\" width=\"1024\" height=\"1024\" src=\"https:\/\/elciudadanodelujan.com.ar\/wp-content\/uploads\/2024\/10\/image-96-1024x1024.png\" alt=\"\" class=\"wp-image-7656\" srcset=\"https:\/\/elciudadanodelujan.com.ar\/wp-content\/uploads\/2024\/10\/image-96-1024x1024.png 1024w, https:\/\/elciudadanodelujan.com.ar\/wp-content\/uploads\/2024\/10\/image-96-300x300.png 300w, https:\/\/elciudadanodelujan.com.ar\/wp-content\/uploads\/2024\/10\/image-96-150x150.png 150w, https:\/\/elciudadanodelujan.com.ar\/wp-content\/uploads\/2024\/10\/image-96-768x768.png 768w, https:\/\/elciudadanodelujan.com.ar\/wp-content\/uploads\/2024\/10\/image-96-1536x1536.png 1536w, https:\/\/elciudadanodelujan.com.ar\/wp-content\/uploads\/2024\/10\/image-96.png 1920w\" sizes=\"auto, (max-width: 1024px) 100vw, 1024px\" \/><\/figure>\n\n\n\n<p><strong>Los conciertos ser\u00e1n dirigidos por el\u00a0Mtro.Agust\u00edn Tocalini\u00a0y contar\u00e1n con la participaci\u00f3n de\u00a0dos pianistas destacados:\u00a0el jueves 24 de octubre, actuar\u00e1\u00a0\u00a0Ramiro Visintin -integrante del elenco nacional-, mientras que el 30 de octubre tendremos la participaci\u00f3n de\u00a0<em>Iv\u00e1n Rutkauskas<\/em>\u00a0solista invitado.<\/strong><\/p>\n\n\n\n<figure class=\"wp-block-image size-large\"><img loading=\"lazy\" decoding=\"async\" width=\"1024\" height=\"1024\" src=\"https:\/\/elciudadanodelujan.com.ar\/wp-content\/uploads\/2024\/10\/image-97-1024x1024.png\" alt=\"\" class=\"wp-image-7657\" srcset=\"https:\/\/elciudadanodelujan.com.ar\/wp-content\/uploads\/2024\/10\/image-97-1024x1024.png 1024w, https:\/\/elciudadanodelujan.com.ar\/wp-content\/uploads\/2024\/10\/image-97-300x300.png 300w, https:\/\/elciudadanodelujan.com.ar\/wp-content\/uploads\/2024\/10\/image-97-150x150.png 150w, https:\/\/elciudadanodelujan.com.ar\/wp-content\/uploads\/2024\/10\/image-97-768x768.png 768w, https:\/\/elciudadanodelujan.com.ar\/wp-content\/uploads\/2024\/10\/image-97-1536x1536.png 1536w, https:\/\/elciudadanodelujan.com.ar\/wp-content\/uploads\/2024\/10\/image-97.png 1920w\" sizes=\"auto, (max-width: 1024px) 100vw, 1024px\" \/><\/figure>\n\n\n\n<p><strong><em>George Gerswhin<\/em><\/strong>&nbsp;fue un prol\u00edfico compositor estadounidense que leg\u00f3 al mundo composiciones -hoy interpretadas- por un sin n\u00famero de orquestas y coros en todo el mundo.&nbsp;Influenciado por la m\u00fasica de Mauricel Ravel (con quien mantuvo una frondosa relaci\u00f3n), Igor Stravinski y Claude Debussy, Gershwin dej\u00f3 plasmadas obras insignia del acervo mundial como<em><strong>&nbsp;\u201cPorgy &amp; Bess\u201d,&nbsp;<\/strong><\/em>\u201c<em><strong>Un americano en Par\u00eds\u201d y<\/strong><\/em><strong><em>&nbsp;\u201cRhapsody in Blue\u201d<\/em><\/strong>. Esta \u00faltima, se convirti\u00f3 en una obra monumental creada y estrenada hace justamente hace 100 a\u00f1os (1924) -que combina elementos y melod\u00edas propias de la m\u00fasica cl\u00e1sica con el jazz-&nbsp; volvi\u00e9ndose una clara muestra de su b\u00fasqueda musical: conjugar la identidad y la cultura norteamericana con esta m\u00fasica \u201cacad\u00e9mica\u201d europea que atraves\u00f3 toda su ef\u00edmera pero prol\u00edfica vida art\u00edstica.<\/p>\n\n\n\n<p>Ministerio de Capital Humano&nbsp;<\/p>\n\n\n\n<p>Secretar\u00eda de Cultura de la Naci\u00f3n&nbsp;<\/p>\n\n\n\n<p>Direcci\u00f3n Nacional de Elencos Estables<\/p>\n\n\n\n<p><strong>BANDA SINF\u00d3NICA NACIONAL DE CIEGOS<\/strong><\/p>\n\n\n\n<p><strong>\u201cPascual Grisol\u00eda\u201d<\/strong><\/p>\n\n\n\n<p><strong>M\u00fasica Cl\u00e1sica Sinf\u00f3nica de George Gershwin<\/strong><\/p>\n\n\n\n<p><strong><em>\u00ab100 a\u00f1os de Rhapsody in blue\u00bb&nbsp; (1924-2024)<\/em><\/strong><\/p>\n\n\n\n<p><strong><em>La canci\u00f3n que se volvi\u00f3 \u00edcono de Nueva York<\/em><\/strong><\/p>\n","protected":false},"excerpt":{"rendered":"<p>Desde la Secretar\u00eda de Cultura de la Naci\u00f3n, del Ministerio de Capital Humano, se anuncian los conciertos de octubre que brindar\u00e1 la\u00a0Banda Sinf\u00f3nica Nacional de Ciegos \u201cPascual Grisol\u00eda\u201d en el&hellip; <\/p>\n","protected":false},"author":2,"featured_media":7657,"comment_status":"closed","ping_status":"closed","sticky":false,"template":"","format":"standard","meta":{"footnotes":""},"categories":[7],"tags":[],"class_list":["post-7654","post","type-post","status-publish","format-standard","has-post-thumbnail","hentry","category-cultura"],"yoast_head":"<!-- This site is optimized with the Yoast SEO plugin v27.3 - https:\/\/yoast.com\/product\/yoast-seo-wordpress\/ -->\n<title>Banda Sinf\u00f3nica Nacional de Ciegos \u201cPascual Grisol\u00eda\u201d en el marco del 77\u00b0 aniversario -<\/title>\n<meta name=\"robots\" content=\"index, follow, max-snippet:-1, max-image-preview:large, max-video-preview:-1\" \/>\n<link rel=\"canonical\" href=\"https:\/\/elciudadanodelujan.com.ar\/?p=7654\" \/>\n<meta property=\"og:locale\" content=\"es_ES\" \/>\n<meta property=\"og:type\" content=\"article\" \/>\n<meta property=\"og:title\" content=\"Banda Sinf\u00f3nica Nacional de Ciegos \u201cPascual Grisol\u00eda\u201d en el marco del 77\u00b0 aniversario -\" \/>\n<meta property=\"og:description\" content=\"Desde la Secretar\u00eda de Cultura de la Naci\u00f3n, del Ministerio de Capital Humano, se anuncian los conciertos de octubre que brindar\u00e1 la\u00a0Banda Sinf\u00f3nica Nacional de Ciegos \u201cPascual Grisol\u00eda\u201d en el&hellip;\" \/>\n<meta property=\"og:url\" content=\"https:\/\/elciudadanodelujan.com.ar\/?p=7654\" \/>\n<meta property=\"article:publisher\" content=\"https:\/\/www.facebook.com\/elciudadanodelujan\" \/>\n<meta property=\"article:published_time\" content=\"2024-10-23T18:05:09+00:00\" \/>\n<meta property=\"article:modified_time\" content=\"2024-10-23T18:06:50+00:00\" \/>\n<meta property=\"og:image\" content=\"https:\/\/elciudadanodelujan.com.ar\/wp-content\/uploads\/2024\/10\/image-97-1024x1024.png\" \/>\n\t<meta property=\"og:image:width\" content=\"1024\" \/>\n\t<meta property=\"og:image:height\" content=\"1024\" \/>\n\t<meta property=\"og:image:type\" content=\"image\/png\" \/>\n<meta name=\"author\" content=\"Osvaldo Cabral\" \/>\n<meta name=\"twitter:card\" content=\"summary_large_image\" \/>\n<meta name=\"twitter:label1\" content=\"Escrito por\" \/>\n\t<meta name=\"twitter:data1\" content=\"Osvaldo Cabral\" \/>\n\t<meta name=\"twitter:label2\" content=\"Tiempo de lectura\" \/>\n\t<meta name=\"twitter:data2\" content=\"2 minutos\" \/>\n<script type=\"application\/ld+json\" class=\"yoast-schema-graph\">{\"@context\":\"https:\\\/\\\/schema.org\",\"@graph\":[{\"@type\":\"Article\",\"@id\":\"https:\\\/\\\/elciudadanodelujan.com.ar\\\/?p=7654#article\",\"isPartOf\":{\"@id\":\"https:\\\/\\\/elciudadanodelujan.com.ar\\\/?p=7654\"},\"author\":{\"name\":\"Osvaldo Cabral\",\"@id\":\"https:\\\/\\\/elciudadanodelujan.com.ar\\\/#\\\/schema\\\/person\\\/6e4147c312281a224c424b0ca2b1d439\"},\"headline\":\"Banda Sinf\u00f3nica Nacional de Ciegos \u201cPascual Grisol\u00eda\u201d en el marco del 77\u00b0 aniversario\",\"datePublished\":\"2024-10-23T18:05:09+00:00\",\"dateModified\":\"2024-10-23T18:06:50+00:00\",\"mainEntityOfPage\":{\"@id\":\"https:\\\/\\\/elciudadanodelujan.com.ar\\\/?p=7654\"},\"wordCount\":372,\"publisher\":{\"@id\":\"https:\\\/\\\/elciudadanodelujan.com.ar\\\/#organization\"},\"image\":{\"@id\":\"https:\\\/\\\/elciudadanodelujan.com.ar\\\/?p=7654#primaryimage\"},\"thumbnailUrl\":\"https:\\\/\\\/elciudadanodelujan.com.ar\\\/wp-content\\\/uploads\\\/2024\\\/10\\\/image-97.png\",\"articleSection\":[\"CULTURA\"],\"inLanguage\":\"es\"},{\"@type\":\"WebPage\",\"@id\":\"https:\\\/\\\/elciudadanodelujan.com.ar\\\/?p=7654\",\"url\":\"https:\\\/\\\/elciudadanodelujan.com.ar\\\/?p=7654\",\"name\":\"Banda Sinf\u00f3nica Nacional de Ciegos \u201cPascual Grisol\u00eda\u201d en el marco del 77\u00b0 aniversario -\",\"isPartOf\":{\"@id\":\"https:\\\/\\\/elciudadanodelujan.com.ar\\\/#website\"},\"primaryImageOfPage\":{\"@id\":\"https:\\\/\\\/elciudadanodelujan.com.ar\\\/?p=7654#primaryimage\"},\"image\":{\"@id\":\"https:\\\/\\\/elciudadanodelujan.com.ar\\\/?p=7654#primaryimage\"},\"thumbnailUrl\":\"https:\\\/\\\/elciudadanodelujan.com.ar\\\/wp-content\\\/uploads\\\/2024\\\/10\\\/image-97.png\",\"datePublished\":\"2024-10-23T18:05:09+00:00\",\"dateModified\":\"2024-10-23T18:06:50+00:00\",\"breadcrumb\":{\"@id\":\"https:\\\/\\\/elciudadanodelujan.com.ar\\\/?p=7654#breadcrumb\"},\"inLanguage\":\"es\",\"potentialAction\":[{\"@type\":\"ReadAction\",\"target\":[\"https:\\\/\\\/elciudadanodelujan.com.ar\\\/?p=7654\"]}]},{\"@type\":\"ImageObject\",\"inLanguage\":\"es\",\"@id\":\"https:\\\/\\\/elciudadanodelujan.com.ar\\\/?p=7654#primaryimage\",\"url\":\"https:\\\/\\\/elciudadanodelujan.com.ar\\\/wp-content\\\/uploads\\\/2024\\\/10\\\/image-97.png\",\"contentUrl\":\"https:\\\/\\\/elciudadanodelujan.com.ar\\\/wp-content\\\/uploads\\\/2024\\\/10\\\/image-97.png\",\"width\":1920,\"height\":1920},{\"@type\":\"BreadcrumbList\",\"@id\":\"https:\\\/\\\/elciudadanodelujan.com.ar\\\/?p=7654#breadcrumb\",\"itemListElement\":[{\"@type\":\"ListItem\",\"position\":1,\"name\":\"Home\",\"item\":\"https:\\\/\\\/elciudadanodelujan.com.ar\\\/\"},{\"@type\":\"ListItem\",\"position\":2,\"name\":\"Banda Sinf\u00f3nica Nacional de Ciegos \u201cPascual Grisol\u00eda\u201d en el marco del 77\u00b0 aniversario\"}]},{\"@type\":\"WebSite\",\"@id\":\"https:\\\/\\\/elciudadanodelujan.com.ar\\\/#website\",\"url\":\"https:\\\/\\\/elciudadanodelujan.com.ar\\\/\",\"name\":\"https:\\\/\\\/elciudadanodelujan.com.ar\",\"description\":\"Noticias de inter\u00e9s general y periodismo de investigaci\u00f3n\",\"publisher\":{\"@id\":\"https:\\\/\\\/elciudadanodelujan.com.ar\\\/#organization\"},\"potentialAction\":[{\"@type\":\"SearchAction\",\"target\":{\"@type\":\"EntryPoint\",\"urlTemplate\":\"https:\\\/\\\/elciudadanodelujan.com.ar\\\/?s={search_term_string}\"},\"query-input\":{\"@type\":\"PropertyValueSpecification\",\"valueRequired\":true,\"valueName\":\"search_term_string\"}}],\"inLanguage\":\"es\"},{\"@type\":\"Organization\",\"@id\":\"https:\\\/\\\/elciudadanodelujan.com.ar\\\/#organization\",\"name\":\"El Ciudadano de Lujan\",\"url\":\"https:\\\/\\\/elciudadanodelujan.com.ar\\\/\",\"logo\":{\"@type\":\"ImageObject\",\"inLanguage\":\"es\",\"@id\":\"https:\\\/\\\/elciudadanodelujan.com.ar\\\/#\\\/schema\\\/logo\\\/image\\\/\",\"url\":\"https:\\\/\\\/elciudadanodelujan.com.ar\\\/wp-content\\\/uploads\\\/2025\\\/01\\\/logo_El_Ciudadano.jpg\",\"contentUrl\":\"https:\\\/\\\/elciudadanodelujan.com.ar\\\/wp-content\\\/uploads\\\/2025\\\/01\\\/logo_El_Ciudadano.jpg\",\"width\":500,\"height\":123,\"caption\":\"El Ciudadano de Lujan\"},\"image\":{\"@id\":\"https:\\\/\\\/elciudadanodelujan.com.ar\\\/#\\\/schema\\\/logo\\\/image\\\/\"},\"sameAs\":[\"https:\\\/\\\/www.facebook.com\\\/elciudadanodelujan\"]},{\"@type\":\"Person\",\"@id\":\"https:\\\/\\\/elciudadanodelujan.com.ar\\\/#\\\/schema\\\/person\\\/6e4147c312281a224c424b0ca2b1d439\",\"name\":\"Osvaldo Cabral\",\"image\":{\"@type\":\"ImageObject\",\"inLanguage\":\"es\",\"@id\":\"https:\\\/\\\/secure.gravatar.com\\\/avatar\\\/c4c6a8aea430571651e7d6992bdfdff335bbe96580656f78299d10ca9a6c1ae9?s=96&d=mm&r=g\",\"url\":\"https:\\\/\\\/secure.gravatar.com\\\/avatar\\\/c4c6a8aea430571651e7d6992bdfdff335bbe96580656f78299d10ca9a6c1ae9?s=96&d=mm&r=g\",\"contentUrl\":\"https:\\\/\\\/secure.gravatar.com\\\/avatar\\\/c4c6a8aea430571651e7d6992bdfdff335bbe96580656f78299d10ca9a6c1ae9?s=96&d=mm&r=g\",\"caption\":\"Osvaldo Cabral\"},\"url\":\"https:\\\/\\\/elciudadanodelujan.com.ar\\\/?author=2\"}]}<\/script>\n<!-- \/ Yoast SEO plugin. -->","yoast_head_json":{"title":"Banda Sinf\u00f3nica Nacional de Ciegos \u201cPascual Grisol\u00eda\u201d en el marco del 77\u00b0 aniversario -","robots":{"index":"index","follow":"follow","max-snippet":"max-snippet:-1","max-image-preview":"max-image-preview:large","max-video-preview":"max-video-preview:-1"},"canonical":"https:\/\/elciudadanodelujan.com.ar\/?p=7654","og_locale":"es_ES","og_type":"article","og_title":"Banda Sinf\u00f3nica Nacional de Ciegos \u201cPascual Grisol\u00eda\u201d en el marco del 77\u00b0 aniversario -","og_description":"Desde la Secretar\u00eda de Cultura de la Naci\u00f3n, del Ministerio de Capital Humano, se anuncian los conciertos de octubre que brindar\u00e1 la\u00a0Banda Sinf\u00f3nica Nacional de Ciegos \u201cPascual Grisol\u00eda\u201d en el&hellip;","og_url":"https:\/\/elciudadanodelujan.com.ar\/?p=7654","article_publisher":"https:\/\/www.facebook.com\/elciudadanodelujan","article_published_time":"2024-10-23T18:05:09+00:00","article_modified_time":"2024-10-23T18:06:50+00:00","og_image":[{"width":1024,"height":1024,"url":"https:\/\/elciudadanodelujan.com.ar\/wp-content\/uploads\/2024\/10\/image-97-1024x1024.png","type":"image\/png"}],"author":"Osvaldo Cabral","twitter_card":"summary_large_image","twitter_misc":{"Escrito por":"Osvaldo Cabral","Tiempo de lectura":"2 minutos"},"schema":{"@context":"https:\/\/schema.org","@graph":[{"@type":"Article","@id":"https:\/\/elciudadanodelujan.com.ar\/?p=7654#article","isPartOf":{"@id":"https:\/\/elciudadanodelujan.com.ar\/?p=7654"},"author":{"name":"Osvaldo Cabral","@id":"https:\/\/elciudadanodelujan.com.ar\/#\/schema\/person\/6e4147c312281a224c424b0ca2b1d439"},"headline":"Banda Sinf\u00f3nica Nacional de Ciegos \u201cPascual Grisol\u00eda\u201d en el marco del 77\u00b0 aniversario","datePublished":"2024-10-23T18:05:09+00:00","dateModified":"2024-10-23T18:06:50+00:00","mainEntityOfPage":{"@id":"https:\/\/elciudadanodelujan.com.ar\/?p=7654"},"wordCount":372,"publisher":{"@id":"https:\/\/elciudadanodelujan.com.ar\/#organization"},"image":{"@id":"https:\/\/elciudadanodelujan.com.ar\/?p=7654#primaryimage"},"thumbnailUrl":"https:\/\/elciudadanodelujan.com.ar\/wp-content\/uploads\/2024\/10\/image-97.png","articleSection":["CULTURA"],"inLanguage":"es"},{"@type":"WebPage","@id":"https:\/\/elciudadanodelujan.com.ar\/?p=7654","url":"https:\/\/elciudadanodelujan.com.ar\/?p=7654","name":"Banda Sinf\u00f3nica Nacional de Ciegos \u201cPascual Grisol\u00eda\u201d en el marco del 77\u00b0 aniversario -","isPartOf":{"@id":"https:\/\/elciudadanodelujan.com.ar\/#website"},"primaryImageOfPage":{"@id":"https:\/\/elciudadanodelujan.com.ar\/?p=7654#primaryimage"},"image":{"@id":"https:\/\/elciudadanodelujan.com.ar\/?p=7654#primaryimage"},"thumbnailUrl":"https:\/\/elciudadanodelujan.com.ar\/wp-content\/uploads\/2024\/10\/image-97.png","datePublished":"2024-10-23T18:05:09+00:00","dateModified":"2024-10-23T18:06:50+00:00","breadcrumb":{"@id":"https:\/\/elciudadanodelujan.com.ar\/?p=7654#breadcrumb"},"inLanguage":"es","potentialAction":[{"@type":"ReadAction","target":["https:\/\/elciudadanodelujan.com.ar\/?p=7654"]}]},{"@type":"ImageObject","inLanguage":"es","@id":"https:\/\/elciudadanodelujan.com.ar\/?p=7654#primaryimage","url":"https:\/\/elciudadanodelujan.com.ar\/wp-content\/uploads\/2024\/10\/image-97.png","contentUrl":"https:\/\/elciudadanodelujan.com.ar\/wp-content\/uploads\/2024\/10\/image-97.png","width":1920,"height":1920},{"@type":"BreadcrumbList","@id":"https:\/\/elciudadanodelujan.com.ar\/?p=7654#breadcrumb","itemListElement":[{"@type":"ListItem","position":1,"name":"Home","item":"https:\/\/elciudadanodelujan.com.ar\/"},{"@type":"ListItem","position":2,"name":"Banda Sinf\u00f3nica Nacional de Ciegos \u201cPascual Grisol\u00eda\u201d en el marco del 77\u00b0 aniversario"}]},{"@type":"WebSite","@id":"https:\/\/elciudadanodelujan.com.ar\/#website","url":"https:\/\/elciudadanodelujan.com.ar\/","name":"https:\/\/elciudadanodelujan.com.ar","description":"Noticias de inter\u00e9s general y periodismo de investigaci\u00f3n","publisher":{"@id":"https:\/\/elciudadanodelujan.com.ar\/#organization"},"potentialAction":[{"@type":"SearchAction","target":{"@type":"EntryPoint","urlTemplate":"https:\/\/elciudadanodelujan.com.ar\/?s={search_term_string}"},"query-input":{"@type":"PropertyValueSpecification","valueRequired":true,"valueName":"search_term_string"}}],"inLanguage":"es"},{"@type":"Organization","@id":"https:\/\/elciudadanodelujan.com.ar\/#organization","name":"El Ciudadano de Lujan","url":"https:\/\/elciudadanodelujan.com.ar\/","logo":{"@type":"ImageObject","inLanguage":"es","@id":"https:\/\/elciudadanodelujan.com.ar\/#\/schema\/logo\/image\/","url":"https:\/\/elciudadanodelujan.com.ar\/wp-content\/uploads\/2025\/01\/logo_El_Ciudadano.jpg","contentUrl":"https:\/\/elciudadanodelujan.com.ar\/wp-content\/uploads\/2025\/01\/logo_El_Ciudadano.jpg","width":500,"height":123,"caption":"El Ciudadano de Lujan"},"image":{"@id":"https:\/\/elciudadanodelujan.com.ar\/#\/schema\/logo\/image\/"},"sameAs":["https:\/\/www.facebook.com\/elciudadanodelujan"]},{"@type":"Person","@id":"https:\/\/elciudadanodelujan.com.ar\/#\/schema\/person\/6e4147c312281a224c424b0ca2b1d439","name":"Osvaldo Cabral","image":{"@type":"ImageObject","inLanguage":"es","@id":"https:\/\/secure.gravatar.com\/avatar\/c4c6a8aea430571651e7d6992bdfdff335bbe96580656f78299d10ca9a6c1ae9?s=96&d=mm&r=g","url":"https:\/\/secure.gravatar.com\/avatar\/c4c6a8aea430571651e7d6992bdfdff335bbe96580656f78299d10ca9a6c1ae9?s=96&d=mm&r=g","contentUrl":"https:\/\/secure.gravatar.com\/avatar\/c4c6a8aea430571651e7d6992bdfdff335bbe96580656f78299d10ca9a6c1ae9?s=96&d=mm&r=g","caption":"Osvaldo Cabral"},"url":"https:\/\/elciudadanodelujan.com.ar\/?author=2"}]}},"_links":{"self":[{"href":"https:\/\/elciudadanodelujan.com.ar\/index.php?rest_route=\/wp\/v2\/posts\/7654","targetHints":{"allow":["GET"]}}],"collection":[{"href":"https:\/\/elciudadanodelujan.com.ar\/index.php?rest_route=\/wp\/v2\/posts"}],"about":[{"href":"https:\/\/elciudadanodelujan.com.ar\/index.php?rest_route=\/wp\/v2\/types\/post"}],"author":[{"embeddable":true,"href":"https:\/\/elciudadanodelujan.com.ar\/index.php?rest_route=\/wp\/v2\/users\/2"}],"replies":[{"embeddable":true,"href":"https:\/\/elciudadanodelujan.com.ar\/index.php?rest_route=%2Fwp%2Fv2%2Fcomments&post=7654"}],"version-history":[{"count":1,"href":"https:\/\/elciudadanodelujan.com.ar\/index.php?rest_route=\/wp\/v2\/posts\/7654\/revisions"}],"predecessor-version":[{"id":7658,"href":"https:\/\/elciudadanodelujan.com.ar\/index.php?rest_route=\/wp\/v2\/posts\/7654\/revisions\/7658"}],"wp:featuredmedia":[{"embeddable":true,"href":"https:\/\/elciudadanodelujan.com.ar\/index.php?rest_route=\/wp\/v2\/media\/7657"}],"wp:attachment":[{"href":"https:\/\/elciudadanodelujan.com.ar\/index.php?rest_route=%2Fwp%2Fv2%2Fmedia&parent=7654"}],"wp:term":[{"taxonomy":"category","embeddable":true,"href":"https:\/\/elciudadanodelujan.com.ar\/index.php?rest_route=%2Fwp%2Fv2%2Fcategories&post=7654"},{"taxonomy":"post_tag","embeddable":true,"href":"https:\/\/elciudadanodelujan.com.ar\/index.php?rest_route=%2Fwp%2Fv2%2Ftags&post=7654"}],"curies":[{"name":"wp","href":"https:\/\/api.w.org\/{rel}","templated":true}]}}