{"id":7648,"date":"2024-10-23T14:58:51","date_gmt":"2024-10-23T17:58:51","guid":{"rendered":"https:\/\/elciudadanodelujan.com.ar\/?p=7648"},"modified":"2024-10-31T20:34:50","modified_gmt":"2024-10-31T23:34:50","slug":"se-realizara-una-capacitacion-de-primeros-pasos-cooperativos","status":"publish","type":"post","link":"https:\/\/elciudadanodelujan.com.ar\/?p=7648","title":{"rendered":"Se realizar\u00e1 una Capacitaci\u00f3n de Primeros Pasos Cooperativos"},"content":{"rendered":"\n<p><strong>El Municipio de Luj\u00e1n informa a la comunidad que se realizar\u00e1 la Capacitaci\u00f3n Cooperativa \u201cPrimeros Pasos Cooperativos\u201d, una actividad que tiene por objetivo contribuir al fortalecimiento de la gesti\u00f3n de la entidad.\u00a0<\/strong><\/p>\n\n\n\n<figure class=\"wp-block-image size-full\"><img loading=\"lazy\" decoding=\"async\" width=\"977\" height=\"651\" src=\"https:\/\/elciudadanodelujan.com.ar\/wp-content\/uploads\/2024\/10\/image-93.png\" alt=\"\" class=\"wp-image-7649\" srcset=\"https:\/\/elciudadanodelujan.com.ar\/wp-content\/uploads\/2024\/10\/image-93.png 977w, https:\/\/elciudadanodelujan.com.ar\/wp-content\/uploads\/2024\/10\/image-93-300x200.png 300w, https:\/\/elciudadanodelujan.com.ar\/wp-content\/uploads\/2024\/10\/image-93-768x512.png 768w\" sizes=\"auto, (max-width: 977px) 100vw, 977px\" \/><\/figure>\n\n\n\n<p>Dirigida a asociados y asociadas de cooperativas, el curso constar\u00e1 de dos encuentros presenciales de una hora y media cada uno. Los mismos ser\u00e1n el viernes 1\u00b0 y viernes 8 de noviembre, de 10.30 a 12 horas, en la Secretar\u00eda de Desarrollo Productivo (Belgrano 1250).<\/p>\n\n\n\n<p>En tanto, las personas presentes, podr\u00e1n tener contacto con los equipos del Instituto Provincial de Asociativismo y Cooperativismo (IPAC) para ser asesoradas sobre los aspectos centrales de la gesti\u00f3n institucional, social y econ\u00f3mica.<\/p>\n\n\n\n<p>Quienes deseen inscribirse, deber\u00e1n hacerlo de manera online a trav\u00e9s del siguiente enlace&nbsp;<a rel=\"noreferrer noopener\" target=\"_blank\" href=\"https:\/\/docs.google.com\/forms\/d\/e\/1FAIpQLSfjEuLtZDlW1XMo1HVZCFESL-1DklXyreeF5Y10QpYF_TI9aA\/viewform\">https:\/\/docs.google.com\/forms\/d\/e\/1FAIpQLSfjEuLtZDlW1XMo1HVZCFESL-1DklXyreeF5Y10QpYF_TI9aA\/viewform<\/a>.&nbsp;&nbsp;<\/p>\n\n\n\n<p>Para mayor informaci\u00f3n, las y los interesados podr\u00e1n dirigirse a la Oficina de la Direcci\u00f3n de Econom\u00eda Popular (Belgrano 1250), de lunes a viernes, de 8 a 14 horas.<\/p>\n","protected":false},"excerpt":{"rendered":"<p>El Municipio de Luj\u00e1n informa a la comunidad que se realizar\u00e1 la Capacitaci\u00f3n Cooperativa \u201cPrimeros Pasos Cooperativos\u201d, una actividad que tiene por objetivo contribuir al fortalecimiento de la gesti\u00f3n de&hellip; <\/p>\n","protected":false},"author":2,"featured_media":7649,"comment_status":"closed","ping_status":"closed","sticky":false,"template":"","format":"standard","meta":{"footnotes":""},"categories":[13],"tags":[],"class_list":["post-7648","post","type-post","status-publish","format-standard","has-post-thumbnail","hentry","category-educacion"],"yoast_head":"<!-- This site is optimized with the Yoast SEO plugin v27.3 - https:\/\/yoast.com\/product\/yoast-seo-wordpress\/ -->\n<title>Se realizar\u00e1 una Capacitaci\u00f3n de Primeros Pasos Cooperativos -<\/title>\n<meta name=\"robots\" content=\"index, follow, max-snippet:-1, max-image-preview:large, max-video-preview:-1\" \/>\n<link rel=\"canonical\" href=\"https:\/\/elciudadanodelujan.com.ar\/?p=7648\" \/>\n<meta property=\"og:locale\" content=\"es_ES\" \/>\n<meta property=\"og:type\" content=\"article\" \/>\n<meta property=\"og:title\" content=\"Se realizar\u00e1 una Capacitaci\u00f3n de Primeros Pasos Cooperativos -\" \/>\n<meta property=\"og:description\" content=\"El Municipio de Luj\u00e1n informa a la comunidad que se realizar\u00e1 la Capacitaci\u00f3n Cooperativa \u201cPrimeros Pasos Cooperativos\u201d, una actividad que tiene por objetivo contribuir al fortalecimiento de la gesti\u00f3n de&hellip;\" \/>\n<meta property=\"og:url\" content=\"https:\/\/elciudadanodelujan.com.ar\/?p=7648\" \/>\n<meta property=\"article:publisher\" content=\"https:\/\/www.facebook.com\/elciudadanodelujan\" \/>\n<meta property=\"article:published_time\" content=\"2024-10-23T17:58:51+00:00\" \/>\n<meta property=\"article:modified_time\" content=\"2024-10-31T23:34:50+00:00\" \/>\n<meta property=\"og:image\" content=\"https:\/\/elciudadanodelujan.com.ar\/wp-content\/uploads\/2024\/10\/image-93.png\" \/>\n\t<meta property=\"og:image:width\" content=\"977\" \/>\n\t<meta property=\"og:image:height\" content=\"651\" \/>\n\t<meta property=\"og:image:type\" content=\"image\/png\" \/>\n<meta name=\"author\" content=\"Osvaldo Cabral\" \/>\n<meta name=\"twitter:card\" content=\"summary_large_image\" \/>\n<meta name=\"twitter:label1\" content=\"Escrito por\" \/>\n\t<meta name=\"twitter:data1\" content=\"Osvaldo Cabral\" \/>\n\t<meta name=\"twitter:label2\" content=\"Tiempo de lectura\" \/>\n\t<meta name=\"twitter:data2\" content=\"1 minuto\" \/>\n<script type=\"application\/ld+json\" class=\"yoast-schema-graph\">{\"@context\":\"https:\\\/\\\/schema.org\",\"@graph\":[{\"@type\":\"Article\",\"@id\":\"https:\\\/\\\/elciudadanodelujan.com.ar\\\/?p=7648#article\",\"isPartOf\":{\"@id\":\"https:\\\/\\\/elciudadanodelujan.com.ar\\\/?p=7648\"},\"author\":{\"name\":\"Osvaldo Cabral\",\"@id\":\"https:\\\/\\\/elciudadanodelujan.com.ar\\\/#\\\/schema\\\/person\\\/6e4147c312281a224c424b0ca2b1d439\"},\"headline\":\"Se realizar\u00e1 una Capacitaci\u00f3n de Primeros Pasos Cooperativos\",\"datePublished\":\"2024-10-23T17:58:51+00:00\",\"dateModified\":\"2024-10-31T23:34:50+00:00\",\"mainEntityOfPage\":{\"@id\":\"https:\\\/\\\/elciudadanodelujan.com.ar\\\/?p=7648\"},\"wordCount\":186,\"publisher\":{\"@id\":\"https:\\\/\\\/elciudadanodelujan.com.ar\\\/#organization\"},\"image\":{\"@id\":\"https:\\\/\\\/elciudadanodelujan.com.ar\\\/?p=7648#primaryimage\"},\"thumbnailUrl\":\"https:\\\/\\\/elciudadanodelujan.com.ar\\\/wp-content\\\/uploads\\\/2024\\\/10\\\/image-93.png\",\"articleSection\":[\"EDUCACI\u00d3N\"],\"inLanguage\":\"es\"},{\"@type\":\"WebPage\",\"@id\":\"https:\\\/\\\/elciudadanodelujan.com.ar\\\/?p=7648\",\"url\":\"https:\\\/\\\/elciudadanodelujan.com.ar\\\/?p=7648\",\"name\":\"Se realizar\u00e1 una Capacitaci\u00f3n de Primeros Pasos Cooperativos -\",\"isPartOf\":{\"@id\":\"https:\\\/\\\/elciudadanodelujan.com.ar\\\/#website\"},\"primaryImageOfPage\":{\"@id\":\"https:\\\/\\\/elciudadanodelujan.com.ar\\\/?p=7648#primaryimage\"},\"image\":{\"@id\":\"https:\\\/\\\/elciudadanodelujan.com.ar\\\/?p=7648#primaryimage\"},\"thumbnailUrl\":\"https:\\\/\\\/elciudadanodelujan.com.ar\\\/wp-content\\\/uploads\\\/2024\\\/10\\\/image-93.png\",\"datePublished\":\"2024-10-23T17:58:51+00:00\",\"dateModified\":\"2024-10-31T23:34:50+00:00\",\"breadcrumb\":{\"@id\":\"https:\\\/\\\/elciudadanodelujan.com.ar\\\/?p=7648#breadcrumb\"},\"inLanguage\":\"es\",\"potentialAction\":[{\"@type\":\"ReadAction\",\"target\":[\"https:\\\/\\\/elciudadanodelujan.com.ar\\\/?p=7648\"]}]},{\"@type\":\"ImageObject\",\"inLanguage\":\"es\",\"@id\":\"https:\\\/\\\/elciudadanodelujan.com.ar\\\/?p=7648#primaryimage\",\"url\":\"https:\\\/\\\/elciudadanodelujan.com.ar\\\/wp-content\\\/uploads\\\/2024\\\/10\\\/image-93.png\",\"contentUrl\":\"https:\\\/\\\/elciudadanodelujan.com.ar\\\/wp-content\\\/uploads\\\/2024\\\/10\\\/image-93.png\",\"width\":977,\"height\":651},{\"@type\":\"BreadcrumbList\",\"@id\":\"https:\\\/\\\/elciudadanodelujan.com.ar\\\/?p=7648#breadcrumb\",\"itemListElement\":[{\"@type\":\"ListItem\",\"position\":1,\"name\":\"Home\",\"item\":\"https:\\\/\\\/elciudadanodelujan.com.ar\\\/\"},{\"@type\":\"ListItem\",\"position\":2,\"name\":\"Se realizar\u00e1 una Capacitaci\u00f3n de Primeros Pasos Cooperativos\"}]},{\"@type\":\"WebSite\",\"@id\":\"https:\\\/\\\/elciudadanodelujan.com.ar\\\/#website\",\"url\":\"https:\\\/\\\/elciudadanodelujan.com.ar\\\/\",\"name\":\"https:\\\/\\\/elciudadanodelujan.com.ar\",\"description\":\"Noticias de inter\u00e9s general y periodismo de investigaci\u00f3n\",\"publisher\":{\"@id\":\"https:\\\/\\\/elciudadanodelujan.com.ar\\\/#organization\"},\"potentialAction\":[{\"@type\":\"SearchAction\",\"target\":{\"@type\":\"EntryPoint\",\"urlTemplate\":\"https:\\\/\\\/elciudadanodelujan.com.ar\\\/?s={search_term_string}\"},\"query-input\":{\"@type\":\"PropertyValueSpecification\",\"valueRequired\":true,\"valueName\":\"search_term_string\"}}],\"inLanguage\":\"es\"},{\"@type\":\"Organization\",\"@id\":\"https:\\\/\\\/elciudadanodelujan.com.ar\\\/#organization\",\"name\":\"El Ciudadano de Lujan\",\"url\":\"https:\\\/\\\/elciudadanodelujan.com.ar\\\/\",\"logo\":{\"@type\":\"ImageObject\",\"inLanguage\":\"es\",\"@id\":\"https:\\\/\\\/elciudadanodelujan.com.ar\\\/#\\\/schema\\\/logo\\\/image\\\/\",\"url\":\"https:\\\/\\\/elciudadanodelujan.com.ar\\\/wp-content\\\/uploads\\\/2025\\\/01\\\/logo_El_Ciudadano.jpg\",\"contentUrl\":\"https:\\\/\\\/elciudadanodelujan.com.ar\\\/wp-content\\\/uploads\\\/2025\\\/01\\\/logo_El_Ciudadano.jpg\",\"width\":500,\"height\":123,\"caption\":\"El Ciudadano de Lujan\"},\"image\":{\"@id\":\"https:\\\/\\\/elciudadanodelujan.com.ar\\\/#\\\/schema\\\/logo\\\/image\\\/\"},\"sameAs\":[\"https:\\\/\\\/www.facebook.com\\\/elciudadanodelujan\"]},{\"@type\":\"Person\",\"@id\":\"https:\\\/\\\/elciudadanodelujan.com.ar\\\/#\\\/schema\\\/person\\\/6e4147c312281a224c424b0ca2b1d439\",\"name\":\"Osvaldo Cabral\",\"image\":{\"@type\":\"ImageObject\",\"inLanguage\":\"es\",\"@id\":\"https:\\\/\\\/secure.gravatar.com\\\/avatar\\\/c4c6a8aea430571651e7d6992bdfdff335bbe96580656f78299d10ca9a6c1ae9?s=96&d=mm&r=g\",\"url\":\"https:\\\/\\\/secure.gravatar.com\\\/avatar\\\/c4c6a8aea430571651e7d6992bdfdff335bbe96580656f78299d10ca9a6c1ae9?s=96&d=mm&r=g\",\"contentUrl\":\"https:\\\/\\\/secure.gravatar.com\\\/avatar\\\/c4c6a8aea430571651e7d6992bdfdff335bbe96580656f78299d10ca9a6c1ae9?s=96&d=mm&r=g\",\"caption\":\"Osvaldo Cabral\"},\"url\":\"https:\\\/\\\/elciudadanodelujan.com.ar\\\/?author=2\"}]}<\/script>\n<!-- \/ Yoast SEO plugin. -->","yoast_head_json":{"title":"Se realizar\u00e1 una Capacitaci\u00f3n de Primeros Pasos Cooperativos -","robots":{"index":"index","follow":"follow","max-snippet":"max-snippet:-1","max-image-preview":"max-image-preview:large","max-video-preview":"max-video-preview:-1"},"canonical":"https:\/\/elciudadanodelujan.com.ar\/?p=7648","og_locale":"es_ES","og_type":"article","og_title":"Se realizar\u00e1 una Capacitaci\u00f3n de Primeros Pasos Cooperativos -","og_description":"El Municipio de Luj\u00e1n informa a la comunidad que se realizar\u00e1 la Capacitaci\u00f3n Cooperativa \u201cPrimeros Pasos Cooperativos\u201d, una actividad que tiene por objetivo contribuir al fortalecimiento de la gesti\u00f3n de&hellip;","og_url":"https:\/\/elciudadanodelujan.com.ar\/?p=7648","article_publisher":"https:\/\/www.facebook.com\/elciudadanodelujan","article_published_time":"2024-10-23T17:58:51+00:00","article_modified_time":"2024-10-31T23:34:50+00:00","og_image":[{"width":977,"height":651,"url":"https:\/\/elciudadanodelujan.com.ar\/wp-content\/uploads\/2024\/10\/image-93.png","type":"image\/png"}],"author":"Osvaldo Cabral","twitter_card":"summary_large_image","twitter_misc":{"Escrito por":"Osvaldo Cabral","Tiempo de lectura":"1 minuto"},"schema":{"@context":"https:\/\/schema.org","@graph":[{"@type":"Article","@id":"https:\/\/elciudadanodelujan.com.ar\/?p=7648#article","isPartOf":{"@id":"https:\/\/elciudadanodelujan.com.ar\/?p=7648"},"author":{"name":"Osvaldo Cabral","@id":"https:\/\/elciudadanodelujan.com.ar\/#\/schema\/person\/6e4147c312281a224c424b0ca2b1d439"},"headline":"Se realizar\u00e1 una Capacitaci\u00f3n de Primeros Pasos Cooperativos","datePublished":"2024-10-23T17:58:51+00:00","dateModified":"2024-10-31T23:34:50+00:00","mainEntityOfPage":{"@id":"https:\/\/elciudadanodelujan.com.ar\/?p=7648"},"wordCount":186,"publisher":{"@id":"https:\/\/elciudadanodelujan.com.ar\/#organization"},"image":{"@id":"https:\/\/elciudadanodelujan.com.ar\/?p=7648#primaryimage"},"thumbnailUrl":"https:\/\/elciudadanodelujan.com.ar\/wp-content\/uploads\/2024\/10\/image-93.png","articleSection":["EDUCACI\u00d3N"],"inLanguage":"es"},{"@type":"WebPage","@id":"https:\/\/elciudadanodelujan.com.ar\/?p=7648","url":"https:\/\/elciudadanodelujan.com.ar\/?p=7648","name":"Se realizar\u00e1 una Capacitaci\u00f3n de Primeros Pasos Cooperativos -","isPartOf":{"@id":"https:\/\/elciudadanodelujan.com.ar\/#website"},"primaryImageOfPage":{"@id":"https:\/\/elciudadanodelujan.com.ar\/?p=7648#primaryimage"},"image":{"@id":"https:\/\/elciudadanodelujan.com.ar\/?p=7648#primaryimage"},"thumbnailUrl":"https:\/\/elciudadanodelujan.com.ar\/wp-content\/uploads\/2024\/10\/image-93.png","datePublished":"2024-10-23T17:58:51+00:00","dateModified":"2024-10-31T23:34:50+00:00","breadcrumb":{"@id":"https:\/\/elciudadanodelujan.com.ar\/?p=7648#breadcrumb"},"inLanguage":"es","potentialAction":[{"@type":"ReadAction","target":["https:\/\/elciudadanodelujan.com.ar\/?p=7648"]}]},{"@type":"ImageObject","inLanguage":"es","@id":"https:\/\/elciudadanodelujan.com.ar\/?p=7648#primaryimage","url":"https:\/\/elciudadanodelujan.com.ar\/wp-content\/uploads\/2024\/10\/image-93.png","contentUrl":"https:\/\/elciudadanodelujan.com.ar\/wp-content\/uploads\/2024\/10\/image-93.png","width":977,"height":651},{"@type":"BreadcrumbList","@id":"https:\/\/elciudadanodelujan.com.ar\/?p=7648#breadcrumb","itemListElement":[{"@type":"ListItem","position":1,"name":"Home","item":"https:\/\/elciudadanodelujan.com.ar\/"},{"@type":"ListItem","position":2,"name":"Se realizar\u00e1 una Capacitaci\u00f3n de Primeros Pasos Cooperativos"}]},{"@type":"WebSite","@id":"https:\/\/elciudadanodelujan.com.ar\/#website","url":"https:\/\/elciudadanodelujan.com.ar\/","name":"https:\/\/elciudadanodelujan.com.ar","description":"Noticias de inter\u00e9s general y periodismo de investigaci\u00f3n","publisher":{"@id":"https:\/\/elciudadanodelujan.com.ar\/#organization"},"potentialAction":[{"@type":"SearchAction","target":{"@type":"EntryPoint","urlTemplate":"https:\/\/elciudadanodelujan.com.ar\/?s={search_term_string}"},"query-input":{"@type":"PropertyValueSpecification","valueRequired":true,"valueName":"search_term_string"}}],"inLanguage":"es"},{"@type":"Organization","@id":"https:\/\/elciudadanodelujan.com.ar\/#organization","name":"El Ciudadano de Lujan","url":"https:\/\/elciudadanodelujan.com.ar\/","logo":{"@type":"ImageObject","inLanguage":"es","@id":"https:\/\/elciudadanodelujan.com.ar\/#\/schema\/logo\/image\/","url":"https:\/\/elciudadanodelujan.com.ar\/wp-content\/uploads\/2025\/01\/logo_El_Ciudadano.jpg","contentUrl":"https:\/\/elciudadanodelujan.com.ar\/wp-content\/uploads\/2025\/01\/logo_El_Ciudadano.jpg","width":500,"height":123,"caption":"El Ciudadano de Lujan"},"image":{"@id":"https:\/\/elciudadanodelujan.com.ar\/#\/schema\/logo\/image\/"},"sameAs":["https:\/\/www.facebook.com\/elciudadanodelujan"]},{"@type":"Person","@id":"https:\/\/elciudadanodelujan.com.ar\/#\/schema\/person\/6e4147c312281a224c424b0ca2b1d439","name":"Osvaldo Cabral","image":{"@type":"ImageObject","inLanguage":"es","@id":"https:\/\/secure.gravatar.com\/avatar\/c4c6a8aea430571651e7d6992bdfdff335bbe96580656f78299d10ca9a6c1ae9?s=96&d=mm&r=g","url":"https:\/\/secure.gravatar.com\/avatar\/c4c6a8aea430571651e7d6992bdfdff335bbe96580656f78299d10ca9a6c1ae9?s=96&d=mm&r=g","contentUrl":"https:\/\/secure.gravatar.com\/avatar\/c4c6a8aea430571651e7d6992bdfdff335bbe96580656f78299d10ca9a6c1ae9?s=96&d=mm&r=g","caption":"Osvaldo Cabral"},"url":"https:\/\/elciudadanodelujan.com.ar\/?author=2"}]}},"_links":{"self":[{"href":"https:\/\/elciudadanodelujan.com.ar\/index.php?rest_route=\/wp\/v2\/posts\/7648","targetHints":{"allow":["GET"]}}],"collection":[{"href":"https:\/\/elciudadanodelujan.com.ar\/index.php?rest_route=\/wp\/v2\/posts"}],"about":[{"href":"https:\/\/elciudadanodelujan.com.ar\/index.php?rest_route=\/wp\/v2\/types\/post"}],"author":[{"embeddable":true,"href":"https:\/\/elciudadanodelujan.com.ar\/index.php?rest_route=\/wp\/v2\/users\/2"}],"replies":[{"embeddable":true,"href":"https:\/\/elciudadanodelujan.com.ar\/index.php?rest_route=%2Fwp%2Fv2%2Fcomments&post=7648"}],"version-history":[{"count":1,"href":"https:\/\/elciudadanodelujan.com.ar\/index.php?rest_route=\/wp\/v2\/posts\/7648\/revisions"}],"predecessor-version":[{"id":7650,"href":"https:\/\/elciudadanodelujan.com.ar\/index.php?rest_route=\/wp\/v2\/posts\/7648\/revisions\/7650"}],"wp:featuredmedia":[{"embeddable":true,"href":"https:\/\/elciudadanodelujan.com.ar\/index.php?rest_route=\/wp\/v2\/media\/7649"}],"wp:attachment":[{"href":"https:\/\/elciudadanodelujan.com.ar\/index.php?rest_route=%2Fwp%2Fv2%2Fmedia&parent=7648"}],"wp:term":[{"taxonomy":"category","embeddable":true,"href":"https:\/\/elciudadanodelujan.com.ar\/index.php?rest_route=%2Fwp%2Fv2%2Fcategories&post=7648"},{"taxonomy":"post_tag","embeddable":true,"href":"https:\/\/elciudadanodelujan.com.ar\/index.php?rest_route=%2Fwp%2Fv2%2Ftags&post=7648"}],"curies":[{"name":"wp","href":"https:\/\/api.w.org\/{rel}","templated":true}]}}