{"id":2347,"date":"2022-06-13T01:45:55","date_gmt":"2022-06-13T01:45:55","guid":{"rendered":"https:\/\/elciudadanodelujan.com.ar\/?p=2347"},"modified":"2022-06-13T01:46:08","modified_gmt":"2022-06-13T01:46:08","slug":"seguridad-tras-seis-allanamientos-ocho-detenidos-por-cuento-del-tio-y-narcotrafico","status":"publish","type":"post","link":"https:\/\/elciudadanodelujan.com.ar\/?p=2347","title":{"rendered":"Seguridad: tras seis allanamientos, ocho detenidos por \u201ccuento del t\u00edo\u201d y narcotr\u00e1fico"},"content":{"rendered":"\n<p><strong>Este s\u00e1bado efectivos de las fuerzas de seguridad realizaron seis allanamientos en tres barrios de Luj\u00e1n a ra\u00edz de un hecho vinculado al \u201ccuento del t\u00edo\u201d. La investigaci\u00f3n inici\u00f3 en la localidad de Pehuaj\u00f3, donde a una mujer de 83 a\u00f1os le sustrajeron mediante enga\u00f1o telef\u00f3nico USD 200.000 y $80.000.<\/strong><\/p>\n\n\n\n<p>Luego de que la Delegaci\u00f3n Departamental de Investigaciones (DDI) de Luj\u00e1n estableciera como autores del enga\u00f1o por \u201ccuento del t\u00edo\u201d a una banda que operaba en un \u00abcall center\u00bb ubicado en la ciudad de Luj\u00e1n, el fiscal interviniente pidi\u00f3 allanamientos en cinco domicilios ubicados en los barrios Lanusse, Villa del Parque y Plumas Verdes.<\/p>\n\n\n\n<p>Como resultado de los primeros 5 procedimientos, detuvieron a 4 sujetos de 30, 31, 27 y 56 a\u00f1os de edad, y secuestraron un veh\u00edculo Volkswagen Gol Trend, 2 armas de fuego, 70 municiones calibre 9 mm, dinero en efectivo en d\u00f3lares y en pesos y una flota (23) de celulares de alta gama.<\/p>\n\n\n\n<p>A la hora de realizar el \u00faltimo allanamiento donde se encontraba el quinto delincuente (21 a\u00f1os) se encontraron con tres mujeres de 42, 56 y 53 a\u00f1os de edad que integraban una banda denominada \u201clas mecheras\u201d relacionadas con causas por narcotr\u00e1fico y una de ellas con pedido de captura activo por \u201chomicidio por disparo de arma de fuego\u201d.&nbsp; Los cuatro sujetos fueron detenidos por fraccionamiento y comercializaci\u00f3n de estupefacientes. Adem\u00e1s en este \u00faltimo domicilio incautaron dos autom\u00f3viles marca Volkswagen Cross Fox, 4266 dosis de coca\u00edna, 1,033 kilos de coca\u00edna en panes, 77,8 gramos de marihuana, una m\u00e1quina de contar dinero, elementos de corte y fraccionamiento, entre otros elementos de valor.<\/p>\n\n\n\n<p>Participaron de los operativos la Delegaci\u00f3n Departamental de Investigaciones Luj\u00e1n, Delegaci\u00f3n Departamental de Investigaciones de Trenque Lauquen,&nbsp; Departamental de Luj\u00e1n, la<\/p>\n\n\n\n<p>Secretaria de Protecci\u00f3n Ciudadana del Municipio de Luj\u00e1n a trav\u00e9s del Centro Operativo de Monitoreo y el observatorio del delito, y la Polic\u00eda Comunal de Pehuaj\u00f3.<\/p>\n\n\n\n<p>Intervienen la UFI 8 (Trenque Lauquen) a cargo del Dr. Schenstrom y la UFI N\u00b010 Luj\u00e1n a cargo de la Dra. Mar\u00eda Laura Cordiviola.<\/p>\n\n\n\n<figure class=\"wp-block-image size-large\"><img loading=\"lazy\" decoding=\"async\" width=\"1024\" height=\"768\" src=\"https:\/\/elciudadanodelujan.com.ar\/wp-content\/uploads\/2022\/06\/POLICIALES-Seguridad-tras-seis-allanamientos-ocho-detenidos-por-cuento-del-t\u00edo-y-narcotr\u00e1fico-1024x768.jpeg\" alt=\"\" class=\"wp-image-2348\" srcset=\"https:\/\/elciudadanodelujan.com.ar\/wp-content\/uploads\/2022\/06\/POLICIALES-Seguridad-tras-seis-allanamientos-ocho-detenidos-por-cuento-del-t\u00edo-y-narcotr\u00e1fico-1024x768.jpeg 1024w, https:\/\/elciudadanodelujan.com.ar\/wp-content\/uploads\/2022\/06\/POLICIALES-Seguridad-tras-seis-allanamientos-ocho-detenidos-por-cuento-del-t\u00edo-y-narcotr\u00e1fico-300x225.jpeg 300w, https:\/\/elciudadanodelujan.com.ar\/wp-content\/uploads\/2022\/06\/POLICIALES-Seguridad-tras-seis-allanamientos-ocho-detenidos-por-cuento-del-t\u00edo-y-narcotr\u00e1fico-768x576.jpeg 768w, https:\/\/elciudadanodelujan.com.ar\/wp-content\/uploads\/2022\/06\/POLICIALES-Seguridad-tras-seis-allanamientos-ocho-detenidos-por-cuento-del-t\u00edo-y-narcotr\u00e1fico-1536x1152.jpeg 1536w, https:\/\/elciudadanodelujan.com.ar\/wp-content\/uploads\/2022\/06\/POLICIALES-Seguridad-tras-seis-allanamientos-ocho-detenidos-por-cuento-del-t\u00edo-y-narcotr\u00e1fico.jpeg 1600w\" sizes=\"auto, (max-width: 1024px) 100vw, 1024px\" \/><\/figure>\n","protected":false},"excerpt":{"rendered":"<p>Este s\u00e1bado efectivos de las fuerzas de seguridad realizaron seis allanamientos en tres barrios de Luj\u00e1n a ra\u00edz de un hecho vinculado al \u201ccuento del t\u00edo\u201d. La investigaci\u00f3n inici\u00f3 en&hellip; <\/p>\n","protected":false},"author":2,"featured_media":2348,"comment_status":"closed","ping_status":"closed","sticky":false,"template":"","format":"standard","meta":{"footnotes":""},"categories":[1],"tags":[],"class_list":["post-2347","post","type-post","status-publish","format-standard","has-post-thumbnail","hentry","category-uncategorized"],"yoast_head":"<!-- This site is optimized with the Yoast SEO plugin v27.3 - https:\/\/yoast.com\/product\/yoast-seo-wordpress\/ -->\n<title>Seguridad: tras seis allanamientos, ocho detenidos por \u201ccuento del t\u00edo\u201d y narcotr\u00e1fico -<\/title>\n<meta name=\"robots\" content=\"index, follow, max-snippet:-1, max-image-preview:large, max-video-preview:-1\" \/>\n<link rel=\"canonical\" href=\"https:\/\/elciudadanodelujan.com.ar\/?p=2347\" \/>\n<meta property=\"og:locale\" content=\"es_ES\" \/>\n<meta property=\"og:type\" content=\"article\" \/>\n<meta property=\"og:title\" content=\"Seguridad: tras seis allanamientos, ocho detenidos por \u201ccuento del t\u00edo\u201d y narcotr\u00e1fico -\" \/>\n<meta property=\"og:description\" content=\"Este s\u00e1bado efectivos de las fuerzas de seguridad realizaron seis allanamientos en tres barrios de Luj\u00e1n a ra\u00edz de un hecho vinculado al \u201ccuento del t\u00edo\u201d. La investigaci\u00f3n inici\u00f3 en&hellip;\" \/>\n<meta property=\"og:url\" content=\"https:\/\/elciudadanodelujan.com.ar\/?p=2347\" \/>\n<meta property=\"article:publisher\" content=\"https:\/\/www.facebook.com\/elciudadanodelujan\" \/>\n<meta property=\"article:published_time\" content=\"2022-06-13T01:45:55+00:00\" \/>\n<meta property=\"article:modified_time\" content=\"2022-06-13T01:46:08+00:00\" \/>\n<meta property=\"og:image\" content=\"https:\/\/elciudadanodelujan.com.ar\/wp-content\/uploads\/2022\/06\/POLICIALES-Seguridad-tras-seis-allanamientos-ocho-detenidos-por-cuento-del-t\u00edo-y-narcotr\u00e1fico.jpeg\" \/>\n\t<meta property=\"og:image:width\" content=\"1600\" \/>\n\t<meta property=\"og:image:height\" content=\"1200\" \/>\n\t<meta property=\"og:image:type\" content=\"image\/jpeg\" \/>\n<meta name=\"author\" content=\"Osvaldo Cabral\" \/>\n<meta name=\"twitter:card\" content=\"summary_large_image\" \/>\n<meta name=\"twitter:label1\" content=\"Escrito por\" \/>\n\t<meta name=\"twitter:data1\" content=\"Osvaldo Cabral\" \/>\n\t<meta name=\"twitter:label2\" content=\"Tiempo de lectura\" \/>\n\t<meta name=\"twitter:data2\" content=\"2 minutos\" \/>\n<script type=\"application\/ld+json\" class=\"yoast-schema-graph\">{\"@context\":\"https:\\\/\\\/schema.org\",\"@graph\":[{\"@type\":\"Article\",\"@id\":\"https:\\\/\\\/elciudadanodelujan.com.ar\\\/?p=2347#article\",\"isPartOf\":{\"@id\":\"https:\\\/\\\/elciudadanodelujan.com.ar\\\/?p=2347\"},\"author\":{\"name\":\"Osvaldo Cabral\",\"@id\":\"https:\\\/\\\/elciudadanodelujan.com.ar\\\/#\\\/schema\\\/person\\\/6e4147c312281a224c424b0ca2b1d439\"},\"headline\":\"Seguridad: tras seis allanamientos, ocho detenidos por \u201ccuento del t\u00edo\u201d y narcotr\u00e1fico\",\"datePublished\":\"2022-06-13T01:45:55+00:00\",\"dateModified\":\"2022-06-13T01:46:08+00:00\",\"mainEntityOfPage\":{\"@id\":\"https:\\\/\\\/elciudadanodelujan.com.ar\\\/?p=2347\"},\"wordCount\":368,\"publisher\":{\"@id\":\"https:\\\/\\\/elciudadanodelujan.com.ar\\\/#organization\"},\"image\":{\"@id\":\"https:\\\/\\\/elciudadanodelujan.com.ar\\\/?p=2347#primaryimage\"},\"thumbnailUrl\":\"https:\\\/\\\/elciudadanodelujan.com.ar\\\/wp-content\\\/uploads\\\/2022\\\/06\\\/POLICIALES-Seguridad-tras-seis-allanamientos-ocho-detenidos-por-cuento-del-t\u00edo-y-narcotr\u00e1fico.jpeg\",\"articleSection\":[\"Actualidad\"],\"inLanguage\":\"es\"},{\"@type\":\"WebPage\",\"@id\":\"https:\\\/\\\/elciudadanodelujan.com.ar\\\/?p=2347\",\"url\":\"https:\\\/\\\/elciudadanodelujan.com.ar\\\/?p=2347\",\"name\":\"Seguridad: tras seis allanamientos, ocho detenidos por \u201ccuento del t\u00edo\u201d y narcotr\u00e1fico -\",\"isPartOf\":{\"@id\":\"https:\\\/\\\/elciudadanodelujan.com.ar\\\/#website\"},\"primaryImageOfPage\":{\"@id\":\"https:\\\/\\\/elciudadanodelujan.com.ar\\\/?p=2347#primaryimage\"},\"image\":{\"@id\":\"https:\\\/\\\/elciudadanodelujan.com.ar\\\/?p=2347#primaryimage\"},\"thumbnailUrl\":\"https:\\\/\\\/elciudadanodelujan.com.ar\\\/wp-content\\\/uploads\\\/2022\\\/06\\\/POLICIALES-Seguridad-tras-seis-allanamientos-ocho-detenidos-por-cuento-del-t\u00edo-y-narcotr\u00e1fico.jpeg\",\"datePublished\":\"2022-06-13T01:45:55+00:00\",\"dateModified\":\"2022-06-13T01:46:08+00:00\",\"breadcrumb\":{\"@id\":\"https:\\\/\\\/elciudadanodelujan.com.ar\\\/?p=2347#breadcrumb\"},\"inLanguage\":\"es\",\"potentialAction\":[{\"@type\":\"ReadAction\",\"target\":[\"https:\\\/\\\/elciudadanodelujan.com.ar\\\/?p=2347\"]}]},{\"@type\":\"ImageObject\",\"inLanguage\":\"es\",\"@id\":\"https:\\\/\\\/elciudadanodelujan.com.ar\\\/?p=2347#primaryimage\",\"url\":\"https:\\\/\\\/elciudadanodelujan.com.ar\\\/wp-content\\\/uploads\\\/2022\\\/06\\\/POLICIALES-Seguridad-tras-seis-allanamientos-ocho-detenidos-por-cuento-del-t\u00edo-y-narcotr\u00e1fico.jpeg\",\"contentUrl\":\"https:\\\/\\\/elciudadanodelujan.com.ar\\\/wp-content\\\/uploads\\\/2022\\\/06\\\/POLICIALES-Seguridad-tras-seis-allanamientos-ocho-detenidos-por-cuento-del-t\u00edo-y-narcotr\u00e1fico.jpeg\",\"width\":1600,\"height\":1200},{\"@type\":\"BreadcrumbList\",\"@id\":\"https:\\\/\\\/elciudadanodelujan.com.ar\\\/?p=2347#breadcrumb\",\"itemListElement\":[{\"@type\":\"ListItem\",\"position\":1,\"name\":\"Home\",\"item\":\"https:\\\/\\\/elciudadanodelujan.com.ar\\\/\"},{\"@type\":\"ListItem\",\"position\":2,\"name\":\"Seguridad: tras seis allanamientos, ocho detenidos por \u201ccuento del t\u00edo\u201d y narcotr\u00e1fico\"}]},{\"@type\":\"WebSite\",\"@id\":\"https:\\\/\\\/elciudadanodelujan.com.ar\\\/#website\",\"url\":\"https:\\\/\\\/elciudadanodelujan.com.ar\\\/\",\"name\":\"https:\\\/\\\/elciudadanodelujan.com.ar\",\"description\":\"Noticias de inter\u00e9s general y periodismo de investigaci\u00f3n\",\"publisher\":{\"@id\":\"https:\\\/\\\/elciudadanodelujan.com.ar\\\/#organization\"},\"potentialAction\":[{\"@type\":\"SearchAction\",\"target\":{\"@type\":\"EntryPoint\",\"urlTemplate\":\"https:\\\/\\\/elciudadanodelujan.com.ar\\\/?s={search_term_string}\"},\"query-input\":{\"@type\":\"PropertyValueSpecification\",\"valueRequired\":true,\"valueName\":\"search_term_string\"}}],\"inLanguage\":\"es\"},{\"@type\":\"Organization\",\"@id\":\"https:\\\/\\\/elciudadanodelujan.com.ar\\\/#organization\",\"name\":\"El Ciudadano de Lujan\",\"url\":\"https:\\\/\\\/elciudadanodelujan.com.ar\\\/\",\"logo\":{\"@type\":\"ImageObject\",\"inLanguage\":\"es\",\"@id\":\"https:\\\/\\\/elciudadanodelujan.com.ar\\\/#\\\/schema\\\/logo\\\/image\\\/\",\"url\":\"https:\\\/\\\/elciudadanodelujan.com.ar\\\/wp-content\\\/uploads\\\/2025\\\/01\\\/logo_El_Ciudadano.jpg\",\"contentUrl\":\"https:\\\/\\\/elciudadanodelujan.com.ar\\\/wp-content\\\/uploads\\\/2025\\\/01\\\/logo_El_Ciudadano.jpg\",\"width\":500,\"height\":123,\"caption\":\"El Ciudadano de Lujan\"},\"image\":{\"@id\":\"https:\\\/\\\/elciudadanodelujan.com.ar\\\/#\\\/schema\\\/logo\\\/image\\\/\"},\"sameAs\":[\"https:\\\/\\\/www.facebook.com\\\/elciudadanodelujan\"]},{\"@type\":\"Person\",\"@id\":\"https:\\\/\\\/elciudadanodelujan.com.ar\\\/#\\\/schema\\\/person\\\/6e4147c312281a224c424b0ca2b1d439\",\"name\":\"Osvaldo Cabral\",\"image\":{\"@type\":\"ImageObject\",\"inLanguage\":\"es\",\"@id\":\"https:\\\/\\\/secure.gravatar.com\\\/avatar\\\/c4c6a8aea430571651e7d6992bdfdff335bbe96580656f78299d10ca9a6c1ae9?s=96&d=mm&r=g\",\"url\":\"https:\\\/\\\/secure.gravatar.com\\\/avatar\\\/c4c6a8aea430571651e7d6992bdfdff335bbe96580656f78299d10ca9a6c1ae9?s=96&d=mm&r=g\",\"contentUrl\":\"https:\\\/\\\/secure.gravatar.com\\\/avatar\\\/c4c6a8aea430571651e7d6992bdfdff335bbe96580656f78299d10ca9a6c1ae9?s=96&d=mm&r=g\",\"caption\":\"Osvaldo Cabral\"},\"url\":\"https:\\\/\\\/elciudadanodelujan.com.ar\\\/?author=2\"}]}<\/script>\n<!-- \/ Yoast SEO plugin. -->","yoast_head_json":{"title":"Seguridad: tras seis allanamientos, ocho detenidos por \u201ccuento del t\u00edo\u201d y narcotr\u00e1fico -","robots":{"index":"index","follow":"follow","max-snippet":"max-snippet:-1","max-image-preview":"max-image-preview:large","max-video-preview":"max-video-preview:-1"},"canonical":"https:\/\/elciudadanodelujan.com.ar\/?p=2347","og_locale":"es_ES","og_type":"article","og_title":"Seguridad: tras seis allanamientos, ocho detenidos por \u201ccuento del t\u00edo\u201d y narcotr\u00e1fico -","og_description":"Este s\u00e1bado efectivos de las fuerzas de seguridad realizaron seis allanamientos en tres barrios de Luj\u00e1n a ra\u00edz de un hecho vinculado al \u201ccuento del t\u00edo\u201d. La investigaci\u00f3n inici\u00f3 en&hellip;","og_url":"https:\/\/elciudadanodelujan.com.ar\/?p=2347","article_publisher":"https:\/\/www.facebook.com\/elciudadanodelujan","article_published_time":"2022-06-13T01:45:55+00:00","article_modified_time":"2022-06-13T01:46:08+00:00","og_image":[{"width":1600,"height":1200,"url":"https:\/\/elciudadanodelujan.com.ar\/wp-content\/uploads\/2022\/06\/POLICIALES-Seguridad-tras-seis-allanamientos-ocho-detenidos-por-cuento-del-t\u00edo-y-narcotr\u00e1fico.jpeg","type":"image\/jpeg"}],"author":"Osvaldo Cabral","twitter_card":"summary_large_image","twitter_misc":{"Escrito por":"Osvaldo Cabral","Tiempo de lectura":"2 minutos"},"schema":{"@context":"https:\/\/schema.org","@graph":[{"@type":"Article","@id":"https:\/\/elciudadanodelujan.com.ar\/?p=2347#article","isPartOf":{"@id":"https:\/\/elciudadanodelujan.com.ar\/?p=2347"},"author":{"name":"Osvaldo Cabral","@id":"https:\/\/elciudadanodelujan.com.ar\/#\/schema\/person\/6e4147c312281a224c424b0ca2b1d439"},"headline":"Seguridad: tras seis allanamientos, ocho detenidos por \u201ccuento del t\u00edo\u201d y narcotr\u00e1fico","datePublished":"2022-06-13T01:45:55+00:00","dateModified":"2022-06-13T01:46:08+00:00","mainEntityOfPage":{"@id":"https:\/\/elciudadanodelujan.com.ar\/?p=2347"},"wordCount":368,"publisher":{"@id":"https:\/\/elciudadanodelujan.com.ar\/#organization"},"image":{"@id":"https:\/\/elciudadanodelujan.com.ar\/?p=2347#primaryimage"},"thumbnailUrl":"https:\/\/elciudadanodelujan.com.ar\/wp-content\/uploads\/2022\/06\/POLICIALES-Seguridad-tras-seis-allanamientos-ocho-detenidos-por-cuento-del-t\u00edo-y-narcotr\u00e1fico.jpeg","articleSection":["Actualidad"],"inLanguage":"es"},{"@type":"WebPage","@id":"https:\/\/elciudadanodelujan.com.ar\/?p=2347","url":"https:\/\/elciudadanodelujan.com.ar\/?p=2347","name":"Seguridad: tras seis allanamientos, ocho detenidos por \u201ccuento del t\u00edo\u201d y narcotr\u00e1fico -","isPartOf":{"@id":"https:\/\/elciudadanodelujan.com.ar\/#website"},"primaryImageOfPage":{"@id":"https:\/\/elciudadanodelujan.com.ar\/?p=2347#primaryimage"},"image":{"@id":"https:\/\/elciudadanodelujan.com.ar\/?p=2347#primaryimage"},"thumbnailUrl":"https:\/\/elciudadanodelujan.com.ar\/wp-content\/uploads\/2022\/06\/POLICIALES-Seguridad-tras-seis-allanamientos-ocho-detenidos-por-cuento-del-t\u00edo-y-narcotr\u00e1fico.jpeg","datePublished":"2022-06-13T01:45:55+00:00","dateModified":"2022-06-13T01:46:08+00:00","breadcrumb":{"@id":"https:\/\/elciudadanodelujan.com.ar\/?p=2347#breadcrumb"},"inLanguage":"es","potentialAction":[{"@type":"ReadAction","target":["https:\/\/elciudadanodelujan.com.ar\/?p=2347"]}]},{"@type":"ImageObject","inLanguage":"es","@id":"https:\/\/elciudadanodelujan.com.ar\/?p=2347#primaryimage","url":"https:\/\/elciudadanodelujan.com.ar\/wp-content\/uploads\/2022\/06\/POLICIALES-Seguridad-tras-seis-allanamientos-ocho-detenidos-por-cuento-del-t\u00edo-y-narcotr\u00e1fico.jpeg","contentUrl":"https:\/\/elciudadanodelujan.com.ar\/wp-content\/uploads\/2022\/06\/POLICIALES-Seguridad-tras-seis-allanamientos-ocho-detenidos-por-cuento-del-t\u00edo-y-narcotr\u00e1fico.jpeg","width":1600,"height":1200},{"@type":"BreadcrumbList","@id":"https:\/\/elciudadanodelujan.com.ar\/?p=2347#breadcrumb","itemListElement":[{"@type":"ListItem","position":1,"name":"Home","item":"https:\/\/elciudadanodelujan.com.ar\/"},{"@type":"ListItem","position":2,"name":"Seguridad: tras seis allanamientos, ocho detenidos por \u201ccuento del t\u00edo\u201d y narcotr\u00e1fico"}]},{"@type":"WebSite","@id":"https:\/\/elciudadanodelujan.com.ar\/#website","url":"https:\/\/elciudadanodelujan.com.ar\/","name":"https:\/\/elciudadanodelujan.com.ar","description":"Noticias de inter\u00e9s general y periodismo de investigaci\u00f3n","publisher":{"@id":"https:\/\/elciudadanodelujan.com.ar\/#organization"},"potentialAction":[{"@type":"SearchAction","target":{"@type":"EntryPoint","urlTemplate":"https:\/\/elciudadanodelujan.com.ar\/?s={search_term_string}"},"query-input":{"@type":"PropertyValueSpecification","valueRequired":true,"valueName":"search_term_string"}}],"inLanguage":"es"},{"@type":"Organization","@id":"https:\/\/elciudadanodelujan.com.ar\/#organization","name":"El Ciudadano de Lujan","url":"https:\/\/elciudadanodelujan.com.ar\/","logo":{"@type":"ImageObject","inLanguage":"es","@id":"https:\/\/elciudadanodelujan.com.ar\/#\/schema\/logo\/image\/","url":"https:\/\/elciudadanodelujan.com.ar\/wp-content\/uploads\/2025\/01\/logo_El_Ciudadano.jpg","contentUrl":"https:\/\/elciudadanodelujan.com.ar\/wp-content\/uploads\/2025\/01\/logo_El_Ciudadano.jpg","width":500,"height":123,"caption":"El Ciudadano de Lujan"},"image":{"@id":"https:\/\/elciudadanodelujan.com.ar\/#\/schema\/logo\/image\/"},"sameAs":["https:\/\/www.facebook.com\/elciudadanodelujan"]},{"@type":"Person","@id":"https:\/\/elciudadanodelujan.com.ar\/#\/schema\/person\/6e4147c312281a224c424b0ca2b1d439","name":"Osvaldo Cabral","image":{"@type":"ImageObject","inLanguage":"es","@id":"https:\/\/secure.gravatar.com\/avatar\/c4c6a8aea430571651e7d6992bdfdff335bbe96580656f78299d10ca9a6c1ae9?s=96&d=mm&r=g","url":"https:\/\/secure.gravatar.com\/avatar\/c4c6a8aea430571651e7d6992bdfdff335bbe96580656f78299d10ca9a6c1ae9?s=96&d=mm&r=g","contentUrl":"https:\/\/secure.gravatar.com\/avatar\/c4c6a8aea430571651e7d6992bdfdff335bbe96580656f78299d10ca9a6c1ae9?s=96&d=mm&r=g","caption":"Osvaldo Cabral"},"url":"https:\/\/elciudadanodelujan.com.ar\/?author=2"}]}},"_links":{"self":[{"href":"https:\/\/elciudadanodelujan.com.ar\/index.php?rest_route=\/wp\/v2\/posts\/2347","targetHints":{"allow":["GET"]}}],"collection":[{"href":"https:\/\/elciudadanodelujan.com.ar\/index.php?rest_route=\/wp\/v2\/posts"}],"about":[{"href":"https:\/\/elciudadanodelujan.com.ar\/index.php?rest_route=\/wp\/v2\/types\/post"}],"author":[{"embeddable":true,"href":"https:\/\/elciudadanodelujan.com.ar\/index.php?rest_route=\/wp\/v2\/users\/2"}],"replies":[{"embeddable":true,"href":"https:\/\/elciudadanodelujan.com.ar\/index.php?rest_route=%2Fwp%2Fv2%2Fcomments&post=2347"}],"version-history":[{"count":1,"href":"https:\/\/elciudadanodelujan.com.ar\/index.php?rest_route=\/wp\/v2\/posts\/2347\/revisions"}],"predecessor-version":[{"id":2349,"href":"https:\/\/elciudadanodelujan.com.ar\/index.php?rest_route=\/wp\/v2\/posts\/2347\/revisions\/2349"}],"wp:featuredmedia":[{"embeddable":true,"href":"https:\/\/elciudadanodelujan.com.ar\/index.php?rest_route=\/wp\/v2\/media\/2348"}],"wp:attachment":[{"href":"https:\/\/elciudadanodelujan.com.ar\/index.php?rest_route=%2Fwp%2Fv2%2Fmedia&parent=2347"}],"wp:term":[{"taxonomy":"category","embeddable":true,"href":"https:\/\/elciudadanodelujan.com.ar\/index.php?rest_route=%2Fwp%2Fv2%2Fcategories&post=2347"},{"taxonomy":"post_tag","embeddable":true,"href":"https:\/\/elciudadanodelujan.com.ar\/index.php?rest_route=%2Fwp%2Fv2%2Ftags&post=2347"}],"curies":[{"name":"wp","href":"https:\/\/api.w.org\/{rel}","templated":true}]}}