{"id":2341,"date":"2022-06-10T01:23:56","date_gmt":"2022-06-10T01:23:56","guid":{"rendered":"https:\/\/elciudadanodelujan.com.ar\/?p=2341"},"modified":"2022-06-10T01:27:41","modified_gmt":"2022-06-10T01:27:41","slug":"tras-refacciones-integrales-se-reinauguro-la-escuela-de-arte-de-lujan-jose-pipo-ferrari","status":"publish","type":"post","link":"https:\/\/elciudadanodelujan.com.ar\/?p=2341","title":{"rendered":"Tras refacciones integrales, se reinaugur\u00f3 la Escuela de Arte de Luj\u00e1n \u201cJos\u00e9 Pipo Ferrari\u201d"},"content":{"rendered":"\n<p><\/p>\n\n\n\n<p>Tras un conjunto de refacciones integrales, este mi\u00e9rcoles al mediod\u00eda qued\u00f3 reinaugurada la Escuela de Arte de Luj\u00e1n \u201cJos\u00e9 Pipo Ferrari\u201d, una obra largamente esperada por la comunidad educativa de la instituci\u00f3n ubicada en Lavalle 274.&nbsp;<\/p>\n\n\n\n<p>Los trabajos fueron ejecutados por el Consejo Escolar y el Municipio en el marco del Programa \u201cEscuelas a la Obras\u201d, con el objetivo de brindarles a los estudiantes un espacio de aprendizaje seguro, habitable y funcional.<\/p>\n\n\n\n<p>\u201cLlegamos hasta ac\u00e1 despu\u00e9s de muchos a\u00f1os de lucha. Fue muy importante la participaci\u00f3n de la comunidad movilizada pidiendo por la escuela de arte, y tambi\u00e9n reconocer la decisi\u00f3n que compartimos con el gobierno provincial para conseguir los fondos y poder realizar esta obra integral esperada hace d\u00e9cadas\u201d destac\u00f3 el Intendente Leonardo Boto que adem\u00e1s agreg\u00f3: \u201cTenemos que construir lo que se viene, que va a ser la nueva sede de la escuela de arte en el Barrio El Tr\u00e9bol\u201d<br><br><br>Con este anuncio el Intendente entreg\u00f3 a las directivas de la instituci\u00f3n la cesi\u00f3n de un predio municipal en el barrio El Tr\u00e9bol donde se construir\u00e1 la nueva sede de la Escuela de Arte de Luj\u00e1n.<\/p>\n\n\n\n<p>Con la presencia del Director General de Cultura y Educaci\u00f3n de la Provincia, Alberto Sileoni, las actividades incluyeron m\u00fasica en vivo, exposiciones y un recorrido por las flamantes instalaciones.<\/p>\n\n\n\n<p>En este sentido, entre las tareas ejecutadas se cuentan la refacci\u00f3n de los sanitarios, el recambio de la cubierta, la colocaci\u00f3n de nuevos cielorrasos y la construcci\u00f3n de una nueva instalaci\u00f3n el\u00e9ctrica.&nbsp;<\/p>\n\n\n\n<p>Asimismo, se realiz\u00f3 la refacci\u00f3n integral e impermeabilizaci\u00f3n de las aulas, la colocaci\u00f3n de nuevos pisos y la construcci\u00f3n de una c\u00e1mara de separaci\u00f3n de desechos.<\/p>\n\n\n\n<p>Tambi\u00e9n se llev\u00f3 adelante la reorganizaci\u00f3n y refuncionalizaci\u00f3n del patio de ingreso, y la refacci\u00f3n y puesta en valor de la emblem\u00e1tica fachada.&nbsp;<\/p>\n\n\n\n<p>\u201cPara hacer la patria necesitamos todas las labores posibles. Cient\u00edficos que inventen las vacunas, ingenieros que hagan puentes y tambi\u00e9n poetas, m\u00fasicos y dem\u00e1s artistas. Una sociedad ideal ser\u00eda aquella en la que cada quien pueda hacer lo que sue\u00f1e y pueda vivir de ello.\u201d valor\u00f3 el Director General de Cultura y Educaci\u00f3n de la Provincia, Alberto Sileoni.<\/p>\n\n\n\n<p>El Programa Escuelas a la Obra involucra mejoras en m\u00e1s de 80 establecimientos del distrito, buscando adecuar sus instalaciones para llevar adelante sus proyectos educativos.<\/p>\n\n\n\n\n\n<figure class=\"wp-block-image size-large\"><img loading=\"lazy\" decoding=\"async\" width=\"787\" height=\"525\" src=\"https:\/\/elciudadanodelujan.com.ar\/wp-content\/uploads\/2022\/06\/Escuela-de-Arte-Tras-refacciones-integrales-se-reinaugur\u00f3-la-Jos\u00e9-Pipo-Ferrari-BAJA-RESOL.jpg\" alt=\"\" class=\"wp-image-2345\" srcset=\"https:\/\/elciudadanodelujan.com.ar\/wp-content\/uploads\/2022\/06\/Escuela-de-Arte-Tras-refacciones-integrales-se-reinaugur\u00f3-la-Jos\u00e9-Pipo-Ferrari-BAJA-RESOL.jpg 787w, https:\/\/elciudadanodelujan.com.ar\/wp-content\/uploads\/2022\/06\/Escuela-de-Arte-Tras-refacciones-integrales-se-reinaugur\u00f3-la-Jos\u00e9-Pipo-Ferrari-BAJA-RESOL-300x200.jpg 300w, https:\/\/elciudadanodelujan.com.ar\/wp-content\/uploads\/2022\/06\/Escuela-de-Arte-Tras-refacciones-integrales-se-reinaugur\u00f3-la-Jos\u00e9-Pipo-Ferrari-BAJA-RESOL-768x512.jpg 768w, https:\/\/elciudadanodelujan.com.ar\/wp-content\/uploads\/2022\/06\/Escuela-de-Arte-Tras-refacciones-integrales-se-reinaugur\u00f3-la-Jos\u00e9-Pipo-Ferrari-BAJA-RESOL-358x239.jpg 358w\" sizes=\"auto, (max-width: 787px) 100vw, 787px\" \/><\/figure>\n","protected":false},"excerpt":{"rendered":"<p>Tras un conjunto de refacciones integrales, este mi\u00e9rcoles al mediod\u00eda qued\u00f3 reinaugurada la Escuela de Arte de Luj\u00e1n \u201cJos\u00e9 Pipo Ferrari\u201d, una obra largamente esperada por la comunidad educativa de&hellip; <\/p>\n","protected":false},"author":2,"featured_media":2345,"comment_status":"closed","ping_status":"closed","sticky":false,"template":"","format":"standard","meta":{"footnotes":""},"categories":[1],"tags":[],"class_list":["post-2341","post","type-post","status-publish","format-standard","has-post-thumbnail","hentry","category-uncategorized"],"yoast_head":"<!-- This site is optimized with the Yoast SEO plugin v27.3 - https:\/\/yoast.com\/product\/yoast-seo-wordpress\/ -->\n<title>Tras refacciones integrales, se reinaugur\u00f3 la Escuela de Arte de Luj\u00e1n \u201cJos\u00e9 Pipo Ferrari\u201d -<\/title>\n<meta name=\"robots\" content=\"index, follow, max-snippet:-1, max-image-preview:large, max-video-preview:-1\" \/>\n<link rel=\"canonical\" href=\"https:\/\/elciudadanodelujan.com.ar\/?p=2341\" \/>\n<meta property=\"og:locale\" content=\"es_ES\" \/>\n<meta property=\"og:type\" content=\"article\" \/>\n<meta property=\"og:title\" content=\"Tras refacciones integrales, se reinaugur\u00f3 la Escuela de Arte de Luj\u00e1n \u201cJos\u00e9 Pipo Ferrari\u201d -\" \/>\n<meta property=\"og:description\" content=\"Tras un conjunto de refacciones integrales, este mi\u00e9rcoles al mediod\u00eda qued\u00f3 reinaugurada la Escuela de Arte de Luj\u00e1n \u201cJos\u00e9 Pipo Ferrari\u201d, una obra largamente esperada por la comunidad educativa de&hellip;\" \/>\n<meta property=\"og:url\" content=\"https:\/\/elciudadanodelujan.com.ar\/?p=2341\" \/>\n<meta property=\"article:publisher\" content=\"https:\/\/www.facebook.com\/elciudadanodelujan\" \/>\n<meta property=\"article:published_time\" content=\"2022-06-10T01:23:56+00:00\" \/>\n<meta property=\"article:modified_time\" content=\"2022-06-10T01:27:41+00:00\" \/>\n<meta property=\"og:image\" content=\"https:\/\/elciudadanodelujan.com.ar\/wp-content\/uploads\/2022\/06\/Escuela-de-Arte-Tras-refacciones-integrales-se-reinaugur\u00f3-la-Jos\u00e9-Pipo-Ferrari-BAJA-RESOL.jpg\" \/>\n\t<meta property=\"og:image:width\" content=\"787\" \/>\n\t<meta property=\"og:image:height\" content=\"525\" \/>\n\t<meta property=\"og:image:type\" content=\"image\/jpeg\" \/>\n<meta name=\"author\" content=\"Osvaldo Cabral\" \/>\n<meta name=\"twitter:card\" content=\"summary_large_image\" \/>\n<meta name=\"twitter:label1\" content=\"Escrito por\" \/>\n\t<meta name=\"twitter:data1\" content=\"Osvaldo Cabral\" \/>\n\t<meta name=\"twitter:label2\" content=\"Tiempo de lectura\" \/>\n\t<meta name=\"twitter:data2\" content=\"2 minutos\" \/>\n<script type=\"application\/ld+json\" class=\"yoast-schema-graph\">{\"@context\":\"https:\\\/\\\/schema.org\",\"@graph\":[{\"@type\":\"Article\",\"@id\":\"https:\\\/\\\/elciudadanodelujan.com.ar\\\/?p=2341#article\",\"isPartOf\":{\"@id\":\"https:\\\/\\\/elciudadanodelujan.com.ar\\\/?p=2341\"},\"author\":{\"name\":\"Osvaldo Cabral\",\"@id\":\"https:\\\/\\\/elciudadanodelujan.com.ar\\\/#\\\/schema\\\/person\\\/6e4147c312281a224c424b0ca2b1d439\"},\"headline\":\"Tras refacciones integrales, se reinaugur\u00f3 la Escuela de Arte de Luj\u00e1n \u201cJos\u00e9 Pipo Ferrari\u201d\",\"datePublished\":\"2022-06-10T01:23:56+00:00\",\"dateModified\":\"2022-06-10T01:27:41+00:00\",\"mainEntityOfPage\":{\"@id\":\"https:\\\/\\\/elciudadanodelujan.com.ar\\\/?p=2341\"},\"wordCount\":439,\"publisher\":{\"@id\":\"https:\\\/\\\/elciudadanodelujan.com.ar\\\/#organization\"},\"image\":{\"@id\":\"https:\\\/\\\/elciudadanodelujan.com.ar\\\/?p=2341#primaryimage\"},\"thumbnailUrl\":\"https:\\\/\\\/elciudadanodelujan.com.ar\\\/wp-content\\\/uploads\\\/2022\\\/06\\\/Escuela-de-Arte-Tras-refacciones-integrales-se-reinaugur\u00f3-la-Jos\u00e9-Pipo-Ferrari-BAJA-RESOL.jpg\",\"articleSection\":[\"Actualidad\"],\"inLanguage\":\"es\"},{\"@type\":\"WebPage\",\"@id\":\"https:\\\/\\\/elciudadanodelujan.com.ar\\\/?p=2341\",\"url\":\"https:\\\/\\\/elciudadanodelujan.com.ar\\\/?p=2341\",\"name\":\"Tras refacciones integrales, se reinaugur\u00f3 la Escuela de Arte de Luj\u00e1n \u201cJos\u00e9 Pipo Ferrari\u201d -\",\"isPartOf\":{\"@id\":\"https:\\\/\\\/elciudadanodelujan.com.ar\\\/#website\"},\"primaryImageOfPage\":{\"@id\":\"https:\\\/\\\/elciudadanodelujan.com.ar\\\/?p=2341#primaryimage\"},\"image\":{\"@id\":\"https:\\\/\\\/elciudadanodelujan.com.ar\\\/?p=2341#primaryimage\"},\"thumbnailUrl\":\"https:\\\/\\\/elciudadanodelujan.com.ar\\\/wp-content\\\/uploads\\\/2022\\\/06\\\/Escuela-de-Arte-Tras-refacciones-integrales-se-reinaugur\u00f3-la-Jos\u00e9-Pipo-Ferrari-BAJA-RESOL.jpg\",\"datePublished\":\"2022-06-10T01:23:56+00:00\",\"dateModified\":\"2022-06-10T01:27:41+00:00\",\"breadcrumb\":{\"@id\":\"https:\\\/\\\/elciudadanodelujan.com.ar\\\/?p=2341#breadcrumb\"},\"inLanguage\":\"es\",\"potentialAction\":[{\"@type\":\"ReadAction\",\"target\":[\"https:\\\/\\\/elciudadanodelujan.com.ar\\\/?p=2341\"]}]},{\"@type\":\"ImageObject\",\"inLanguage\":\"es\",\"@id\":\"https:\\\/\\\/elciudadanodelujan.com.ar\\\/?p=2341#primaryimage\",\"url\":\"https:\\\/\\\/elciudadanodelujan.com.ar\\\/wp-content\\\/uploads\\\/2022\\\/06\\\/Escuela-de-Arte-Tras-refacciones-integrales-se-reinaugur\u00f3-la-Jos\u00e9-Pipo-Ferrari-BAJA-RESOL.jpg\",\"contentUrl\":\"https:\\\/\\\/elciudadanodelujan.com.ar\\\/wp-content\\\/uploads\\\/2022\\\/06\\\/Escuela-de-Arte-Tras-refacciones-integrales-se-reinaugur\u00f3-la-Jos\u00e9-Pipo-Ferrari-BAJA-RESOL.jpg\",\"width\":787,\"height\":525},{\"@type\":\"BreadcrumbList\",\"@id\":\"https:\\\/\\\/elciudadanodelujan.com.ar\\\/?p=2341#breadcrumb\",\"itemListElement\":[{\"@type\":\"ListItem\",\"position\":1,\"name\":\"Home\",\"item\":\"https:\\\/\\\/elciudadanodelujan.com.ar\\\/\"},{\"@type\":\"ListItem\",\"position\":2,\"name\":\"Tras refacciones integrales, se reinaugur\u00f3 la Escuela de Arte de Luj\u00e1n \u201cJos\u00e9 Pipo Ferrari\u201d\"}]},{\"@type\":\"WebSite\",\"@id\":\"https:\\\/\\\/elciudadanodelujan.com.ar\\\/#website\",\"url\":\"https:\\\/\\\/elciudadanodelujan.com.ar\\\/\",\"name\":\"https:\\\/\\\/elciudadanodelujan.com.ar\",\"description\":\"Noticias de inter\u00e9s general y periodismo de investigaci\u00f3n\",\"publisher\":{\"@id\":\"https:\\\/\\\/elciudadanodelujan.com.ar\\\/#organization\"},\"potentialAction\":[{\"@type\":\"SearchAction\",\"target\":{\"@type\":\"EntryPoint\",\"urlTemplate\":\"https:\\\/\\\/elciudadanodelujan.com.ar\\\/?s={search_term_string}\"},\"query-input\":{\"@type\":\"PropertyValueSpecification\",\"valueRequired\":true,\"valueName\":\"search_term_string\"}}],\"inLanguage\":\"es\"},{\"@type\":\"Organization\",\"@id\":\"https:\\\/\\\/elciudadanodelujan.com.ar\\\/#organization\",\"name\":\"El Ciudadano de Lujan\",\"url\":\"https:\\\/\\\/elciudadanodelujan.com.ar\\\/\",\"logo\":{\"@type\":\"ImageObject\",\"inLanguage\":\"es\",\"@id\":\"https:\\\/\\\/elciudadanodelujan.com.ar\\\/#\\\/schema\\\/logo\\\/image\\\/\",\"url\":\"https:\\\/\\\/elciudadanodelujan.com.ar\\\/wp-content\\\/uploads\\\/2025\\\/01\\\/logo_El_Ciudadano.jpg\",\"contentUrl\":\"https:\\\/\\\/elciudadanodelujan.com.ar\\\/wp-content\\\/uploads\\\/2025\\\/01\\\/logo_El_Ciudadano.jpg\",\"width\":500,\"height\":123,\"caption\":\"El Ciudadano de Lujan\"},\"image\":{\"@id\":\"https:\\\/\\\/elciudadanodelujan.com.ar\\\/#\\\/schema\\\/logo\\\/image\\\/\"},\"sameAs\":[\"https:\\\/\\\/www.facebook.com\\\/elciudadanodelujan\"]},{\"@type\":\"Person\",\"@id\":\"https:\\\/\\\/elciudadanodelujan.com.ar\\\/#\\\/schema\\\/person\\\/6e4147c312281a224c424b0ca2b1d439\",\"name\":\"Osvaldo Cabral\",\"image\":{\"@type\":\"ImageObject\",\"inLanguage\":\"es\",\"@id\":\"https:\\\/\\\/secure.gravatar.com\\\/avatar\\\/c4c6a8aea430571651e7d6992bdfdff335bbe96580656f78299d10ca9a6c1ae9?s=96&d=mm&r=g\",\"url\":\"https:\\\/\\\/secure.gravatar.com\\\/avatar\\\/c4c6a8aea430571651e7d6992bdfdff335bbe96580656f78299d10ca9a6c1ae9?s=96&d=mm&r=g\",\"contentUrl\":\"https:\\\/\\\/secure.gravatar.com\\\/avatar\\\/c4c6a8aea430571651e7d6992bdfdff335bbe96580656f78299d10ca9a6c1ae9?s=96&d=mm&r=g\",\"caption\":\"Osvaldo Cabral\"},\"url\":\"https:\\\/\\\/elciudadanodelujan.com.ar\\\/?author=2\"}]}<\/script>\n<!-- \/ Yoast SEO plugin. -->","yoast_head_json":{"title":"Tras refacciones integrales, se reinaugur\u00f3 la Escuela de Arte de Luj\u00e1n \u201cJos\u00e9 Pipo Ferrari\u201d -","robots":{"index":"index","follow":"follow","max-snippet":"max-snippet:-1","max-image-preview":"max-image-preview:large","max-video-preview":"max-video-preview:-1"},"canonical":"https:\/\/elciudadanodelujan.com.ar\/?p=2341","og_locale":"es_ES","og_type":"article","og_title":"Tras refacciones integrales, se reinaugur\u00f3 la Escuela de Arte de Luj\u00e1n \u201cJos\u00e9 Pipo Ferrari\u201d -","og_description":"Tras un conjunto de refacciones integrales, este mi\u00e9rcoles al mediod\u00eda qued\u00f3 reinaugurada la Escuela de Arte de Luj\u00e1n \u201cJos\u00e9 Pipo Ferrari\u201d, una obra largamente esperada por la comunidad educativa de&hellip;","og_url":"https:\/\/elciudadanodelujan.com.ar\/?p=2341","article_publisher":"https:\/\/www.facebook.com\/elciudadanodelujan","article_published_time":"2022-06-10T01:23:56+00:00","article_modified_time":"2022-06-10T01:27:41+00:00","og_image":[{"width":787,"height":525,"url":"https:\/\/elciudadanodelujan.com.ar\/wp-content\/uploads\/2022\/06\/Escuela-de-Arte-Tras-refacciones-integrales-se-reinaugur\u00f3-la-Jos\u00e9-Pipo-Ferrari-BAJA-RESOL.jpg","type":"image\/jpeg"}],"author":"Osvaldo Cabral","twitter_card":"summary_large_image","twitter_misc":{"Escrito por":"Osvaldo Cabral","Tiempo de lectura":"2 minutos"},"schema":{"@context":"https:\/\/schema.org","@graph":[{"@type":"Article","@id":"https:\/\/elciudadanodelujan.com.ar\/?p=2341#article","isPartOf":{"@id":"https:\/\/elciudadanodelujan.com.ar\/?p=2341"},"author":{"name":"Osvaldo Cabral","@id":"https:\/\/elciudadanodelujan.com.ar\/#\/schema\/person\/6e4147c312281a224c424b0ca2b1d439"},"headline":"Tras refacciones integrales, se reinaugur\u00f3 la Escuela de Arte de Luj\u00e1n \u201cJos\u00e9 Pipo Ferrari\u201d","datePublished":"2022-06-10T01:23:56+00:00","dateModified":"2022-06-10T01:27:41+00:00","mainEntityOfPage":{"@id":"https:\/\/elciudadanodelujan.com.ar\/?p=2341"},"wordCount":439,"publisher":{"@id":"https:\/\/elciudadanodelujan.com.ar\/#organization"},"image":{"@id":"https:\/\/elciudadanodelujan.com.ar\/?p=2341#primaryimage"},"thumbnailUrl":"https:\/\/elciudadanodelujan.com.ar\/wp-content\/uploads\/2022\/06\/Escuela-de-Arte-Tras-refacciones-integrales-se-reinaugur\u00f3-la-Jos\u00e9-Pipo-Ferrari-BAJA-RESOL.jpg","articleSection":["Actualidad"],"inLanguage":"es"},{"@type":"WebPage","@id":"https:\/\/elciudadanodelujan.com.ar\/?p=2341","url":"https:\/\/elciudadanodelujan.com.ar\/?p=2341","name":"Tras refacciones integrales, se reinaugur\u00f3 la Escuela de Arte de Luj\u00e1n \u201cJos\u00e9 Pipo Ferrari\u201d -","isPartOf":{"@id":"https:\/\/elciudadanodelujan.com.ar\/#website"},"primaryImageOfPage":{"@id":"https:\/\/elciudadanodelujan.com.ar\/?p=2341#primaryimage"},"image":{"@id":"https:\/\/elciudadanodelujan.com.ar\/?p=2341#primaryimage"},"thumbnailUrl":"https:\/\/elciudadanodelujan.com.ar\/wp-content\/uploads\/2022\/06\/Escuela-de-Arte-Tras-refacciones-integrales-se-reinaugur\u00f3-la-Jos\u00e9-Pipo-Ferrari-BAJA-RESOL.jpg","datePublished":"2022-06-10T01:23:56+00:00","dateModified":"2022-06-10T01:27:41+00:00","breadcrumb":{"@id":"https:\/\/elciudadanodelujan.com.ar\/?p=2341#breadcrumb"},"inLanguage":"es","potentialAction":[{"@type":"ReadAction","target":["https:\/\/elciudadanodelujan.com.ar\/?p=2341"]}]},{"@type":"ImageObject","inLanguage":"es","@id":"https:\/\/elciudadanodelujan.com.ar\/?p=2341#primaryimage","url":"https:\/\/elciudadanodelujan.com.ar\/wp-content\/uploads\/2022\/06\/Escuela-de-Arte-Tras-refacciones-integrales-se-reinaugur\u00f3-la-Jos\u00e9-Pipo-Ferrari-BAJA-RESOL.jpg","contentUrl":"https:\/\/elciudadanodelujan.com.ar\/wp-content\/uploads\/2022\/06\/Escuela-de-Arte-Tras-refacciones-integrales-se-reinaugur\u00f3-la-Jos\u00e9-Pipo-Ferrari-BAJA-RESOL.jpg","width":787,"height":525},{"@type":"BreadcrumbList","@id":"https:\/\/elciudadanodelujan.com.ar\/?p=2341#breadcrumb","itemListElement":[{"@type":"ListItem","position":1,"name":"Home","item":"https:\/\/elciudadanodelujan.com.ar\/"},{"@type":"ListItem","position":2,"name":"Tras refacciones integrales, se reinaugur\u00f3 la Escuela de Arte de Luj\u00e1n \u201cJos\u00e9 Pipo Ferrari\u201d"}]},{"@type":"WebSite","@id":"https:\/\/elciudadanodelujan.com.ar\/#website","url":"https:\/\/elciudadanodelujan.com.ar\/","name":"https:\/\/elciudadanodelujan.com.ar","description":"Noticias de inter\u00e9s general y periodismo de investigaci\u00f3n","publisher":{"@id":"https:\/\/elciudadanodelujan.com.ar\/#organization"},"potentialAction":[{"@type":"SearchAction","target":{"@type":"EntryPoint","urlTemplate":"https:\/\/elciudadanodelujan.com.ar\/?s={search_term_string}"},"query-input":{"@type":"PropertyValueSpecification","valueRequired":true,"valueName":"search_term_string"}}],"inLanguage":"es"},{"@type":"Organization","@id":"https:\/\/elciudadanodelujan.com.ar\/#organization","name":"El Ciudadano de Lujan","url":"https:\/\/elciudadanodelujan.com.ar\/","logo":{"@type":"ImageObject","inLanguage":"es","@id":"https:\/\/elciudadanodelujan.com.ar\/#\/schema\/logo\/image\/","url":"https:\/\/elciudadanodelujan.com.ar\/wp-content\/uploads\/2025\/01\/logo_El_Ciudadano.jpg","contentUrl":"https:\/\/elciudadanodelujan.com.ar\/wp-content\/uploads\/2025\/01\/logo_El_Ciudadano.jpg","width":500,"height":123,"caption":"El Ciudadano de Lujan"},"image":{"@id":"https:\/\/elciudadanodelujan.com.ar\/#\/schema\/logo\/image\/"},"sameAs":["https:\/\/www.facebook.com\/elciudadanodelujan"]},{"@type":"Person","@id":"https:\/\/elciudadanodelujan.com.ar\/#\/schema\/person\/6e4147c312281a224c424b0ca2b1d439","name":"Osvaldo Cabral","image":{"@type":"ImageObject","inLanguage":"es","@id":"https:\/\/secure.gravatar.com\/avatar\/c4c6a8aea430571651e7d6992bdfdff335bbe96580656f78299d10ca9a6c1ae9?s=96&d=mm&r=g","url":"https:\/\/secure.gravatar.com\/avatar\/c4c6a8aea430571651e7d6992bdfdff335bbe96580656f78299d10ca9a6c1ae9?s=96&d=mm&r=g","contentUrl":"https:\/\/secure.gravatar.com\/avatar\/c4c6a8aea430571651e7d6992bdfdff335bbe96580656f78299d10ca9a6c1ae9?s=96&d=mm&r=g","caption":"Osvaldo Cabral"},"url":"https:\/\/elciudadanodelujan.com.ar\/?author=2"}]}},"_links":{"self":[{"href":"https:\/\/elciudadanodelujan.com.ar\/index.php?rest_route=\/wp\/v2\/posts\/2341","targetHints":{"allow":["GET"]}}],"collection":[{"href":"https:\/\/elciudadanodelujan.com.ar\/index.php?rest_route=\/wp\/v2\/posts"}],"about":[{"href":"https:\/\/elciudadanodelujan.com.ar\/index.php?rest_route=\/wp\/v2\/types\/post"}],"author":[{"embeddable":true,"href":"https:\/\/elciudadanodelujan.com.ar\/index.php?rest_route=\/wp\/v2\/users\/2"}],"replies":[{"embeddable":true,"href":"https:\/\/elciudadanodelujan.com.ar\/index.php?rest_route=%2Fwp%2Fv2%2Fcomments&post=2341"}],"version-history":[{"count":3,"href":"https:\/\/elciudadanodelujan.com.ar\/index.php?rest_route=\/wp\/v2\/posts\/2341\/revisions"}],"predecessor-version":[{"id":2346,"href":"https:\/\/elciudadanodelujan.com.ar\/index.php?rest_route=\/wp\/v2\/posts\/2341\/revisions\/2346"}],"wp:featuredmedia":[{"embeddable":true,"href":"https:\/\/elciudadanodelujan.com.ar\/index.php?rest_route=\/wp\/v2\/media\/2345"}],"wp:attachment":[{"href":"https:\/\/elciudadanodelujan.com.ar\/index.php?rest_route=%2Fwp%2Fv2%2Fmedia&parent=2341"}],"wp:term":[{"taxonomy":"category","embeddable":true,"href":"https:\/\/elciudadanodelujan.com.ar\/index.php?rest_route=%2Fwp%2Fv2%2Fcategories&post=2341"},{"taxonomy":"post_tag","embeddable":true,"href":"https:\/\/elciudadanodelujan.com.ar\/index.php?rest_route=%2Fwp%2Fv2%2Ftags&post=2341"}],"curies":[{"name":"wp","href":"https:\/\/api.w.org\/{rel}","templated":true}]}}