{"id":2336,"date":"2022-06-09T17:24:03","date_gmt":"2022-06-09T17:24:03","guid":{"rendered":"https:\/\/elciudadanodelujan.com.ar\/?p=2336"},"modified":"2022-06-09T17:24:17","modified_gmt":"2022-06-09T17:24:17","slug":"avanzan-las-obras-recuperacion-y-renovacion-del-parque-ameghino","status":"publish","type":"post","link":"https:\/\/elciudadanodelujan.com.ar\/?p=2336","title":{"rendered":"Avanzan las obras recuperaci\u00f3n y renovaci\u00f3n del Parque Ameghino"},"content":{"rendered":"\n<p><strong>El Municipio de Luj\u00e1n avanza con las obras de recuperaci\u00f3n y renovaci\u00f3n del Parque Ameghino, con el objetivo de renovar el emblem\u00e1tico espacio p\u00fablico ubicado en la zona ribere\u00f1a y mejorar sus prestaciones para los vecinos y turistas.&nbsp;&nbsp;<\/strong><\/p>\n\n\n\n<p>La intervenci\u00f3n contempla trabajos en distintos \u00e1mbitos y sectores del parque, orientados a fortalecer la accesibilidad, la higiene y la seguridad, recuperando algunos de sus usos tradicionales y ampliando la oferta de servicios.&nbsp;<\/p>\n\n\n\n<p>En este sentido, actualmente se avanza con la construcci\u00f3n del nuevo p\u00f3rtico de acceso por calle San Mart\u00edn, que ir\u00e1 acompa\u00f1ado por un muro perimetral de mamposter\u00eda similar al existente, coronado con rejas que fortalezcan la seguridad.<\/p>\n\n\n\n<p>Para complementar la l\u00ednea est\u00e9tica en los accesos principales, tambi\u00e9n se defini\u00f3 la construcci\u00f3n de un p\u00f3rtico de acceso de iguales caracter\u00edsticas por calle Almirante Brown, cuya ejecuci\u00f3n comenzar\u00e1 una vez que finalice el de calle San Mart\u00edn.&nbsp;<\/p>\n\n\n\n<p>Asimismo, se reacondicionar\u00e1n los muros perimetrales existentes y se completar\u00e1n los faltantes, acompa\u00f1ados de dos p\u00f3rticos de acceso vehicular sobre las calles Pasaje Furt y 25 de Mayo.&nbsp;<\/p>\n\n\n\n<p>Las obras mencionadas posibilitar\u00e1n un mayor control de ingreso, fortaleciendo la seguridad y el mantenimiento del parque.<\/p>\n\n\n\n<p>En el terrapl\u00e9n, avanza el reacondicionamiento del paso que mira hacia el r\u00edo, incluyendo la reconstrucci\u00f3n de las zonas que se encuentran en mal estado y la construcci\u00f3n de la vereda faltante para poder darle continuidad y sentido a todo el pasaje. Los trabajos tambi\u00e9n sumaron la incorporaci\u00f3n de nuevas luminarias LED y la construcci\u00f3n de rampas de acceso desde el parque hacia la zona del terrapl\u00e9n.<\/p>\n\n\n\n<p>Tambi\u00e9n se avanza con la instalaci\u00f3n de nuevas luminarias LED tipo Apolo en diversos sectores del Parque, con el objetivo de incrementar la potencia lum\u00ednica&nbsp; y fortalecer la seguridad. Adem\u00e1s, est\u00e1 prevista la colocaci\u00f3n de bancos de plaza estilo franc\u00e9s.&nbsp;<\/p>\n\n\n\n<p>Con respecto a los sanitarios, se encuentra en marcha la renovaci\u00f3n de la estructura existente, en tanto queda pendiente la colocaci\u00f3n de nuevos artefactos.&nbsp;<\/p>\n\n\n\n<p>Por otra parte, se encuentran avanzados los trabajos de regeneraci\u00f3n de la laguna artificial del parque, con el prop\u00f3sito de ampliar la oferta recreativa. En este sentido, se construir\u00e1 una vereda perimetral de hormig\u00f3n y se instalar\u00e1n luminarias, adem\u00e1s de generar una zona de descanso en la isla del espejo de agua.&nbsp;<\/p>\n\n\n\n<p>Por \u00faltimo, se mejorar\u00e1 el pavimento existente para favorecer la circulaci\u00f3n vehicular, se reconstruir\u00e1n los cordones existentes y se completar\u00e1n con adoquines los que se encuentren en falta.<\/p>\n\n\n\n<figure class=\"wp-block-image size-large\"><img loading=\"lazy\" decoding=\"async\" width=\"1024\" height=\"682\" src=\"https:\/\/elciudadanodelujan.com.ar\/wp-content\/uploads\/2022\/06\/Obras-Recuperaci\u00f3n-Parque-Ameghino-1024x682.jpg\" alt=\"\" class=\"wp-image-2337\" srcset=\"https:\/\/elciudadanodelujan.com.ar\/wp-content\/uploads\/2022\/06\/Obras-Recuperaci\u00f3n-Parque-Ameghino-1024x682.jpg 1024w, https:\/\/elciudadanodelujan.com.ar\/wp-content\/uploads\/2022\/06\/Obras-Recuperaci\u00f3n-Parque-Ameghino-300x200.jpg 300w, https:\/\/elciudadanodelujan.com.ar\/wp-content\/uploads\/2022\/06\/Obras-Recuperaci\u00f3n-Parque-Ameghino-768x512.jpg 768w, https:\/\/elciudadanodelujan.com.ar\/wp-content\/uploads\/2022\/06\/Obras-Recuperaci\u00f3n-Parque-Ameghino-358x239.jpg 358w, https:\/\/elciudadanodelujan.com.ar\/wp-content\/uploads\/2022\/06\/Obras-Recuperaci\u00f3n-Parque-Ameghino.jpg 1280w\" sizes=\"auto, (max-width: 1024px) 100vw, 1024px\" \/><\/figure>\n","protected":false},"excerpt":{"rendered":"<p>El Municipio de Luj\u00e1n avanza con las obras de recuperaci\u00f3n y renovaci\u00f3n del Parque Ameghino, con el objetivo de renovar el emblem\u00e1tico espacio p\u00fablico ubicado en la zona ribere\u00f1a y&hellip; <\/p>\n","protected":false},"author":2,"featured_media":2337,"comment_status":"closed","ping_status":"closed","sticky":false,"template":"","format":"standard","meta":{"footnotes":""},"categories":[1],"tags":[],"class_list":["post-2336","post","type-post","status-publish","format-standard","has-post-thumbnail","hentry","category-uncategorized"],"yoast_head":"<!-- This site is optimized with the Yoast SEO plugin v27.3 - https:\/\/yoast.com\/product\/yoast-seo-wordpress\/ -->\n<title>Avanzan las obras recuperaci\u00f3n y renovaci\u00f3n del Parque Ameghino -<\/title>\n<meta name=\"robots\" content=\"index, follow, max-snippet:-1, max-image-preview:large, max-video-preview:-1\" \/>\n<link rel=\"canonical\" href=\"https:\/\/elciudadanodelujan.com.ar\/?p=2336\" \/>\n<meta property=\"og:locale\" content=\"es_ES\" \/>\n<meta property=\"og:type\" content=\"article\" \/>\n<meta property=\"og:title\" content=\"Avanzan las obras recuperaci\u00f3n y renovaci\u00f3n del Parque Ameghino -\" \/>\n<meta property=\"og:description\" content=\"El Municipio de Luj\u00e1n avanza con las obras de recuperaci\u00f3n y renovaci\u00f3n del Parque Ameghino, con el objetivo de renovar el emblem\u00e1tico espacio p\u00fablico ubicado en la zona ribere\u00f1a y&hellip;\" \/>\n<meta property=\"og:url\" content=\"https:\/\/elciudadanodelujan.com.ar\/?p=2336\" \/>\n<meta property=\"article:publisher\" content=\"https:\/\/www.facebook.com\/elciudadanodelujan\" \/>\n<meta property=\"article:published_time\" content=\"2022-06-09T17:24:03+00:00\" \/>\n<meta property=\"article:modified_time\" content=\"2022-06-09T17:24:17+00:00\" \/>\n<meta property=\"og:image\" content=\"https:\/\/elciudadanodelujan.com.ar\/wp-content\/uploads\/2022\/06\/Obras-Recuperaci\u00f3n-Parque-Ameghino.jpg\" \/>\n\t<meta property=\"og:image:width\" content=\"1280\" \/>\n\t<meta property=\"og:image:height\" content=\"853\" \/>\n\t<meta property=\"og:image:type\" content=\"image\/jpeg\" \/>\n<meta name=\"author\" content=\"Osvaldo Cabral\" \/>\n<meta name=\"twitter:card\" content=\"summary_large_image\" \/>\n<meta name=\"twitter:label1\" content=\"Escrito por\" \/>\n\t<meta name=\"twitter:data1\" content=\"Osvaldo Cabral\" \/>\n\t<meta name=\"twitter:label2\" content=\"Tiempo de lectura\" \/>\n\t<meta name=\"twitter:data2\" content=\"2 minutos\" \/>\n<script type=\"application\/ld+json\" class=\"yoast-schema-graph\">{\"@context\":\"https:\\\/\\\/schema.org\",\"@graph\":[{\"@type\":\"Article\",\"@id\":\"https:\\\/\\\/elciudadanodelujan.com.ar\\\/?p=2336#article\",\"isPartOf\":{\"@id\":\"https:\\\/\\\/elciudadanodelujan.com.ar\\\/?p=2336\"},\"author\":{\"name\":\"Osvaldo Cabral\",\"@id\":\"https:\\\/\\\/elciudadanodelujan.com.ar\\\/#\\\/schema\\\/person\\\/6e4147c312281a224c424b0ca2b1d439\"},\"headline\":\"Avanzan las obras recuperaci\u00f3n y renovaci\u00f3n del Parque Ameghino\",\"datePublished\":\"2022-06-09T17:24:03+00:00\",\"dateModified\":\"2022-06-09T17:24:17+00:00\",\"mainEntityOfPage\":{\"@id\":\"https:\\\/\\\/elciudadanodelujan.com.ar\\\/?p=2336\"},\"wordCount\":470,\"publisher\":{\"@id\":\"https:\\\/\\\/elciudadanodelujan.com.ar\\\/#organization\"},\"image\":{\"@id\":\"https:\\\/\\\/elciudadanodelujan.com.ar\\\/?p=2336#primaryimage\"},\"thumbnailUrl\":\"https:\\\/\\\/elciudadanodelujan.com.ar\\\/wp-content\\\/uploads\\\/2022\\\/06\\\/Obras-Recuperaci\u00f3n-Parque-Ameghino.jpg\",\"articleSection\":[\"Actualidad\"],\"inLanguage\":\"es\"},{\"@type\":\"WebPage\",\"@id\":\"https:\\\/\\\/elciudadanodelujan.com.ar\\\/?p=2336\",\"url\":\"https:\\\/\\\/elciudadanodelujan.com.ar\\\/?p=2336\",\"name\":\"Avanzan las obras recuperaci\u00f3n y renovaci\u00f3n del Parque Ameghino -\",\"isPartOf\":{\"@id\":\"https:\\\/\\\/elciudadanodelujan.com.ar\\\/#website\"},\"primaryImageOfPage\":{\"@id\":\"https:\\\/\\\/elciudadanodelujan.com.ar\\\/?p=2336#primaryimage\"},\"image\":{\"@id\":\"https:\\\/\\\/elciudadanodelujan.com.ar\\\/?p=2336#primaryimage\"},\"thumbnailUrl\":\"https:\\\/\\\/elciudadanodelujan.com.ar\\\/wp-content\\\/uploads\\\/2022\\\/06\\\/Obras-Recuperaci\u00f3n-Parque-Ameghino.jpg\",\"datePublished\":\"2022-06-09T17:24:03+00:00\",\"dateModified\":\"2022-06-09T17:24:17+00:00\",\"breadcrumb\":{\"@id\":\"https:\\\/\\\/elciudadanodelujan.com.ar\\\/?p=2336#breadcrumb\"},\"inLanguage\":\"es\",\"potentialAction\":[{\"@type\":\"ReadAction\",\"target\":[\"https:\\\/\\\/elciudadanodelujan.com.ar\\\/?p=2336\"]}]},{\"@type\":\"ImageObject\",\"inLanguage\":\"es\",\"@id\":\"https:\\\/\\\/elciudadanodelujan.com.ar\\\/?p=2336#primaryimage\",\"url\":\"https:\\\/\\\/elciudadanodelujan.com.ar\\\/wp-content\\\/uploads\\\/2022\\\/06\\\/Obras-Recuperaci\u00f3n-Parque-Ameghino.jpg\",\"contentUrl\":\"https:\\\/\\\/elciudadanodelujan.com.ar\\\/wp-content\\\/uploads\\\/2022\\\/06\\\/Obras-Recuperaci\u00f3n-Parque-Ameghino.jpg\",\"width\":1280,\"height\":853},{\"@type\":\"BreadcrumbList\",\"@id\":\"https:\\\/\\\/elciudadanodelujan.com.ar\\\/?p=2336#breadcrumb\",\"itemListElement\":[{\"@type\":\"ListItem\",\"position\":1,\"name\":\"Home\",\"item\":\"https:\\\/\\\/elciudadanodelujan.com.ar\\\/\"},{\"@type\":\"ListItem\",\"position\":2,\"name\":\"Avanzan las obras recuperaci\u00f3n y renovaci\u00f3n del Parque Ameghino\"}]},{\"@type\":\"WebSite\",\"@id\":\"https:\\\/\\\/elciudadanodelujan.com.ar\\\/#website\",\"url\":\"https:\\\/\\\/elciudadanodelujan.com.ar\\\/\",\"name\":\"https:\\\/\\\/elciudadanodelujan.com.ar\",\"description\":\"Noticias de inter\u00e9s general y periodismo de investigaci\u00f3n\",\"publisher\":{\"@id\":\"https:\\\/\\\/elciudadanodelujan.com.ar\\\/#organization\"},\"potentialAction\":[{\"@type\":\"SearchAction\",\"target\":{\"@type\":\"EntryPoint\",\"urlTemplate\":\"https:\\\/\\\/elciudadanodelujan.com.ar\\\/?s={search_term_string}\"},\"query-input\":{\"@type\":\"PropertyValueSpecification\",\"valueRequired\":true,\"valueName\":\"search_term_string\"}}],\"inLanguage\":\"es\"},{\"@type\":\"Organization\",\"@id\":\"https:\\\/\\\/elciudadanodelujan.com.ar\\\/#organization\",\"name\":\"El Ciudadano de Lujan\",\"url\":\"https:\\\/\\\/elciudadanodelujan.com.ar\\\/\",\"logo\":{\"@type\":\"ImageObject\",\"inLanguage\":\"es\",\"@id\":\"https:\\\/\\\/elciudadanodelujan.com.ar\\\/#\\\/schema\\\/logo\\\/image\\\/\",\"url\":\"https:\\\/\\\/elciudadanodelujan.com.ar\\\/wp-content\\\/uploads\\\/2025\\\/01\\\/logo_El_Ciudadano.jpg\",\"contentUrl\":\"https:\\\/\\\/elciudadanodelujan.com.ar\\\/wp-content\\\/uploads\\\/2025\\\/01\\\/logo_El_Ciudadano.jpg\",\"width\":500,\"height\":123,\"caption\":\"El Ciudadano de Lujan\"},\"image\":{\"@id\":\"https:\\\/\\\/elciudadanodelujan.com.ar\\\/#\\\/schema\\\/logo\\\/image\\\/\"},\"sameAs\":[\"https:\\\/\\\/www.facebook.com\\\/elciudadanodelujan\"]},{\"@type\":\"Person\",\"@id\":\"https:\\\/\\\/elciudadanodelujan.com.ar\\\/#\\\/schema\\\/person\\\/6e4147c312281a224c424b0ca2b1d439\",\"name\":\"Osvaldo Cabral\",\"image\":{\"@type\":\"ImageObject\",\"inLanguage\":\"es\",\"@id\":\"https:\\\/\\\/secure.gravatar.com\\\/avatar\\\/c4c6a8aea430571651e7d6992bdfdff335bbe96580656f78299d10ca9a6c1ae9?s=96&d=mm&r=g\",\"url\":\"https:\\\/\\\/secure.gravatar.com\\\/avatar\\\/c4c6a8aea430571651e7d6992bdfdff335bbe96580656f78299d10ca9a6c1ae9?s=96&d=mm&r=g\",\"contentUrl\":\"https:\\\/\\\/secure.gravatar.com\\\/avatar\\\/c4c6a8aea430571651e7d6992bdfdff335bbe96580656f78299d10ca9a6c1ae9?s=96&d=mm&r=g\",\"caption\":\"Osvaldo Cabral\"},\"url\":\"https:\\\/\\\/elciudadanodelujan.com.ar\\\/?author=2\"}]}<\/script>\n<!-- \/ Yoast SEO plugin. -->","yoast_head_json":{"title":"Avanzan las obras recuperaci\u00f3n y renovaci\u00f3n del Parque Ameghino -","robots":{"index":"index","follow":"follow","max-snippet":"max-snippet:-1","max-image-preview":"max-image-preview:large","max-video-preview":"max-video-preview:-1"},"canonical":"https:\/\/elciudadanodelujan.com.ar\/?p=2336","og_locale":"es_ES","og_type":"article","og_title":"Avanzan las obras recuperaci\u00f3n y renovaci\u00f3n del Parque Ameghino -","og_description":"El Municipio de Luj\u00e1n avanza con las obras de recuperaci\u00f3n y renovaci\u00f3n del Parque Ameghino, con el objetivo de renovar el emblem\u00e1tico espacio p\u00fablico ubicado en la zona ribere\u00f1a y&hellip;","og_url":"https:\/\/elciudadanodelujan.com.ar\/?p=2336","article_publisher":"https:\/\/www.facebook.com\/elciudadanodelujan","article_published_time":"2022-06-09T17:24:03+00:00","article_modified_time":"2022-06-09T17:24:17+00:00","og_image":[{"width":1280,"height":853,"url":"https:\/\/elciudadanodelujan.com.ar\/wp-content\/uploads\/2022\/06\/Obras-Recuperaci\u00f3n-Parque-Ameghino.jpg","type":"image\/jpeg"}],"author":"Osvaldo Cabral","twitter_card":"summary_large_image","twitter_misc":{"Escrito por":"Osvaldo Cabral","Tiempo de lectura":"2 minutos"},"schema":{"@context":"https:\/\/schema.org","@graph":[{"@type":"Article","@id":"https:\/\/elciudadanodelujan.com.ar\/?p=2336#article","isPartOf":{"@id":"https:\/\/elciudadanodelujan.com.ar\/?p=2336"},"author":{"name":"Osvaldo Cabral","@id":"https:\/\/elciudadanodelujan.com.ar\/#\/schema\/person\/6e4147c312281a224c424b0ca2b1d439"},"headline":"Avanzan las obras recuperaci\u00f3n y renovaci\u00f3n del Parque Ameghino","datePublished":"2022-06-09T17:24:03+00:00","dateModified":"2022-06-09T17:24:17+00:00","mainEntityOfPage":{"@id":"https:\/\/elciudadanodelujan.com.ar\/?p=2336"},"wordCount":470,"publisher":{"@id":"https:\/\/elciudadanodelujan.com.ar\/#organization"},"image":{"@id":"https:\/\/elciudadanodelujan.com.ar\/?p=2336#primaryimage"},"thumbnailUrl":"https:\/\/elciudadanodelujan.com.ar\/wp-content\/uploads\/2022\/06\/Obras-Recuperaci\u00f3n-Parque-Ameghino.jpg","articleSection":["Actualidad"],"inLanguage":"es"},{"@type":"WebPage","@id":"https:\/\/elciudadanodelujan.com.ar\/?p=2336","url":"https:\/\/elciudadanodelujan.com.ar\/?p=2336","name":"Avanzan las obras recuperaci\u00f3n y renovaci\u00f3n del Parque Ameghino -","isPartOf":{"@id":"https:\/\/elciudadanodelujan.com.ar\/#website"},"primaryImageOfPage":{"@id":"https:\/\/elciudadanodelujan.com.ar\/?p=2336#primaryimage"},"image":{"@id":"https:\/\/elciudadanodelujan.com.ar\/?p=2336#primaryimage"},"thumbnailUrl":"https:\/\/elciudadanodelujan.com.ar\/wp-content\/uploads\/2022\/06\/Obras-Recuperaci\u00f3n-Parque-Ameghino.jpg","datePublished":"2022-06-09T17:24:03+00:00","dateModified":"2022-06-09T17:24:17+00:00","breadcrumb":{"@id":"https:\/\/elciudadanodelujan.com.ar\/?p=2336#breadcrumb"},"inLanguage":"es","potentialAction":[{"@type":"ReadAction","target":["https:\/\/elciudadanodelujan.com.ar\/?p=2336"]}]},{"@type":"ImageObject","inLanguage":"es","@id":"https:\/\/elciudadanodelujan.com.ar\/?p=2336#primaryimage","url":"https:\/\/elciudadanodelujan.com.ar\/wp-content\/uploads\/2022\/06\/Obras-Recuperaci\u00f3n-Parque-Ameghino.jpg","contentUrl":"https:\/\/elciudadanodelujan.com.ar\/wp-content\/uploads\/2022\/06\/Obras-Recuperaci\u00f3n-Parque-Ameghino.jpg","width":1280,"height":853},{"@type":"BreadcrumbList","@id":"https:\/\/elciudadanodelujan.com.ar\/?p=2336#breadcrumb","itemListElement":[{"@type":"ListItem","position":1,"name":"Home","item":"https:\/\/elciudadanodelujan.com.ar\/"},{"@type":"ListItem","position":2,"name":"Avanzan las obras recuperaci\u00f3n y renovaci\u00f3n del Parque Ameghino"}]},{"@type":"WebSite","@id":"https:\/\/elciudadanodelujan.com.ar\/#website","url":"https:\/\/elciudadanodelujan.com.ar\/","name":"https:\/\/elciudadanodelujan.com.ar","description":"Noticias de inter\u00e9s general y periodismo de investigaci\u00f3n","publisher":{"@id":"https:\/\/elciudadanodelujan.com.ar\/#organization"},"potentialAction":[{"@type":"SearchAction","target":{"@type":"EntryPoint","urlTemplate":"https:\/\/elciudadanodelujan.com.ar\/?s={search_term_string}"},"query-input":{"@type":"PropertyValueSpecification","valueRequired":true,"valueName":"search_term_string"}}],"inLanguage":"es"},{"@type":"Organization","@id":"https:\/\/elciudadanodelujan.com.ar\/#organization","name":"El Ciudadano de Lujan","url":"https:\/\/elciudadanodelujan.com.ar\/","logo":{"@type":"ImageObject","inLanguage":"es","@id":"https:\/\/elciudadanodelujan.com.ar\/#\/schema\/logo\/image\/","url":"https:\/\/elciudadanodelujan.com.ar\/wp-content\/uploads\/2025\/01\/logo_El_Ciudadano.jpg","contentUrl":"https:\/\/elciudadanodelujan.com.ar\/wp-content\/uploads\/2025\/01\/logo_El_Ciudadano.jpg","width":500,"height":123,"caption":"El Ciudadano de Lujan"},"image":{"@id":"https:\/\/elciudadanodelujan.com.ar\/#\/schema\/logo\/image\/"},"sameAs":["https:\/\/www.facebook.com\/elciudadanodelujan"]},{"@type":"Person","@id":"https:\/\/elciudadanodelujan.com.ar\/#\/schema\/person\/6e4147c312281a224c424b0ca2b1d439","name":"Osvaldo Cabral","image":{"@type":"ImageObject","inLanguage":"es","@id":"https:\/\/secure.gravatar.com\/avatar\/c4c6a8aea430571651e7d6992bdfdff335bbe96580656f78299d10ca9a6c1ae9?s=96&d=mm&r=g","url":"https:\/\/secure.gravatar.com\/avatar\/c4c6a8aea430571651e7d6992bdfdff335bbe96580656f78299d10ca9a6c1ae9?s=96&d=mm&r=g","contentUrl":"https:\/\/secure.gravatar.com\/avatar\/c4c6a8aea430571651e7d6992bdfdff335bbe96580656f78299d10ca9a6c1ae9?s=96&d=mm&r=g","caption":"Osvaldo Cabral"},"url":"https:\/\/elciudadanodelujan.com.ar\/?author=2"}]}},"_links":{"self":[{"href":"https:\/\/elciudadanodelujan.com.ar\/index.php?rest_route=\/wp\/v2\/posts\/2336","targetHints":{"allow":["GET"]}}],"collection":[{"href":"https:\/\/elciudadanodelujan.com.ar\/index.php?rest_route=\/wp\/v2\/posts"}],"about":[{"href":"https:\/\/elciudadanodelujan.com.ar\/index.php?rest_route=\/wp\/v2\/types\/post"}],"author":[{"embeddable":true,"href":"https:\/\/elciudadanodelujan.com.ar\/index.php?rest_route=\/wp\/v2\/users\/2"}],"replies":[{"embeddable":true,"href":"https:\/\/elciudadanodelujan.com.ar\/index.php?rest_route=%2Fwp%2Fv2%2Fcomments&post=2336"}],"version-history":[{"count":3,"href":"https:\/\/elciudadanodelujan.com.ar\/index.php?rest_route=\/wp\/v2\/posts\/2336\/revisions"}],"predecessor-version":[{"id":2340,"href":"https:\/\/elciudadanodelujan.com.ar\/index.php?rest_route=\/wp\/v2\/posts\/2336\/revisions\/2340"}],"wp:featuredmedia":[{"embeddable":true,"href":"https:\/\/elciudadanodelujan.com.ar\/index.php?rest_route=\/wp\/v2\/media\/2337"}],"wp:attachment":[{"href":"https:\/\/elciudadanodelujan.com.ar\/index.php?rest_route=%2Fwp%2Fv2%2Fmedia&parent=2336"}],"wp:term":[{"taxonomy":"category","embeddable":true,"href":"https:\/\/elciudadanodelujan.com.ar\/index.php?rest_route=%2Fwp%2Fv2%2Fcategories&post=2336"},{"taxonomy":"post_tag","embeddable":true,"href":"https:\/\/elciudadanodelujan.com.ar\/index.php?rest_route=%2Fwp%2Fv2%2Ftags&post=2336"}],"curies":[{"name":"wp","href":"https:\/\/api.w.org\/{rel}","templated":true}]}}