{"id":2331,"date":"2022-06-09T17:22:12","date_gmt":"2022-06-09T17:22:12","guid":{"rendered":"https:\/\/elciudadanodelujan.com.ar\/?p=2331"},"modified":"2022-06-09T17:22:27","modified_gmt":"2022-06-09T17:22:27","slug":"se-realizara-una-capacitacion-gratuita-sobre-administracion-y-gestion-de-asociaciones-civiles","status":"publish","type":"post","link":"https:\/\/elciudadanodelujan.com.ar\/?p=2331","title":{"rendered":"Se realizar\u00e1 una capacitaci\u00f3n gratuita sobre Administraci\u00f3n y Gesti\u00f3n de Asociaciones Civiles"},"content":{"rendered":"\n<p><strong>El Municipio de Luj\u00e1n invita a las entidades comunitarias del distrito a participar de una capacitaci\u00f3n sobre Administraci\u00f3n y Gesti\u00f3n de Asociaciones Civiles.&nbsp;<\/strong><\/p>\n\n\n\n<p>De car\u00e1cter gratuito, la charla tendr\u00e1 lugar el pr\u00f3ximo jueves 16 a las 18 horas en el Sal\u00f3n Cultural del Complejo Museogr\u00e1fico Enrique Udaondo y ser\u00e1 brindada por Lourdes Puentes Olivera, Directora de la Escuela de Pol\u00edtica y Gobierno de la Universidad Cat\u00f3lica Argentina, y Carlos March, docente del Curso de Posgrado para Organizaciones Sociales de la misma casa de altos estudios.&nbsp;<\/p>\n\n\n\n<p>Con un cupo m\u00e1ximo de dos representantes por entidad, las instituciones interesadas en participar deber\u00e1n inscribirse a trav\u00e9s del siguiente enlace:<\/p>\n\n\n\n<p><a href=\"https:\/\/bit.ly\/Capacitaci\u00f3n_Entidades\">https:\/\/bit.ly\/Capacitaci\u00f3n_Entidades<\/a><\/p>\n\n\n\n<figure class=\"wp-block-table\"><table><tbody><tr><td><a target=\"_blank\" href=\"https:\/\/bit.ly\/Capacitaci%C3%B3n_Entidades\" rel=\"noreferrer noopener\"><\/a><\/td><td><a target=\"_blank\" href=\"https:\/\/bit.ly\/Capacitaci%C3%B3n_Entidades\" rel=\"noreferrer noopener\">Fortalecimiento Institucional<\/a>Formulario de Inscripci\u00f3n a la \u00abCapacitaci\u00f3n de Administraci\u00f3n y Gesti\u00f3n de Asoc. Civiles\u00bbbit.ly<\/td><\/tr><\/tbody><\/table><\/figure>\n\n\n\n<p>Cabe destacar que la capacitaci\u00f3n ser\u00e1 grabada para que luego pueda ser compartida entre los dem\u00e1s miembros de las Comisiones Directivas de las entidades participantes.&nbsp;<\/p>\n\n\n\n<p>La actividad es organizada en el marco del programa de Fortalecimiento Institucional de los Consejos de la Comunidad, a trav\u00e9s de la Direcci\u00f3n de Entidades Comunitarias dependiente de la Secretar\u00eda de Gobierno y Participaci\u00f3n Ciudadana.<\/p>\n\n\n\n<figure class=\"wp-block-image size-large\"><img loading=\"lazy\" decoding=\"async\" width=\"1024\" height=\"654\" src=\"https:\/\/elciudadanodelujan.com.ar\/wp-content\/uploads\/2022\/06\/Capacitaci\u00f3n-Entidades-Comunitarias-1024x654.jpg\" alt=\"\" class=\"wp-image-2332\" srcset=\"https:\/\/elciudadanodelujan.com.ar\/wp-content\/uploads\/2022\/06\/Capacitaci\u00f3n-Entidades-Comunitarias-1024x654.jpg 1024w, https:\/\/elciudadanodelujan.com.ar\/wp-content\/uploads\/2022\/06\/Capacitaci\u00f3n-Entidades-Comunitarias-300x191.jpg 300w, https:\/\/elciudadanodelujan.com.ar\/wp-content\/uploads\/2022\/06\/Capacitaci\u00f3n-Entidades-Comunitarias-768x490.jpg 768w, https:\/\/elciudadanodelujan.com.ar\/wp-content\/uploads\/2022\/06\/Capacitaci\u00f3n-Entidades-Comunitarias-115x72.jpg 115w, https:\/\/elciudadanodelujan.com.ar\/wp-content\/uploads\/2022\/06\/Capacitaci\u00f3n-Entidades-Comunitarias.jpg 1280w\" sizes=\"auto, (max-width: 1024px) 100vw, 1024px\" \/><\/figure>\n","protected":false},"excerpt":{"rendered":"<p>El Municipio de Luj\u00e1n invita a las entidades comunitarias del distrito a participar de una capacitaci\u00f3n sobre Administraci\u00f3n y Gesti\u00f3n de Asociaciones Civiles.&nbsp; De car\u00e1cter gratuito, la charla tendr\u00e1 lugar&hellip; <\/p>\n","protected":false},"author":2,"featured_media":2332,"comment_status":"closed","ping_status":"closed","sticky":false,"template":"","format":"standard","meta":{"footnotes":""},"categories":[1],"tags":[],"class_list":["post-2331","post","type-post","status-publish","format-standard","has-post-thumbnail","hentry","category-uncategorized"],"yoast_head":"<!-- This site is optimized with the Yoast SEO plugin v27.3 - https:\/\/yoast.com\/product\/yoast-seo-wordpress\/ -->\n<title>Se realizar\u00e1 una capacitaci\u00f3n gratuita sobre Administraci\u00f3n y Gesti\u00f3n de Asociaciones Civiles -<\/title>\n<meta name=\"robots\" content=\"index, follow, max-snippet:-1, max-image-preview:large, max-video-preview:-1\" \/>\n<link rel=\"canonical\" href=\"https:\/\/elciudadanodelujan.com.ar\/?p=2331\" \/>\n<meta property=\"og:locale\" content=\"es_ES\" \/>\n<meta property=\"og:type\" content=\"article\" \/>\n<meta property=\"og:title\" content=\"Se realizar\u00e1 una capacitaci\u00f3n gratuita sobre Administraci\u00f3n y Gesti\u00f3n de Asociaciones Civiles -\" \/>\n<meta property=\"og:description\" content=\"El Municipio de Luj\u00e1n invita a las entidades comunitarias del distrito a participar de una capacitaci\u00f3n sobre Administraci\u00f3n y Gesti\u00f3n de Asociaciones Civiles.&nbsp; De car\u00e1cter gratuito, la charla tendr\u00e1 lugar&hellip;\" \/>\n<meta property=\"og:url\" content=\"https:\/\/elciudadanodelujan.com.ar\/?p=2331\" \/>\n<meta property=\"article:publisher\" content=\"https:\/\/www.facebook.com\/elciudadanodelujan\" \/>\n<meta property=\"article:published_time\" content=\"2022-06-09T17:22:12+00:00\" \/>\n<meta property=\"article:modified_time\" content=\"2022-06-09T17:22:27+00:00\" \/>\n<meta property=\"og:image\" content=\"https:\/\/elciudadanodelujan.com.ar\/wp-content\/uploads\/2022\/06\/Capacitaci\u00f3n-Entidades-Comunitarias.jpg\" \/>\n\t<meta property=\"og:image:width\" content=\"1280\" \/>\n\t<meta property=\"og:image:height\" content=\"817\" \/>\n\t<meta property=\"og:image:type\" content=\"image\/jpeg\" \/>\n<meta name=\"author\" content=\"Osvaldo Cabral\" \/>\n<meta name=\"twitter:card\" content=\"summary_large_image\" \/>\n<meta name=\"twitter:label1\" content=\"Escrito por\" \/>\n\t<meta name=\"twitter:data1\" content=\"Osvaldo Cabral\" \/>\n\t<meta name=\"twitter:label2\" content=\"Tiempo de lectura\" \/>\n\t<meta name=\"twitter:data2\" content=\"1 minuto\" \/>\n<script type=\"application\/ld+json\" class=\"yoast-schema-graph\">{\"@context\":\"https:\\\/\\\/schema.org\",\"@graph\":[{\"@type\":\"Article\",\"@id\":\"https:\\\/\\\/elciudadanodelujan.com.ar\\\/?p=2331#article\",\"isPartOf\":{\"@id\":\"https:\\\/\\\/elciudadanodelujan.com.ar\\\/?p=2331\"},\"author\":{\"name\":\"Osvaldo Cabral\",\"@id\":\"https:\\\/\\\/elciudadanodelujan.com.ar\\\/#\\\/schema\\\/person\\\/6e4147c312281a224c424b0ca2b1d439\"},\"headline\":\"Se realizar\u00e1 una capacitaci\u00f3n gratuita sobre Administraci\u00f3n y Gesti\u00f3n de Asociaciones Civiles\",\"datePublished\":\"2022-06-09T17:22:12+00:00\",\"dateModified\":\"2022-06-09T17:22:27+00:00\",\"mainEntityOfPage\":{\"@id\":\"https:\\\/\\\/elciudadanodelujan.com.ar\\\/?p=2331\"},\"wordCount\":227,\"publisher\":{\"@id\":\"https:\\\/\\\/elciudadanodelujan.com.ar\\\/#organization\"},\"image\":{\"@id\":\"https:\\\/\\\/elciudadanodelujan.com.ar\\\/?p=2331#primaryimage\"},\"thumbnailUrl\":\"https:\\\/\\\/elciudadanodelujan.com.ar\\\/wp-content\\\/uploads\\\/2022\\\/06\\\/Capacitaci\u00f3n-Entidades-Comunitarias.jpg\",\"articleSection\":[\"Actualidad\"],\"inLanguage\":\"es\"},{\"@type\":\"WebPage\",\"@id\":\"https:\\\/\\\/elciudadanodelujan.com.ar\\\/?p=2331\",\"url\":\"https:\\\/\\\/elciudadanodelujan.com.ar\\\/?p=2331\",\"name\":\"Se realizar\u00e1 una capacitaci\u00f3n gratuita sobre Administraci\u00f3n y Gesti\u00f3n de Asociaciones Civiles -\",\"isPartOf\":{\"@id\":\"https:\\\/\\\/elciudadanodelujan.com.ar\\\/#website\"},\"primaryImageOfPage\":{\"@id\":\"https:\\\/\\\/elciudadanodelujan.com.ar\\\/?p=2331#primaryimage\"},\"image\":{\"@id\":\"https:\\\/\\\/elciudadanodelujan.com.ar\\\/?p=2331#primaryimage\"},\"thumbnailUrl\":\"https:\\\/\\\/elciudadanodelujan.com.ar\\\/wp-content\\\/uploads\\\/2022\\\/06\\\/Capacitaci\u00f3n-Entidades-Comunitarias.jpg\",\"datePublished\":\"2022-06-09T17:22:12+00:00\",\"dateModified\":\"2022-06-09T17:22:27+00:00\",\"breadcrumb\":{\"@id\":\"https:\\\/\\\/elciudadanodelujan.com.ar\\\/?p=2331#breadcrumb\"},\"inLanguage\":\"es\",\"potentialAction\":[{\"@type\":\"ReadAction\",\"target\":[\"https:\\\/\\\/elciudadanodelujan.com.ar\\\/?p=2331\"]}]},{\"@type\":\"ImageObject\",\"inLanguage\":\"es\",\"@id\":\"https:\\\/\\\/elciudadanodelujan.com.ar\\\/?p=2331#primaryimage\",\"url\":\"https:\\\/\\\/elciudadanodelujan.com.ar\\\/wp-content\\\/uploads\\\/2022\\\/06\\\/Capacitaci\u00f3n-Entidades-Comunitarias.jpg\",\"contentUrl\":\"https:\\\/\\\/elciudadanodelujan.com.ar\\\/wp-content\\\/uploads\\\/2022\\\/06\\\/Capacitaci\u00f3n-Entidades-Comunitarias.jpg\",\"width\":1280,\"height\":817},{\"@type\":\"BreadcrumbList\",\"@id\":\"https:\\\/\\\/elciudadanodelujan.com.ar\\\/?p=2331#breadcrumb\",\"itemListElement\":[{\"@type\":\"ListItem\",\"position\":1,\"name\":\"Home\",\"item\":\"https:\\\/\\\/elciudadanodelujan.com.ar\\\/\"},{\"@type\":\"ListItem\",\"position\":2,\"name\":\"Se realizar\u00e1 una capacitaci\u00f3n gratuita sobre Administraci\u00f3n y Gesti\u00f3n de Asociaciones Civiles\"}]},{\"@type\":\"WebSite\",\"@id\":\"https:\\\/\\\/elciudadanodelujan.com.ar\\\/#website\",\"url\":\"https:\\\/\\\/elciudadanodelujan.com.ar\\\/\",\"name\":\"https:\\\/\\\/elciudadanodelujan.com.ar\",\"description\":\"Noticias de inter\u00e9s general y periodismo de investigaci\u00f3n\",\"publisher\":{\"@id\":\"https:\\\/\\\/elciudadanodelujan.com.ar\\\/#organization\"},\"potentialAction\":[{\"@type\":\"SearchAction\",\"target\":{\"@type\":\"EntryPoint\",\"urlTemplate\":\"https:\\\/\\\/elciudadanodelujan.com.ar\\\/?s={search_term_string}\"},\"query-input\":{\"@type\":\"PropertyValueSpecification\",\"valueRequired\":true,\"valueName\":\"search_term_string\"}}],\"inLanguage\":\"es\"},{\"@type\":\"Organization\",\"@id\":\"https:\\\/\\\/elciudadanodelujan.com.ar\\\/#organization\",\"name\":\"El Ciudadano de Lujan\",\"url\":\"https:\\\/\\\/elciudadanodelujan.com.ar\\\/\",\"logo\":{\"@type\":\"ImageObject\",\"inLanguage\":\"es\",\"@id\":\"https:\\\/\\\/elciudadanodelujan.com.ar\\\/#\\\/schema\\\/logo\\\/image\\\/\",\"url\":\"https:\\\/\\\/elciudadanodelujan.com.ar\\\/wp-content\\\/uploads\\\/2025\\\/01\\\/logo_El_Ciudadano.jpg\",\"contentUrl\":\"https:\\\/\\\/elciudadanodelujan.com.ar\\\/wp-content\\\/uploads\\\/2025\\\/01\\\/logo_El_Ciudadano.jpg\",\"width\":500,\"height\":123,\"caption\":\"El Ciudadano de Lujan\"},\"image\":{\"@id\":\"https:\\\/\\\/elciudadanodelujan.com.ar\\\/#\\\/schema\\\/logo\\\/image\\\/\"},\"sameAs\":[\"https:\\\/\\\/www.facebook.com\\\/elciudadanodelujan\"]},{\"@type\":\"Person\",\"@id\":\"https:\\\/\\\/elciudadanodelujan.com.ar\\\/#\\\/schema\\\/person\\\/6e4147c312281a224c424b0ca2b1d439\",\"name\":\"Osvaldo Cabral\",\"image\":{\"@type\":\"ImageObject\",\"inLanguage\":\"es\",\"@id\":\"https:\\\/\\\/secure.gravatar.com\\\/avatar\\\/c4c6a8aea430571651e7d6992bdfdff335bbe96580656f78299d10ca9a6c1ae9?s=96&d=mm&r=g\",\"url\":\"https:\\\/\\\/secure.gravatar.com\\\/avatar\\\/c4c6a8aea430571651e7d6992bdfdff335bbe96580656f78299d10ca9a6c1ae9?s=96&d=mm&r=g\",\"contentUrl\":\"https:\\\/\\\/secure.gravatar.com\\\/avatar\\\/c4c6a8aea430571651e7d6992bdfdff335bbe96580656f78299d10ca9a6c1ae9?s=96&d=mm&r=g\",\"caption\":\"Osvaldo Cabral\"},\"url\":\"https:\\\/\\\/elciudadanodelujan.com.ar\\\/?author=2\"}]}<\/script>\n<!-- \/ Yoast SEO plugin. -->","yoast_head_json":{"title":"Se realizar\u00e1 una capacitaci\u00f3n gratuita sobre Administraci\u00f3n y Gesti\u00f3n de Asociaciones Civiles -","robots":{"index":"index","follow":"follow","max-snippet":"max-snippet:-1","max-image-preview":"max-image-preview:large","max-video-preview":"max-video-preview:-1"},"canonical":"https:\/\/elciudadanodelujan.com.ar\/?p=2331","og_locale":"es_ES","og_type":"article","og_title":"Se realizar\u00e1 una capacitaci\u00f3n gratuita sobre Administraci\u00f3n y Gesti\u00f3n de Asociaciones Civiles -","og_description":"El Municipio de Luj\u00e1n invita a las entidades comunitarias del distrito a participar de una capacitaci\u00f3n sobre Administraci\u00f3n y Gesti\u00f3n de Asociaciones Civiles.&nbsp; De car\u00e1cter gratuito, la charla tendr\u00e1 lugar&hellip;","og_url":"https:\/\/elciudadanodelujan.com.ar\/?p=2331","article_publisher":"https:\/\/www.facebook.com\/elciudadanodelujan","article_published_time":"2022-06-09T17:22:12+00:00","article_modified_time":"2022-06-09T17:22:27+00:00","og_image":[{"width":1280,"height":817,"url":"https:\/\/elciudadanodelujan.com.ar\/wp-content\/uploads\/2022\/06\/Capacitaci\u00f3n-Entidades-Comunitarias.jpg","type":"image\/jpeg"}],"author":"Osvaldo Cabral","twitter_card":"summary_large_image","twitter_misc":{"Escrito por":"Osvaldo Cabral","Tiempo de lectura":"1 minuto"},"schema":{"@context":"https:\/\/schema.org","@graph":[{"@type":"Article","@id":"https:\/\/elciudadanodelujan.com.ar\/?p=2331#article","isPartOf":{"@id":"https:\/\/elciudadanodelujan.com.ar\/?p=2331"},"author":{"name":"Osvaldo Cabral","@id":"https:\/\/elciudadanodelujan.com.ar\/#\/schema\/person\/6e4147c312281a224c424b0ca2b1d439"},"headline":"Se realizar\u00e1 una capacitaci\u00f3n gratuita sobre Administraci\u00f3n y Gesti\u00f3n de Asociaciones Civiles","datePublished":"2022-06-09T17:22:12+00:00","dateModified":"2022-06-09T17:22:27+00:00","mainEntityOfPage":{"@id":"https:\/\/elciudadanodelujan.com.ar\/?p=2331"},"wordCount":227,"publisher":{"@id":"https:\/\/elciudadanodelujan.com.ar\/#organization"},"image":{"@id":"https:\/\/elciudadanodelujan.com.ar\/?p=2331#primaryimage"},"thumbnailUrl":"https:\/\/elciudadanodelujan.com.ar\/wp-content\/uploads\/2022\/06\/Capacitaci\u00f3n-Entidades-Comunitarias.jpg","articleSection":["Actualidad"],"inLanguage":"es"},{"@type":"WebPage","@id":"https:\/\/elciudadanodelujan.com.ar\/?p=2331","url":"https:\/\/elciudadanodelujan.com.ar\/?p=2331","name":"Se realizar\u00e1 una capacitaci\u00f3n gratuita sobre Administraci\u00f3n y Gesti\u00f3n de Asociaciones Civiles -","isPartOf":{"@id":"https:\/\/elciudadanodelujan.com.ar\/#website"},"primaryImageOfPage":{"@id":"https:\/\/elciudadanodelujan.com.ar\/?p=2331#primaryimage"},"image":{"@id":"https:\/\/elciudadanodelujan.com.ar\/?p=2331#primaryimage"},"thumbnailUrl":"https:\/\/elciudadanodelujan.com.ar\/wp-content\/uploads\/2022\/06\/Capacitaci\u00f3n-Entidades-Comunitarias.jpg","datePublished":"2022-06-09T17:22:12+00:00","dateModified":"2022-06-09T17:22:27+00:00","breadcrumb":{"@id":"https:\/\/elciudadanodelujan.com.ar\/?p=2331#breadcrumb"},"inLanguage":"es","potentialAction":[{"@type":"ReadAction","target":["https:\/\/elciudadanodelujan.com.ar\/?p=2331"]}]},{"@type":"ImageObject","inLanguage":"es","@id":"https:\/\/elciudadanodelujan.com.ar\/?p=2331#primaryimage","url":"https:\/\/elciudadanodelujan.com.ar\/wp-content\/uploads\/2022\/06\/Capacitaci\u00f3n-Entidades-Comunitarias.jpg","contentUrl":"https:\/\/elciudadanodelujan.com.ar\/wp-content\/uploads\/2022\/06\/Capacitaci\u00f3n-Entidades-Comunitarias.jpg","width":1280,"height":817},{"@type":"BreadcrumbList","@id":"https:\/\/elciudadanodelujan.com.ar\/?p=2331#breadcrumb","itemListElement":[{"@type":"ListItem","position":1,"name":"Home","item":"https:\/\/elciudadanodelujan.com.ar\/"},{"@type":"ListItem","position":2,"name":"Se realizar\u00e1 una capacitaci\u00f3n gratuita sobre Administraci\u00f3n y Gesti\u00f3n de Asociaciones Civiles"}]},{"@type":"WebSite","@id":"https:\/\/elciudadanodelujan.com.ar\/#website","url":"https:\/\/elciudadanodelujan.com.ar\/","name":"https:\/\/elciudadanodelujan.com.ar","description":"Noticias de inter\u00e9s general y periodismo de investigaci\u00f3n","publisher":{"@id":"https:\/\/elciudadanodelujan.com.ar\/#organization"},"potentialAction":[{"@type":"SearchAction","target":{"@type":"EntryPoint","urlTemplate":"https:\/\/elciudadanodelujan.com.ar\/?s={search_term_string}"},"query-input":{"@type":"PropertyValueSpecification","valueRequired":true,"valueName":"search_term_string"}}],"inLanguage":"es"},{"@type":"Organization","@id":"https:\/\/elciudadanodelujan.com.ar\/#organization","name":"El Ciudadano de Lujan","url":"https:\/\/elciudadanodelujan.com.ar\/","logo":{"@type":"ImageObject","inLanguage":"es","@id":"https:\/\/elciudadanodelujan.com.ar\/#\/schema\/logo\/image\/","url":"https:\/\/elciudadanodelujan.com.ar\/wp-content\/uploads\/2025\/01\/logo_El_Ciudadano.jpg","contentUrl":"https:\/\/elciudadanodelujan.com.ar\/wp-content\/uploads\/2025\/01\/logo_El_Ciudadano.jpg","width":500,"height":123,"caption":"El Ciudadano de Lujan"},"image":{"@id":"https:\/\/elciudadanodelujan.com.ar\/#\/schema\/logo\/image\/"},"sameAs":["https:\/\/www.facebook.com\/elciudadanodelujan"]},{"@type":"Person","@id":"https:\/\/elciudadanodelujan.com.ar\/#\/schema\/person\/6e4147c312281a224c424b0ca2b1d439","name":"Osvaldo Cabral","image":{"@type":"ImageObject","inLanguage":"es","@id":"https:\/\/secure.gravatar.com\/avatar\/c4c6a8aea430571651e7d6992bdfdff335bbe96580656f78299d10ca9a6c1ae9?s=96&d=mm&r=g","url":"https:\/\/secure.gravatar.com\/avatar\/c4c6a8aea430571651e7d6992bdfdff335bbe96580656f78299d10ca9a6c1ae9?s=96&d=mm&r=g","contentUrl":"https:\/\/secure.gravatar.com\/avatar\/c4c6a8aea430571651e7d6992bdfdff335bbe96580656f78299d10ca9a6c1ae9?s=96&d=mm&r=g","caption":"Osvaldo Cabral"},"url":"https:\/\/elciudadanodelujan.com.ar\/?author=2"}]}},"_links":{"self":[{"href":"https:\/\/elciudadanodelujan.com.ar\/index.php?rest_route=\/wp\/v2\/posts\/2331","targetHints":{"allow":["GET"]}}],"collection":[{"href":"https:\/\/elciudadanodelujan.com.ar\/index.php?rest_route=\/wp\/v2\/posts"}],"about":[{"href":"https:\/\/elciudadanodelujan.com.ar\/index.php?rest_route=\/wp\/v2\/types\/post"}],"author":[{"embeddable":true,"href":"https:\/\/elciudadanodelujan.com.ar\/index.php?rest_route=\/wp\/v2\/users\/2"}],"replies":[{"embeddable":true,"href":"https:\/\/elciudadanodelujan.com.ar\/index.php?rest_route=%2Fwp%2Fv2%2Fcomments&post=2331"}],"version-history":[{"count":3,"href":"https:\/\/elciudadanodelujan.com.ar\/index.php?rest_route=\/wp\/v2\/posts\/2331\/revisions"}],"predecessor-version":[{"id":2335,"href":"https:\/\/elciudadanodelujan.com.ar\/index.php?rest_route=\/wp\/v2\/posts\/2331\/revisions\/2335"}],"wp:featuredmedia":[{"embeddable":true,"href":"https:\/\/elciudadanodelujan.com.ar\/index.php?rest_route=\/wp\/v2\/media\/2332"}],"wp:attachment":[{"href":"https:\/\/elciudadanodelujan.com.ar\/index.php?rest_route=%2Fwp%2Fv2%2Fmedia&parent=2331"}],"wp:term":[{"taxonomy":"category","embeddable":true,"href":"https:\/\/elciudadanodelujan.com.ar\/index.php?rest_route=%2Fwp%2Fv2%2Fcategories&post=2331"},{"taxonomy":"post_tag","embeddable":true,"href":"https:\/\/elciudadanodelujan.com.ar\/index.php?rest_route=%2Fwp%2Fv2%2Ftags&post=2331"}],"curies":[{"name":"wp","href":"https:\/\/api.w.org\/{rel}","templated":true}]}}