{"id":2326,"date":"2022-06-08T20:23:01","date_gmt":"2022-06-08T20:23:01","guid":{"rendered":"https:\/\/elciudadanodelujan.com.ar\/?p=2326"},"modified":"2022-06-08T20:24:45","modified_gmt":"2022-06-08T20:24:45","slug":"seguridad-con-intervencion-del-com-detienen-a-un-sujeto-que-habia-robado-una-moto","status":"publish","type":"post","link":"https:\/\/elciudadanodelujan.com.ar\/?p=2326","title":{"rendered":"Seguridad: con intervenci\u00f3n del COM, detienen a un sujeto que hab\u00eda robado una moto"},"content":{"rendered":"\n<p><strong>En un trabajo conjunto con el Centro de Operaciones de Monitoreo (COM), personal policial logr\u00f3 detener a un hombre que hab\u00eda robado una moto en la zona c\u00e9ntrica de la ciudad de Luj\u00e1n.&nbsp;<\/strong><\/p>\n\n\n\n<p>Las acciones se iniciaron a partir de un llamado al 911 por parte de un vecino de Rivadavia al 600, afirmando haber visto a un sujeto salir del galp\u00f3n de su casa llevando herramientas.&nbsp;<\/p>\n\n\n\n<p>Minutos m\u00e1s tarde, a trav\u00e9s de las c\u00e1maras de seguridad del COM, se pudo visualizar al sujeto descrito llevando una moto de tiro por calle Rivadavia.&nbsp;<\/p>\n\n\n\n<p>Las im\u00e1genes fueron determinantes para guiar el accionar policial e inmediatamente personal del Comando de Patrullas logr\u00f3 aprehender a Kevin M., de 19 a\u00f1os de edad, en inmediaciones de Rivadavia e Ituzaing\u00f3.<\/p>\n\n\n\n<p>El hecho fue caratulado como hurto en grado de tentativa y robo, en tanto se constat\u00f3 que el detenido contaba con antecedentes por participar en otros hechos delictivos. Interviene en el caso la U.F.I. N\u00ba 9 de Luj\u00e1n.<\/p>\n\n\n\n<figure class=\"wp-block-image size-large\"><img loading=\"lazy\" decoding=\"async\" width=\"1024\" height=\"662\" src=\"https:\/\/elciudadanodelujan.com.ar\/wp-content\/uploads\/2022\/06\/Policiales-Seguridad-con-intervenci\u00f3n-del-COM-detienen-a-un-sujeto-que-hab\u00eda-robado-una-moto-1024x662.jpg\" alt=\"\" class=\"wp-image-2327\" srcset=\"https:\/\/elciudadanodelujan.com.ar\/wp-content\/uploads\/2022\/06\/Policiales-Seguridad-con-intervenci\u00f3n-del-COM-detienen-a-un-sujeto-que-hab\u00eda-robado-una-moto-1024x662.jpg 1024w, https:\/\/elciudadanodelujan.com.ar\/wp-content\/uploads\/2022\/06\/Policiales-Seguridad-con-intervenci\u00f3n-del-COM-detienen-a-un-sujeto-que-hab\u00eda-robado-una-moto-300x194.jpg 300w, https:\/\/elciudadanodelujan.com.ar\/wp-content\/uploads\/2022\/06\/Policiales-Seguridad-con-intervenci\u00f3n-del-COM-detienen-a-un-sujeto-que-hab\u00eda-robado-una-moto-768x497.jpg 768w, https:\/\/elciudadanodelujan.com.ar\/wp-content\/uploads\/2022\/06\/Policiales-Seguridad-con-intervenci\u00f3n-del-COM-detienen-a-un-sujeto-que-hab\u00eda-robado-una-moto-1536x993.jpg 1536w, https:\/\/elciudadanodelujan.com.ar\/wp-content\/uploads\/2022\/06\/Policiales-Seguridad-con-intervenci\u00f3n-del-COM-detienen-a-un-sujeto-que-hab\u00eda-robado-una-moto-2048x1324.jpg 2048w\" sizes=\"auto, (max-width: 1024px) 100vw, 1024px\" \/><\/figure>\n\n\n\n<p><\/p>\n","protected":false},"excerpt":{"rendered":"<p>En un trabajo conjunto con el Centro de Operaciones de Monitoreo (COM), personal policial logr\u00f3 detener a un hombre que hab\u00eda robado una moto en la zona c\u00e9ntrica de la&hellip; <\/p>\n","protected":false},"author":2,"featured_media":2327,"comment_status":"closed","ping_status":"closed","sticky":false,"template":"","format":"standard","meta":{"footnotes":""},"categories":[1],"tags":[],"class_list":["post-2326","post","type-post","status-publish","format-standard","has-post-thumbnail","hentry","category-uncategorized"],"yoast_head":"<!-- This site is optimized with the Yoast SEO plugin v27.3 - https:\/\/yoast.com\/product\/yoast-seo-wordpress\/ -->\n<title>Seguridad: con intervenci\u00f3n del COM, detienen a un sujeto que hab\u00eda robado una moto -<\/title>\n<meta name=\"robots\" content=\"index, follow, max-snippet:-1, max-image-preview:large, max-video-preview:-1\" \/>\n<link rel=\"canonical\" href=\"https:\/\/elciudadanodelujan.com.ar\/?p=2326\" \/>\n<meta property=\"og:locale\" content=\"es_ES\" \/>\n<meta property=\"og:type\" content=\"article\" \/>\n<meta property=\"og:title\" content=\"Seguridad: con intervenci\u00f3n del COM, detienen a un sujeto que hab\u00eda robado una moto -\" \/>\n<meta property=\"og:description\" content=\"En un trabajo conjunto con el Centro de Operaciones de Monitoreo (COM), personal policial logr\u00f3 detener a un hombre que hab\u00eda robado una moto en la zona c\u00e9ntrica de la&hellip;\" \/>\n<meta property=\"og:url\" content=\"https:\/\/elciudadanodelujan.com.ar\/?p=2326\" \/>\n<meta property=\"article:publisher\" content=\"https:\/\/www.facebook.com\/elciudadanodelujan\" \/>\n<meta property=\"article:published_time\" content=\"2022-06-08T20:23:01+00:00\" \/>\n<meta property=\"article:modified_time\" content=\"2022-06-08T20:24:45+00:00\" \/>\n<meta property=\"og:image\" content=\"https:\/\/elciudadanodelujan.com.ar\/wp-content\/uploads\/2022\/06\/Policiales-Seguridad-con-intervenci\u00f3n-del-COM-detienen-a-un-sujeto-que-hab\u00eda-robado-una-moto.jpg\" \/>\n\t<meta property=\"og:image:width\" content=\"2488\" \/>\n\t<meta property=\"og:image:height\" content=\"1609\" \/>\n\t<meta property=\"og:image:type\" content=\"image\/jpeg\" \/>\n<meta name=\"author\" content=\"Osvaldo Cabral\" \/>\n<meta name=\"twitter:card\" content=\"summary_large_image\" \/>\n<meta name=\"twitter:label1\" content=\"Escrito por\" \/>\n\t<meta name=\"twitter:data1\" content=\"Osvaldo Cabral\" \/>\n\t<meta name=\"twitter:label2\" content=\"Tiempo de lectura\" \/>\n\t<meta name=\"twitter:data2\" content=\"1 minuto\" \/>\n<script type=\"application\/ld+json\" class=\"yoast-schema-graph\">{\"@context\":\"https:\\\/\\\/schema.org\",\"@graph\":[{\"@type\":\"Article\",\"@id\":\"https:\\\/\\\/elciudadanodelujan.com.ar\\\/?p=2326#article\",\"isPartOf\":{\"@id\":\"https:\\\/\\\/elciudadanodelujan.com.ar\\\/?p=2326\"},\"author\":{\"name\":\"Osvaldo Cabral\",\"@id\":\"https:\\\/\\\/elciudadanodelujan.com.ar\\\/#\\\/schema\\\/person\\\/6e4147c312281a224c424b0ca2b1d439\"},\"headline\":\"Seguridad: con intervenci\u00f3n del COM, detienen a un sujeto que hab\u00eda robado una moto\",\"datePublished\":\"2022-06-08T20:23:01+00:00\",\"dateModified\":\"2022-06-08T20:24:45+00:00\",\"mainEntityOfPage\":{\"@id\":\"https:\\\/\\\/elciudadanodelujan.com.ar\\\/?p=2326\"},\"wordCount\":190,\"publisher\":{\"@id\":\"https:\\\/\\\/elciudadanodelujan.com.ar\\\/#organization\"},\"image\":{\"@id\":\"https:\\\/\\\/elciudadanodelujan.com.ar\\\/?p=2326#primaryimage\"},\"thumbnailUrl\":\"https:\\\/\\\/elciudadanodelujan.com.ar\\\/wp-content\\\/uploads\\\/2022\\\/06\\\/Policiales-Seguridad-con-intervenci\u00f3n-del-COM-detienen-a-un-sujeto-que-hab\u00eda-robado-una-moto.jpg\",\"articleSection\":[\"Actualidad\"],\"inLanguage\":\"es\"},{\"@type\":\"WebPage\",\"@id\":\"https:\\\/\\\/elciudadanodelujan.com.ar\\\/?p=2326\",\"url\":\"https:\\\/\\\/elciudadanodelujan.com.ar\\\/?p=2326\",\"name\":\"Seguridad: con intervenci\u00f3n del COM, detienen a un sujeto que hab\u00eda robado una moto -\",\"isPartOf\":{\"@id\":\"https:\\\/\\\/elciudadanodelujan.com.ar\\\/#website\"},\"primaryImageOfPage\":{\"@id\":\"https:\\\/\\\/elciudadanodelujan.com.ar\\\/?p=2326#primaryimage\"},\"image\":{\"@id\":\"https:\\\/\\\/elciudadanodelujan.com.ar\\\/?p=2326#primaryimage\"},\"thumbnailUrl\":\"https:\\\/\\\/elciudadanodelujan.com.ar\\\/wp-content\\\/uploads\\\/2022\\\/06\\\/Policiales-Seguridad-con-intervenci\u00f3n-del-COM-detienen-a-un-sujeto-que-hab\u00eda-robado-una-moto.jpg\",\"datePublished\":\"2022-06-08T20:23:01+00:00\",\"dateModified\":\"2022-06-08T20:24:45+00:00\",\"breadcrumb\":{\"@id\":\"https:\\\/\\\/elciudadanodelujan.com.ar\\\/?p=2326#breadcrumb\"},\"inLanguage\":\"es\",\"potentialAction\":[{\"@type\":\"ReadAction\",\"target\":[\"https:\\\/\\\/elciudadanodelujan.com.ar\\\/?p=2326\"]}]},{\"@type\":\"ImageObject\",\"inLanguage\":\"es\",\"@id\":\"https:\\\/\\\/elciudadanodelujan.com.ar\\\/?p=2326#primaryimage\",\"url\":\"https:\\\/\\\/elciudadanodelujan.com.ar\\\/wp-content\\\/uploads\\\/2022\\\/06\\\/Policiales-Seguridad-con-intervenci\u00f3n-del-COM-detienen-a-un-sujeto-que-hab\u00eda-robado-una-moto.jpg\",\"contentUrl\":\"https:\\\/\\\/elciudadanodelujan.com.ar\\\/wp-content\\\/uploads\\\/2022\\\/06\\\/Policiales-Seguridad-con-intervenci\u00f3n-del-COM-detienen-a-un-sujeto-que-hab\u00eda-robado-una-moto.jpg\",\"width\":2488,\"height\":1609},{\"@type\":\"BreadcrumbList\",\"@id\":\"https:\\\/\\\/elciudadanodelujan.com.ar\\\/?p=2326#breadcrumb\",\"itemListElement\":[{\"@type\":\"ListItem\",\"position\":1,\"name\":\"Home\",\"item\":\"https:\\\/\\\/elciudadanodelujan.com.ar\\\/\"},{\"@type\":\"ListItem\",\"position\":2,\"name\":\"Seguridad: con intervenci\u00f3n del COM, detienen a un sujeto que hab\u00eda robado una moto\"}]},{\"@type\":\"WebSite\",\"@id\":\"https:\\\/\\\/elciudadanodelujan.com.ar\\\/#website\",\"url\":\"https:\\\/\\\/elciudadanodelujan.com.ar\\\/\",\"name\":\"https:\\\/\\\/elciudadanodelujan.com.ar\",\"description\":\"Noticias de inter\u00e9s general y periodismo de investigaci\u00f3n\",\"publisher\":{\"@id\":\"https:\\\/\\\/elciudadanodelujan.com.ar\\\/#organization\"},\"potentialAction\":[{\"@type\":\"SearchAction\",\"target\":{\"@type\":\"EntryPoint\",\"urlTemplate\":\"https:\\\/\\\/elciudadanodelujan.com.ar\\\/?s={search_term_string}\"},\"query-input\":{\"@type\":\"PropertyValueSpecification\",\"valueRequired\":true,\"valueName\":\"search_term_string\"}}],\"inLanguage\":\"es\"},{\"@type\":\"Organization\",\"@id\":\"https:\\\/\\\/elciudadanodelujan.com.ar\\\/#organization\",\"name\":\"El Ciudadano de Lujan\",\"url\":\"https:\\\/\\\/elciudadanodelujan.com.ar\\\/\",\"logo\":{\"@type\":\"ImageObject\",\"inLanguage\":\"es\",\"@id\":\"https:\\\/\\\/elciudadanodelujan.com.ar\\\/#\\\/schema\\\/logo\\\/image\\\/\",\"url\":\"https:\\\/\\\/elciudadanodelujan.com.ar\\\/wp-content\\\/uploads\\\/2025\\\/01\\\/logo_El_Ciudadano.jpg\",\"contentUrl\":\"https:\\\/\\\/elciudadanodelujan.com.ar\\\/wp-content\\\/uploads\\\/2025\\\/01\\\/logo_El_Ciudadano.jpg\",\"width\":500,\"height\":123,\"caption\":\"El Ciudadano de Lujan\"},\"image\":{\"@id\":\"https:\\\/\\\/elciudadanodelujan.com.ar\\\/#\\\/schema\\\/logo\\\/image\\\/\"},\"sameAs\":[\"https:\\\/\\\/www.facebook.com\\\/elciudadanodelujan\"]},{\"@type\":\"Person\",\"@id\":\"https:\\\/\\\/elciudadanodelujan.com.ar\\\/#\\\/schema\\\/person\\\/6e4147c312281a224c424b0ca2b1d439\",\"name\":\"Osvaldo Cabral\",\"image\":{\"@type\":\"ImageObject\",\"inLanguage\":\"es\",\"@id\":\"https:\\\/\\\/secure.gravatar.com\\\/avatar\\\/c4c6a8aea430571651e7d6992bdfdff335bbe96580656f78299d10ca9a6c1ae9?s=96&d=mm&r=g\",\"url\":\"https:\\\/\\\/secure.gravatar.com\\\/avatar\\\/c4c6a8aea430571651e7d6992bdfdff335bbe96580656f78299d10ca9a6c1ae9?s=96&d=mm&r=g\",\"contentUrl\":\"https:\\\/\\\/secure.gravatar.com\\\/avatar\\\/c4c6a8aea430571651e7d6992bdfdff335bbe96580656f78299d10ca9a6c1ae9?s=96&d=mm&r=g\",\"caption\":\"Osvaldo Cabral\"},\"url\":\"https:\\\/\\\/elciudadanodelujan.com.ar\\\/?author=2\"}]}<\/script>\n<!-- \/ Yoast SEO plugin. -->","yoast_head_json":{"title":"Seguridad: con intervenci\u00f3n del COM, detienen a un sujeto que hab\u00eda robado una moto -","robots":{"index":"index","follow":"follow","max-snippet":"max-snippet:-1","max-image-preview":"max-image-preview:large","max-video-preview":"max-video-preview:-1"},"canonical":"https:\/\/elciudadanodelujan.com.ar\/?p=2326","og_locale":"es_ES","og_type":"article","og_title":"Seguridad: con intervenci\u00f3n del COM, detienen a un sujeto que hab\u00eda robado una moto -","og_description":"En un trabajo conjunto con el Centro de Operaciones de Monitoreo (COM), personal policial logr\u00f3 detener a un hombre que hab\u00eda robado una moto en la zona c\u00e9ntrica de la&hellip;","og_url":"https:\/\/elciudadanodelujan.com.ar\/?p=2326","article_publisher":"https:\/\/www.facebook.com\/elciudadanodelujan","article_published_time":"2022-06-08T20:23:01+00:00","article_modified_time":"2022-06-08T20:24:45+00:00","og_image":[{"width":2488,"height":1609,"url":"https:\/\/elciudadanodelujan.com.ar\/wp-content\/uploads\/2022\/06\/Policiales-Seguridad-con-intervenci\u00f3n-del-COM-detienen-a-un-sujeto-que-hab\u00eda-robado-una-moto.jpg","type":"image\/jpeg"}],"author":"Osvaldo Cabral","twitter_card":"summary_large_image","twitter_misc":{"Escrito por":"Osvaldo Cabral","Tiempo de lectura":"1 minuto"},"schema":{"@context":"https:\/\/schema.org","@graph":[{"@type":"Article","@id":"https:\/\/elciudadanodelujan.com.ar\/?p=2326#article","isPartOf":{"@id":"https:\/\/elciudadanodelujan.com.ar\/?p=2326"},"author":{"name":"Osvaldo Cabral","@id":"https:\/\/elciudadanodelujan.com.ar\/#\/schema\/person\/6e4147c312281a224c424b0ca2b1d439"},"headline":"Seguridad: con intervenci\u00f3n del COM, detienen a un sujeto que hab\u00eda robado una moto","datePublished":"2022-06-08T20:23:01+00:00","dateModified":"2022-06-08T20:24:45+00:00","mainEntityOfPage":{"@id":"https:\/\/elciudadanodelujan.com.ar\/?p=2326"},"wordCount":190,"publisher":{"@id":"https:\/\/elciudadanodelujan.com.ar\/#organization"},"image":{"@id":"https:\/\/elciudadanodelujan.com.ar\/?p=2326#primaryimage"},"thumbnailUrl":"https:\/\/elciudadanodelujan.com.ar\/wp-content\/uploads\/2022\/06\/Policiales-Seguridad-con-intervenci\u00f3n-del-COM-detienen-a-un-sujeto-que-hab\u00eda-robado-una-moto.jpg","articleSection":["Actualidad"],"inLanguage":"es"},{"@type":"WebPage","@id":"https:\/\/elciudadanodelujan.com.ar\/?p=2326","url":"https:\/\/elciudadanodelujan.com.ar\/?p=2326","name":"Seguridad: con intervenci\u00f3n del COM, detienen a un sujeto que hab\u00eda robado una moto -","isPartOf":{"@id":"https:\/\/elciudadanodelujan.com.ar\/#website"},"primaryImageOfPage":{"@id":"https:\/\/elciudadanodelujan.com.ar\/?p=2326#primaryimage"},"image":{"@id":"https:\/\/elciudadanodelujan.com.ar\/?p=2326#primaryimage"},"thumbnailUrl":"https:\/\/elciudadanodelujan.com.ar\/wp-content\/uploads\/2022\/06\/Policiales-Seguridad-con-intervenci\u00f3n-del-COM-detienen-a-un-sujeto-que-hab\u00eda-robado-una-moto.jpg","datePublished":"2022-06-08T20:23:01+00:00","dateModified":"2022-06-08T20:24:45+00:00","breadcrumb":{"@id":"https:\/\/elciudadanodelujan.com.ar\/?p=2326#breadcrumb"},"inLanguage":"es","potentialAction":[{"@type":"ReadAction","target":["https:\/\/elciudadanodelujan.com.ar\/?p=2326"]}]},{"@type":"ImageObject","inLanguage":"es","@id":"https:\/\/elciudadanodelujan.com.ar\/?p=2326#primaryimage","url":"https:\/\/elciudadanodelujan.com.ar\/wp-content\/uploads\/2022\/06\/Policiales-Seguridad-con-intervenci\u00f3n-del-COM-detienen-a-un-sujeto-que-hab\u00eda-robado-una-moto.jpg","contentUrl":"https:\/\/elciudadanodelujan.com.ar\/wp-content\/uploads\/2022\/06\/Policiales-Seguridad-con-intervenci\u00f3n-del-COM-detienen-a-un-sujeto-que-hab\u00eda-robado-una-moto.jpg","width":2488,"height":1609},{"@type":"BreadcrumbList","@id":"https:\/\/elciudadanodelujan.com.ar\/?p=2326#breadcrumb","itemListElement":[{"@type":"ListItem","position":1,"name":"Home","item":"https:\/\/elciudadanodelujan.com.ar\/"},{"@type":"ListItem","position":2,"name":"Seguridad: con intervenci\u00f3n del COM, detienen a un sujeto que hab\u00eda robado una moto"}]},{"@type":"WebSite","@id":"https:\/\/elciudadanodelujan.com.ar\/#website","url":"https:\/\/elciudadanodelujan.com.ar\/","name":"https:\/\/elciudadanodelujan.com.ar","description":"Noticias de inter\u00e9s general y periodismo de investigaci\u00f3n","publisher":{"@id":"https:\/\/elciudadanodelujan.com.ar\/#organization"},"potentialAction":[{"@type":"SearchAction","target":{"@type":"EntryPoint","urlTemplate":"https:\/\/elciudadanodelujan.com.ar\/?s={search_term_string}"},"query-input":{"@type":"PropertyValueSpecification","valueRequired":true,"valueName":"search_term_string"}}],"inLanguage":"es"},{"@type":"Organization","@id":"https:\/\/elciudadanodelujan.com.ar\/#organization","name":"El Ciudadano de Lujan","url":"https:\/\/elciudadanodelujan.com.ar\/","logo":{"@type":"ImageObject","inLanguage":"es","@id":"https:\/\/elciudadanodelujan.com.ar\/#\/schema\/logo\/image\/","url":"https:\/\/elciudadanodelujan.com.ar\/wp-content\/uploads\/2025\/01\/logo_El_Ciudadano.jpg","contentUrl":"https:\/\/elciudadanodelujan.com.ar\/wp-content\/uploads\/2025\/01\/logo_El_Ciudadano.jpg","width":500,"height":123,"caption":"El Ciudadano de Lujan"},"image":{"@id":"https:\/\/elciudadanodelujan.com.ar\/#\/schema\/logo\/image\/"},"sameAs":["https:\/\/www.facebook.com\/elciudadanodelujan"]},{"@type":"Person","@id":"https:\/\/elciudadanodelujan.com.ar\/#\/schema\/person\/6e4147c312281a224c424b0ca2b1d439","name":"Osvaldo Cabral","image":{"@type":"ImageObject","inLanguage":"es","@id":"https:\/\/secure.gravatar.com\/avatar\/c4c6a8aea430571651e7d6992bdfdff335bbe96580656f78299d10ca9a6c1ae9?s=96&d=mm&r=g","url":"https:\/\/secure.gravatar.com\/avatar\/c4c6a8aea430571651e7d6992bdfdff335bbe96580656f78299d10ca9a6c1ae9?s=96&d=mm&r=g","contentUrl":"https:\/\/secure.gravatar.com\/avatar\/c4c6a8aea430571651e7d6992bdfdff335bbe96580656f78299d10ca9a6c1ae9?s=96&d=mm&r=g","caption":"Osvaldo Cabral"},"url":"https:\/\/elciudadanodelujan.com.ar\/?author=2"}]}},"_links":{"self":[{"href":"https:\/\/elciudadanodelujan.com.ar\/index.php?rest_route=\/wp\/v2\/posts\/2326","targetHints":{"allow":["GET"]}}],"collection":[{"href":"https:\/\/elciudadanodelujan.com.ar\/index.php?rest_route=\/wp\/v2\/posts"}],"about":[{"href":"https:\/\/elciudadanodelujan.com.ar\/index.php?rest_route=\/wp\/v2\/types\/post"}],"author":[{"embeddable":true,"href":"https:\/\/elciudadanodelujan.com.ar\/index.php?rest_route=\/wp\/v2\/users\/2"}],"replies":[{"embeddable":true,"href":"https:\/\/elciudadanodelujan.com.ar\/index.php?rest_route=%2Fwp%2Fv2%2Fcomments&post=2326"}],"version-history":[{"count":2,"href":"https:\/\/elciudadanodelujan.com.ar\/index.php?rest_route=\/wp\/v2\/posts\/2326\/revisions"}],"predecessor-version":[{"id":2329,"href":"https:\/\/elciudadanodelujan.com.ar\/index.php?rest_route=\/wp\/v2\/posts\/2326\/revisions\/2329"}],"wp:featuredmedia":[{"embeddable":true,"href":"https:\/\/elciudadanodelujan.com.ar\/index.php?rest_route=\/wp\/v2\/media\/2327"}],"wp:attachment":[{"href":"https:\/\/elciudadanodelujan.com.ar\/index.php?rest_route=%2Fwp%2Fv2%2Fmedia&parent=2326"}],"wp:term":[{"taxonomy":"category","embeddable":true,"href":"https:\/\/elciudadanodelujan.com.ar\/index.php?rest_route=%2Fwp%2Fv2%2Fcategories&post=2326"},{"taxonomy":"post_tag","embeddable":true,"href":"https:\/\/elciudadanodelujan.com.ar\/index.php?rest_route=%2Fwp%2Fv2%2Ftags&post=2326"}],"curies":[{"name":"wp","href":"https:\/\/api.w.org\/{rel}","templated":true}]}}