{"id":2322,"date":"2022-05-27T23:10:41","date_gmt":"2022-05-27T23:10:41","guid":{"rendered":"https:\/\/elciudadanodelujan.com.ar\/?p=2322"},"modified":"2022-05-27T23:10:54","modified_gmt":"2022-05-27T23:10:54","slug":"reunion-plenaria-del-consejo-local-de-promocion-y-proteccion-de-derechos-de-los-ninos-ninas-y-adolescentes","status":"publish","type":"post","link":"https:\/\/elciudadanodelujan.com.ar\/?p=2322","title":{"rendered":"Reuni\u00f3n Plenaria del Consejo Local de Promoci\u00f3n y Protecci\u00f3n de Derechos de los Ni\u00f1os, Ni\u00f1as y  Adolescentes"},"content":{"rendered":"\n<p><strong>El pasado martes, en el Museo Udaondo, el Municipio de Luj\u00e1n impuls\u00f3 una reuni\u00f3n plenaria del Consejo Local de Promoci\u00f3n y Protecci\u00f3n de Derechos de los Ni\u00f1os, Ni\u00f1as y Adolescentes.<\/strong><\/p>\n\n\n\n<p>Se trata de un \u00e1mbito de participaci\u00f3n, debate y formulaci\u00f3n de propuestas que permitan mejorar la calidad y oportunidad de las intervenciones que se realizan con las familias y los ni\u00f1os.<\/p>\n\n\n\n<p>Durante el encuentro, las diferentes instituciones que atienden diariamente a ni\u00f1os, ni\u00f1as y adolescentes pusieron en com\u00fan las problem\u00e1ticas m\u00e1s relevantes que atraviesan.&nbsp;<\/p>\n\n\n\n<p>Asimismo, los trabajadores y trabajadores de los distintos espacios que conforman el Consejo compartieron sus percepciones y diagn\u00f3sticos sobre los territorios que abordan.<\/p>\n\n\n\n<p>\u201cFue una reuni\u00f3n muy importante porque se destacaron aciertos en relaci\u00f3n a los abordajes, articulaciones y aprendizajes que se despliegan desde los distintos espacios que, en el marco de la corresponsabilidad, conforman el sistema de promoci\u00f3n y protecci\u00f3n de derechos para las infancias y los j\u00f3venes de Luj\u00e1n\u201d se\u00f1al\u00f3 al respecto la Directora de Ni\u00f1ez y Adolescencia, Soledad Alvarado.<\/p>\n\n\n\n<p>Cabe se\u00f1alar que este organismo tiene un funcionamiento mensual, rotando sus sedes para garantizar la presencia en el territorio, buscando promover la inclusi\u00f3n y participaci\u00f3n de los ni\u00f1os y j\u00f3venes.&nbsp;<\/p>\n\n\n\n<p>\u201cDentro de las competencias del Consejo se encuentra la supervisi\u00f3n de aquellas organizaciones de nuestra ciudad que son prestadoras de servicios para los ni\u00f1os, ni\u00f1as y adolescentes, as\u00ed como de los servicios p\u00fablicos locales de protecci\u00f3n de derechos; con un papel fundamental en la transparencia,&nbsp; evaluaci\u00f3n y control de los recursos destinados a los diferentes programas\u201d detall\u00f3 el Secretario de Desarrollo Humano, Federico Vanin.<\/p>\n\n\n\n<p>El Consejo fue creado a fines del a\u00f1o 2020, en el marco de la Ley Pcial. N\u00b013298 y el Derecho Reglamentario 300\/5, el cual en su art\u00edculo N\u00b0 15 establece la organizaci\u00f3n de los mismos, como \u00f3rganos esenciales del Sistema de Promoci\u00f3n y Protecci\u00f3n de Derechos.&nbsp;<\/p>\n\n\n\n<p>Su coordinaci\u00f3n est\u00e1 a cargo de la Direcci\u00f3n de Ni\u00f1ez y Adolescencia, dependiente de la Secretar\u00eda de Desarrollo Humano y es conformado por representantes de las \u00e1reas del Departamento Ejecutivo Municipal, Salud, Educaci\u00f3n y Derechos Humanos, entre otras de inter\u00e9s. Adem\u00e1s puede contar con la participaci\u00f3n de representantes de Organizaciones Sociales, Universidades, Colegios Profesionales y dem\u00e1s entidades afines.<\/p>\n\n\n\n<p>En ese sentido, participaron de este encuentro representantes de las diferentes \u00e1reas Municipales, Colonia Montes de Oca, Comisar\u00eda de la mujer, Servicio Zonal Mercedes, Colegio de Psic\u00f3logos, Inspectores de los niveles Primario, Secundario y de la Direcci\u00f3n de Educaci\u00f3n de Gesti\u00f3n Privada (DIEGEP), los programas Envi\u00f3n, Primera Infancia y Paisanar, entre otros.<\/p>\n\n\n\n<figure class=\"wp-block-image size-large\"><img loading=\"lazy\" decoding=\"async\" width=\"1024\" height=\"577\" src=\"https:\/\/elciudadanodelujan.com.ar\/wp-content\/uploads\/2022\/05\/Ni\u00f1os-Reuni\u00f3n-Consejo-Ni\u00f1ez-y-Adolescencia-1024x577.jpg\" alt=\"\" class=\"wp-image-2323\" srcset=\"https:\/\/elciudadanodelujan.com.ar\/wp-content\/uploads\/2022\/05\/Ni\u00f1os-Reuni\u00f3n-Consejo-Ni\u00f1ez-y-Adolescencia-1024x577.jpg 1024w, https:\/\/elciudadanodelujan.com.ar\/wp-content\/uploads\/2022\/05\/Ni\u00f1os-Reuni\u00f3n-Consejo-Ni\u00f1ez-y-Adolescencia-300x169.jpg 300w, https:\/\/elciudadanodelujan.com.ar\/wp-content\/uploads\/2022\/05\/Ni\u00f1os-Reuni\u00f3n-Consejo-Ni\u00f1ez-y-Adolescencia-768x433.jpg 768w, https:\/\/elciudadanodelujan.com.ar\/wp-content\/uploads\/2022\/05\/Ni\u00f1os-Reuni\u00f3n-Consejo-Ni\u00f1ez-y-Adolescencia.jpg 1243w\" sizes=\"auto, (max-width: 1024px) 100vw, 1024px\" \/><\/figure>\n","protected":false},"excerpt":{"rendered":"<p>El pasado martes, en el Museo Udaondo, el Municipio de Luj\u00e1n impuls\u00f3 una reuni\u00f3n plenaria del Consejo Local de Promoci\u00f3n y Protecci\u00f3n de Derechos de los Ni\u00f1os, Ni\u00f1as y Adolescentes.&hellip; <\/p>\n","protected":false},"author":2,"featured_media":2323,"comment_status":"closed","ping_status":"closed","sticky":false,"template":"","format":"standard","meta":{"footnotes":""},"categories":[1],"tags":[],"class_list":["post-2322","post","type-post","status-publish","format-standard","has-post-thumbnail","hentry","category-uncategorized"],"yoast_head":"<!-- This site is optimized with the Yoast SEO plugin v27.3 - https:\/\/yoast.com\/product\/yoast-seo-wordpress\/ -->\n<title>Reuni\u00f3n Plenaria del Consejo Local de Promoci\u00f3n y Protecci\u00f3n de Derechos de los Ni\u00f1os, Ni\u00f1as y Adolescentes -<\/title>\n<meta name=\"robots\" content=\"index, follow, max-snippet:-1, max-image-preview:large, max-video-preview:-1\" \/>\n<link rel=\"canonical\" href=\"https:\/\/elciudadanodelujan.com.ar\/?p=2322\" \/>\n<meta property=\"og:locale\" content=\"es_ES\" \/>\n<meta property=\"og:type\" content=\"article\" \/>\n<meta property=\"og:title\" content=\"Reuni\u00f3n Plenaria del Consejo Local de Promoci\u00f3n y Protecci\u00f3n de Derechos de los Ni\u00f1os, Ni\u00f1as y Adolescentes -\" \/>\n<meta property=\"og:description\" content=\"El pasado martes, en el Museo Udaondo, el Municipio de Luj\u00e1n impuls\u00f3 una reuni\u00f3n plenaria del Consejo Local de Promoci\u00f3n y Protecci\u00f3n de Derechos de los Ni\u00f1os, Ni\u00f1as y Adolescentes.&hellip;\" \/>\n<meta property=\"og:url\" content=\"https:\/\/elciudadanodelujan.com.ar\/?p=2322\" \/>\n<meta property=\"article:publisher\" content=\"https:\/\/www.facebook.com\/elciudadanodelujan\" \/>\n<meta property=\"article:published_time\" content=\"2022-05-27T23:10:41+00:00\" \/>\n<meta property=\"article:modified_time\" content=\"2022-05-27T23:10:54+00:00\" \/>\n<meta property=\"og:image\" content=\"https:\/\/elciudadanodelujan.com.ar\/wp-content\/uploads\/2022\/05\/Ni\u00f1os-Reuni\u00f3n-Consejo-Ni\u00f1ez-y-Adolescencia.jpg\" \/>\n\t<meta property=\"og:image:width\" content=\"1243\" \/>\n\t<meta property=\"og:image:height\" content=\"700\" \/>\n\t<meta property=\"og:image:type\" content=\"image\/jpeg\" \/>\n<meta name=\"author\" content=\"Osvaldo Cabral\" \/>\n<meta name=\"twitter:card\" content=\"summary_large_image\" \/>\n<meta name=\"twitter:label1\" content=\"Escrito por\" \/>\n\t<meta name=\"twitter:data1\" content=\"Osvaldo Cabral\" \/>\n\t<meta name=\"twitter:label2\" content=\"Tiempo de lectura\" \/>\n\t<meta name=\"twitter:data2\" content=\"2 minutos\" \/>\n<script type=\"application\/ld+json\" class=\"yoast-schema-graph\">{\"@context\":\"https:\\\/\\\/schema.org\",\"@graph\":[{\"@type\":\"Article\",\"@id\":\"https:\\\/\\\/elciudadanodelujan.com.ar\\\/?p=2322#article\",\"isPartOf\":{\"@id\":\"https:\\\/\\\/elciudadanodelujan.com.ar\\\/?p=2322\"},\"author\":{\"name\":\"Osvaldo Cabral\",\"@id\":\"https:\\\/\\\/elciudadanodelujan.com.ar\\\/#\\\/schema\\\/person\\\/6e4147c312281a224c424b0ca2b1d439\"},\"headline\":\"Reuni\u00f3n Plenaria del Consejo Local de Promoci\u00f3n y Protecci\u00f3n de Derechos de los Ni\u00f1os, Ni\u00f1as y Adolescentes\",\"datePublished\":\"2022-05-27T23:10:41+00:00\",\"dateModified\":\"2022-05-27T23:10:54+00:00\",\"mainEntityOfPage\":{\"@id\":\"https:\\\/\\\/elciudadanodelujan.com.ar\\\/?p=2322\"},\"wordCount\":493,\"publisher\":{\"@id\":\"https:\\\/\\\/elciudadanodelujan.com.ar\\\/#organization\"},\"image\":{\"@id\":\"https:\\\/\\\/elciudadanodelujan.com.ar\\\/?p=2322#primaryimage\"},\"thumbnailUrl\":\"https:\\\/\\\/elciudadanodelujan.com.ar\\\/wp-content\\\/uploads\\\/2022\\\/05\\\/Ni\u00f1os-Reuni\u00f3n-Consejo-Ni\u00f1ez-y-Adolescencia.jpg\",\"articleSection\":[\"Actualidad\"],\"inLanguage\":\"es\"},{\"@type\":\"WebPage\",\"@id\":\"https:\\\/\\\/elciudadanodelujan.com.ar\\\/?p=2322\",\"url\":\"https:\\\/\\\/elciudadanodelujan.com.ar\\\/?p=2322\",\"name\":\"Reuni\u00f3n Plenaria del Consejo Local de Promoci\u00f3n y Protecci\u00f3n de Derechos de los Ni\u00f1os, Ni\u00f1as y Adolescentes -\",\"isPartOf\":{\"@id\":\"https:\\\/\\\/elciudadanodelujan.com.ar\\\/#website\"},\"primaryImageOfPage\":{\"@id\":\"https:\\\/\\\/elciudadanodelujan.com.ar\\\/?p=2322#primaryimage\"},\"image\":{\"@id\":\"https:\\\/\\\/elciudadanodelujan.com.ar\\\/?p=2322#primaryimage\"},\"thumbnailUrl\":\"https:\\\/\\\/elciudadanodelujan.com.ar\\\/wp-content\\\/uploads\\\/2022\\\/05\\\/Ni\u00f1os-Reuni\u00f3n-Consejo-Ni\u00f1ez-y-Adolescencia.jpg\",\"datePublished\":\"2022-05-27T23:10:41+00:00\",\"dateModified\":\"2022-05-27T23:10:54+00:00\",\"breadcrumb\":{\"@id\":\"https:\\\/\\\/elciudadanodelujan.com.ar\\\/?p=2322#breadcrumb\"},\"inLanguage\":\"es\",\"potentialAction\":[{\"@type\":\"ReadAction\",\"target\":[\"https:\\\/\\\/elciudadanodelujan.com.ar\\\/?p=2322\"]}]},{\"@type\":\"ImageObject\",\"inLanguage\":\"es\",\"@id\":\"https:\\\/\\\/elciudadanodelujan.com.ar\\\/?p=2322#primaryimage\",\"url\":\"https:\\\/\\\/elciudadanodelujan.com.ar\\\/wp-content\\\/uploads\\\/2022\\\/05\\\/Ni\u00f1os-Reuni\u00f3n-Consejo-Ni\u00f1ez-y-Adolescencia.jpg\",\"contentUrl\":\"https:\\\/\\\/elciudadanodelujan.com.ar\\\/wp-content\\\/uploads\\\/2022\\\/05\\\/Ni\u00f1os-Reuni\u00f3n-Consejo-Ni\u00f1ez-y-Adolescencia.jpg\",\"width\":1243,\"height\":700},{\"@type\":\"BreadcrumbList\",\"@id\":\"https:\\\/\\\/elciudadanodelujan.com.ar\\\/?p=2322#breadcrumb\",\"itemListElement\":[{\"@type\":\"ListItem\",\"position\":1,\"name\":\"Home\",\"item\":\"https:\\\/\\\/elciudadanodelujan.com.ar\\\/\"},{\"@type\":\"ListItem\",\"position\":2,\"name\":\"Reuni\u00f3n Plenaria del Consejo Local de Promoci\u00f3n y Protecci\u00f3n de Derechos de los Ni\u00f1os, Ni\u00f1as y Adolescentes\"}]},{\"@type\":\"WebSite\",\"@id\":\"https:\\\/\\\/elciudadanodelujan.com.ar\\\/#website\",\"url\":\"https:\\\/\\\/elciudadanodelujan.com.ar\\\/\",\"name\":\"https:\\\/\\\/elciudadanodelujan.com.ar\",\"description\":\"Noticias de inter\u00e9s general y periodismo de investigaci\u00f3n\",\"publisher\":{\"@id\":\"https:\\\/\\\/elciudadanodelujan.com.ar\\\/#organization\"},\"potentialAction\":[{\"@type\":\"SearchAction\",\"target\":{\"@type\":\"EntryPoint\",\"urlTemplate\":\"https:\\\/\\\/elciudadanodelujan.com.ar\\\/?s={search_term_string}\"},\"query-input\":{\"@type\":\"PropertyValueSpecification\",\"valueRequired\":true,\"valueName\":\"search_term_string\"}}],\"inLanguage\":\"es\"},{\"@type\":\"Organization\",\"@id\":\"https:\\\/\\\/elciudadanodelujan.com.ar\\\/#organization\",\"name\":\"El Ciudadano de Lujan\",\"url\":\"https:\\\/\\\/elciudadanodelujan.com.ar\\\/\",\"logo\":{\"@type\":\"ImageObject\",\"inLanguage\":\"es\",\"@id\":\"https:\\\/\\\/elciudadanodelujan.com.ar\\\/#\\\/schema\\\/logo\\\/image\\\/\",\"url\":\"https:\\\/\\\/elciudadanodelujan.com.ar\\\/wp-content\\\/uploads\\\/2025\\\/01\\\/logo_El_Ciudadano.jpg\",\"contentUrl\":\"https:\\\/\\\/elciudadanodelujan.com.ar\\\/wp-content\\\/uploads\\\/2025\\\/01\\\/logo_El_Ciudadano.jpg\",\"width\":500,\"height\":123,\"caption\":\"El Ciudadano de Lujan\"},\"image\":{\"@id\":\"https:\\\/\\\/elciudadanodelujan.com.ar\\\/#\\\/schema\\\/logo\\\/image\\\/\"},\"sameAs\":[\"https:\\\/\\\/www.facebook.com\\\/elciudadanodelujan\"]},{\"@type\":\"Person\",\"@id\":\"https:\\\/\\\/elciudadanodelujan.com.ar\\\/#\\\/schema\\\/person\\\/6e4147c312281a224c424b0ca2b1d439\",\"name\":\"Osvaldo Cabral\",\"image\":{\"@type\":\"ImageObject\",\"inLanguage\":\"es\",\"@id\":\"https:\\\/\\\/secure.gravatar.com\\\/avatar\\\/c4c6a8aea430571651e7d6992bdfdff335bbe96580656f78299d10ca9a6c1ae9?s=96&d=mm&r=g\",\"url\":\"https:\\\/\\\/secure.gravatar.com\\\/avatar\\\/c4c6a8aea430571651e7d6992bdfdff335bbe96580656f78299d10ca9a6c1ae9?s=96&d=mm&r=g\",\"contentUrl\":\"https:\\\/\\\/secure.gravatar.com\\\/avatar\\\/c4c6a8aea430571651e7d6992bdfdff335bbe96580656f78299d10ca9a6c1ae9?s=96&d=mm&r=g\",\"caption\":\"Osvaldo Cabral\"},\"url\":\"https:\\\/\\\/elciudadanodelujan.com.ar\\\/?author=2\"}]}<\/script>\n<!-- \/ Yoast SEO plugin. -->","yoast_head_json":{"title":"Reuni\u00f3n Plenaria del Consejo Local de Promoci\u00f3n y Protecci\u00f3n de Derechos de los Ni\u00f1os, Ni\u00f1as y Adolescentes -","robots":{"index":"index","follow":"follow","max-snippet":"max-snippet:-1","max-image-preview":"max-image-preview:large","max-video-preview":"max-video-preview:-1"},"canonical":"https:\/\/elciudadanodelujan.com.ar\/?p=2322","og_locale":"es_ES","og_type":"article","og_title":"Reuni\u00f3n Plenaria del Consejo Local de Promoci\u00f3n y Protecci\u00f3n de Derechos de los Ni\u00f1os, Ni\u00f1as y Adolescentes -","og_description":"El pasado martes, en el Museo Udaondo, el Municipio de Luj\u00e1n impuls\u00f3 una reuni\u00f3n plenaria del Consejo Local de Promoci\u00f3n y Protecci\u00f3n de Derechos de los Ni\u00f1os, Ni\u00f1as y Adolescentes.&hellip;","og_url":"https:\/\/elciudadanodelujan.com.ar\/?p=2322","article_publisher":"https:\/\/www.facebook.com\/elciudadanodelujan","article_published_time":"2022-05-27T23:10:41+00:00","article_modified_time":"2022-05-27T23:10:54+00:00","og_image":[{"width":1243,"height":700,"url":"https:\/\/elciudadanodelujan.com.ar\/wp-content\/uploads\/2022\/05\/Ni\u00f1os-Reuni\u00f3n-Consejo-Ni\u00f1ez-y-Adolescencia.jpg","type":"image\/jpeg"}],"author":"Osvaldo Cabral","twitter_card":"summary_large_image","twitter_misc":{"Escrito por":"Osvaldo Cabral","Tiempo de lectura":"2 minutos"},"schema":{"@context":"https:\/\/schema.org","@graph":[{"@type":"Article","@id":"https:\/\/elciudadanodelujan.com.ar\/?p=2322#article","isPartOf":{"@id":"https:\/\/elciudadanodelujan.com.ar\/?p=2322"},"author":{"name":"Osvaldo Cabral","@id":"https:\/\/elciudadanodelujan.com.ar\/#\/schema\/person\/6e4147c312281a224c424b0ca2b1d439"},"headline":"Reuni\u00f3n Plenaria del Consejo Local de Promoci\u00f3n y Protecci\u00f3n de Derechos de los Ni\u00f1os, Ni\u00f1as y Adolescentes","datePublished":"2022-05-27T23:10:41+00:00","dateModified":"2022-05-27T23:10:54+00:00","mainEntityOfPage":{"@id":"https:\/\/elciudadanodelujan.com.ar\/?p=2322"},"wordCount":493,"publisher":{"@id":"https:\/\/elciudadanodelujan.com.ar\/#organization"},"image":{"@id":"https:\/\/elciudadanodelujan.com.ar\/?p=2322#primaryimage"},"thumbnailUrl":"https:\/\/elciudadanodelujan.com.ar\/wp-content\/uploads\/2022\/05\/Ni\u00f1os-Reuni\u00f3n-Consejo-Ni\u00f1ez-y-Adolescencia.jpg","articleSection":["Actualidad"],"inLanguage":"es"},{"@type":"WebPage","@id":"https:\/\/elciudadanodelujan.com.ar\/?p=2322","url":"https:\/\/elciudadanodelujan.com.ar\/?p=2322","name":"Reuni\u00f3n Plenaria del Consejo Local de Promoci\u00f3n y Protecci\u00f3n de Derechos de los Ni\u00f1os, Ni\u00f1as y Adolescentes -","isPartOf":{"@id":"https:\/\/elciudadanodelujan.com.ar\/#website"},"primaryImageOfPage":{"@id":"https:\/\/elciudadanodelujan.com.ar\/?p=2322#primaryimage"},"image":{"@id":"https:\/\/elciudadanodelujan.com.ar\/?p=2322#primaryimage"},"thumbnailUrl":"https:\/\/elciudadanodelujan.com.ar\/wp-content\/uploads\/2022\/05\/Ni\u00f1os-Reuni\u00f3n-Consejo-Ni\u00f1ez-y-Adolescencia.jpg","datePublished":"2022-05-27T23:10:41+00:00","dateModified":"2022-05-27T23:10:54+00:00","breadcrumb":{"@id":"https:\/\/elciudadanodelujan.com.ar\/?p=2322#breadcrumb"},"inLanguage":"es","potentialAction":[{"@type":"ReadAction","target":["https:\/\/elciudadanodelujan.com.ar\/?p=2322"]}]},{"@type":"ImageObject","inLanguage":"es","@id":"https:\/\/elciudadanodelujan.com.ar\/?p=2322#primaryimage","url":"https:\/\/elciudadanodelujan.com.ar\/wp-content\/uploads\/2022\/05\/Ni\u00f1os-Reuni\u00f3n-Consejo-Ni\u00f1ez-y-Adolescencia.jpg","contentUrl":"https:\/\/elciudadanodelujan.com.ar\/wp-content\/uploads\/2022\/05\/Ni\u00f1os-Reuni\u00f3n-Consejo-Ni\u00f1ez-y-Adolescencia.jpg","width":1243,"height":700},{"@type":"BreadcrumbList","@id":"https:\/\/elciudadanodelujan.com.ar\/?p=2322#breadcrumb","itemListElement":[{"@type":"ListItem","position":1,"name":"Home","item":"https:\/\/elciudadanodelujan.com.ar\/"},{"@type":"ListItem","position":2,"name":"Reuni\u00f3n Plenaria del Consejo Local de Promoci\u00f3n y Protecci\u00f3n de Derechos de los Ni\u00f1os, Ni\u00f1as y Adolescentes"}]},{"@type":"WebSite","@id":"https:\/\/elciudadanodelujan.com.ar\/#website","url":"https:\/\/elciudadanodelujan.com.ar\/","name":"https:\/\/elciudadanodelujan.com.ar","description":"Noticias de inter\u00e9s general y periodismo de investigaci\u00f3n","publisher":{"@id":"https:\/\/elciudadanodelujan.com.ar\/#organization"},"potentialAction":[{"@type":"SearchAction","target":{"@type":"EntryPoint","urlTemplate":"https:\/\/elciudadanodelujan.com.ar\/?s={search_term_string}"},"query-input":{"@type":"PropertyValueSpecification","valueRequired":true,"valueName":"search_term_string"}}],"inLanguage":"es"},{"@type":"Organization","@id":"https:\/\/elciudadanodelujan.com.ar\/#organization","name":"El Ciudadano de Lujan","url":"https:\/\/elciudadanodelujan.com.ar\/","logo":{"@type":"ImageObject","inLanguage":"es","@id":"https:\/\/elciudadanodelujan.com.ar\/#\/schema\/logo\/image\/","url":"https:\/\/elciudadanodelujan.com.ar\/wp-content\/uploads\/2025\/01\/logo_El_Ciudadano.jpg","contentUrl":"https:\/\/elciudadanodelujan.com.ar\/wp-content\/uploads\/2025\/01\/logo_El_Ciudadano.jpg","width":500,"height":123,"caption":"El Ciudadano de Lujan"},"image":{"@id":"https:\/\/elciudadanodelujan.com.ar\/#\/schema\/logo\/image\/"},"sameAs":["https:\/\/www.facebook.com\/elciudadanodelujan"]},{"@type":"Person","@id":"https:\/\/elciudadanodelujan.com.ar\/#\/schema\/person\/6e4147c312281a224c424b0ca2b1d439","name":"Osvaldo Cabral","image":{"@type":"ImageObject","inLanguage":"es","@id":"https:\/\/secure.gravatar.com\/avatar\/c4c6a8aea430571651e7d6992bdfdff335bbe96580656f78299d10ca9a6c1ae9?s=96&d=mm&r=g","url":"https:\/\/secure.gravatar.com\/avatar\/c4c6a8aea430571651e7d6992bdfdff335bbe96580656f78299d10ca9a6c1ae9?s=96&d=mm&r=g","contentUrl":"https:\/\/secure.gravatar.com\/avatar\/c4c6a8aea430571651e7d6992bdfdff335bbe96580656f78299d10ca9a6c1ae9?s=96&d=mm&r=g","caption":"Osvaldo Cabral"},"url":"https:\/\/elciudadanodelujan.com.ar\/?author=2"}]}},"_links":{"self":[{"href":"https:\/\/elciudadanodelujan.com.ar\/index.php?rest_route=\/wp\/v2\/posts\/2322","targetHints":{"allow":["GET"]}}],"collection":[{"href":"https:\/\/elciudadanodelujan.com.ar\/index.php?rest_route=\/wp\/v2\/posts"}],"about":[{"href":"https:\/\/elciudadanodelujan.com.ar\/index.php?rest_route=\/wp\/v2\/types\/post"}],"author":[{"embeddable":true,"href":"https:\/\/elciudadanodelujan.com.ar\/index.php?rest_route=\/wp\/v2\/users\/2"}],"replies":[{"embeddable":true,"href":"https:\/\/elciudadanodelujan.com.ar\/index.php?rest_route=%2Fwp%2Fv2%2Fcomments&post=2322"}],"version-history":[{"count":1,"href":"https:\/\/elciudadanodelujan.com.ar\/index.php?rest_route=\/wp\/v2\/posts\/2322\/revisions"}],"predecessor-version":[{"id":2324,"href":"https:\/\/elciudadanodelujan.com.ar\/index.php?rest_route=\/wp\/v2\/posts\/2322\/revisions\/2324"}],"wp:featuredmedia":[{"embeddable":true,"href":"https:\/\/elciudadanodelujan.com.ar\/index.php?rest_route=\/wp\/v2\/media\/2323"}],"wp:attachment":[{"href":"https:\/\/elciudadanodelujan.com.ar\/index.php?rest_route=%2Fwp%2Fv2%2Fmedia&parent=2322"}],"wp:term":[{"taxonomy":"category","embeddable":true,"href":"https:\/\/elciudadanodelujan.com.ar\/index.php?rest_route=%2Fwp%2Fv2%2Fcategories&post=2322"},{"taxonomy":"post_tag","embeddable":true,"href":"https:\/\/elciudadanodelujan.com.ar\/index.php?rest_route=%2Fwp%2Fv2%2Ftags&post=2322"}],"curies":[{"name":"wp","href":"https:\/\/api.w.org\/{rel}","templated":true}]}}