{"id":12048,"date":"2026-09-04T19:49:30","date_gmt":"2026-09-04T22:49:30","guid":{"rendered":"https:\/\/elciudadanodelujan.com.ar\/?p=12048"},"modified":"2026-09-04T19:49:54","modified_gmt":"2026-09-04T22:49:54","slug":"expo-lujan-2026-la-cuarta-edicion-del-evento-productivo-y-comercial-mas-importante-del-distrito-ya-tiene-fecha-y-sede","status":"publish","type":"post","link":"https:\/\/elciudadanodelujan.com.ar\/?p=12048","title":{"rendered":"Expo Luj\u00e1n 2026: la cuarta edici\u00f3n del evento productivo y comercial m\u00e1s importante del distrito ya tiene fecha y sede"},"content":{"rendered":"\n<h2 class=\"wp-block-heading\">Con el objetivo firme de seguir posicionando al distrito como un nodo estrat\u00e9gico para el desarrollo, la inversi\u00f3n y el crecimiento de industrias y comercios locales, se anunci\u00f3 la llegada de la edici\u00f3n 2026 de <strong>Expo Luj\u00e1n<\/strong>. El evento de mayor peso para el sector productivo de la regi\u00f3n se llevar\u00e1 a cabo del <strong>22 al 24 de octubre<\/strong> en el predio <strong>El Descanso del Peregrino<\/strong> (Padre Salvaire 1087), con entrada libre y gratuita.<\/h2>\n\n\n\n<figure class=\"wp-block-image size-large\"><img loading=\"lazy\" decoding=\"async\" width=\"1024\" height=\"682\" src=\"https:\/\/elciudadanodelujan.com.ar\/wp-content\/uploads\/2026\/09\/image-3-1024x682.png\" alt=\"\" class=\"wp-image-12049\" srcset=\"https:\/\/elciudadanodelujan.com.ar\/wp-content\/uploads\/2026\/09\/image-3-1024x682.png 1024w, https:\/\/elciudadanodelujan.com.ar\/wp-content\/uploads\/2026\/09\/image-3-300x200.png 300w, https:\/\/elciudadanodelujan.com.ar\/wp-content\/uploads\/2026\/09\/image-3-767x511.png 767w, https:\/\/elciudadanodelujan.com.ar\/wp-content\/uploads\/2026\/09\/image-3-1536x1023.png 1536w, https:\/\/elciudadanodelujan.com.ar\/wp-content\/uploads\/2026\/09\/image-3.png 1600w\" sizes=\"auto, (max-width: 1024px) 100vw, 1024px\" \/><\/figure>\n\n\n\n<p class=\"wp-block-paragraph\">En relaci\u00f3n a esta nueva realizaci\u00f3n, el Secretario de Desarrollo Econ\u00f3mico, <strong>Juan Pablo Redondo<\/strong>, destac\u00f3 la consolidaci\u00f3n de la propuesta: <em>\u00abPor cuarto a\u00f1o consecutivo presentamos la Expo Luj\u00e1n, con un gran \u00e9xito de concurrencia y mucha valoraci\u00f3n positiva de los participantes del sector productivo lujanense. Este a\u00f1o seguimos consolidando el evento, sumando la experiencia summit con m\u00e1s ponencias, workshops y actividades especiales, adem\u00e1s de los stands y una mayor oferta gastron\u00f3mica y cultural. A la Expo Luj\u00e1n la pensamos como la feria de la fuerza productiva, pero tambi\u00e9n como un punto de encuentro para potenciar v\u00ednculos y construir consensos que nos permitan encarar los desaf\u00edos a futuro\u00bb<\/em>.<\/p>\n\n\n\n<h3 class=\"wp-block-heading\">Novedades y atracciones para la edici\u00f3n 2026<\/h3>\n\n\n\n<p class=\"wp-block-paragraph\">La muestra combinar\u00e1 los tradicionales atractivos que la convirtieron en un referente de la regi\u00f3n junto con importantes incorporaciones orientadas a la innovaci\u00f3n y el intercambio profesional:<\/p>\n\n\n\n<ul class=\"wp-block-list\">\n<li><strong>Paseo ferial:<\/strong> Un amplio espacio con stands institucionales y comerciales de empresas y pymes locales.<\/li>\n\n\n\n<li><strong>Nueva Experiencia Summit:<\/strong> Como principal novedad de este a\u00f1o, se incorporar\u00e1 un formato de conferencias, charlas y workshops especializados en econom\u00eda, industria, tecnolog\u00eda y nuevas tendencias productivas.<\/li>\n\n\n\n<li><strong>Capacitaci\u00f3n y desarrollo:<\/strong> Disertaciones, clases magistrales y presentaciones de proyectos de la mano de referentes del sector.<\/li>\n\n\n\n<li><strong>Espacio recreativo y cultural:<\/strong> Patio gastron\u00f3mico completo y propuestas art\u00edsticas para disfrutar en familia.<\/li>\n<\/ul>\n\n\n\n<p class=\"wp-block-paragraph\">Desde la organizaci\u00f3n informaron que en las pr\u00f3ximas semanas se dar\u00e1 a conocer el cronograma detallado de actividades. Los interesados en obtener mayor informaci\u00f3n pueden consultar la cuenta oficial de Instagram <strong>@lujan.argentina<\/strong>.<\/p>\n","protected":false},"excerpt":{"rendered":"<p>Con el objetivo firme de seguir posicionando al distrito como un nodo estrat\u00e9gico para el desarrollo, la inversi\u00f3n y el crecimiento de industrias y comercios locales, se anunci\u00f3 la llegada&hellip; <\/p>\n","protected":false},"author":2,"featured_media":12049,"comment_status":"closed","ping_status":"closed","sticky":false,"template":"","format":"standard","meta":{"footnotes":""},"categories":[11],"tags":[],"class_list":["post-12048","post","type-post","status-publish","format-standard","has-post-thumbnail","hentry","category-produccion"],"yoast_head":"<!-- This site is optimized with the Yoast SEO plugin v28.1 - https:\/\/yoast.com\/product\/yoast-seo-wordpress\/ -->\n<title>Expo Luj\u00e1n 2026: la cuarta edici\u00f3n del evento productivo y comercial m\u00e1s importante del distrito ya tiene fecha y sede -<\/title>\n<meta name=\"robots\" content=\"index, follow, max-snippet:-1, max-image-preview:large, max-video-preview:-1\" \/>\n<link rel=\"canonical\" href=\"https:\/\/elciudadanodelujan.com.ar\/?p=12048\" \/>\n<meta property=\"og:locale\" content=\"es_ES\" \/>\n<meta property=\"og:type\" content=\"article\" \/>\n<meta property=\"og:title\" content=\"Expo Luj\u00e1n 2026: la cuarta edici\u00f3n del evento productivo y comercial m\u00e1s importante del distrito ya tiene fecha y sede -\" \/>\n<meta property=\"og:description\" content=\"Con el objetivo firme de seguir posicionando al distrito como un nodo estrat\u00e9gico para el desarrollo, la inversi\u00f3n y el crecimiento de industrias y comercios locales, se anunci\u00f3 la llegada&hellip;\" \/>\n<meta property=\"og:url\" content=\"https:\/\/elciudadanodelujan.com.ar\/?p=12048\" \/>\n<meta property=\"article:publisher\" content=\"https:\/\/www.facebook.com\/elciudadanodelujan\" \/>\n<meta property=\"article:published_time\" content=\"2026-09-04T22:49:30+00:00\" \/>\n<meta property=\"article:modified_time\" content=\"2026-09-04T22:49:54+00:00\" \/>\n<meta property=\"og:image\" content=\"https:\/\/elciudadanodelujan.com.ar\/wp-content\/uploads\/2026\/09\/image-3-1024x682.png\" \/>\n\t<meta property=\"og:image:width\" content=\"1024\" \/>\n\t<meta property=\"og:image:height\" content=\"682\" \/>\n\t<meta property=\"og:image:type\" content=\"image\/png\" \/>\n<meta name=\"author\" content=\"Osvaldo Cabral\" \/>\n<meta name=\"twitter:card\" content=\"summary_large_image\" \/>\n<meta name=\"twitter:label1\" content=\"Escrito por\" \/>\n\t<meta name=\"twitter:data1\" content=\"Osvaldo Cabral\" \/>\n\t<meta name=\"twitter:label2\" content=\"Tiempo de lectura\" \/>\n\t<meta name=\"twitter:data2\" content=\"2 minutos\" \/>\n<script type=\"application\/ld+json\" class=\"yoast-schema-graph\">{\"@context\":\"https:\\\/\\\/schema.org\",\"@graph\":[{\"@type\":\"Article\",\"@id\":\"https:\\\/\\\/elciudadanodelujan.com.ar\\\/?p=12048#article\",\"isPartOf\":{\"@id\":\"https:\\\/\\\/elciudadanodelujan.com.ar\\\/?p=12048\"},\"author\":{\"name\":\"Osvaldo Cabral\",\"@id\":\"https:\\\/\\\/elciudadanodelujan.com.ar\\\/#\\\/schema\\\/person\\\/5c3b2b3dd2ef6da2576c32c847a49ffa\"},\"headline\":\"Expo Luj\u00e1n 2026: la cuarta edici\u00f3n del evento productivo y comercial m\u00e1s importante del distrito ya tiene fecha y sede\",\"datePublished\":\"2026-09-04T22:49:30+00:00\",\"dateModified\":\"2026-09-04T22:49:54+00:00\",\"mainEntityOfPage\":{\"@id\":\"https:\\\/\\\/elciudadanodelujan.com.ar\\\/?p=12048\"},\"wordCount\":370,\"publisher\":{\"@id\":\"https:\\\/\\\/elciudadanodelujan.com.ar\\\/#organization\"},\"image\":{\"@id\":\"https:\\\/\\\/elciudadanodelujan.com.ar\\\/?p=12048#primaryimage\"},\"thumbnailUrl\":\"https:\\\/\\\/elciudadanodelujan.com.ar\\\/wp-content\\\/uploads\\\/2026\\\/09\\\/image-3.png\",\"articleSection\":[\"Producci\u00f3n\"],\"inLanguage\":\"es\"},{\"@type\":\"WebPage\",\"@id\":\"https:\\\/\\\/elciudadanodelujan.com.ar\\\/?p=12048\",\"url\":\"https:\\\/\\\/elciudadanodelujan.com.ar\\\/?p=12048\",\"name\":\"Expo Luj\u00e1n 2026: la cuarta edici\u00f3n del evento productivo y comercial m\u00e1s importante del distrito ya tiene fecha y sede -\",\"isPartOf\":{\"@id\":\"https:\\\/\\\/elciudadanodelujan.com.ar\\\/#website\"},\"primaryImageOfPage\":{\"@id\":\"https:\\\/\\\/elciudadanodelujan.com.ar\\\/?p=12048#primaryimage\"},\"image\":{\"@id\":\"https:\\\/\\\/elciudadanodelujan.com.ar\\\/?p=12048#primaryimage\"},\"thumbnailUrl\":\"https:\\\/\\\/elciudadanodelujan.com.ar\\\/wp-content\\\/uploads\\\/2026\\\/09\\\/image-3.png\",\"datePublished\":\"2026-09-04T22:49:30+00:00\",\"dateModified\":\"2026-09-04T22:49:54+00:00\",\"breadcrumb\":{\"@id\":\"https:\\\/\\\/elciudadanodelujan.com.ar\\\/?p=12048#breadcrumb\"},\"inLanguage\":\"es\",\"potentialAction\":[{\"@type\":\"ReadAction\",\"target\":[\"https:\\\/\\\/elciudadanodelujan.com.ar\\\/?p=12048\"]}]},{\"@type\":\"ImageObject\",\"inLanguage\":\"es\",\"@id\":\"https:\\\/\\\/elciudadanodelujan.com.ar\\\/?p=12048#primaryimage\",\"url\":\"https:\\\/\\\/elciudadanodelujan.com.ar\\\/wp-content\\\/uploads\\\/2026\\\/09\\\/image-3.png\",\"contentUrl\":\"https:\\\/\\\/elciudadanodelujan.com.ar\\\/wp-content\\\/uploads\\\/2026\\\/09\\\/image-3.png\",\"width\":1600,\"height\":1066},{\"@type\":\"BreadcrumbList\",\"@id\":\"https:\\\/\\\/elciudadanodelujan.com.ar\\\/?p=12048#breadcrumb\",\"itemListElement\":[{\"@type\":\"ListItem\",\"position\":1,\"name\":\"Home\",\"item\":\"https:\\\/\\\/elciudadanodelujan.com.ar\\\/\"},{\"@type\":\"ListItem\",\"position\":2,\"name\":\"Expo Luj\u00e1n 2026: la cuarta edici\u00f3n del evento productivo y comercial m\u00e1s importante del distrito ya tiene fecha y sede\"}]},{\"@type\":\"WebSite\",\"@id\":\"https:\\\/\\\/elciudadanodelujan.com.ar\\\/#website\",\"url\":\"https:\\\/\\\/elciudadanodelujan.com.ar\\\/\",\"name\":\"https:\\\/\\\/elciudadanodelujan.com.ar\",\"description\":\"Noticias de inter\u00e9s general y periodismo de investigaci\u00f3n\",\"publisher\":{\"@id\":\"https:\\\/\\\/elciudadanodelujan.com.ar\\\/#organization\"},\"potentialAction\":[{\"@type\":\"SearchAction\",\"target\":{\"@type\":\"EntryPoint\",\"urlTemplate\":\"https:\\\/\\\/elciudadanodelujan.com.ar\\\/?s={search_term_string}\"},\"query-input\":{\"@type\":\"PropertyValueSpecification\",\"valueRequired\":true,\"valueName\":\"search_term_string\"}}],\"inLanguage\":\"es\"},{\"@type\":\"Organization\",\"@id\":\"https:\\\/\\\/elciudadanodelujan.com.ar\\\/#organization\",\"name\":\"El Ciudadano de Lujan\",\"url\":\"https:\\\/\\\/elciudadanodelujan.com.ar\\\/\",\"logo\":{\"@type\":\"ImageObject\",\"inLanguage\":\"es\",\"@id\":\"https:\\\/\\\/elciudadanodelujan.com.ar\\\/#\\\/schema\\\/logo\\\/image\\\/\",\"url\":\"https:\\\/\\\/elciudadanodelujan.com.ar\\\/wp-content\\\/uploads\\\/2025\\\/01\\\/logo_El_Ciudadano.jpg\",\"contentUrl\":\"https:\\\/\\\/elciudadanodelujan.com.ar\\\/wp-content\\\/uploads\\\/2025\\\/01\\\/logo_El_Ciudadano.jpg\",\"width\":500,\"height\":123,\"caption\":\"El Ciudadano de Lujan\"},\"image\":{\"@id\":\"https:\\\/\\\/elciudadanodelujan.com.ar\\\/#\\\/schema\\\/logo\\\/image\\\/\"},\"sameAs\":[\"https:\\\/\\\/www.facebook.com\\\/elciudadanodelujan\"]},{\"@type\":\"Person\",\"@id\":\"https:\\\/\\\/elciudadanodelujan.com.ar\\\/#\\\/schema\\\/person\\\/5c3b2b3dd2ef6da2576c32c847a49ffa\",\"name\":\"Osvaldo Cabral\",\"image\":{\"@type\":\"ImageObject\",\"inLanguage\":\"es\",\"@id\":\"https:\\\/\\\/secure.gravatar.com\\\/avatar\\\/c4c6a8aea430571651e7d6992bdfdff335bbe96580656f78299d10ca9a6c1ae9?s=96&d=mm&r=g\",\"url\":\"https:\\\/\\\/secure.gravatar.com\\\/avatar\\\/c4c6a8aea430571651e7d6992bdfdff335bbe96580656f78299d10ca9a6c1ae9?s=96&d=mm&r=g\",\"contentUrl\":\"https:\\\/\\\/secure.gravatar.com\\\/avatar\\\/c4c6a8aea430571651e7d6992bdfdff335bbe96580656f78299d10ca9a6c1ae9?s=96&d=mm&r=g\",\"caption\":\"Osvaldo Cabral\"},\"url\":\"https:\\\/\\\/elciudadanodelujan.com.ar\\\/?author=2\"}]}<\/script>\n<!-- \/ Yoast SEO plugin. -->","yoast_head_json":{"title":"Expo Luj\u00e1n 2026: la cuarta edici\u00f3n del evento productivo y comercial m\u00e1s importante del distrito ya tiene fecha y sede -","robots":{"index":"index","follow":"follow","max-snippet":"max-snippet:-1","max-image-preview":"max-image-preview:large","max-video-preview":"max-video-preview:-1"},"canonical":"https:\/\/elciudadanodelujan.com.ar\/?p=12048","og_locale":"es_ES","og_type":"article","og_title":"Expo Luj\u00e1n 2026: la cuarta edici\u00f3n del evento productivo y comercial m\u00e1s importante del distrito ya tiene fecha y sede -","og_description":"Con el objetivo firme de seguir posicionando al distrito como un nodo estrat\u00e9gico para el desarrollo, la inversi\u00f3n y el crecimiento de industrias y comercios locales, se anunci\u00f3 la llegada&hellip;","og_url":"https:\/\/elciudadanodelujan.com.ar\/?p=12048","article_publisher":"https:\/\/www.facebook.com\/elciudadanodelujan","article_published_time":"2026-09-04T22:49:30+00:00","article_modified_time":"2026-09-04T22:49:54+00:00","og_image":[{"width":1024,"height":682,"url":"https:\/\/elciudadanodelujan.com.ar\/wp-content\/uploads\/2026\/09\/image-3-1024x682.png","type":"image\/png"}],"author":"Osvaldo Cabral","twitter_card":"summary_large_image","twitter_misc":{"Escrito por":"Osvaldo Cabral","Tiempo de lectura":"2 minutos"},"schema":{"@context":"https:\/\/schema.org","@graph":[{"@type":"Article","@id":"https:\/\/elciudadanodelujan.com.ar\/?p=12048#article","isPartOf":{"@id":"https:\/\/elciudadanodelujan.com.ar\/?p=12048"},"author":{"name":"Osvaldo Cabral","@id":"https:\/\/elciudadanodelujan.com.ar\/#\/schema\/person\/5c3b2b3dd2ef6da2576c32c847a49ffa"},"headline":"Expo Luj\u00e1n 2026: la cuarta edici\u00f3n del evento productivo y comercial m\u00e1s importante del distrito ya tiene fecha y sede","datePublished":"2026-09-04T22:49:30+00:00","dateModified":"2026-09-04T22:49:54+00:00","mainEntityOfPage":{"@id":"https:\/\/elciudadanodelujan.com.ar\/?p=12048"},"wordCount":370,"publisher":{"@id":"https:\/\/elciudadanodelujan.com.ar\/#organization"},"image":{"@id":"https:\/\/elciudadanodelujan.com.ar\/?p=12048#primaryimage"},"thumbnailUrl":"https:\/\/elciudadanodelujan.com.ar\/wp-content\/uploads\/2026\/09\/image-3.png","articleSection":["Producci\u00f3n"],"inLanguage":"es"},{"@type":"WebPage","@id":"https:\/\/elciudadanodelujan.com.ar\/?p=12048","url":"https:\/\/elciudadanodelujan.com.ar\/?p=12048","name":"Expo Luj\u00e1n 2026: la cuarta edici\u00f3n del evento productivo y comercial m\u00e1s importante del distrito ya tiene fecha y sede -","isPartOf":{"@id":"https:\/\/elciudadanodelujan.com.ar\/#website"},"primaryImageOfPage":{"@id":"https:\/\/elciudadanodelujan.com.ar\/?p=12048#primaryimage"},"image":{"@id":"https:\/\/elciudadanodelujan.com.ar\/?p=12048#primaryimage"},"thumbnailUrl":"https:\/\/elciudadanodelujan.com.ar\/wp-content\/uploads\/2026\/09\/image-3.png","datePublished":"2026-09-04T22:49:30+00:00","dateModified":"2026-09-04T22:49:54+00:00","breadcrumb":{"@id":"https:\/\/elciudadanodelujan.com.ar\/?p=12048#breadcrumb"},"inLanguage":"es","potentialAction":[{"@type":"ReadAction","target":["https:\/\/elciudadanodelujan.com.ar\/?p=12048"]}]},{"@type":"ImageObject","inLanguage":"es","@id":"https:\/\/elciudadanodelujan.com.ar\/?p=12048#primaryimage","url":"https:\/\/elciudadanodelujan.com.ar\/wp-content\/uploads\/2026\/09\/image-3.png","contentUrl":"https:\/\/elciudadanodelujan.com.ar\/wp-content\/uploads\/2026\/09\/image-3.png","width":1600,"height":1066},{"@type":"BreadcrumbList","@id":"https:\/\/elciudadanodelujan.com.ar\/?p=12048#breadcrumb","itemListElement":[{"@type":"ListItem","position":1,"name":"Home","item":"https:\/\/elciudadanodelujan.com.ar\/"},{"@type":"ListItem","position":2,"name":"Expo Luj\u00e1n 2026: la cuarta edici\u00f3n del evento productivo y comercial m\u00e1s importante del distrito ya tiene fecha y sede"}]},{"@type":"WebSite","@id":"https:\/\/elciudadanodelujan.com.ar\/#website","url":"https:\/\/elciudadanodelujan.com.ar\/","name":"https:\/\/elciudadanodelujan.com.ar","description":"Noticias de inter\u00e9s general y periodismo de investigaci\u00f3n","publisher":{"@id":"https:\/\/elciudadanodelujan.com.ar\/#organization"},"potentialAction":[{"@type":"SearchAction","target":{"@type":"EntryPoint","urlTemplate":"https:\/\/elciudadanodelujan.com.ar\/?s={search_term_string}"},"query-input":{"@type":"PropertyValueSpecification","valueRequired":true,"valueName":"search_term_string"}}],"inLanguage":"es"},{"@type":"Organization","@id":"https:\/\/elciudadanodelujan.com.ar\/#organization","name":"El Ciudadano de Lujan","url":"https:\/\/elciudadanodelujan.com.ar\/","logo":{"@type":"ImageObject","inLanguage":"es","@id":"https:\/\/elciudadanodelujan.com.ar\/#\/schema\/logo\/image\/","url":"https:\/\/elciudadanodelujan.com.ar\/wp-content\/uploads\/2025\/01\/logo_El_Ciudadano.jpg","contentUrl":"https:\/\/elciudadanodelujan.com.ar\/wp-content\/uploads\/2025\/01\/logo_El_Ciudadano.jpg","width":500,"height":123,"caption":"El Ciudadano de Lujan"},"image":{"@id":"https:\/\/elciudadanodelujan.com.ar\/#\/schema\/logo\/image\/"},"sameAs":["https:\/\/www.facebook.com\/elciudadanodelujan"]},{"@type":"Person","@id":"https:\/\/elciudadanodelujan.com.ar\/#\/schema\/person\/5c3b2b3dd2ef6da2576c32c847a49ffa","name":"Osvaldo Cabral","image":{"@type":"ImageObject","inLanguage":"es","@id":"https:\/\/secure.gravatar.com\/avatar\/c4c6a8aea430571651e7d6992bdfdff335bbe96580656f78299d10ca9a6c1ae9?s=96&d=mm&r=g","url":"https:\/\/secure.gravatar.com\/avatar\/c4c6a8aea430571651e7d6992bdfdff335bbe96580656f78299d10ca9a6c1ae9?s=96&d=mm&r=g","contentUrl":"https:\/\/secure.gravatar.com\/avatar\/c4c6a8aea430571651e7d6992bdfdff335bbe96580656f78299d10ca9a6c1ae9?s=96&d=mm&r=g","caption":"Osvaldo Cabral"},"url":"https:\/\/elciudadanodelujan.com.ar\/?author=2"}]}},"_links":{"self":[{"href":"https:\/\/elciudadanodelujan.com.ar\/index.php?rest_route=\/wp\/v2\/posts\/12048","targetHints":{"allow":["GET"]}}],"collection":[{"href":"https:\/\/elciudadanodelujan.com.ar\/index.php?rest_route=\/wp\/v2\/posts"}],"about":[{"href":"https:\/\/elciudadanodelujan.com.ar\/index.php?rest_route=\/wp\/v2\/types\/post"}],"author":[{"embeddable":true,"href":"https:\/\/elciudadanodelujan.com.ar\/index.php?rest_route=\/wp\/v2\/users\/2"}],"replies":[{"embeddable":true,"href":"https:\/\/elciudadanodelujan.com.ar\/index.php?rest_route=%2Fwp%2Fv2%2Fcomments&post=12048"}],"version-history":[{"count":1,"href":"https:\/\/elciudadanodelujan.com.ar\/index.php?rest_route=\/wp\/v2\/posts\/12048\/revisions"}],"predecessor-version":[{"id":12050,"href":"https:\/\/elciudadanodelujan.com.ar\/index.php?rest_route=\/wp\/v2\/posts\/12048\/revisions\/12050"}],"wp:featuredmedia":[{"embeddable":true,"href":"https:\/\/elciudadanodelujan.com.ar\/index.php?rest_route=\/wp\/v2\/media\/12049"}],"wp:attachment":[{"href":"https:\/\/elciudadanodelujan.com.ar\/index.php?rest_route=%2Fwp%2Fv2%2Fmedia&parent=12048"}],"wp:term":[{"taxonomy":"category","embeddable":true,"href":"https:\/\/elciudadanodelujan.com.ar\/index.php?rest_route=%2Fwp%2Fv2%2Fcategories&post=12048"},{"taxonomy":"post_tag","embeddable":true,"href":"https:\/\/elciudadanodelujan.com.ar\/index.php?rest_route=%2Fwp%2Fv2%2Ftags&post=12048"}],"curies":[{"name":"wp","href":"https:\/\/api.w.org\/{rel}","templated":true}]}}