{"id":12045,"date":"2026-09-03T19:47:26","date_gmt":"2026-09-03T22:47:26","guid":{"rendered":"https:\/\/elciudadanodelujan.com.ar\/?p=12045"},"modified":"2026-09-04T19:47:48","modified_gmt":"2026-09-04T22:47:48","slug":"fin-de-semana-cultural-en-lujan-teatro-cine-musica-y-exposiciones-para-disfrutar-en-la-ciudad","status":"publish","type":"post","link":"https:\/\/elciudadanodelujan.com.ar\/?p=12045","title":{"rendered":"Fin de semana cultural en Luj\u00e1n: teatro, cine, m\u00fasica y exposiciones para disfrutar en la ciudad"},"content":{"rendered":"\n<h2 class=\"wp-block-heading\">El Municipio de Luj\u00e1n y los distintos espacios culturales del distrito ofrecen una nutrida agenda de actividades art\u00edsticas para este fin de semana. Con propuestas que abarcan desde el cine internacional y la teor\u00eda literaria, hasta grandes obras teatrales, exposiciones y m\u00fasica en vivo, la cartelera local se prepara para recibir a vecinos y visitantes.<\/h2>\n\n\n\n<figure class=\"wp-block-image size-large\"><img loading=\"lazy\" decoding=\"async\" width=\"1024\" height=\"798\" src=\"https:\/\/elciudadanodelujan.com.ar\/wp-content\/uploads\/2026\/09\/image-2-1024x798.png\" alt=\"\" class=\"wp-image-12046\" srcset=\"https:\/\/elciudadanodelujan.com.ar\/wp-content\/uploads\/2026\/09\/image-2-1024x798.png 1024w, https:\/\/elciudadanodelujan.com.ar\/wp-content\/uploads\/2026\/09\/image-2-300x234.png 300w, https:\/\/elciudadanodelujan.com.ar\/wp-content\/uploads\/2026\/09\/image-2-767x598.png 767w, https:\/\/elciudadanodelujan.com.ar\/wp-content\/uploads\/2026\/09\/image-2.png 1368w\" sizes=\"auto, (max-width: 1024px) 100vw, 1024px\" \/><\/figure>\n\n\n\n<h3 class=\"wp-block-heading\">Propuestas con entrada libre y gratuita<\/h3>\n\n\n\n<p class=\"wp-block-paragraph\"><strong>Artes visuales y exposiciones<\/strong> La actividad comenzar\u00e1 este <strong>jueves 3<\/strong>, a las 18 horas, en el Club Argentino (Col\u00f3n 1075) con la inauguraci\u00f3n de una nueva muestra colectiva de <strong>\u201cLujanarte\u201d<\/strong>. La exposici\u00f3n contar\u00e1 con obras de Nydia L\u00f3pez Chuhurra, Isabel Gowland, Bea Grafia, Ilda Lemos y Vanesa Rivas Villalba, las cuales estar\u00e1n a la venta.<\/p>\n\n\n\n<p class=\"wp-block-paragraph\">Por su parte, el <strong>domingo 6<\/strong>, de 15 a 17 horas, el Museo Municipal de Bellas Artes Fern\u00e1n F\u00e9lix de Amador (9 de Julio 863) realizar\u00e1 el cierre formal de sus tres muestras vigentes con la presencia de los artistas. El p\u00fablico podr\u00e1 recorrer <em>Ensayo Abierto \u2013 ARTE[FACTO]<\/em> (Sala Casals), la muestra conjunta <em>Alquimia<\/em> de Gladys Abitante y Osvaldo Krasmanski (Sala Paladino), y <em>Vestigios de la presencia<\/em> de Juan Burgos (Sala Aime).<\/p>\n\n\n\n<p class=\"wp-block-paragraph\"><strong>Cine bonaerense y educaci\u00f3n<\/strong> El Centro Cultural Municipal Do\u00f1a Ana de Matos (Paseo Caleli\u00e1n 1135) ser\u00e1 sede de la <strong>4\u00ba edici\u00f3n del Festival Internacional de Cine de la Provincia de Buenos Aires<\/strong>, con ingreso por orden de llegada. El <strong>jueves 3<\/strong> a las 18 horas se realizar\u00e1 el lanzamiento oficial con la presencia del director Marcelo Pi\u00f1eyro y la proyecci\u00f3n de su cl\u00e1sica obra <em>Plata Quemada<\/em>, seguida a las 21 horas por el docu-ficci\u00f3n <em>Weser<\/em> (2025). El <strong>s\u00e1bado 5<\/strong> a las 17 horas se proyectar\u00e1 el documental <em>La muerte es algo que le sucede a los dem\u00e1s<\/em> (2026), y el ciclo concluir\u00e1 el <strong>lunes 7<\/strong> con <em>La virgen de la tosquera<\/em> (19 hs) y el documental <em>Soy ella<\/em> (21 hs).<\/p>\n\n\n\n<p class=\"wp-block-paragraph\">En el mismo espacio, el <strong>s\u00e1bado 5<\/strong> a las 19 horas, se llevar\u00e1 a cabo la <strong>Segunda Muestra Audiovisual de Cine y Educaci\u00f3n<\/strong>. Se estrenar\u00e1 <em>LS83<\/em>, que narra recuerdos de infancia del escritor Mart\u00edn Kohan \u2014quien estar\u00e1 presente para dialogar con el p\u00fablico\u2014 y se proyectar\u00e1 el cortometraje <em>El sanguche de salame<\/em>.<\/p>\n\n\n\n<p class=\"wp-block-paragraph\"><strong>M\u00fasica, literatura y teatro<\/strong> La oferta musical gratuita tendr\u00e1 su punto fuerte el <strong>jueves 3<\/strong>, a las 20 horas, en el Teatro Municipal Trinidad Guevara (Rivadavia 1096), que albergar\u00e1 el <strong>Primer Encuentro de Orquestas de Tango de Luj\u00e1n<\/strong>. El evento reunir\u00e1 a m\u00faltiples ensambles y orquestas locales que cerrar\u00e1n la noche interpretando una obra conjunta (las entradas se retiran por boleter\u00eda). Para los amantes del rock, el <strong>viernes 4<\/strong> a las 21 horas, la cantina del Club Regatas ofrecer\u00e1 m\u00fasica en vivo con <em>La Triple M<\/em> (tributo a Almafuerte), <em>La Raza del Milagro<\/em> y <em>52 Blues<\/em>.<\/p>\n\n\n\n<p class=\"wp-block-paragraph\">La literatura tendr\u00e1 su espacio el <strong>viernes 4<\/strong> a las 18 horas en el Complejo Udaondo, con el conversatorio <strong>\u201cEl canon literario\u201d<\/strong> a cargo de la profesora Malena Botto. En tanto, el <strong>s\u00e1bado 5<\/strong> a las 19 horas, la Biblioteca Jean Jaur\u00e8s (Lavalle 758) ser\u00e1 el escenario para la presentaci\u00f3n del libro <em>La raz\u00f3n que me quede<\/em>, del premiado autor Luis Colombini.<\/p>\n\n\n\n<p class=\"wp-block-paragraph\">El <strong>s\u00e1bado 5<\/strong> tambi\u00e9n ofrecer\u00e1 opciones esc\u00e9nicas: a las 19 horas se presentar\u00e1 la obra <strong>\u201cUrdimbre Tr\u00e1gica\u201d<\/strong> (a la gorra) en el Centro Cultural Artigas (Mitre 846), ambientada en un taller de costura en la Buenos Aires de 1919. M\u00e1s tarde, desde las 20.30 horas, el Club Argentino presentar\u00e1 una nueva edici\u00f3n de <strong>\u201cLa Variet\u00e9 del Argentino\u201d<\/strong> (reservas al 2323-654454). Como anticipo de la semana pr\u00f3xima, este mismo club organizar\u00e1 una <strong>Pe\u00f1a de Tango y Recalada<\/strong> el mi\u00e9rcoles 9 desde las 20.30 horas (reservas al 11-59327682).<\/p>\n\n\n\n<h3 class=\"wp-block-heading\">Cartelera de espect\u00e1culos arancelados<\/h3>\n\n\n\n<p class=\"wp-block-paragraph\"><strong>Teatro Trinidad Guevara (Rivadavia 1096)<\/strong><\/p>\n\n\n\n<ul class=\"wp-block-list\">\n<li><strong>Viernes 4, 17:00 hs:<\/strong> <em>Ar\u00edstida: Conectando Almas<\/em>. Una propuesta de mediumnidad y videncia ($40.000).<\/li>\n\n\n\n<li><strong>Viernes 4, 21:00 hs:<\/strong> Gabriela Acher presenta su aclamado unipersonal <em>\u201c\u00bfQu\u00e9 hace una chica como yo en una edad como esta?\u201d<\/em> ($40.000).<\/li>\n\n\n\n<li><strong>Domingo 6, 15:00 hs:<\/strong> Espect\u00e1culo infantil <em>\u201cJuguetes en acci\u00f3n\u201d<\/em> ($20.000).<\/li>\n\n\n\n<li><strong>Mi\u00e9rcoles 9, 19:00 hs:<\/strong> Adaptaci\u00f3n local de <em>\u201cAbran cancha que aqu\u00ed viene Don Quijote de la Mancha\u201d<\/em> dirigida por Luis Vallejo ($10.000). <em>(Las entradas pueden adquirirse en la boleter\u00eda del teatro o a trav\u00e9s de teatrotrinidadguevara.com.ar).<\/em><\/li>\n<\/ul>\n\n\n\n<p class=\"wp-block-paragraph\"><strong>Teatro El Galp\u00f3n (Belgrano e Yrigoyen)<\/strong><\/p>\n\n\n\n<ul class=\"wp-block-list\">\n<li><strong>S\u00e1bado 5, 20:00 hs:<\/strong> <em>\u201cLa edad de la ciruela\u201d<\/em> de Ar\u00edstides Vargas. Esta funci\u00f3n ser\u00e1 <strong>a beneficio<\/strong> tras el reciente hecho delictivo que sufri\u00f3 el espacio cultural.<\/li>\n\n\n\n<li><strong>Domingo 6, 20:00 hs:<\/strong> <em>\u201cEsclavas\u201d<\/em>, dirigida por Daniel Quintana. Una potente obra inspirada en el caso Marita Ver\u00f3n y basada en testimonios reales de v\u00edctimas de trata. <em>(Para ambas obras, la entrada anticipada tiene un valor de $12.000 y en puerta de $15.000. Reservas al WhatsApp 2323-313620).<\/em><\/li>\n<\/ul>\n\n\n\n<p class=\"wp-block-paragraph\"><strong>Bulzack Jazz Caf\u00e9 (Rivadavia 704)<\/strong> El espacio gastron\u00f3mico y cultural ofrecer\u00e1 shows desde las 21 horas durante tres noches consecutivas:<\/p>\n\n\n\n<ul class=\"wp-block-list\">\n<li><strong>Jueves 3:<\/strong> Show de stand up <em>\u201cM\u00e1s r\u00e1pido m\u00e1s gracioso\u201d<\/em> con el Flaco Pailos.<\/li>\n\n\n\n<li><strong>Viernes 4:<\/strong> <em>\u201cNos sobran los motivos\u201d<\/em>, tributo a Joaqu\u00edn Sabina.<\/li>\n\n\n\n<li><strong>S\u00e1bado 5:<\/strong> Show en vivo a cargo de la banda <em>\u201cU2 Homenaje\u201d<\/em>. <em>(Entradas disponibles en tickets.bulzack.com.ar).<\/em><\/li>\n<\/ul>\n","protected":false},"excerpt":{"rendered":"<p>El Municipio de Luj\u00e1n y los distintos espacios culturales del distrito ofrecen una nutrida agenda de actividades art\u00edsticas para este fin de semana. Con propuestas que abarcan desde el cine&hellip; <\/p>\n","protected":false},"author":2,"featured_media":12046,"comment_status":"closed","ping_status":"closed","sticky":false,"template":"","format":"standard","meta":{"footnotes":""},"categories":[7],"tags":[],"class_list":["post-12045","post","type-post","status-publish","format-standard","has-post-thumbnail","hentry","category-cultura"],"yoast_head":"<!-- This site is optimized with the Yoast SEO plugin v28.1 - https:\/\/yoast.com\/product\/yoast-seo-wordpress\/ -->\n<title>Fin de semana cultural en Luj\u00e1n: teatro, cine, m\u00fasica y exposiciones para disfrutar en la ciudad -<\/title>\n<meta name=\"robots\" content=\"index, follow, max-snippet:-1, max-image-preview:large, max-video-preview:-1\" \/>\n<link rel=\"canonical\" href=\"https:\/\/elciudadanodelujan.com.ar\/?p=12045\" \/>\n<meta property=\"og:locale\" content=\"es_ES\" \/>\n<meta property=\"og:type\" content=\"article\" \/>\n<meta property=\"og:title\" content=\"Fin de semana cultural en Luj\u00e1n: teatro, cine, m\u00fasica y exposiciones para disfrutar en la ciudad -\" \/>\n<meta property=\"og:description\" content=\"El Municipio de Luj\u00e1n y los distintos espacios culturales del distrito ofrecen una nutrida agenda de actividades art\u00edsticas para este fin de semana. Con propuestas que abarcan desde el cine&hellip;\" \/>\n<meta property=\"og:url\" content=\"https:\/\/elciudadanodelujan.com.ar\/?p=12045\" \/>\n<meta property=\"article:publisher\" content=\"https:\/\/www.facebook.com\/elciudadanodelujan\" \/>\n<meta property=\"article:published_time\" content=\"2026-09-03T22:47:26+00:00\" \/>\n<meta property=\"article:modified_time\" content=\"2026-09-04T22:47:48+00:00\" \/>\n<meta property=\"og:image\" content=\"https:\/\/elciudadanodelujan.com.ar\/wp-content\/uploads\/2026\/09\/image-2.png\" \/>\n\t<meta property=\"og:image:width\" content=\"1368\" \/>\n\t<meta property=\"og:image:height\" content=\"1066\" \/>\n\t<meta property=\"og:image:type\" content=\"image\/png\" \/>\n<meta name=\"author\" content=\"Osvaldo Cabral\" \/>\n<meta name=\"twitter:card\" content=\"summary_large_image\" \/>\n<meta name=\"twitter:label1\" content=\"Escrito por\" \/>\n\t<meta name=\"twitter:data1\" content=\"Osvaldo Cabral\" \/>\n\t<meta name=\"twitter:label2\" content=\"Tiempo de lectura\" \/>\n\t<meta name=\"twitter:data2\" content=\"5 minutos\" \/>\n<script type=\"application\/ld+json\" class=\"yoast-schema-graph\">{\"@context\":\"https:\\\/\\\/schema.org\",\"@graph\":[{\"@type\":\"Article\",\"@id\":\"https:\\\/\\\/elciudadanodelujan.com.ar\\\/?p=12045#article\",\"isPartOf\":{\"@id\":\"https:\\\/\\\/elciudadanodelujan.com.ar\\\/?p=12045\"},\"author\":{\"name\":\"Osvaldo Cabral\",\"@id\":\"https:\\\/\\\/elciudadanodelujan.com.ar\\\/#\\\/schema\\\/person\\\/5c3b2b3dd2ef6da2576c32c847a49ffa\"},\"headline\":\"Fin de semana cultural en Luj\u00e1n: teatro, cine, m\u00fasica y exposiciones para disfrutar en la ciudad\",\"datePublished\":\"2026-09-03T22:47:26+00:00\",\"dateModified\":\"2026-09-04T22:47:48+00:00\",\"mainEntityOfPage\":{\"@id\":\"https:\\\/\\\/elciudadanodelujan.com.ar\\\/?p=12045\"},\"wordCount\":859,\"publisher\":{\"@id\":\"https:\\\/\\\/elciudadanodelujan.com.ar\\\/#organization\"},\"image\":{\"@id\":\"https:\\\/\\\/elciudadanodelujan.com.ar\\\/?p=12045#primaryimage\"},\"thumbnailUrl\":\"https:\\\/\\\/elciudadanodelujan.com.ar\\\/wp-content\\\/uploads\\\/2026\\\/09\\\/image-2.png\",\"articleSection\":[\"CULTURA\"],\"inLanguage\":\"es\"},{\"@type\":\"WebPage\",\"@id\":\"https:\\\/\\\/elciudadanodelujan.com.ar\\\/?p=12045\",\"url\":\"https:\\\/\\\/elciudadanodelujan.com.ar\\\/?p=12045\",\"name\":\"Fin de semana cultural en Luj\u00e1n: teatro, cine, m\u00fasica y exposiciones para disfrutar en la ciudad -\",\"isPartOf\":{\"@id\":\"https:\\\/\\\/elciudadanodelujan.com.ar\\\/#website\"},\"primaryImageOfPage\":{\"@id\":\"https:\\\/\\\/elciudadanodelujan.com.ar\\\/?p=12045#primaryimage\"},\"image\":{\"@id\":\"https:\\\/\\\/elciudadanodelujan.com.ar\\\/?p=12045#primaryimage\"},\"thumbnailUrl\":\"https:\\\/\\\/elciudadanodelujan.com.ar\\\/wp-content\\\/uploads\\\/2026\\\/09\\\/image-2.png\",\"datePublished\":\"2026-09-03T22:47:26+00:00\",\"dateModified\":\"2026-09-04T22:47:48+00:00\",\"breadcrumb\":{\"@id\":\"https:\\\/\\\/elciudadanodelujan.com.ar\\\/?p=12045#breadcrumb\"},\"inLanguage\":\"es\",\"potentialAction\":[{\"@type\":\"ReadAction\",\"target\":[\"https:\\\/\\\/elciudadanodelujan.com.ar\\\/?p=12045\"]}]},{\"@type\":\"ImageObject\",\"inLanguage\":\"es\",\"@id\":\"https:\\\/\\\/elciudadanodelujan.com.ar\\\/?p=12045#primaryimage\",\"url\":\"https:\\\/\\\/elciudadanodelujan.com.ar\\\/wp-content\\\/uploads\\\/2026\\\/09\\\/image-2.png\",\"contentUrl\":\"https:\\\/\\\/elciudadanodelujan.com.ar\\\/wp-content\\\/uploads\\\/2026\\\/09\\\/image-2.png\",\"width\":1368,\"height\":1066},{\"@type\":\"BreadcrumbList\",\"@id\":\"https:\\\/\\\/elciudadanodelujan.com.ar\\\/?p=12045#breadcrumb\",\"itemListElement\":[{\"@type\":\"ListItem\",\"position\":1,\"name\":\"Home\",\"item\":\"https:\\\/\\\/elciudadanodelujan.com.ar\\\/\"},{\"@type\":\"ListItem\",\"position\":2,\"name\":\"Fin de semana cultural en Luj\u00e1n: teatro, cine, m\u00fasica y exposiciones para disfrutar en la ciudad\"}]},{\"@type\":\"WebSite\",\"@id\":\"https:\\\/\\\/elciudadanodelujan.com.ar\\\/#website\",\"url\":\"https:\\\/\\\/elciudadanodelujan.com.ar\\\/\",\"name\":\"https:\\\/\\\/elciudadanodelujan.com.ar\",\"description\":\"Noticias de inter\u00e9s general y periodismo de investigaci\u00f3n\",\"publisher\":{\"@id\":\"https:\\\/\\\/elciudadanodelujan.com.ar\\\/#organization\"},\"potentialAction\":[{\"@type\":\"SearchAction\",\"target\":{\"@type\":\"EntryPoint\",\"urlTemplate\":\"https:\\\/\\\/elciudadanodelujan.com.ar\\\/?s={search_term_string}\"},\"query-input\":{\"@type\":\"PropertyValueSpecification\",\"valueRequired\":true,\"valueName\":\"search_term_string\"}}],\"inLanguage\":\"es\"},{\"@type\":\"Organization\",\"@id\":\"https:\\\/\\\/elciudadanodelujan.com.ar\\\/#organization\",\"name\":\"El Ciudadano de Lujan\",\"url\":\"https:\\\/\\\/elciudadanodelujan.com.ar\\\/\",\"logo\":{\"@type\":\"ImageObject\",\"inLanguage\":\"es\",\"@id\":\"https:\\\/\\\/elciudadanodelujan.com.ar\\\/#\\\/schema\\\/logo\\\/image\\\/\",\"url\":\"https:\\\/\\\/elciudadanodelujan.com.ar\\\/wp-content\\\/uploads\\\/2025\\\/01\\\/logo_El_Ciudadano.jpg\",\"contentUrl\":\"https:\\\/\\\/elciudadanodelujan.com.ar\\\/wp-content\\\/uploads\\\/2025\\\/01\\\/logo_El_Ciudadano.jpg\",\"width\":500,\"height\":123,\"caption\":\"El Ciudadano de Lujan\"},\"image\":{\"@id\":\"https:\\\/\\\/elciudadanodelujan.com.ar\\\/#\\\/schema\\\/logo\\\/image\\\/\"},\"sameAs\":[\"https:\\\/\\\/www.facebook.com\\\/elciudadanodelujan\"]},{\"@type\":\"Person\",\"@id\":\"https:\\\/\\\/elciudadanodelujan.com.ar\\\/#\\\/schema\\\/person\\\/5c3b2b3dd2ef6da2576c32c847a49ffa\",\"name\":\"Osvaldo Cabral\",\"image\":{\"@type\":\"ImageObject\",\"inLanguage\":\"es\",\"@id\":\"https:\\\/\\\/secure.gravatar.com\\\/avatar\\\/c4c6a8aea430571651e7d6992bdfdff335bbe96580656f78299d10ca9a6c1ae9?s=96&d=mm&r=g\",\"url\":\"https:\\\/\\\/secure.gravatar.com\\\/avatar\\\/c4c6a8aea430571651e7d6992bdfdff335bbe96580656f78299d10ca9a6c1ae9?s=96&d=mm&r=g\",\"contentUrl\":\"https:\\\/\\\/secure.gravatar.com\\\/avatar\\\/c4c6a8aea430571651e7d6992bdfdff335bbe96580656f78299d10ca9a6c1ae9?s=96&d=mm&r=g\",\"caption\":\"Osvaldo Cabral\"},\"url\":\"https:\\\/\\\/elciudadanodelujan.com.ar\\\/?author=2\"}]}<\/script>\n<!-- \/ Yoast SEO plugin. -->","yoast_head_json":{"title":"Fin de semana cultural en Luj\u00e1n: teatro, cine, m\u00fasica y exposiciones para disfrutar en la ciudad -","robots":{"index":"index","follow":"follow","max-snippet":"max-snippet:-1","max-image-preview":"max-image-preview:large","max-video-preview":"max-video-preview:-1"},"canonical":"https:\/\/elciudadanodelujan.com.ar\/?p=12045","og_locale":"es_ES","og_type":"article","og_title":"Fin de semana cultural en Luj\u00e1n: teatro, cine, m\u00fasica y exposiciones para disfrutar en la ciudad -","og_description":"El Municipio de Luj\u00e1n y los distintos espacios culturales del distrito ofrecen una nutrida agenda de actividades art\u00edsticas para este fin de semana. Con propuestas que abarcan desde el cine&hellip;","og_url":"https:\/\/elciudadanodelujan.com.ar\/?p=12045","article_publisher":"https:\/\/www.facebook.com\/elciudadanodelujan","article_published_time":"2026-09-03T22:47:26+00:00","article_modified_time":"2026-09-04T22:47:48+00:00","og_image":[{"width":1368,"height":1066,"url":"https:\/\/elciudadanodelujan.com.ar\/wp-content\/uploads\/2026\/09\/image-2.png","type":"image\/png"}],"author":"Osvaldo Cabral","twitter_card":"summary_large_image","twitter_misc":{"Escrito por":"Osvaldo Cabral","Tiempo de lectura":"5 minutos"},"schema":{"@context":"https:\/\/schema.org","@graph":[{"@type":"Article","@id":"https:\/\/elciudadanodelujan.com.ar\/?p=12045#article","isPartOf":{"@id":"https:\/\/elciudadanodelujan.com.ar\/?p=12045"},"author":{"name":"Osvaldo Cabral","@id":"https:\/\/elciudadanodelujan.com.ar\/#\/schema\/person\/5c3b2b3dd2ef6da2576c32c847a49ffa"},"headline":"Fin de semana cultural en Luj\u00e1n: teatro, cine, m\u00fasica y exposiciones para disfrutar en la ciudad","datePublished":"2026-09-03T22:47:26+00:00","dateModified":"2026-09-04T22:47:48+00:00","mainEntityOfPage":{"@id":"https:\/\/elciudadanodelujan.com.ar\/?p=12045"},"wordCount":859,"publisher":{"@id":"https:\/\/elciudadanodelujan.com.ar\/#organization"},"image":{"@id":"https:\/\/elciudadanodelujan.com.ar\/?p=12045#primaryimage"},"thumbnailUrl":"https:\/\/elciudadanodelujan.com.ar\/wp-content\/uploads\/2026\/09\/image-2.png","articleSection":["CULTURA"],"inLanguage":"es"},{"@type":"WebPage","@id":"https:\/\/elciudadanodelujan.com.ar\/?p=12045","url":"https:\/\/elciudadanodelujan.com.ar\/?p=12045","name":"Fin de semana cultural en Luj\u00e1n: teatro, cine, m\u00fasica y exposiciones para disfrutar en la ciudad -","isPartOf":{"@id":"https:\/\/elciudadanodelujan.com.ar\/#website"},"primaryImageOfPage":{"@id":"https:\/\/elciudadanodelujan.com.ar\/?p=12045#primaryimage"},"image":{"@id":"https:\/\/elciudadanodelujan.com.ar\/?p=12045#primaryimage"},"thumbnailUrl":"https:\/\/elciudadanodelujan.com.ar\/wp-content\/uploads\/2026\/09\/image-2.png","datePublished":"2026-09-03T22:47:26+00:00","dateModified":"2026-09-04T22:47:48+00:00","breadcrumb":{"@id":"https:\/\/elciudadanodelujan.com.ar\/?p=12045#breadcrumb"},"inLanguage":"es","potentialAction":[{"@type":"ReadAction","target":["https:\/\/elciudadanodelujan.com.ar\/?p=12045"]}]},{"@type":"ImageObject","inLanguage":"es","@id":"https:\/\/elciudadanodelujan.com.ar\/?p=12045#primaryimage","url":"https:\/\/elciudadanodelujan.com.ar\/wp-content\/uploads\/2026\/09\/image-2.png","contentUrl":"https:\/\/elciudadanodelujan.com.ar\/wp-content\/uploads\/2026\/09\/image-2.png","width":1368,"height":1066},{"@type":"BreadcrumbList","@id":"https:\/\/elciudadanodelujan.com.ar\/?p=12045#breadcrumb","itemListElement":[{"@type":"ListItem","position":1,"name":"Home","item":"https:\/\/elciudadanodelujan.com.ar\/"},{"@type":"ListItem","position":2,"name":"Fin de semana cultural en Luj\u00e1n: teatro, cine, m\u00fasica y exposiciones para disfrutar en la ciudad"}]},{"@type":"WebSite","@id":"https:\/\/elciudadanodelujan.com.ar\/#website","url":"https:\/\/elciudadanodelujan.com.ar\/","name":"https:\/\/elciudadanodelujan.com.ar","description":"Noticias de inter\u00e9s general y periodismo de investigaci\u00f3n","publisher":{"@id":"https:\/\/elciudadanodelujan.com.ar\/#organization"},"potentialAction":[{"@type":"SearchAction","target":{"@type":"EntryPoint","urlTemplate":"https:\/\/elciudadanodelujan.com.ar\/?s={search_term_string}"},"query-input":{"@type":"PropertyValueSpecification","valueRequired":true,"valueName":"search_term_string"}}],"inLanguage":"es"},{"@type":"Organization","@id":"https:\/\/elciudadanodelujan.com.ar\/#organization","name":"El Ciudadano de Lujan","url":"https:\/\/elciudadanodelujan.com.ar\/","logo":{"@type":"ImageObject","inLanguage":"es","@id":"https:\/\/elciudadanodelujan.com.ar\/#\/schema\/logo\/image\/","url":"https:\/\/elciudadanodelujan.com.ar\/wp-content\/uploads\/2025\/01\/logo_El_Ciudadano.jpg","contentUrl":"https:\/\/elciudadanodelujan.com.ar\/wp-content\/uploads\/2025\/01\/logo_El_Ciudadano.jpg","width":500,"height":123,"caption":"El Ciudadano de Lujan"},"image":{"@id":"https:\/\/elciudadanodelujan.com.ar\/#\/schema\/logo\/image\/"},"sameAs":["https:\/\/www.facebook.com\/elciudadanodelujan"]},{"@type":"Person","@id":"https:\/\/elciudadanodelujan.com.ar\/#\/schema\/person\/5c3b2b3dd2ef6da2576c32c847a49ffa","name":"Osvaldo Cabral","image":{"@type":"ImageObject","inLanguage":"es","@id":"https:\/\/secure.gravatar.com\/avatar\/c4c6a8aea430571651e7d6992bdfdff335bbe96580656f78299d10ca9a6c1ae9?s=96&d=mm&r=g","url":"https:\/\/secure.gravatar.com\/avatar\/c4c6a8aea430571651e7d6992bdfdff335bbe96580656f78299d10ca9a6c1ae9?s=96&d=mm&r=g","contentUrl":"https:\/\/secure.gravatar.com\/avatar\/c4c6a8aea430571651e7d6992bdfdff335bbe96580656f78299d10ca9a6c1ae9?s=96&d=mm&r=g","caption":"Osvaldo Cabral"},"url":"https:\/\/elciudadanodelujan.com.ar\/?author=2"}]}},"_links":{"self":[{"href":"https:\/\/elciudadanodelujan.com.ar\/index.php?rest_route=\/wp\/v2\/posts\/12045","targetHints":{"allow":["GET"]}}],"collection":[{"href":"https:\/\/elciudadanodelujan.com.ar\/index.php?rest_route=\/wp\/v2\/posts"}],"about":[{"href":"https:\/\/elciudadanodelujan.com.ar\/index.php?rest_route=\/wp\/v2\/types\/post"}],"author":[{"embeddable":true,"href":"https:\/\/elciudadanodelujan.com.ar\/index.php?rest_route=\/wp\/v2\/users\/2"}],"replies":[{"embeddable":true,"href":"https:\/\/elciudadanodelujan.com.ar\/index.php?rest_route=%2Fwp%2Fv2%2Fcomments&post=12045"}],"version-history":[{"count":1,"href":"https:\/\/elciudadanodelujan.com.ar\/index.php?rest_route=\/wp\/v2\/posts\/12045\/revisions"}],"predecessor-version":[{"id":12047,"href":"https:\/\/elciudadanodelujan.com.ar\/index.php?rest_route=\/wp\/v2\/posts\/12045\/revisions\/12047"}],"wp:featuredmedia":[{"embeddable":true,"href":"https:\/\/elciudadanodelujan.com.ar\/index.php?rest_route=\/wp\/v2\/media\/12046"}],"wp:attachment":[{"href":"https:\/\/elciudadanodelujan.com.ar\/index.php?rest_route=%2Fwp%2Fv2%2Fmedia&parent=12045"}],"wp:term":[{"taxonomy":"category","embeddable":true,"href":"https:\/\/elciudadanodelujan.com.ar\/index.php?rest_route=%2Fwp%2Fv2%2Fcategories&post=12045"},{"taxonomy":"post_tag","embeddable":true,"href":"https:\/\/elciudadanodelujan.com.ar\/index.php?rest_route=%2Fwp%2Fv2%2Ftags&post=12045"}],"curies":[{"name":"wp","href":"https:\/\/api.w.org\/{rel}","templated":true}]}}