{"id":12042,"date":"2026-09-04T19:44:44","date_gmt":"2026-09-04T22:44:44","guid":{"rendered":"https:\/\/elciudadanodelujan.com.ar\/?p=12042"},"modified":"2026-09-04T19:48:05","modified_gmt":"2026-09-04T22:48:05","slug":"agenda-deportiva-de-fin-de-semana-toda-la-actividad-de-los-clubes-de-lujan-para-el-sabado-5-y-domingo-6-de-septiembre","status":"publish","type":"post","link":"https:\/\/elciudadanodelujan.com.ar\/?p=12042","title":{"rendered":"Agenda deportiva de fin de semana: toda la actividad de los clubes de Luj\u00e1n para el s\u00e1bado 5 y domingo 6 de septiembre"},"content":{"rendered":"\n<h2 class=\"wp-block-heading\">El deporte lujanense se prepara para vivir un fin de semana con una intensa agenda de competencias oficiales y amistosas que abarcan m\u00faltiples disciplinas en diversos puntos del distrito y la regi\u00f3n. A continuaci\u00f3n, el cronograma completo con los encuentros, horarios y escenarios para acompa\u00f1ar a los equipos locales.<\/h2>\n\n\n\n<figure class=\"wp-block-image size-large\"><img loading=\"lazy\" decoding=\"async\" width=\"1024\" height=\"681\" src=\"https:\/\/elciudadanodelujan.com.ar\/wp-content\/uploads\/2026\/09\/image-1-1024x681.png\" alt=\"\" class=\"wp-image-12043\" srcset=\"https:\/\/elciudadanodelujan.com.ar\/wp-content\/uploads\/2026\/09\/image-1-1024x681.png 1024w, https:\/\/elciudadanodelujan.com.ar\/wp-content\/uploads\/2026\/09\/image-1-300x200.png 300w, https:\/\/elciudadanodelujan.com.ar\/wp-content\/uploads\/2026\/09\/image-1-767x510.png 767w, https:\/\/elciudadanodelujan.com.ar\/wp-content\/uploads\/2026\/09\/image-1-1536x1021.png 1536w, https:\/\/elciudadanodelujan.com.ar\/wp-content\/uploads\/2026\/09\/image-1.png 1600w\" sizes=\"auto, (max-width: 1024px) 100vw, 1024px\" \/><\/figure>\n\n\n\n<h3 class=\"wp-block-heading\">S\u00e1bado 5 de septiembre<\/h3>\n\n\n\n<ul class=\"wp-block-list\">\n<li><strong>F\u00fatbol AFA &#8211; Primera B Metropolitana:<\/strong> Desde las 15:00 horas, Flandria visitar\u00e1 a Sportivo Italiano en el Estadio Rep\u00fablica de Italia, con transmisi\u00f3n de Pares TV, FM Nueva y LPF Play.<\/li>\n\n\n\n<li><strong>Rugby URBA &#8211; Primera C:<\/strong> A partir de las 14:00 horas, Luj\u00e1n Rugby Club se medir\u00e1 ante el Club San Carlos en condici\u00f3n de visitante en Malvinas Argentinas, con transmisi\u00f3n de Pares TV.<\/li>\n\n\n\n<li><strong>Hockey sobre c\u00e9sped (AHBA):<\/strong> Por el torneo de Primera Divisi\u00f3n D, el combinado A del Luj\u00e1n Rugby Club visitar\u00e1 a Universitario de La Plata desde las 16:00 horas. En simult\u00e1neo, el combinado B recibir\u00e1 a SITAS C en el predio del barrio La Loma.<\/li>\n\n\n\n<li><strong>F\u00fatbol femenino:<\/strong> Las inferiores del Club Luj\u00e1n recibir\u00e1n a Deportivo Merlo a partir de las 10:00 horas en el predio del barrio San Emilio.<\/li>\n\n\n\n<li><strong>Liga Mercedina de F\u00fatbol &#8211; Club N\u00e1utico El Tim\u00f3n:<\/strong> Enfrentar\u00e1 al Club Palometas en el Estadio Julio Compagnoni con el siguiente cronograma: Categor\u00eda 2011 (11:00 hs), Quinta (12:15 hs), Categor\u00eda 2013 (13:45 hs) y Categor\u00eda 2012 (15:00 hs).<\/li>\n\n\n\n<li><strong>Liga Mercedina de F\u00fatbol &#8211; Club Jorge Newbery:<\/strong> Recibir\u00e1 al Club Talleres en el predio C\u00e9sar Luis Menotti con un encuentro programado para las 11:00 horas (Categor\u00eda 2013).<\/li>\n\n\n\n<li><strong>ACIFO (Juveniles, Reserva y Femenino):<\/strong> Nueva fecha de los torneos de la Asociaci\u00f3n de Clubes Infantiles de F\u00fatbol del Oeste.\n<ul class=\"wp-block-list\">\n<li><em>Cancha del Club Platense (desde las 10:00 hs):<\/em> Cort\u00ednez vs. Jos\u00e9 Ingenieros (Reserva); Rey de Reyes vs. Jos\u00e9 Ingenieros (Sub 17); Alumni vs. Rey de Reyes (Sub 15); Platense vs. Juventud Unida de Olivera (Sub 15).<\/li>\n\n\n\n<li><em>Cancha de Juventud Unida de Olivera (desde las 10:00 hs):<\/em> El Mirador vs. Cabred (Sub 17 y Reserva); El Lucero vs. Ingeniero Raver (Sub 15); Juventud Unida de Olivera vs. Atl\u00e9tico Exaltaci\u00f3n (Femenino); Platense vs. El Lucero (Femenino). A partir de las 14:00 hs continuar\u00e1 con Equipo Municipal vs. Juventud Unida de Olivera (Femenino); Cabred vs. Cort\u00ednez (Femenino); y San Lorenzo 1 vs. San Lorenzo 2 (Femenino).<\/li>\n<\/ul>\n<\/li>\n<\/ul>\n\n\n\n<h3 class=\"wp-block-heading\">Domingo 6 de septiembre<\/h3>\n\n\n\n<ul class=\"wp-block-list\">\n<li><strong>F\u00fatbol AFA &#8211; Torneo Clausura de Primera C:<\/strong> Desde las 15:00 horas, el Lujanero visitar\u00e1 a Ca\u00f1uelas en el Estadio Jorge Arin, con transmisi\u00f3n de Pares TV, Radio Ciudad de Luj\u00e1n y LPF Play.<\/li>\n\n\n\n<li><strong>Hockey masculino:<\/strong> A partir de las 16:00 horas, el conjunto de hockey masculino del Luj\u00e1n Rugby Club se presentar\u00e1 como visitante frente a Berazategui.<\/li>\n\n\n\n<li><strong>Divisiones Inferiores de Flandria:<\/strong> Desde las 09:00 horas, las categor\u00edas juveniles recibir\u00e1n a Almirante Brown, mientras que las infantiles se medir\u00e1n ante Control Orientado, ambos encuentros en el predio Carlos V.<\/li>\n\n\n\n<li><strong>Divisiones Juveniles del Club Luj\u00e1n:<\/strong> Desde las 09:00 horas, las categor\u00edas juveniles enfrentar\u00e1n a Real Pilar en el predio del barrio San Emilio.<\/li>\n\n\n\n<li><strong>F\u00fatbol femenino de Flandria:<\/strong> Por la Liga de F\u00fatbol Femenino, las inferiores recibir\u00e1n a San EN el predio Carlos V con partidos de Reserva (10:00 hs), Sub 16 (11:30 hs), Sub 14 (13:00 hs) y Sub 12 (14:30 hs).<\/li>\n\n\n\n<li><strong>Handball (Federaci\u00f3n Metropolitana de Balonmano):<\/strong> En el gimnasio cubierto de la Universidad Nacional de Luj\u00e1n (UNLu) habr\u00e1 actividad frente a All Boys: Menores (11:30 hs), Cadetas (13:00 hs), Juveniles (14:30 hs), Mayores Masculino 4\u00b0 Divisi\u00f3n vs. FEINCO (16:15 hs) y Mayores Masculino 1\u00b0 Divisi\u00f3n vs. Mu\u00f1iz (18:00 hs).<\/li>\n\n\n\n<li><strong>B\u00e1squet (Liga Mercedina):<\/strong> Ateneo Luj\u00e1n recibir\u00e1 al Club Tempestad de San Antonio de Areco en su gimnasio cubierto: U 11 (10:30 hs), U 13 (12:00 hs), U 15 (13:30 hs), U 18 (15:00 hs), Primera Femenino (16:30 hs) y Primera Masculino (18:00 hs).<\/li>\n\n\n\n<li><strong>Torneo de Copas y Primera de ACIFO:<\/strong> Desde las 10:00 horas se disputar\u00e1 una nueva jornada dividida en sus diferentes copas:\n<ul class=\"wp-block-list\">\n<li><em>Copa de Oro:<\/em> Porte\u00f1o vs. Santa Elena; Parque Esperanza vs. Platense; San Bernardo vs. Ingeniero Raver; Cort\u00ednez vs. Steverlynck; Alumni vs. Mart\u00edn Rodr\u00edguez.<\/li>\n\n\n\n<li><em>Copa de Plata:<\/em> Parque Irigoyen vs. La Pepa; Defensores de General Rodr\u00edguez vs. Robles; El Tr\u00e9bol vs. Jos\u00e9 Ingenieros; Sportivo Victoria vs. El Mirador; Parque Real vs. Juvenal Gallardo.<\/li>\n\n\n\n<li><em>Copa de Bronce:<\/em> Olivera vs. San Pedro; 25 de Mayo vs. Los Pumas; Juan XXIII vs. San Lorenzo; Juventud Unida vs. Defensores de Pueblo Nuevo; Luchetti F\u00fatbol Club vs. Rey de Reyes; Jorge Newbery vs. El Lucero.<\/li>\n<\/ul>\n<\/li>\n<\/ul>\n","protected":false},"excerpt":{"rendered":"<p>El deporte lujanense se prepara para vivir un fin de semana con una intensa agenda de competencias oficiales y amistosas que abarcan m\u00faltiples disciplinas en diversos puntos del distrito y&hellip; <\/p>\n","protected":false},"author":2,"featured_media":12043,"comment_status":"closed","ping_status":"closed","sticky":false,"template":"","format":"standard","meta":{"footnotes":""},"categories":[12],"tags":[],"class_list":["post-12042","post","type-post","status-publish","format-standard","has-post-thumbnail","hentry","category-deporte"],"yoast_head":"<!-- This site is optimized with the Yoast SEO plugin v28.1 - https:\/\/yoast.com\/product\/yoast-seo-wordpress\/ -->\n<title>Agenda deportiva de fin de semana: toda la actividad de los clubes de Luj\u00e1n para el s\u00e1bado 5 y domingo 6 de septiembre -<\/title>\n<meta name=\"robots\" content=\"index, follow, max-snippet:-1, max-image-preview:large, max-video-preview:-1\" \/>\n<link rel=\"canonical\" href=\"https:\/\/elciudadanodelujan.com.ar\/?p=12042\" \/>\n<meta property=\"og:locale\" content=\"es_ES\" \/>\n<meta property=\"og:type\" content=\"article\" \/>\n<meta property=\"og:title\" content=\"Agenda deportiva de fin de semana: toda la actividad de los clubes de Luj\u00e1n para el s\u00e1bado 5 y domingo 6 de septiembre -\" \/>\n<meta property=\"og:description\" content=\"El deporte lujanense se prepara para vivir un fin de semana con una intensa agenda de competencias oficiales y amistosas que abarcan m\u00faltiples disciplinas en diversos puntos del distrito y&hellip;\" \/>\n<meta property=\"og:url\" content=\"https:\/\/elciudadanodelujan.com.ar\/?p=12042\" \/>\n<meta property=\"article:publisher\" content=\"https:\/\/www.facebook.com\/elciudadanodelujan\" \/>\n<meta property=\"article:published_time\" content=\"2026-09-04T22:44:44+00:00\" \/>\n<meta property=\"article:modified_time\" content=\"2026-09-04T22:48:05+00:00\" \/>\n<meta property=\"og:image\" content=\"https:\/\/elciudadanodelujan.com.ar\/wp-content\/uploads\/2026\/09\/image-1-1024x681.png\" \/>\n\t<meta property=\"og:image:width\" content=\"1024\" \/>\n\t<meta property=\"og:image:height\" content=\"681\" \/>\n\t<meta property=\"og:image:type\" content=\"image\/png\" \/>\n<meta name=\"author\" content=\"Osvaldo Cabral\" \/>\n<meta name=\"twitter:card\" content=\"summary_large_image\" \/>\n<meta name=\"twitter:label1\" content=\"Escrito por\" \/>\n\t<meta name=\"twitter:data1\" content=\"Osvaldo Cabral\" \/>\n\t<meta name=\"twitter:label2\" content=\"Tiempo de lectura\" \/>\n\t<meta name=\"twitter:data2\" content=\"1 minuto\" \/>\n<script type=\"application\/ld+json\" class=\"yoast-schema-graph\">{\"@context\":\"https:\\\/\\\/schema.org\",\"@graph\":[{\"@type\":\"Article\",\"@id\":\"https:\\\/\\\/elciudadanodelujan.com.ar\\\/?p=12042#article\",\"isPartOf\":{\"@id\":\"https:\\\/\\\/elciudadanodelujan.com.ar\\\/?p=12042\"},\"author\":{\"name\":\"Osvaldo Cabral\",\"@id\":\"https:\\\/\\\/elciudadanodelujan.com.ar\\\/#\\\/schema\\\/person\\\/5c3b2b3dd2ef6da2576c32c847a49ffa\"},\"headline\":\"Agenda deportiva de fin de semana: toda la actividad de los clubes de Luj\u00e1n para el s\u00e1bado 5 y domingo 6 de septiembre\",\"datePublished\":\"2026-09-04T22:44:44+00:00\",\"dateModified\":\"2026-09-04T22:48:05+00:00\",\"mainEntityOfPage\":{\"@id\":\"https:\\\/\\\/elciudadanodelujan.com.ar\\\/?p=12042\"},\"wordCount\":759,\"publisher\":{\"@id\":\"https:\\\/\\\/elciudadanodelujan.com.ar\\\/#organization\"},\"image\":{\"@id\":\"https:\\\/\\\/elciudadanodelujan.com.ar\\\/?p=12042#primaryimage\"},\"thumbnailUrl\":\"https:\\\/\\\/elciudadanodelujan.com.ar\\\/wp-content\\\/uploads\\\/2026\\\/09\\\/image-1.png\",\"articleSection\":[\"Deporte\"],\"inLanguage\":\"es\"},{\"@type\":\"WebPage\",\"@id\":\"https:\\\/\\\/elciudadanodelujan.com.ar\\\/?p=12042\",\"url\":\"https:\\\/\\\/elciudadanodelujan.com.ar\\\/?p=12042\",\"name\":\"Agenda deportiva de fin de semana: toda la actividad de los clubes de Luj\u00e1n para el s\u00e1bado 5 y domingo 6 de septiembre -\",\"isPartOf\":{\"@id\":\"https:\\\/\\\/elciudadanodelujan.com.ar\\\/#website\"},\"primaryImageOfPage\":{\"@id\":\"https:\\\/\\\/elciudadanodelujan.com.ar\\\/?p=12042#primaryimage\"},\"image\":{\"@id\":\"https:\\\/\\\/elciudadanodelujan.com.ar\\\/?p=12042#primaryimage\"},\"thumbnailUrl\":\"https:\\\/\\\/elciudadanodelujan.com.ar\\\/wp-content\\\/uploads\\\/2026\\\/09\\\/image-1.png\",\"datePublished\":\"2026-09-04T22:44:44+00:00\",\"dateModified\":\"2026-09-04T22:48:05+00:00\",\"breadcrumb\":{\"@id\":\"https:\\\/\\\/elciudadanodelujan.com.ar\\\/?p=12042#breadcrumb\"},\"inLanguage\":\"es\",\"potentialAction\":[{\"@type\":\"ReadAction\",\"target\":[\"https:\\\/\\\/elciudadanodelujan.com.ar\\\/?p=12042\"]}]},{\"@type\":\"ImageObject\",\"inLanguage\":\"es\",\"@id\":\"https:\\\/\\\/elciudadanodelujan.com.ar\\\/?p=12042#primaryimage\",\"url\":\"https:\\\/\\\/elciudadanodelujan.com.ar\\\/wp-content\\\/uploads\\\/2026\\\/09\\\/image-1.png\",\"contentUrl\":\"https:\\\/\\\/elciudadanodelujan.com.ar\\\/wp-content\\\/uploads\\\/2026\\\/09\\\/image-1.png\",\"width\":1600,\"height\":1064},{\"@type\":\"BreadcrumbList\",\"@id\":\"https:\\\/\\\/elciudadanodelujan.com.ar\\\/?p=12042#breadcrumb\",\"itemListElement\":[{\"@type\":\"ListItem\",\"position\":1,\"name\":\"Home\",\"item\":\"https:\\\/\\\/elciudadanodelujan.com.ar\\\/\"},{\"@type\":\"ListItem\",\"position\":2,\"name\":\"Agenda deportiva de fin de semana: toda la actividad de los clubes de Luj\u00e1n para el s\u00e1bado 5 y domingo 6 de septiembre\"}]},{\"@type\":\"WebSite\",\"@id\":\"https:\\\/\\\/elciudadanodelujan.com.ar\\\/#website\",\"url\":\"https:\\\/\\\/elciudadanodelujan.com.ar\\\/\",\"name\":\"https:\\\/\\\/elciudadanodelujan.com.ar\",\"description\":\"Noticias de inter\u00e9s general y periodismo de investigaci\u00f3n\",\"publisher\":{\"@id\":\"https:\\\/\\\/elciudadanodelujan.com.ar\\\/#organization\"},\"potentialAction\":[{\"@type\":\"SearchAction\",\"target\":{\"@type\":\"EntryPoint\",\"urlTemplate\":\"https:\\\/\\\/elciudadanodelujan.com.ar\\\/?s={search_term_string}\"},\"query-input\":{\"@type\":\"PropertyValueSpecification\",\"valueRequired\":true,\"valueName\":\"search_term_string\"}}],\"inLanguage\":\"es\"},{\"@type\":\"Organization\",\"@id\":\"https:\\\/\\\/elciudadanodelujan.com.ar\\\/#organization\",\"name\":\"El Ciudadano de Lujan\",\"url\":\"https:\\\/\\\/elciudadanodelujan.com.ar\\\/\",\"logo\":{\"@type\":\"ImageObject\",\"inLanguage\":\"es\",\"@id\":\"https:\\\/\\\/elciudadanodelujan.com.ar\\\/#\\\/schema\\\/logo\\\/image\\\/\",\"url\":\"https:\\\/\\\/elciudadanodelujan.com.ar\\\/wp-content\\\/uploads\\\/2025\\\/01\\\/logo_El_Ciudadano.jpg\",\"contentUrl\":\"https:\\\/\\\/elciudadanodelujan.com.ar\\\/wp-content\\\/uploads\\\/2025\\\/01\\\/logo_El_Ciudadano.jpg\",\"width\":500,\"height\":123,\"caption\":\"El Ciudadano de Lujan\"},\"image\":{\"@id\":\"https:\\\/\\\/elciudadanodelujan.com.ar\\\/#\\\/schema\\\/logo\\\/image\\\/\"},\"sameAs\":[\"https:\\\/\\\/www.facebook.com\\\/elciudadanodelujan\"]},{\"@type\":\"Person\",\"@id\":\"https:\\\/\\\/elciudadanodelujan.com.ar\\\/#\\\/schema\\\/person\\\/5c3b2b3dd2ef6da2576c32c847a49ffa\",\"name\":\"Osvaldo Cabral\",\"image\":{\"@type\":\"ImageObject\",\"inLanguage\":\"es\",\"@id\":\"https:\\\/\\\/secure.gravatar.com\\\/avatar\\\/c4c6a8aea430571651e7d6992bdfdff335bbe96580656f78299d10ca9a6c1ae9?s=96&d=mm&r=g\",\"url\":\"https:\\\/\\\/secure.gravatar.com\\\/avatar\\\/c4c6a8aea430571651e7d6992bdfdff335bbe96580656f78299d10ca9a6c1ae9?s=96&d=mm&r=g\",\"contentUrl\":\"https:\\\/\\\/secure.gravatar.com\\\/avatar\\\/c4c6a8aea430571651e7d6992bdfdff335bbe96580656f78299d10ca9a6c1ae9?s=96&d=mm&r=g\",\"caption\":\"Osvaldo Cabral\"},\"url\":\"https:\\\/\\\/elciudadanodelujan.com.ar\\\/?author=2\"}]}<\/script>\n<!-- \/ Yoast SEO plugin. -->","yoast_head_json":{"title":"Agenda deportiva de fin de semana: toda la actividad de los clubes de Luj\u00e1n para el s\u00e1bado 5 y domingo 6 de septiembre -","robots":{"index":"index","follow":"follow","max-snippet":"max-snippet:-1","max-image-preview":"max-image-preview:large","max-video-preview":"max-video-preview:-1"},"canonical":"https:\/\/elciudadanodelujan.com.ar\/?p=12042","og_locale":"es_ES","og_type":"article","og_title":"Agenda deportiva de fin de semana: toda la actividad de los clubes de Luj\u00e1n para el s\u00e1bado 5 y domingo 6 de septiembre -","og_description":"El deporte lujanense se prepara para vivir un fin de semana con una intensa agenda de competencias oficiales y amistosas que abarcan m\u00faltiples disciplinas en diversos puntos del distrito y&hellip;","og_url":"https:\/\/elciudadanodelujan.com.ar\/?p=12042","article_publisher":"https:\/\/www.facebook.com\/elciudadanodelujan","article_published_time":"2026-09-04T22:44:44+00:00","article_modified_time":"2026-09-04T22:48:05+00:00","og_image":[{"width":1024,"height":681,"url":"https:\/\/elciudadanodelujan.com.ar\/wp-content\/uploads\/2026\/09\/image-1-1024x681.png","type":"image\/png"}],"author":"Osvaldo Cabral","twitter_card":"summary_large_image","twitter_misc":{"Escrito por":"Osvaldo Cabral","Tiempo de lectura":"1 minuto"},"schema":{"@context":"https:\/\/schema.org","@graph":[{"@type":"Article","@id":"https:\/\/elciudadanodelujan.com.ar\/?p=12042#article","isPartOf":{"@id":"https:\/\/elciudadanodelujan.com.ar\/?p=12042"},"author":{"name":"Osvaldo Cabral","@id":"https:\/\/elciudadanodelujan.com.ar\/#\/schema\/person\/5c3b2b3dd2ef6da2576c32c847a49ffa"},"headline":"Agenda deportiva de fin de semana: toda la actividad de los clubes de Luj\u00e1n para el s\u00e1bado 5 y domingo 6 de septiembre","datePublished":"2026-09-04T22:44:44+00:00","dateModified":"2026-09-04T22:48:05+00:00","mainEntityOfPage":{"@id":"https:\/\/elciudadanodelujan.com.ar\/?p=12042"},"wordCount":759,"publisher":{"@id":"https:\/\/elciudadanodelujan.com.ar\/#organization"},"image":{"@id":"https:\/\/elciudadanodelujan.com.ar\/?p=12042#primaryimage"},"thumbnailUrl":"https:\/\/elciudadanodelujan.com.ar\/wp-content\/uploads\/2026\/09\/image-1.png","articleSection":["Deporte"],"inLanguage":"es"},{"@type":"WebPage","@id":"https:\/\/elciudadanodelujan.com.ar\/?p=12042","url":"https:\/\/elciudadanodelujan.com.ar\/?p=12042","name":"Agenda deportiva de fin de semana: toda la actividad de los clubes de Luj\u00e1n para el s\u00e1bado 5 y domingo 6 de septiembre -","isPartOf":{"@id":"https:\/\/elciudadanodelujan.com.ar\/#website"},"primaryImageOfPage":{"@id":"https:\/\/elciudadanodelujan.com.ar\/?p=12042#primaryimage"},"image":{"@id":"https:\/\/elciudadanodelujan.com.ar\/?p=12042#primaryimage"},"thumbnailUrl":"https:\/\/elciudadanodelujan.com.ar\/wp-content\/uploads\/2026\/09\/image-1.png","datePublished":"2026-09-04T22:44:44+00:00","dateModified":"2026-09-04T22:48:05+00:00","breadcrumb":{"@id":"https:\/\/elciudadanodelujan.com.ar\/?p=12042#breadcrumb"},"inLanguage":"es","potentialAction":[{"@type":"ReadAction","target":["https:\/\/elciudadanodelujan.com.ar\/?p=12042"]}]},{"@type":"ImageObject","inLanguage":"es","@id":"https:\/\/elciudadanodelujan.com.ar\/?p=12042#primaryimage","url":"https:\/\/elciudadanodelujan.com.ar\/wp-content\/uploads\/2026\/09\/image-1.png","contentUrl":"https:\/\/elciudadanodelujan.com.ar\/wp-content\/uploads\/2026\/09\/image-1.png","width":1600,"height":1064},{"@type":"BreadcrumbList","@id":"https:\/\/elciudadanodelujan.com.ar\/?p=12042#breadcrumb","itemListElement":[{"@type":"ListItem","position":1,"name":"Home","item":"https:\/\/elciudadanodelujan.com.ar\/"},{"@type":"ListItem","position":2,"name":"Agenda deportiva de fin de semana: toda la actividad de los clubes de Luj\u00e1n para el s\u00e1bado 5 y domingo 6 de septiembre"}]},{"@type":"WebSite","@id":"https:\/\/elciudadanodelujan.com.ar\/#website","url":"https:\/\/elciudadanodelujan.com.ar\/","name":"https:\/\/elciudadanodelujan.com.ar","description":"Noticias de inter\u00e9s general y periodismo de investigaci\u00f3n","publisher":{"@id":"https:\/\/elciudadanodelujan.com.ar\/#organization"},"potentialAction":[{"@type":"SearchAction","target":{"@type":"EntryPoint","urlTemplate":"https:\/\/elciudadanodelujan.com.ar\/?s={search_term_string}"},"query-input":{"@type":"PropertyValueSpecification","valueRequired":true,"valueName":"search_term_string"}}],"inLanguage":"es"},{"@type":"Organization","@id":"https:\/\/elciudadanodelujan.com.ar\/#organization","name":"El Ciudadano de Lujan","url":"https:\/\/elciudadanodelujan.com.ar\/","logo":{"@type":"ImageObject","inLanguage":"es","@id":"https:\/\/elciudadanodelujan.com.ar\/#\/schema\/logo\/image\/","url":"https:\/\/elciudadanodelujan.com.ar\/wp-content\/uploads\/2025\/01\/logo_El_Ciudadano.jpg","contentUrl":"https:\/\/elciudadanodelujan.com.ar\/wp-content\/uploads\/2025\/01\/logo_El_Ciudadano.jpg","width":500,"height":123,"caption":"El Ciudadano de Lujan"},"image":{"@id":"https:\/\/elciudadanodelujan.com.ar\/#\/schema\/logo\/image\/"},"sameAs":["https:\/\/www.facebook.com\/elciudadanodelujan"]},{"@type":"Person","@id":"https:\/\/elciudadanodelujan.com.ar\/#\/schema\/person\/5c3b2b3dd2ef6da2576c32c847a49ffa","name":"Osvaldo Cabral","image":{"@type":"ImageObject","inLanguage":"es","@id":"https:\/\/secure.gravatar.com\/avatar\/c4c6a8aea430571651e7d6992bdfdff335bbe96580656f78299d10ca9a6c1ae9?s=96&d=mm&r=g","url":"https:\/\/secure.gravatar.com\/avatar\/c4c6a8aea430571651e7d6992bdfdff335bbe96580656f78299d10ca9a6c1ae9?s=96&d=mm&r=g","contentUrl":"https:\/\/secure.gravatar.com\/avatar\/c4c6a8aea430571651e7d6992bdfdff335bbe96580656f78299d10ca9a6c1ae9?s=96&d=mm&r=g","caption":"Osvaldo Cabral"},"url":"https:\/\/elciudadanodelujan.com.ar\/?author=2"}]}},"_links":{"self":[{"href":"https:\/\/elciudadanodelujan.com.ar\/index.php?rest_route=\/wp\/v2\/posts\/12042","targetHints":{"allow":["GET"]}}],"collection":[{"href":"https:\/\/elciudadanodelujan.com.ar\/index.php?rest_route=\/wp\/v2\/posts"}],"about":[{"href":"https:\/\/elciudadanodelujan.com.ar\/index.php?rest_route=\/wp\/v2\/types\/post"}],"author":[{"embeddable":true,"href":"https:\/\/elciudadanodelujan.com.ar\/index.php?rest_route=\/wp\/v2\/users\/2"}],"replies":[{"embeddable":true,"href":"https:\/\/elciudadanodelujan.com.ar\/index.php?rest_route=%2Fwp%2Fv2%2Fcomments&post=12042"}],"version-history":[{"count":1,"href":"https:\/\/elciudadanodelujan.com.ar\/index.php?rest_route=\/wp\/v2\/posts\/12042\/revisions"}],"predecessor-version":[{"id":12044,"href":"https:\/\/elciudadanodelujan.com.ar\/index.php?rest_route=\/wp\/v2\/posts\/12042\/revisions\/12044"}],"wp:featuredmedia":[{"embeddable":true,"href":"https:\/\/elciudadanodelujan.com.ar\/index.php?rest_route=\/wp\/v2\/media\/12043"}],"wp:attachment":[{"href":"https:\/\/elciudadanodelujan.com.ar\/index.php?rest_route=%2Fwp%2Fv2%2Fmedia&parent=12042"}],"wp:term":[{"taxonomy":"category","embeddable":true,"href":"https:\/\/elciudadanodelujan.com.ar\/index.php?rest_route=%2Fwp%2Fv2%2Fcategories&post=12042"},{"taxonomy":"post_tag","embeddable":true,"href":"https:\/\/elciudadanodelujan.com.ar\/index.php?rest_route=%2Fwp%2Fv2%2Ftags&post=12042"}],"curies":[{"name":"wp","href":"https:\/\/api.w.org\/{rel}","templated":true}]}}