{"id":12039,"date":"2026-09-04T19:41:20","date_gmt":"2026-09-04T22:41:20","guid":{"rendered":"https:\/\/elciudadanodelujan.com.ar\/?p=12039"},"modified":"2026-09-04T19:41:40","modified_gmt":"2026-09-04T22:41:40","slug":"nueva-iluminacion-led-en-las-recovas-de-la-zona-historico-basilical-estetica-tecnica-y-jerarquizacion-del-espacio-publico","status":"publish","type":"post","link":"https:\/\/elciudadanodelujan.com.ar\/?p=12039","title":{"rendered":"Nueva iluminaci\u00f3n LED en las recovas de la zona hist\u00f3rico-basilical: est\u00e9tica, t\u00e9cnica y jerarquizaci\u00f3n del espacio p\u00fablico"},"content":{"rendered":"\n<h2 class=\"wp-block-heading\">En el marco sostenido de actualizaci\u00f3n y modernizaci\u00f3n de la infraestructura urbana del distrito, el Municipio de Luj\u00e1n concret\u00f3 la instalaci\u00f3n de un nuevo sistema de iluminaci\u00f3n lineal en el interior de las recovas de la zona hist\u00f3rico-basilical, una intervenci\u00f3n que combina criterio t\u00e9cnico, eficiencia lum\u00ednica y la puesta en valor arquitect\u00f3nica del coraz\u00f3n de nuestra ciudad.<\/h2>\n\n\n\n<figure class=\"wp-block-image size-large\"><img loading=\"lazy\" decoding=\"async\" width=\"1024\" height=\"906\" src=\"https:\/\/elciudadanodelujan.com.ar\/wp-content\/uploads\/2026\/09\/image-1024x906.png\" alt=\"\" class=\"wp-image-12040\" srcset=\"https:\/\/elciudadanodelujan.com.ar\/wp-content\/uploads\/2026\/09\/image-1024x906.png 1024w, https:\/\/elciudadanodelujan.com.ar\/wp-content\/uploads\/2026\/09\/image-300x266.png 300w, https:\/\/elciudadanodelujan.com.ar\/wp-content\/uploads\/2026\/09\/image-767x679.png 767w, https:\/\/elciudadanodelujan.com.ar\/wp-content\/uploads\/2026\/09\/image.png 1333w\" sizes=\"auto, (max-width: 1024px) 100vw, 1024px\" \/><\/figure>\n\n\n\n<p class=\"wp-block-paragraph\">Para llevar adelante esta transformaci\u00f3n integral, los equipos t\u00e9cnicos procedieron al retiro total del sistema de alumbrado tradicional \u2014compuesto por proyectores y tendidos el\u00e9ctricos convencionales aplicados directamente sobre la mamposter\u00eda\u2014, reemplaz\u00e1ndolo por una tecnolog\u00eda de vanguardia. La soluci\u00f3n adoptada consiste en la colocaci\u00f3n de una tira LED continua de tono c\u00e1lido, montada sobre perfiles angulares de aluminio que garantizan una disipaci\u00f3n t\u00e9rmica adecuada y una sujeci\u00f3n est\u00e9tica impecable.<\/p>\n\n\n\n<p class=\"wp-block-paragraph\">Esta configuraci\u00f3n lineal no solo optimiza de manera sustancial los niveles de potencia y uniformidad, sino que elimina las interrupciones lum\u00ednicas, aportando una continuidad visual que realza los detalles constructivos de las recovas durante las horas nocturnas.<\/p>\n\n\n\n<p class=\"wp-block-paragraph\">La obra se inscribe en un plan m\u00e1s amplio de reconversi\u00f3n energ\u00e9tica y recuperaci\u00f3n patrimonial que ya comprende el recambio de artefactos, la restauraci\u00f3n integral de las hist\u00f3ricas farolas y la transici\u00f3n hacia el sistema de LED c\u00e1lido en todo el alumbrado p\u00fablico del distrito. De este modo, cada intervenci\u00f3n busca cuidar el equilibrio entre la funcionalidad operativa y el respeto por la identidad visual de los espacios p\u00fablicos m\u00e1s representativos de Luj\u00e1n.<\/p>\n","protected":false},"excerpt":{"rendered":"<p>En el marco sostenido de actualizaci\u00f3n y modernizaci\u00f3n de la infraestructura urbana del distrito, el Municipio de Luj\u00e1n concret\u00f3 la instalaci\u00f3n de un nuevo sistema de iluminaci\u00f3n lineal en el&hellip; <\/p>\n","protected":false},"author":2,"featured_media":12040,"comment_status":"closed","ping_status":"closed","sticky":false,"template":"","format":"standard","meta":{"footnotes":""},"categories":[4],"tags":[],"class_list":["post-12039","post","type-post","status-publish","format-standard","has-post-thumbnail","hentry","category-barriales"],"yoast_head":"<!-- This site is optimized with the Yoast SEO plugin v28.1 - https:\/\/yoast.com\/product\/yoast-seo-wordpress\/ -->\n<title>Nueva iluminaci\u00f3n LED en las recovas de la zona hist\u00f3rico-basilical: est\u00e9tica, t\u00e9cnica y jerarquizaci\u00f3n del espacio p\u00fablico -<\/title>\n<meta name=\"robots\" content=\"index, follow, max-snippet:-1, max-image-preview:large, max-video-preview:-1\" \/>\n<link rel=\"canonical\" href=\"https:\/\/elciudadanodelujan.com.ar\/?p=12039\" \/>\n<meta property=\"og:locale\" content=\"es_ES\" \/>\n<meta property=\"og:type\" content=\"article\" \/>\n<meta property=\"og:title\" content=\"Nueva iluminaci\u00f3n LED en las recovas de la zona hist\u00f3rico-basilical: est\u00e9tica, t\u00e9cnica y jerarquizaci\u00f3n del espacio p\u00fablico -\" \/>\n<meta property=\"og:description\" content=\"En el marco sostenido de actualizaci\u00f3n y modernizaci\u00f3n de la infraestructura urbana del distrito, el Municipio de Luj\u00e1n concret\u00f3 la instalaci\u00f3n de un nuevo sistema de iluminaci\u00f3n lineal en el&hellip;\" \/>\n<meta property=\"og:url\" content=\"https:\/\/elciudadanodelujan.com.ar\/?p=12039\" \/>\n<meta property=\"article:publisher\" content=\"https:\/\/www.facebook.com\/elciudadanodelujan\" \/>\n<meta property=\"article:published_time\" content=\"2026-09-04T22:41:20+00:00\" \/>\n<meta property=\"article:modified_time\" content=\"2026-09-04T22:41:40+00:00\" \/>\n<meta property=\"og:image\" content=\"https:\/\/elciudadanodelujan.com.ar\/wp-content\/uploads\/2026\/09\/image.png\" \/>\n\t<meta property=\"og:image:width\" content=\"1333\" \/>\n\t<meta property=\"og:image:height\" content=\"1180\" \/>\n\t<meta property=\"og:image:type\" content=\"image\/png\" \/>\n<meta name=\"author\" content=\"Osvaldo Cabral\" \/>\n<meta name=\"twitter:card\" content=\"summary_large_image\" \/>\n<meta name=\"twitter:label1\" content=\"Escrito por\" \/>\n\t<meta name=\"twitter:data1\" content=\"Osvaldo Cabral\" \/>\n\t<meta name=\"twitter:label2\" content=\"Tiempo de lectura\" \/>\n\t<meta name=\"twitter:data2\" content=\"2 minutos\" \/>\n<script type=\"application\/ld+json\" class=\"yoast-schema-graph\">{\"@context\":\"https:\\\/\\\/schema.org\",\"@graph\":[{\"@type\":\"Article\",\"@id\":\"https:\\\/\\\/elciudadanodelujan.com.ar\\\/?p=12039#article\",\"isPartOf\":{\"@id\":\"https:\\\/\\\/elciudadanodelujan.com.ar\\\/?p=12039\"},\"author\":{\"name\":\"Osvaldo Cabral\",\"@id\":\"https:\\\/\\\/elciudadanodelujan.com.ar\\\/#\\\/schema\\\/person\\\/5c3b2b3dd2ef6da2576c32c847a49ffa\"},\"headline\":\"Nueva iluminaci\u00f3n LED en las recovas de la zona hist\u00f3rico-basilical: est\u00e9tica, t\u00e9cnica y jerarquizaci\u00f3n del espacio p\u00fablico\",\"datePublished\":\"2026-09-04T22:41:20+00:00\",\"dateModified\":\"2026-09-04T22:41:40+00:00\",\"mainEntityOfPage\":{\"@id\":\"https:\\\/\\\/elciudadanodelujan.com.ar\\\/?p=12039\"},\"wordCount\":297,\"publisher\":{\"@id\":\"https:\\\/\\\/elciudadanodelujan.com.ar\\\/#organization\"},\"image\":{\"@id\":\"https:\\\/\\\/elciudadanodelujan.com.ar\\\/?p=12039#primaryimage\"},\"thumbnailUrl\":\"https:\\\/\\\/elciudadanodelujan.com.ar\\\/wp-content\\\/uploads\\\/2026\\\/09\\\/image.png\",\"articleSection\":[\"BARRIALES\"],\"inLanguage\":\"es\"},{\"@type\":\"WebPage\",\"@id\":\"https:\\\/\\\/elciudadanodelujan.com.ar\\\/?p=12039\",\"url\":\"https:\\\/\\\/elciudadanodelujan.com.ar\\\/?p=12039\",\"name\":\"Nueva iluminaci\u00f3n LED en las recovas de la zona hist\u00f3rico-basilical: est\u00e9tica, t\u00e9cnica y jerarquizaci\u00f3n del espacio p\u00fablico -\",\"isPartOf\":{\"@id\":\"https:\\\/\\\/elciudadanodelujan.com.ar\\\/#website\"},\"primaryImageOfPage\":{\"@id\":\"https:\\\/\\\/elciudadanodelujan.com.ar\\\/?p=12039#primaryimage\"},\"image\":{\"@id\":\"https:\\\/\\\/elciudadanodelujan.com.ar\\\/?p=12039#primaryimage\"},\"thumbnailUrl\":\"https:\\\/\\\/elciudadanodelujan.com.ar\\\/wp-content\\\/uploads\\\/2026\\\/09\\\/image.png\",\"datePublished\":\"2026-09-04T22:41:20+00:00\",\"dateModified\":\"2026-09-04T22:41:40+00:00\",\"breadcrumb\":{\"@id\":\"https:\\\/\\\/elciudadanodelujan.com.ar\\\/?p=12039#breadcrumb\"},\"inLanguage\":\"es\",\"potentialAction\":[{\"@type\":\"ReadAction\",\"target\":[\"https:\\\/\\\/elciudadanodelujan.com.ar\\\/?p=12039\"]}]},{\"@type\":\"ImageObject\",\"inLanguage\":\"es\",\"@id\":\"https:\\\/\\\/elciudadanodelujan.com.ar\\\/?p=12039#primaryimage\",\"url\":\"https:\\\/\\\/elciudadanodelujan.com.ar\\\/wp-content\\\/uploads\\\/2026\\\/09\\\/image.png\",\"contentUrl\":\"https:\\\/\\\/elciudadanodelujan.com.ar\\\/wp-content\\\/uploads\\\/2026\\\/09\\\/image.png\",\"width\":1333,\"height\":1180},{\"@type\":\"BreadcrumbList\",\"@id\":\"https:\\\/\\\/elciudadanodelujan.com.ar\\\/?p=12039#breadcrumb\",\"itemListElement\":[{\"@type\":\"ListItem\",\"position\":1,\"name\":\"Home\",\"item\":\"https:\\\/\\\/elciudadanodelujan.com.ar\\\/\"},{\"@type\":\"ListItem\",\"position\":2,\"name\":\"Nueva iluminaci\u00f3n LED en las recovas de la zona hist\u00f3rico-basilical: est\u00e9tica, t\u00e9cnica y jerarquizaci\u00f3n del espacio p\u00fablico\"}]},{\"@type\":\"WebSite\",\"@id\":\"https:\\\/\\\/elciudadanodelujan.com.ar\\\/#website\",\"url\":\"https:\\\/\\\/elciudadanodelujan.com.ar\\\/\",\"name\":\"https:\\\/\\\/elciudadanodelujan.com.ar\",\"description\":\"Noticias de inter\u00e9s general y periodismo de investigaci\u00f3n\",\"publisher\":{\"@id\":\"https:\\\/\\\/elciudadanodelujan.com.ar\\\/#organization\"},\"potentialAction\":[{\"@type\":\"SearchAction\",\"target\":{\"@type\":\"EntryPoint\",\"urlTemplate\":\"https:\\\/\\\/elciudadanodelujan.com.ar\\\/?s={search_term_string}\"},\"query-input\":{\"@type\":\"PropertyValueSpecification\",\"valueRequired\":true,\"valueName\":\"search_term_string\"}}],\"inLanguage\":\"es\"},{\"@type\":\"Organization\",\"@id\":\"https:\\\/\\\/elciudadanodelujan.com.ar\\\/#organization\",\"name\":\"El Ciudadano de Lujan\",\"url\":\"https:\\\/\\\/elciudadanodelujan.com.ar\\\/\",\"logo\":{\"@type\":\"ImageObject\",\"inLanguage\":\"es\",\"@id\":\"https:\\\/\\\/elciudadanodelujan.com.ar\\\/#\\\/schema\\\/logo\\\/image\\\/\",\"url\":\"https:\\\/\\\/elciudadanodelujan.com.ar\\\/wp-content\\\/uploads\\\/2025\\\/01\\\/logo_El_Ciudadano.jpg\",\"contentUrl\":\"https:\\\/\\\/elciudadanodelujan.com.ar\\\/wp-content\\\/uploads\\\/2025\\\/01\\\/logo_El_Ciudadano.jpg\",\"width\":500,\"height\":123,\"caption\":\"El Ciudadano de Lujan\"},\"image\":{\"@id\":\"https:\\\/\\\/elciudadanodelujan.com.ar\\\/#\\\/schema\\\/logo\\\/image\\\/\"},\"sameAs\":[\"https:\\\/\\\/www.facebook.com\\\/elciudadanodelujan\"]},{\"@type\":\"Person\",\"@id\":\"https:\\\/\\\/elciudadanodelujan.com.ar\\\/#\\\/schema\\\/person\\\/5c3b2b3dd2ef6da2576c32c847a49ffa\",\"name\":\"Osvaldo Cabral\",\"image\":{\"@type\":\"ImageObject\",\"inLanguage\":\"es\",\"@id\":\"https:\\\/\\\/secure.gravatar.com\\\/avatar\\\/c4c6a8aea430571651e7d6992bdfdff335bbe96580656f78299d10ca9a6c1ae9?s=96&d=mm&r=g\",\"url\":\"https:\\\/\\\/secure.gravatar.com\\\/avatar\\\/c4c6a8aea430571651e7d6992bdfdff335bbe96580656f78299d10ca9a6c1ae9?s=96&d=mm&r=g\",\"contentUrl\":\"https:\\\/\\\/secure.gravatar.com\\\/avatar\\\/c4c6a8aea430571651e7d6992bdfdff335bbe96580656f78299d10ca9a6c1ae9?s=96&d=mm&r=g\",\"caption\":\"Osvaldo Cabral\"},\"url\":\"https:\\\/\\\/elciudadanodelujan.com.ar\\\/?author=2\"}]}<\/script>\n<!-- \/ Yoast SEO plugin. -->","yoast_head_json":{"title":"Nueva iluminaci\u00f3n LED en las recovas de la zona hist\u00f3rico-basilical: est\u00e9tica, t\u00e9cnica y jerarquizaci\u00f3n del espacio p\u00fablico -","robots":{"index":"index","follow":"follow","max-snippet":"max-snippet:-1","max-image-preview":"max-image-preview:large","max-video-preview":"max-video-preview:-1"},"canonical":"https:\/\/elciudadanodelujan.com.ar\/?p=12039","og_locale":"es_ES","og_type":"article","og_title":"Nueva iluminaci\u00f3n LED en las recovas de la zona hist\u00f3rico-basilical: est\u00e9tica, t\u00e9cnica y jerarquizaci\u00f3n del espacio p\u00fablico -","og_description":"En el marco sostenido de actualizaci\u00f3n y modernizaci\u00f3n de la infraestructura urbana del distrito, el Municipio de Luj\u00e1n concret\u00f3 la instalaci\u00f3n de un nuevo sistema de iluminaci\u00f3n lineal en el&hellip;","og_url":"https:\/\/elciudadanodelujan.com.ar\/?p=12039","article_publisher":"https:\/\/www.facebook.com\/elciudadanodelujan","article_published_time":"2026-09-04T22:41:20+00:00","article_modified_time":"2026-09-04T22:41:40+00:00","og_image":[{"width":1333,"height":1180,"url":"https:\/\/elciudadanodelujan.com.ar\/wp-content\/uploads\/2026\/09\/image.png","type":"image\/png"}],"author":"Osvaldo Cabral","twitter_card":"summary_large_image","twitter_misc":{"Escrito por":"Osvaldo Cabral","Tiempo de lectura":"2 minutos"},"schema":{"@context":"https:\/\/schema.org","@graph":[{"@type":"Article","@id":"https:\/\/elciudadanodelujan.com.ar\/?p=12039#article","isPartOf":{"@id":"https:\/\/elciudadanodelujan.com.ar\/?p=12039"},"author":{"name":"Osvaldo Cabral","@id":"https:\/\/elciudadanodelujan.com.ar\/#\/schema\/person\/5c3b2b3dd2ef6da2576c32c847a49ffa"},"headline":"Nueva iluminaci\u00f3n LED en las recovas de la zona hist\u00f3rico-basilical: est\u00e9tica, t\u00e9cnica y jerarquizaci\u00f3n del espacio p\u00fablico","datePublished":"2026-09-04T22:41:20+00:00","dateModified":"2026-09-04T22:41:40+00:00","mainEntityOfPage":{"@id":"https:\/\/elciudadanodelujan.com.ar\/?p=12039"},"wordCount":297,"publisher":{"@id":"https:\/\/elciudadanodelujan.com.ar\/#organization"},"image":{"@id":"https:\/\/elciudadanodelujan.com.ar\/?p=12039#primaryimage"},"thumbnailUrl":"https:\/\/elciudadanodelujan.com.ar\/wp-content\/uploads\/2026\/09\/image.png","articleSection":["BARRIALES"],"inLanguage":"es"},{"@type":"WebPage","@id":"https:\/\/elciudadanodelujan.com.ar\/?p=12039","url":"https:\/\/elciudadanodelujan.com.ar\/?p=12039","name":"Nueva iluminaci\u00f3n LED en las recovas de la zona hist\u00f3rico-basilical: est\u00e9tica, t\u00e9cnica y jerarquizaci\u00f3n del espacio p\u00fablico -","isPartOf":{"@id":"https:\/\/elciudadanodelujan.com.ar\/#website"},"primaryImageOfPage":{"@id":"https:\/\/elciudadanodelujan.com.ar\/?p=12039#primaryimage"},"image":{"@id":"https:\/\/elciudadanodelujan.com.ar\/?p=12039#primaryimage"},"thumbnailUrl":"https:\/\/elciudadanodelujan.com.ar\/wp-content\/uploads\/2026\/09\/image.png","datePublished":"2026-09-04T22:41:20+00:00","dateModified":"2026-09-04T22:41:40+00:00","breadcrumb":{"@id":"https:\/\/elciudadanodelujan.com.ar\/?p=12039#breadcrumb"},"inLanguage":"es","potentialAction":[{"@type":"ReadAction","target":["https:\/\/elciudadanodelujan.com.ar\/?p=12039"]}]},{"@type":"ImageObject","inLanguage":"es","@id":"https:\/\/elciudadanodelujan.com.ar\/?p=12039#primaryimage","url":"https:\/\/elciudadanodelujan.com.ar\/wp-content\/uploads\/2026\/09\/image.png","contentUrl":"https:\/\/elciudadanodelujan.com.ar\/wp-content\/uploads\/2026\/09\/image.png","width":1333,"height":1180},{"@type":"BreadcrumbList","@id":"https:\/\/elciudadanodelujan.com.ar\/?p=12039#breadcrumb","itemListElement":[{"@type":"ListItem","position":1,"name":"Home","item":"https:\/\/elciudadanodelujan.com.ar\/"},{"@type":"ListItem","position":2,"name":"Nueva iluminaci\u00f3n LED en las recovas de la zona hist\u00f3rico-basilical: est\u00e9tica, t\u00e9cnica y jerarquizaci\u00f3n del espacio p\u00fablico"}]},{"@type":"WebSite","@id":"https:\/\/elciudadanodelujan.com.ar\/#website","url":"https:\/\/elciudadanodelujan.com.ar\/","name":"https:\/\/elciudadanodelujan.com.ar","description":"Noticias de inter\u00e9s general y periodismo de investigaci\u00f3n","publisher":{"@id":"https:\/\/elciudadanodelujan.com.ar\/#organization"},"potentialAction":[{"@type":"SearchAction","target":{"@type":"EntryPoint","urlTemplate":"https:\/\/elciudadanodelujan.com.ar\/?s={search_term_string}"},"query-input":{"@type":"PropertyValueSpecification","valueRequired":true,"valueName":"search_term_string"}}],"inLanguage":"es"},{"@type":"Organization","@id":"https:\/\/elciudadanodelujan.com.ar\/#organization","name":"El Ciudadano de Lujan","url":"https:\/\/elciudadanodelujan.com.ar\/","logo":{"@type":"ImageObject","inLanguage":"es","@id":"https:\/\/elciudadanodelujan.com.ar\/#\/schema\/logo\/image\/","url":"https:\/\/elciudadanodelujan.com.ar\/wp-content\/uploads\/2025\/01\/logo_El_Ciudadano.jpg","contentUrl":"https:\/\/elciudadanodelujan.com.ar\/wp-content\/uploads\/2025\/01\/logo_El_Ciudadano.jpg","width":500,"height":123,"caption":"El Ciudadano de Lujan"},"image":{"@id":"https:\/\/elciudadanodelujan.com.ar\/#\/schema\/logo\/image\/"},"sameAs":["https:\/\/www.facebook.com\/elciudadanodelujan"]},{"@type":"Person","@id":"https:\/\/elciudadanodelujan.com.ar\/#\/schema\/person\/5c3b2b3dd2ef6da2576c32c847a49ffa","name":"Osvaldo Cabral","image":{"@type":"ImageObject","inLanguage":"es","@id":"https:\/\/secure.gravatar.com\/avatar\/c4c6a8aea430571651e7d6992bdfdff335bbe96580656f78299d10ca9a6c1ae9?s=96&d=mm&r=g","url":"https:\/\/secure.gravatar.com\/avatar\/c4c6a8aea430571651e7d6992bdfdff335bbe96580656f78299d10ca9a6c1ae9?s=96&d=mm&r=g","contentUrl":"https:\/\/secure.gravatar.com\/avatar\/c4c6a8aea430571651e7d6992bdfdff335bbe96580656f78299d10ca9a6c1ae9?s=96&d=mm&r=g","caption":"Osvaldo Cabral"},"url":"https:\/\/elciudadanodelujan.com.ar\/?author=2"}]}},"_links":{"self":[{"href":"https:\/\/elciudadanodelujan.com.ar\/index.php?rest_route=\/wp\/v2\/posts\/12039","targetHints":{"allow":["GET"]}}],"collection":[{"href":"https:\/\/elciudadanodelujan.com.ar\/index.php?rest_route=\/wp\/v2\/posts"}],"about":[{"href":"https:\/\/elciudadanodelujan.com.ar\/index.php?rest_route=\/wp\/v2\/types\/post"}],"author":[{"embeddable":true,"href":"https:\/\/elciudadanodelujan.com.ar\/index.php?rest_route=\/wp\/v2\/users\/2"}],"replies":[{"embeddable":true,"href":"https:\/\/elciudadanodelujan.com.ar\/index.php?rest_route=%2Fwp%2Fv2%2Fcomments&post=12039"}],"version-history":[{"count":1,"href":"https:\/\/elciudadanodelujan.com.ar\/index.php?rest_route=\/wp\/v2\/posts\/12039\/revisions"}],"predecessor-version":[{"id":12041,"href":"https:\/\/elciudadanodelujan.com.ar\/index.php?rest_route=\/wp\/v2\/posts\/12039\/revisions\/12041"}],"wp:featuredmedia":[{"embeddable":true,"href":"https:\/\/elciudadanodelujan.com.ar\/index.php?rest_route=\/wp\/v2\/media\/12040"}],"wp:attachment":[{"href":"https:\/\/elciudadanodelujan.com.ar\/index.php?rest_route=%2Fwp%2Fv2%2Fmedia&parent=12039"}],"wp:term":[{"taxonomy":"category","embeddable":true,"href":"https:\/\/elciudadanodelujan.com.ar\/index.php?rest_route=%2Fwp%2Fv2%2Fcategories&post=12039"},{"taxonomy":"post_tag","embeddable":true,"href":"https:\/\/elciudadanodelujan.com.ar\/index.php?rest_route=%2Fwp%2Fv2%2Ftags&post=12039"}],"curies":[{"name":"wp","href":"https:\/\/api.w.org\/{rel}","templated":true}]}}