{"id":12022,"date":"2026-09-04T18:01:07","date_gmt":"2026-09-04T21:01:07","guid":{"rendered":"https:\/\/elciudadanodelujan.com.ar\/?p=12022"},"modified":"2026-09-04T19:35:58","modified_gmt":"2026-09-04T22:35:58","slug":"el-auto-de-los-zapp-con-casi-un-siglo-de-vida","status":"publish","type":"post","link":"https:\/\/elciudadanodelujan.com.ar\/?p=12022","title":{"rendered":"El auto de los Zapp con casi un siglo de vida"},"content":{"rendered":"\n<p class=\"wp-block-paragraph\"><strong>UN CUMPLEA\u00d1OS MUY ESPECIAL Y UN RECORRIDO DE REGULARIDAD QUE UNIR\u00c1 A CUATRO DISTRITOS CON VEH\u00cdCULOS HIST\u00d3RICOS<\/strong><\/p>\n\n\n\n<p class=\"wp-block-paragraph\"><strong>En el marco de las actividades culturales y del deporte motor que hacen eco en el Museo del Autom\u00f3vil de la ciudad de Luj\u00e1n, se realiz\u00f3 una reuni\u00f3n con el intendente Ricardo Curuchet, de la ciudad de Marcos Paz, y se lo invit\u00f3 oficialmente a participar del cumplea\u00f1os n\u00famero 98 de Macondo, un autom\u00f3vil Graham Paige con ruedas de madera, y de una recorrida de regularidad que tendr\u00e1 su largada en las puertas de la Bas\u00edlica de Luj\u00e1n, atravesando las ciudades de Mercedes y Marcos Paz finalizando en General Las Heras.<\/strong><\/p>\n\n\n\n<figure class=\"wp-block-image size-large\"><img loading=\"lazy\" decoding=\"async\" width=\"1024\" height=\"768\" src=\"https:\/\/elciudadanodelujan.com.ar\/wp-content\/uploads\/2026\/09\/IMG-20260903-WA0002-1024x768.jpg\" alt=\"\" class=\"wp-image-12027\" srcset=\"https:\/\/elciudadanodelujan.com.ar\/wp-content\/uploads\/2026\/09\/IMG-20260903-WA0002-1024x768.jpg 1024w, https:\/\/elciudadanodelujan.com.ar\/wp-content\/uploads\/2026\/09\/IMG-20260903-WA0002-300x225.jpg 300w, https:\/\/elciudadanodelujan.com.ar\/wp-content\/uploads\/2026\/09\/IMG-20260903-WA0002-768x576.jpg 768w, https:\/\/elciudadanodelujan.com.ar\/wp-content\/uploads\/2026\/09\/IMG-20260903-WA0002-1536x1152.jpg 1536w, https:\/\/elciudadanodelujan.com.ar\/wp-content\/uploads\/2026\/09\/IMG-20260903-WA0002-2048x1536.jpg 2048w\" sizes=\"auto, (max-width: 1024px) 100vw, 1024px\" \/><\/figure>\n\n\n\n<p class=\"wp-block-paragraph\">El cumplea\u00f1os del <strong>Graham Paige <\/strong>con el que la familia Zapp dio la vuelta al mundo es una fiesta muy especial a realizarse este 12 de octubre, en el <strong>Zapparancho <\/strong>de <strong>Candelaria <\/strong>y <strong>Herman Zapp,<\/strong> quienes tardaron 22 a\u00f1os como matrimonio en dar la vuelta al mundo, recorriendo 102 pa\u00eds, a bordo de este auto tan especial que los trajo de regreso con 4 hijos, los que fueron naciendo en el camino.<\/p>\n\n\n\n<p class=\"wp-block-paragraph\">El motivo<\/p>\n\n\n\n<p class=\"wp-block-paragraph\">Este evento en honor al autom\u00f3vil con ruedas de rayos de madera, de casi un siglo de vida, se desarrollar\u00e1<strong> en el predio de 5 hect\u00e1reas que los Zapp tienen a la bajada de la ruta 6, en la entrada de la localidad de Villars, partido de Las Heras<\/strong>, un lugar muy especial, muy tranquilo, que cuenta con un sal\u00f3n de eventos para unas 300 personas, algunas caba\u00f1as, una gigantesca pileta de nataci\u00f3n, un molino con un tanque australiano, un escenario y lugares para estacionar las motorhomes de los viajeros de la regi\u00f3n, del pa\u00eds o del extranjero que est\u00e1n de paso, los que disfrutan de compartir sus historias de vida adem\u00e1s de escuchar a Herman y Candelaria con sus experiencias alrededor del planeta.<\/p>\n\n\n\n<p class=\"wp-block-paragraph\"><strong>La Visi\u00f3n<\/strong><\/p>\n\n\n\n<p class=\"wp-block-paragraph\">En este contexto de actividades, y ampliando el horizonte de actividades realizadas en <strong>Luj\u00e1n <\/strong>y <strong>Villars en Las Heras<\/strong>, surgi\u00f3 la propuesta de concretar eventos que unan a estas locaciones, atravesando <strong>Marcos Paz <\/strong>y <strong>Mercedes<\/strong>, en una recorrida de regularidad con autom\u00f3viles antiguos y cl\u00e1sicos, uniendo a amigos y familias amantes de los fierros. Con una largada en la puerta del <strong>Museo del Autom\u00f3vil de Luj\u00e1n<\/strong>, frente a la Bas\u00edlica de Luj\u00e1n y una llegada prevista en el Zapparancho, logrando as\u00ed la realizaci\u00f3n de un evento cultural que integra a la regi\u00f3n a trav\u00e9s del deporte motor y la conservaci\u00f3n del patrimonio hist\u00f3rico.<\/p>\n\n\n\n<p class=\"wp-block-paragraph\">La propuesta no es una carrera de velocidad. Es una <strong>recorrida de regularidad de autom\u00f3viles antiguos y cl\u00e1sicos<\/strong>, a realizarse el 7 de marzo de 2027, abierta a vecinos, familias coleccionistas, restauradores y referentes de distintas marcas y especialidades de nivel provincial y nacional que dedicaron y dedican su vida a la conservaci\u00f3n de estos veh\u00edculos.<\/p>\n\n\n\n<p class=\"wp-block-paragraph\"><strong>Charla con el intendente de Marcos Paz<\/strong><\/p>\n\n\n\n<p class=\"wp-block-paragraph\">Participaron del encuentro en el Palacio Municipal de la ciudad de Marcos Paz junto al <strong>intendente Ricardo Curutchet,<\/strong> el periodista <strong>Osvaldo Cabral,<\/strong> promotor de estas actividades y la familia viajera conformada por <strong>Candelaria <\/strong>y <strong>Herman Zapp<\/strong>, que con sus hijos en un viaje de 22 a\u00f1os dieron la vuelta al mundo en un autom\u00f3vil <strong>Graham Paige de 1928,<\/strong> colaboradores permanentes de las actividades del Complejo Museogr\u00e1fico de Luj\u00e1n.<\/p>\n\n\n\n<figure class=\"wp-block-image size-large\"><img loading=\"lazy\" decoding=\"async\" width=\"1024\" height=\"768\" src=\"https:\/\/elciudadanodelujan.com.ar\/wp-content\/uploads\/2026\/09\/IMG-20260903-WA0082-1024x768.jpg\" alt=\"\" class=\"wp-image-12030\" srcset=\"https:\/\/elciudadanodelujan.com.ar\/wp-content\/uploads\/2026\/09\/IMG-20260903-WA0082-1024x768.jpg 1024w, https:\/\/elciudadanodelujan.com.ar\/wp-content\/uploads\/2026\/09\/IMG-20260903-WA0082-300x225.jpg 300w, https:\/\/elciudadanodelujan.com.ar\/wp-content\/uploads\/2026\/09\/IMG-20260903-WA0082-768x576.jpg 768w, https:\/\/elciudadanodelujan.com.ar\/wp-content\/uploads\/2026\/09\/IMG-20260903-WA0082-1536x1152.jpg 1536w, https:\/\/elciudadanodelujan.com.ar\/wp-content\/uploads\/2026\/09\/IMG-20260903-WA0082-2048x1536.jpg 2048w\" sizes=\"auto, (max-width: 1024px) 100vw, 1024px\" \/><\/figure>\n\n\n\n<p class=\"wp-block-paragraph\"><strong>Las 366 fiestas<\/strong><\/p>\n\n\n\n<p class=\"wp-block-paragraph\">En la charla, el intendente Curutchet record\u00f3 una frase que lo define como gestor: <strong>\u00abHay 365 d\u00edas en el a\u00f1o y aspiramos a tener 366 fiestas\u00bb <\/strong>Y esto lo dijo en el contexto de su ideario de gesti\u00f3n comunal, para que cada festival, cada fiesta que muestra la producci\u00f3n y las cualidades de Marcos Paz, genere un movimiento econ\u00f3mico constante entre los vecinos y la participaci\u00f3n del turismo.<\/p>\n\n\n\n<p class=\"wp-block-paragraph\">Esa filosof\u00eda coincide con la de esta recorrida: <strong>aportar un evento regional, un atractivo tur\u00edstico m\u00e1s a cada ciudad que se atraviesa<\/strong>, dado el doble efecto social que se genera, por un lado la gran concurrencia de coleccionistas en un recorrido en el que cada participante desde su veh\u00edculo fotograf\u00eda y filma los parajes que atraviesa, y a la vez son fotografiados y filmados por el p\u00fablico, por lo que ese material en estos tiempos de conectividad inunda las redes.<\/p>\n\n\n\n<figure class=\"wp-block-image size-large\"><img loading=\"lazy\" decoding=\"async\" width=\"1024\" height=\"768\" src=\"https:\/\/elciudadanodelujan.com.ar\/wp-content\/uploads\/2026\/09\/IMG-20260903-WA0086-1024x768.jpg\" alt=\"\" class=\"wp-image-12033\" srcset=\"https:\/\/elciudadanodelujan.com.ar\/wp-content\/uploads\/2026\/09\/IMG-20260903-WA0086-1024x768.jpg 1024w, https:\/\/elciudadanodelujan.com.ar\/wp-content\/uploads\/2026\/09\/IMG-20260903-WA0086-300x225.jpg 300w, https:\/\/elciudadanodelujan.com.ar\/wp-content\/uploads\/2026\/09\/IMG-20260903-WA0086-768x576.jpg 768w, https:\/\/elciudadanodelujan.com.ar\/wp-content\/uploads\/2026\/09\/IMG-20260903-WA0086-1536x1152.jpg 1536w, https:\/\/elciudadanodelujan.com.ar\/wp-content\/uploads\/2026\/09\/IMG-20260903-WA0086-2048x1536.jpg 2048w\" sizes=\"auto, (max-width: 1024px) 100vw, 1024px\" \/><\/figure>\n\n\n\n<p class=\"wp-block-paragraph\"><strong>La invitaci\u00f3n es para todos<\/strong><\/p>\n\n\n\n<p class=\"wp-block-paragraph\">Como explic\u00f3 Osvaldo Cabral, periodista y promotor de las actividades del Museo del Autom\u00f3vil de Luj\u00e1n en honor al hist\u00f3rico corredor lujanense Daniel Musso, competidor directo de Juan Manuel Fangio, detall\u00f3:&nbsp;<strong>\u00abComo comunicador gestiono estas actividades, buscando fundamentalmente la participaci\u00f3n de los vecinos, con el objetivo de la conservaci\u00f3n de veh\u00edculos antiguos y cl\u00e1sicos, destacando las actividades de todos aquellos que apuntan a la defensa del patrimonio hist\u00f3rico que tiene Argentina, con la rica historia automotriz que poseemos. Nuestro pa\u00eds es productor de veh\u00edculos desde hace d\u00e9cadas, Tanto de marcas extranjeras como de las propias tal el caso del Rastrojero, de dise\u00f1o y construcci\u00f3n nacional\u00bb.<\/strong><br><br>Durante el encuentro el intendente Curutchet recibi\u00f3 un <strong>medall\u00f3n de reconocimiento del Museo del Autom\u00f3vil de la Ciudad de Luj\u00e1n<\/strong>, una distinci\u00f3n que se entrega en ocasiones especiales a referentes de los veh\u00edculos cl\u00e1sicos, en sus diferentes especialidades, y a jefes comunales que permiten y gestionan la realizaci\u00f3n de estas actividades en sus distritos.<\/p>\n\n\n\n<p class=\"wp-block-paragraph\">La invitaci\u00f3n oficial se extiende a todos los jefes comunales del recorrido: La idea es que los mandatarios participen con sus vecinos amantes de este tipo de veh\u00edculos de anta\u00f1o, y le den la calidad institucional que esta recorrida de regularidad merece.<\/p>\n\n\n\n<figure class=\"wp-block-image size-large\"><img loading=\"lazy\" decoding=\"async\" width=\"1024\" height=\"768\" src=\"https:\/\/elciudadanodelujan.com.ar\/wp-content\/uploads\/2026\/09\/IMG-20260903-WA0085-1024x768.jpg\" alt=\"\" class=\"wp-image-12034\" srcset=\"https:\/\/elciudadanodelujan.com.ar\/wp-content\/uploads\/2026\/09\/IMG-20260903-WA0085-1024x768.jpg 1024w, https:\/\/elciudadanodelujan.com.ar\/wp-content\/uploads\/2026\/09\/IMG-20260903-WA0085-300x225.jpg 300w, https:\/\/elciudadanodelujan.com.ar\/wp-content\/uploads\/2026\/09\/IMG-20260903-WA0085-768x576.jpg 768w, https:\/\/elciudadanodelujan.com.ar\/wp-content\/uploads\/2026\/09\/IMG-20260903-WA0085-1536x1152.jpg 1536w, https:\/\/elciudadanodelujan.com.ar\/wp-content\/uploads\/2026\/09\/IMG-20260903-WA0085-2048x1536.jpg 2048w\" sizes=\"auto, (max-width: 1024px) 100vw, 1024px\" \/><\/figure>\n\n\n\n<p class=\"wp-block-paragraph\"><strong>Un museo \u00fanico en Sudam\u00e9rica<\/strong><\/p>\n\n\n\n<ul class=\"wp-block-list\">\n<li>El <strong>Complejo Museogr\u00e1fico Provincial \u00abEnrique Udaondo\u00bb,<\/strong> donde funcionan los pabellones del <strong>Museo Hist\u00f3rico<\/strong>, el <strong>Museo del Transporte <\/strong>y el <strong>Museo del Autom\u00f3vil<\/strong>, es el m\u00e1s importante de Sudam\u00e9rica en su tipo. Fundado por decreto del 31 de diciembre de 1917 e inaugurado el 12 de octubre de 1923, es incluso anterior al primer museo del transporte de Estados Unidos.<\/li>\n<\/ul>\n\n\n\n<p class=\"wp-block-paragraph\">En el Museo del Transporte de Luj\u00e1n, construido frente a la Bas\u00edlica, se resguardan entre otras piezas invaluables <strong>La Porte\u00f1a<\/strong>, la primera locomotora de Argentina; el avi\u00f3n <strong>Plus Ultra<\/strong>, que fue el primero en cruzar el Oc\u00e9ano Atl\u00e1ntico; el <strong>yate Legh <\/strong>de Vito Dumas; y en el Museo del Autom\u00f3vil se encuentran el <strong>PapaM\u00f3vil de Juan Pablo II;<\/strong> el <strong>Colectivo del Pap\u00e1<\/strong> que pertenec\u00eda a una l\u00ednea de transporte local de pasajeros con el que ese Sumo Pont\u00edfice se retir\u00f3 de Luj\u00e1n en su visita de 1982; y otros veh\u00edculos \u00fanicos.<\/p>\n\n\n\n<p class=\"wp-block-paragraph\">El <strong>Complejo Museogr\u00e1fico \u201cEnrique Udaondo\u201d <\/strong>que incluso tiene el pabell\u00f3n del Museo Hist\u00f3rico es de nivel provincial, pero para los lujanenses \u201ces el Museo de Luj\u00e1n, bien local, es nuestro\u201d. Por eso su conservaci\u00f3n, restauraci\u00f3n y organizaci\u00f3n es apoyada y tambi\u00e9n realizada por la <strong>Asociaci\u00f3n Civil Enrique Udaondo<\/strong>, una entidad conformada por un grupo de vecinos, comerciantes y empresarios de Luj\u00e1n que dedican tiempo, recursos y sus propias historias personales para sostenerlo.<\/p>\n\n\n\n<figure class=\"wp-block-image size-full is-resized\"><img loading=\"lazy\" decoding=\"async\" width=\"640\" height=\"426\" src=\"https:\/\/elciudadanodelujan.com.ar\/wp-content\/uploads\/2026\/08\/image-47.png\" alt=\"\" class=\"wp-image-11862\" style=\"width:840px;height:auto\" srcset=\"https:\/\/elciudadanodelujan.com.ar\/wp-content\/uploads\/2026\/08\/image-47.png 640w, https:\/\/elciudadanodelujan.com.ar\/wp-content\/uploads\/2026\/08\/image-47-300x200.png 300w\" sizes=\"auto, (max-width: 640px) 100vw, 640px\" \/><\/figure>\n\n\n\n<p class=\"wp-block-paragraph\"><strong>M\u00e1s que autos<\/strong><\/p>\n\n\n\n<p class=\"wp-block-paragraph\">Cada pueblo tiene sus coleccionistas, sus corredores de \u00e9poca, sus constructores y restauradores de veh\u00edculos antiguos. Y cuando decimos veh\u00edculos, explic\u00f3 Cabral: <strong>\u201cNo hablamos solo de autom\u00f3viles. Porque la&nbsp;definici\u00f3n de veh\u00edculo es \u00a8APARATO QUE TRANSPORTA A PERSONAS, ANIMALES O COSAS\u00a8. En esta ocasi\u00f3n la recorrida es de autos y motocicletas, pero tambi\u00e9n pueden participar en el futuro distintos aeroclubes con la participaci\u00f3n de aviones, globos aerost\u00e1ticos y otras aeronaves. Del mismo modo que en el r\u00edo podemos tener una exhibici\u00f3n de lanchas, botes de remo, kayaks y otras embarcaciones, en estas propuestas que hacemos para fomentar el turismo\u00bb<\/strong>.<br><br>Se eligieron cuatro ciudades para esta primera etapa: <strong>Luj\u00e1n, Mercedes, Marcos Paz y Las Heras<\/strong>, y se seguir\u00e1n incorporando distritos, para que a\u00f1o a a\u00f1o con una fecha oficial ya establecida en el calendario de actividades se pueda convertir en una vuelta cada vez m\u00e1s importante. La idea es que sea un evento del que participen las familias, y que cada pueblo tenga otro atractivo tur\u00edstico especial y m\u00e1s all\u00e1 de lo que representa cada zona.<\/p>\n\n\n\n<p class=\"wp-block-paragraph\"><strong>Una fiesta m\u00e1s, en un pa\u00eds que necesita 366.<\/strong><\/p>\n\n\n\n<figure class=\"wp-block-image size-large\"><img loading=\"lazy\" decoding=\"async\" width=\"1024\" height=\"576\" src=\"https:\/\/elciudadanodelujan.com.ar\/wp-content\/uploads\/2026\/08\/image-42-1024x576.png\" alt=\"\" class=\"wp-image-11857\" srcset=\"https:\/\/elciudadanodelujan.com.ar\/wp-content\/uploads\/2026\/08\/image-42-1024x576.png 1024w, https:\/\/elciudadanodelujan.com.ar\/wp-content\/uploads\/2026\/08\/image-42-300x169.png 300w, https:\/\/elciudadanodelujan.com.ar\/wp-content\/uploads\/2026\/08\/image-42-768x432.png 768w, https:\/\/elciudadanodelujan.com.ar\/wp-content\/uploads\/2026\/08\/image-42-1536x864.png 1536w, https:\/\/elciudadanodelujan.com.ar\/wp-content\/uploads\/2026\/08\/image-42.png 1599w\" sizes=\"auto, (max-width: 1024px) 100vw, 1024px\" \/><\/figure>\n\n\n\n<figure class=\"wp-block-image size-full\"><img loading=\"lazy\" decoding=\"async\" width=\"890\" height=\"590\" src=\"https:\/\/elciudadanodelujan.com.ar\/wp-content\/uploads\/2026\/08\/image-45.png\" alt=\"\" class=\"wp-image-11860\" srcset=\"https:\/\/elciudadanodelujan.com.ar\/wp-content\/uploads\/2026\/08\/image-45.png 890w, https:\/\/elciudadanodelujan.com.ar\/wp-content\/uploads\/2026\/08\/image-45-300x199.png 300w, https:\/\/elciudadanodelujan.com.ar\/wp-content\/uploads\/2026\/08\/image-45-768x509.png 768w\" sizes=\"auto, (max-width: 890px) 100vw, 890px\" \/><\/figure>\n\n\n\n<figure class=\"wp-block-image size-large\"><img loading=\"lazy\" decoding=\"async\" width=\"1024\" height=\"682\" src=\"https:\/\/elciudadanodelujan.com.ar\/wp-content\/uploads\/2026\/08\/image-44-1024x682.png\" alt=\"\" class=\"wp-image-11859\" srcset=\"https:\/\/elciudadanodelujan.com.ar\/wp-content\/uploads\/2026\/08\/image-44-1024x682.png 1024w, https:\/\/elciudadanodelujan.com.ar\/wp-content\/uploads\/2026\/08\/image-44-300x200.png 300w, https:\/\/elciudadanodelujan.com.ar\/wp-content\/uploads\/2026\/08\/image-44-768x512.png 768w, https:\/\/elciudadanodelujan.com.ar\/wp-content\/uploads\/2026\/08\/image-44-1536x1023.png 1536w, https:\/\/elciudadanodelujan.com.ar\/wp-content\/uploads\/2026\/08\/image-44.png 1600w\" sizes=\"auto, (max-width: 1024px) 100vw, 1024px\" \/><\/figure>\n\n\n\n<figure class=\"wp-block-image size-large\"><img loading=\"lazy\" decoding=\"async\" width=\"1024\" height=\"683\" src=\"https:\/\/elciudadanodelujan.com.ar\/wp-content\/uploads\/2026\/08\/image-39-1024x683.png\" alt=\"\" class=\"wp-image-11854\" srcset=\"https:\/\/elciudadanodelujan.com.ar\/wp-content\/uploads\/2026\/08\/image-39-1024x683.png 1024w, https:\/\/elciudadanodelujan.com.ar\/wp-content\/uploads\/2026\/08\/image-39-300x200.png 300w, https:\/\/elciudadanodelujan.com.ar\/wp-content\/uploads\/2026\/08\/image-39-768x512.png 768w, https:\/\/elciudadanodelujan.com.ar\/wp-content\/uploads\/2026\/08\/image-39.png 1296w\" sizes=\"auto, (max-width: 1024px) 100vw, 1024px\" \/><\/figure>\n\n\n\n<figure class=\"wp-block-image size-large\"><img loading=\"lazy\" decoding=\"async\" width=\"1024\" height=\"576\" src=\"https:\/\/elciudadanodelujan.com.ar\/wp-content\/uploads\/2026\/08\/image-48-1024x576.png\" alt=\"\" class=\"wp-image-11863\" srcset=\"https:\/\/elciudadanodelujan.com.ar\/wp-content\/uploads\/2026\/08\/image-48-1024x576.png 1024w, https:\/\/elciudadanodelujan.com.ar\/wp-content\/uploads\/2026\/08\/image-48-300x169.png 300w, https:\/\/elciudadanodelujan.com.ar\/wp-content\/uploads\/2026\/08\/image-48-768x432.png 768w, https:\/\/elciudadanodelujan.com.ar\/wp-content\/uploads\/2026\/08\/image-48-1536x864.png 1536w, https:\/\/elciudadanodelujan.com.ar\/wp-content\/uploads\/2026\/08\/image-48.png 1599w\" sizes=\"auto, (max-width: 1024px) 100vw, 1024px\" \/><\/figure>\n\n\n\n<figure class=\"wp-block-image size-large\"><img loading=\"lazy\" decoding=\"async\" width=\"1024\" height=\"576\" src=\"https:\/\/elciudadanodelujan.com.ar\/wp-content\/uploads\/2026\/08\/image-43-1024x576.png\" alt=\"\" class=\"wp-image-11858\" srcset=\"https:\/\/elciudadanodelujan.com.ar\/wp-content\/uploads\/2026\/08\/image-43-1024x576.png 1024w, https:\/\/elciudadanodelujan.com.ar\/wp-content\/uploads\/2026\/08\/image-43-300x169.png 300w, https:\/\/elciudadanodelujan.com.ar\/wp-content\/uploads\/2026\/08\/image-43-768x432.png 768w, https:\/\/elciudadanodelujan.com.ar\/wp-content\/uploads\/2026\/08\/image-43-1536x864.png 1536w, https:\/\/elciudadanodelujan.com.ar\/wp-content\/uploads\/2026\/08\/image-43.png 1599w\" sizes=\"auto, (max-width: 1024px) 100vw, 1024px\" \/><\/figure>\n\n\n\n<figure class=\"wp-block-image size-large\"><img loading=\"lazy\" decoding=\"async\" width=\"1024\" height=\"683\" src=\"https:\/\/elciudadanodelujan.com.ar\/wp-content\/uploads\/2026\/08\/image-37-1024x683.png\" alt=\"\" class=\"wp-image-11852\" srcset=\"https:\/\/elciudadanodelujan.com.ar\/wp-content\/uploads\/2026\/08\/image-37-1024x683.png 1024w, https:\/\/elciudadanodelujan.com.ar\/wp-content\/uploads\/2026\/08\/image-37-300x200.png 300w, https:\/\/elciudadanodelujan.com.ar\/wp-content\/uploads\/2026\/08\/image-37-768x512.png 768w, https:\/\/elciudadanodelujan.com.ar\/wp-content\/uploads\/2026\/08\/image-37.png 1068w\" sizes=\"auto, (max-width: 1024px) 100vw, 1024px\" \/><\/figure>\n\n\n\n<figure class=\"wp-block-image size-large\"><img loading=\"lazy\" decoding=\"async\" width=\"1024\" height=\"540\" src=\"https:\/\/elciudadanodelujan.com.ar\/wp-content\/uploads\/2026\/08\/image-41-1024x540.png\" alt=\"\" class=\"wp-image-11856\" srcset=\"https:\/\/elciudadanodelujan.com.ar\/wp-content\/uploads\/2026\/08\/image-41-1024x540.png 1024w, https:\/\/elciudadanodelujan.com.ar\/wp-content\/uploads\/2026\/08\/image-41-300x158.png 300w, https:\/\/elciudadanodelujan.com.ar\/wp-content\/uploads\/2026\/08\/image-41-768x405.png 768w, https:\/\/elciudadanodelujan.com.ar\/wp-content\/uploads\/2026\/08\/image-41-1536x809.png 1536w, https:\/\/elciudadanodelujan.com.ar\/wp-content\/uploads\/2026\/08\/image-41.png 1600w\" sizes=\"auto, (max-width: 1024px) 100vw, 1024px\" \/><\/figure>\n\n\n\n<figure class=\"wp-block-image size-large\"><img loading=\"lazy\" decoding=\"async\" width=\"1024\" height=\"682\" src=\"https:\/\/elciudadanodelujan.com.ar\/wp-content\/uploads\/2026\/08\/image-46-1024x682.png\" alt=\"\" class=\"wp-image-11861\" srcset=\"https:\/\/elciudadanodelujan.com.ar\/wp-content\/uploads\/2026\/08\/image-46-1024x682.png 1024w, https:\/\/elciudadanodelujan.com.ar\/wp-content\/uploads\/2026\/08\/image-46-300x200.png 300w, https:\/\/elciudadanodelujan.com.ar\/wp-content\/uploads\/2026\/08\/image-46-768x512.png 768w, https:\/\/elciudadanodelujan.com.ar\/wp-content\/uploads\/2026\/08\/image-46-1536x1023.png 1536w, https:\/\/elciudadanodelujan.com.ar\/wp-content\/uploads\/2026\/08\/image-46.png 1600w\" sizes=\"auto, (max-width: 1024px) 100vw, 1024px\" \/><\/figure>\n\n\n\n<figure class=\"wp-block-image size-large\"><img loading=\"lazy\" decoding=\"async\" width=\"1024\" height=\"683\" src=\"https:\/\/elciudadanodelujan.com.ar\/wp-content\/uploads\/2026\/08\/image-49-1024x683.png\" alt=\"\" class=\"wp-image-11864\" srcset=\"https:\/\/elciudadanodelujan.com.ar\/wp-content\/uploads\/2026\/08\/image-49-1024x683.png 1024w, https:\/\/elciudadanodelujan.com.ar\/wp-content\/uploads\/2026\/08\/image-49-300x200.png 300w, https:\/\/elciudadanodelujan.com.ar\/wp-content\/uploads\/2026\/08\/image-49-768x512.png 768w, https:\/\/elciudadanodelujan.com.ar\/wp-content\/uploads\/2026\/08\/image-49.png 1296w\" sizes=\"auto, (max-width: 1024px) 100vw, 1024px\" \/><\/figure>\n\n\n\n<p class=\"wp-block-paragraph\"><\/p>\n\n\n\n<p class=\"wp-block-paragraph\"><\/p>\n","protected":false},"excerpt":{"rendered":"<p>UN CUMPLEA\u00d1OS MUY ESPECIAL Y UN RECORRIDO DE REGULARIDAD QUE UNIR\u00c1 A CUATRO DISTRITOS CON VEH\u00cdCULOS HIST\u00d3RICOS En el marco de las actividades culturales y del deporte motor que hacen&hellip; <\/p>\n","protected":false},"author":2,"featured_media":12027,"comment_status":"closed","ping_status":"closed","sticky":false,"template":"","format":"standard","meta":{"footnotes":""},"categories":[17],"tags":[],"class_list":["post-12022","post","type-post","status-publish","format-standard","has-post-thumbnail","hentry","category-sociedad"],"yoast_head":"<!-- This site is optimized with the Yoast SEO plugin v28.1 - https:\/\/yoast.com\/product\/yoast-seo-wordpress\/ -->\n<title>El auto de los Zapp con casi un siglo de vida -<\/title>\n<meta name=\"robots\" content=\"index, follow, max-snippet:-1, max-image-preview:large, max-video-preview:-1\" \/>\n<link rel=\"canonical\" href=\"https:\/\/elciudadanodelujan.com.ar\/?p=12022\" \/>\n<meta property=\"og:locale\" content=\"es_ES\" \/>\n<meta property=\"og:type\" content=\"article\" \/>\n<meta property=\"og:title\" content=\"El auto de los Zapp con casi un siglo de vida -\" \/>\n<meta property=\"og:description\" content=\"UN CUMPLEA\u00d1OS MUY ESPECIAL Y UN RECORRIDO DE REGULARIDAD QUE UNIR\u00c1 A CUATRO DISTRITOS CON VEH\u00cdCULOS HIST\u00d3RICOS En el marco de las actividades culturales y del deporte motor que hacen&hellip;\" \/>\n<meta property=\"og:url\" content=\"https:\/\/elciudadanodelujan.com.ar\/?p=12022\" \/>\n<meta property=\"article:publisher\" content=\"https:\/\/www.facebook.com\/elciudadanodelujan\" \/>\n<meta property=\"article:published_time\" content=\"2026-09-04T21:01:07+00:00\" \/>\n<meta property=\"article:modified_time\" content=\"2026-09-04T22:35:58+00:00\" \/>\n<meta property=\"og:image\" content=\"https:\/\/elciudadanodelujan.com.ar\/wp-content\/uploads\/2026\/09\/IMG-20260903-WA0002-scaled.jpg\" \/>\n\t<meta property=\"og:image:width\" content=\"2560\" \/>\n\t<meta property=\"og:image:height\" content=\"1920\" \/>\n\t<meta property=\"og:image:type\" content=\"image\/jpeg\" \/>\n<meta name=\"author\" content=\"Osvaldo Cabral\" \/>\n<meta name=\"twitter:card\" content=\"summary_large_image\" \/>\n<meta name=\"twitter:label1\" content=\"Escrito por\" \/>\n\t<meta name=\"twitter:data1\" content=\"Osvaldo Cabral\" \/>\n\t<meta name=\"twitter:label2\" content=\"Tiempo de lectura\" \/>\n\t<meta name=\"twitter:data2\" content=\"10 minutos\" \/>\n<script type=\"application\/ld+json\" class=\"yoast-schema-graph\">{\"@context\":\"https:\\\/\\\/schema.org\",\"@graph\":[{\"@type\":\"Article\",\"@id\":\"https:\\\/\\\/elciudadanodelujan.com.ar\\\/?p=12022#article\",\"isPartOf\":{\"@id\":\"https:\\\/\\\/elciudadanodelujan.com.ar\\\/?p=12022\"},\"author\":{\"name\":\"Osvaldo Cabral\",\"@id\":\"https:\\\/\\\/elciudadanodelujan.com.ar\\\/#\\\/schema\\\/person\\\/5c3b2b3dd2ef6da2576c32c847a49ffa\"},\"headline\":\"El auto de los Zapp con casi un siglo de vida\",\"datePublished\":\"2026-09-04T21:01:07+00:00\",\"dateModified\":\"2026-09-04T22:35:58+00:00\",\"mainEntityOfPage\":{\"@id\":\"https:\\\/\\\/elciudadanodelujan.com.ar\\\/?p=12022\"},\"wordCount\":1435,\"publisher\":{\"@id\":\"https:\\\/\\\/elciudadanodelujan.com.ar\\\/#organization\"},\"image\":{\"@id\":\"https:\\\/\\\/elciudadanodelujan.com.ar\\\/?p=12022#primaryimage\"},\"thumbnailUrl\":\"https:\\\/\\\/elciudadanodelujan.com.ar\\\/wp-content\\\/uploads\\\/2026\\\/09\\\/IMG-20260903-WA0002-scaled.jpg\",\"articleSection\":[\"SOCIEDAD\"],\"inLanguage\":\"es\"},{\"@type\":\"WebPage\",\"@id\":\"https:\\\/\\\/elciudadanodelujan.com.ar\\\/?p=12022\",\"url\":\"https:\\\/\\\/elciudadanodelujan.com.ar\\\/?p=12022\",\"name\":\"El auto de los Zapp con casi un siglo de vida -\",\"isPartOf\":{\"@id\":\"https:\\\/\\\/elciudadanodelujan.com.ar\\\/#website\"},\"primaryImageOfPage\":{\"@id\":\"https:\\\/\\\/elciudadanodelujan.com.ar\\\/?p=12022#primaryimage\"},\"image\":{\"@id\":\"https:\\\/\\\/elciudadanodelujan.com.ar\\\/?p=12022#primaryimage\"},\"thumbnailUrl\":\"https:\\\/\\\/elciudadanodelujan.com.ar\\\/wp-content\\\/uploads\\\/2026\\\/09\\\/IMG-20260903-WA0002-scaled.jpg\",\"datePublished\":\"2026-09-04T21:01:07+00:00\",\"dateModified\":\"2026-09-04T22:35:58+00:00\",\"breadcrumb\":{\"@id\":\"https:\\\/\\\/elciudadanodelujan.com.ar\\\/?p=12022#breadcrumb\"},\"inLanguage\":\"es\",\"potentialAction\":[{\"@type\":\"ReadAction\",\"target\":[\"https:\\\/\\\/elciudadanodelujan.com.ar\\\/?p=12022\"]}]},{\"@type\":\"ImageObject\",\"inLanguage\":\"es\",\"@id\":\"https:\\\/\\\/elciudadanodelujan.com.ar\\\/?p=12022#primaryimage\",\"url\":\"https:\\\/\\\/elciudadanodelujan.com.ar\\\/wp-content\\\/uploads\\\/2026\\\/09\\\/IMG-20260903-WA0002-scaled.jpg\",\"contentUrl\":\"https:\\\/\\\/elciudadanodelujan.com.ar\\\/wp-content\\\/uploads\\\/2026\\\/09\\\/IMG-20260903-WA0002-scaled.jpg\",\"width\":2560,\"height\":1920},{\"@type\":\"BreadcrumbList\",\"@id\":\"https:\\\/\\\/elciudadanodelujan.com.ar\\\/?p=12022#breadcrumb\",\"itemListElement\":[{\"@type\":\"ListItem\",\"position\":1,\"name\":\"Home\",\"item\":\"https:\\\/\\\/elciudadanodelujan.com.ar\\\/\"},{\"@type\":\"ListItem\",\"position\":2,\"name\":\"El auto de los Zapp con casi un siglo de vida\"}]},{\"@type\":\"WebSite\",\"@id\":\"https:\\\/\\\/elciudadanodelujan.com.ar\\\/#website\",\"url\":\"https:\\\/\\\/elciudadanodelujan.com.ar\\\/\",\"name\":\"https:\\\/\\\/elciudadanodelujan.com.ar\",\"description\":\"Noticias de inter\u00e9s general y periodismo de investigaci\u00f3n\",\"publisher\":{\"@id\":\"https:\\\/\\\/elciudadanodelujan.com.ar\\\/#organization\"},\"potentialAction\":[{\"@type\":\"SearchAction\",\"target\":{\"@type\":\"EntryPoint\",\"urlTemplate\":\"https:\\\/\\\/elciudadanodelujan.com.ar\\\/?s={search_term_string}\"},\"query-input\":{\"@type\":\"PropertyValueSpecification\",\"valueRequired\":true,\"valueName\":\"search_term_string\"}}],\"inLanguage\":\"es\"},{\"@type\":\"Organization\",\"@id\":\"https:\\\/\\\/elciudadanodelujan.com.ar\\\/#organization\",\"name\":\"El Ciudadano de Lujan\",\"url\":\"https:\\\/\\\/elciudadanodelujan.com.ar\\\/\",\"logo\":{\"@type\":\"ImageObject\",\"inLanguage\":\"es\",\"@id\":\"https:\\\/\\\/elciudadanodelujan.com.ar\\\/#\\\/schema\\\/logo\\\/image\\\/\",\"url\":\"https:\\\/\\\/elciudadanodelujan.com.ar\\\/wp-content\\\/uploads\\\/2025\\\/01\\\/logo_El_Ciudadano.jpg\",\"contentUrl\":\"https:\\\/\\\/elciudadanodelujan.com.ar\\\/wp-content\\\/uploads\\\/2025\\\/01\\\/logo_El_Ciudadano.jpg\",\"width\":500,\"height\":123,\"caption\":\"El Ciudadano de Lujan\"},\"image\":{\"@id\":\"https:\\\/\\\/elciudadanodelujan.com.ar\\\/#\\\/schema\\\/logo\\\/image\\\/\"},\"sameAs\":[\"https:\\\/\\\/www.facebook.com\\\/elciudadanodelujan\"]},{\"@type\":\"Person\",\"@id\":\"https:\\\/\\\/elciudadanodelujan.com.ar\\\/#\\\/schema\\\/person\\\/5c3b2b3dd2ef6da2576c32c847a49ffa\",\"name\":\"Osvaldo Cabral\",\"image\":{\"@type\":\"ImageObject\",\"inLanguage\":\"es\",\"@id\":\"https:\\\/\\\/secure.gravatar.com\\\/avatar\\\/c4c6a8aea430571651e7d6992bdfdff335bbe96580656f78299d10ca9a6c1ae9?s=96&d=mm&r=g\",\"url\":\"https:\\\/\\\/secure.gravatar.com\\\/avatar\\\/c4c6a8aea430571651e7d6992bdfdff335bbe96580656f78299d10ca9a6c1ae9?s=96&d=mm&r=g\",\"contentUrl\":\"https:\\\/\\\/secure.gravatar.com\\\/avatar\\\/c4c6a8aea430571651e7d6992bdfdff335bbe96580656f78299d10ca9a6c1ae9?s=96&d=mm&r=g\",\"caption\":\"Osvaldo Cabral\"},\"url\":\"https:\\\/\\\/elciudadanodelujan.com.ar\\\/?author=2\"}]}<\/script>\n<!-- \/ Yoast SEO plugin. -->","yoast_head_json":{"title":"El auto de los Zapp con casi un siglo de vida -","robots":{"index":"index","follow":"follow","max-snippet":"max-snippet:-1","max-image-preview":"max-image-preview:large","max-video-preview":"max-video-preview:-1"},"canonical":"https:\/\/elciudadanodelujan.com.ar\/?p=12022","og_locale":"es_ES","og_type":"article","og_title":"El auto de los Zapp con casi un siglo de vida -","og_description":"UN CUMPLEA\u00d1OS MUY ESPECIAL Y UN RECORRIDO DE REGULARIDAD QUE UNIR\u00c1 A CUATRO DISTRITOS CON VEH\u00cdCULOS HIST\u00d3RICOS En el marco de las actividades culturales y del deporte motor que hacen&hellip;","og_url":"https:\/\/elciudadanodelujan.com.ar\/?p=12022","article_publisher":"https:\/\/www.facebook.com\/elciudadanodelujan","article_published_time":"2026-09-04T21:01:07+00:00","article_modified_time":"2026-09-04T22:35:58+00:00","og_image":[{"width":2560,"height":1920,"url":"https:\/\/elciudadanodelujan.com.ar\/wp-content\/uploads\/2026\/09\/IMG-20260903-WA0002-scaled.jpg","type":"image\/jpeg"}],"author":"Osvaldo Cabral","twitter_card":"summary_large_image","twitter_misc":{"Escrito por":"Osvaldo Cabral","Tiempo de lectura":"10 minutos"},"schema":{"@context":"https:\/\/schema.org","@graph":[{"@type":"Article","@id":"https:\/\/elciudadanodelujan.com.ar\/?p=12022#article","isPartOf":{"@id":"https:\/\/elciudadanodelujan.com.ar\/?p=12022"},"author":{"name":"Osvaldo Cabral","@id":"https:\/\/elciudadanodelujan.com.ar\/#\/schema\/person\/5c3b2b3dd2ef6da2576c32c847a49ffa"},"headline":"El auto de los Zapp con casi un siglo de vida","datePublished":"2026-09-04T21:01:07+00:00","dateModified":"2026-09-04T22:35:58+00:00","mainEntityOfPage":{"@id":"https:\/\/elciudadanodelujan.com.ar\/?p=12022"},"wordCount":1435,"publisher":{"@id":"https:\/\/elciudadanodelujan.com.ar\/#organization"},"image":{"@id":"https:\/\/elciudadanodelujan.com.ar\/?p=12022#primaryimage"},"thumbnailUrl":"https:\/\/elciudadanodelujan.com.ar\/wp-content\/uploads\/2026\/09\/IMG-20260903-WA0002-scaled.jpg","articleSection":["SOCIEDAD"],"inLanguage":"es"},{"@type":"WebPage","@id":"https:\/\/elciudadanodelujan.com.ar\/?p=12022","url":"https:\/\/elciudadanodelujan.com.ar\/?p=12022","name":"El auto de los Zapp con casi un siglo de vida -","isPartOf":{"@id":"https:\/\/elciudadanodelujan.com.ar\/#website"},"primaryImageOfPage":{"@id":"https:\/\/elciudadanodelujan.com.ar\/?p=12022#primaryimage"},"image":{"@id":"https:\/\/elciudadanodelujan.com.ar\/?p=12022#primaryimage"},"thumbnailUrl":"https:\/\/elciudadanodelujan.com.ar\/wp-content\/uploads\/2026\/09\/IMG-20260903-WA0002-scaled.jpg","datePublished":"2026-09-04T21:01:07+00:00","dateModified":"2026-09-04T22:35:58+00:00","breadcrumb":{"@id":"https:\/\/elciudadanodelujan.com.ar\/?p=12022#breadcrumb"},"inLanguage":"es","potentialAction":[{"@type":"ReadAction","target":["https:\/\/elciudadanodelujan.com.ar\/?p=12022"]}]},{"@type":"ImageObject","inLanguage":"es","@id":"https:\/\/elciudadanodelujan.com.ar\/?p=12022#primaryimage","url":"https:\/\/elciudadanodelujan.com.ar\/wp-content\/uploads\/2026\/09\/IMG-20260903-WA0002-scaled.jpg","contentUrl":"https:\/\/elciudadanodelujan.com.ar\/wp-content\/uploads\/2026\/09\/IMG-20260903-WA0002-scaled.jpg","width":2560,"height":1920},{"@type":"BreadcrumbList","@id":"https:\/\/elciudadanodelujan.com.ar\/?p=12022#breadcrumb","itemListElement":[{"@type":"ListItem","position":1,"name":"Home","item":"https:\/\/elciudadanodelujan.com.ar\/"},{"@type":"ListItem","position":2,"name":"El auto de los Zapp con casi un siglo de vida"}]},{"@type":"WebSite","@id":"https:\/\/elciudadanodelujan.com.ar\/#website","url":"https:\/\/elciudadanodelujan.com.ar\/","name":"https:\/\/elciudadanodelujan.com.ar","description":"Noticias de inter\u00e9s general y periodismo de investigaci\u00f3n","publisher":{"@id":"https:\/\/elciudadanodelujan.com.ar\/#organization"},"potentialAction":[{"@type":"SearchAction","target":{"@type":"EntryPoint","urlTemplate":"https:\/\/elciudadanodelujan.com.ar\/?s={search_term_string}"},"query-input":{"@type":"PropertyValueSpecification","valueRequired":true,"valueName":"search_term_string"}}],"inLanguage":"es"},{"@type":"Organization","@id":"https:\/\/elciudadanodelujan.com.ar\/#organization","name":"El Ciudadano de Lujan","url":"https:\/\/elciudadanodelujan.com.ar\/","logo":{"@type":"ImageObject","inLanguage":"es","@id":"https:\/\/elciudadanodelujan.com.ar\/#\/schema\/logo\/image\/","url":"https:\/\/elciudadanodelujan.com.ar\/wp-content\/uploads\/2025\/01\/logo_El_Ciudadano.jpg","contentUrl":"https:\/\/elciudadanodelujan.com.ar\/wp-content\/uploads\/2025\/01\/logo_El_Ciudadano.jpg","width":500,"height":123,"caption":"El Ciudadano de Lujan"},"image":{"@id":"https:\/\/elciudadanodelujan.com.ar\/#\/schema\/logo\/image\/"},"sameAs":["https:\/\/www.facebook.com\/elciudadanodelujan"]},{"@type":"Person","@id":"https:\/\/elciudadanodelujan.com.ar\/#\/schema\/person\/5c3b2b3dd2ef6da2576c32c847a49ffa","name":"Osvaldo Cabral","image":{"@type":"ImageObject","inLanguage":"es","@id":"https:\/\/secure.gravatar.com\/avatar\/c4c6a8aea430571651e7d6992bdfdff335bbe96580656f78299d10ca9a6c1ae9?s=96&d=mm&r=g","url":"https:\/\/secure.gravatar.com\/avatar\/c4c6a8aea430571651e7d6992bdfdff335bbe96580656f78299d10ca9a6c1ae9?s=96&d=mm&r=g","contentUrl":"https:\/\/secure.gravatar.com\/avatar\/c4c6a8aea430571651e7d6992bdfdff335bbe96580656f78299d10ca9a6c1ae9?s=96&d=mm&r=g","caption":"Osvaldo Cabral"},"url":"https:\/\/elciudadanodelujan.com.ar\/?author=2"}]}},"_links":{"self":[{"href":"https:\/\/elciudadanodelujan.com.ar\/index.php?rest_route=\/wp\/v2\/posts\/12022","targetHints":{"allow":["GET"]}}],"collection":[{"href":"https:\/\/elciudadanodelujan.com.ar\/index.php?rest_route=\/wp\/v2\/posts"}],"about":[{"href":"https:\/\/elciudadanodelujan.com.ar\/index.php?rest_route=\/wp\/v2\/types\/post"}],"author":[{"embeddable":true,"href":"https:\/\/elciudadanodelujan.com.ar\/index.php?rest_route=\/wp\/v2\/users\/2"}],"replies":[{"embeddable":true,"href":"https:\/\/elciudadanodelujan.com.ar\/index.php?rest_route=%2Fwp%2Fv2%2Fcomments&post=12022"}],"version-history":[{"count":7,"href":"https:\/\/elciudadanodelujan.com.ar\/index.php?rest_route=\/wp\/v2\/posts\/12022\/revisions"}],"predecessor-version":[{"id":12037,"href":"https:\/\/elciudadanodelujan.com.ar\/index.php?rest_route=\/wp\/v2\/posts\/12022\/revisions\/12037"}],"wp:featuredmedia":[{"embeddable":true,"href":"https:\/\/elciudadanodelujan.com.ar\/index.php?rest_route=\/wp\/v2\/media\/12027"}],"wp:attachment":[{"href":"https:\/\/elciudadanodelujan.com.ar\/index.php?rest_route=%2Fwp%2Fv2%2Fmedia&parent=12022"}],"wp:term":[{"taxonomy":"category","embeddable":true,"href":"https:\/\/elciudadanodelujan.com.ar\/index.php?rest_route=%2Fwp%2Fv2%2Fcategories&post=12022"},{"taxonomy":"post_tag","embeddable":true,"href":"https:\/\/elciudadanodelujan.com.ar\/index.php?rest_route=%2Fwp%2Fv2%2Ftags&post=12022"}],"curies":[{"name":"wp","href":"https:\/\/api.w.org\/{rel}","templated":true}]}}