{"id":12019,"date":"2026-08-31T17:25:11","date_gmt":"2026-08-31T20:25:11","guid":{"rendered":"https:\/\/elciudadanodelujan.com.ar\/?p=12019"},"modified":"2026-08-31T17:25:30","modified_gmt":"2026-08-31T20:25:30","slug":"lujan-es-protagonista-cultural-sera-subsede-de-la-4a-edicion-del-festival-internacional-de-cine-de-la-provincia-de-buenos-aires","status":"publish","type":"post","link":"https:\/\/elciudadanodelujan.com.ar\/?p=12019","title":{"rendered":"Luj\u00e1n es protagonista cultural: ser\u00e1 subsede de la 4\u00aa edici\u00f3n del Festival Internacional de Cine de la Provincia de Buenos Aires"},"content":{"rendered":"\n<p class=\"wp-block-paragraph\"><strong>Con entrada libre y gratuita, el Centro Cultural Municipal Do\u00f1a Ana de Matos albergar\u00e1 proyecciones de lujo, estrenos nacionales y la presencia estelar de referentes de la industria cinematogr\u00e1fica como Marcelo Pi\u00f1eyro.<\/strong><\/p>\n\n\n\n<figure class=\"wp-block-image size-full\"><img loading=\"lazy\" decoding=\"async\" width=\"720\" height=\"479\" src=\"https:\/\/elciudadanodelujan.com.ar\/wp-content\/uploads\/2026\/08\/image-99.png\" alt=\"\" class=\"wp-image-12020\" srcset=\"https:\/\/elciudadanodelujan.com.ar\/wp-content\/uploads\/2026\/08\/image-99.png 720w, https:\/\/elciudadanodelujan.com.ar\/wp-content\/uploads\/2026\/08\/image-99-300x200.png 300w\" sizes=\"auto, (max-width: 720px) 100vw, 720px\" \/><\/figure>\n\n\n\n<p class=\"wp-block-paragraph\"><strong>Cuerpo de la nota:<\/strong> El Municipio de Luj\u00e1n se prepara para vivir una verdadera fiesta de la cultura y el s\u00e9ptimo arte al convertirse en una de las principales subsedes de la 4\u00aa edici\u00f3n del Festival Internacional de Cine de la Provincia de Buenos Aires (FICPBA). Las funciones se llevar\u00e1n a cabo los d\u00edas jueves 3, s\u00e1bado 5 y lunes 7 de septiembre, con entrada libre y gratuita, por orden de llegada, en las instalaciones del Centro Cultural Municipal Do\u00f1a Ana de Matos (Paseo Caleli\u00e1n 1135).<\/p>\n\n\n\n<p class=\"wp-block-paragraph\">Impulsado por el Instituto Cultural bonaerense, el festival despliega este a\u00f1o un alcance hist\u00f3rico que comprende a 60 municipios de la provincia, conectando a m\u00e1s de 100 pantallas a trav\u00e9s de la Red de Salas Bonaerenses para proyectar m\u00e1s de 200 producciones entre largometrajes, cortometrajes, estrenos internacionales y realizaciones locales.<\/p>\n\n\n\n<h3 class=\"wp-block-heading\">Cronograma de proyecciones en Luj\u00e1n<\/h3>\n\n\n\n<p class=\"wp-block-paragraph\">La programaci\u00f3n prevista para las tres jornadas en el espacio cultural local cuenta con destacados t\u00edtulos y la visita de figuras imperdibles:<\/p>\n\n\n\n<ul class=\"wp-block-list\">\n<li><strong>Jueves 3 de septiembre:<\/strong>\n<ul class=\"wp-block-list\">\n<li><strong>18:00 horas:<\/strong> Presentaci\u00f3n y lanzamiento oficial de la subsede, con la presencia de autoridades municipales, provinciales y el prestigioso director <strong>Marcelo Pi\u00f1eyro<\/strong>.<\/li>\n\n\n\n<li><strong>18:15 horas:<\/strong> Proyecci\u00f3n de la aclamada pel\u00edcula <strong><em>\u00abPlata Quemada\u00bb<\/em><\/strong>, dirigida por Marcelo Pi\u00f1eyro, enmarcada en la secci\u00f3n <em>\u201cCine y Literatura\u201d<\/em> y presentada por su propio realizador.<\/li>\n\n\n\n<li><strong>21:00 horas:<\/strong> Proyecci\u00f3n del largometraje <strong><em>\u00abWeser\u00bb<\/em><\/strong>, un docu-ficci\u00f3n de 2025 dirigido por <strong>Fernando Spiner<\/strong> (85 minutos de duraci\u00f3n), integrante de la secci\u00f3n <em>\u201cCompetencia largometraje bonaerense\u201d<\/em>.<\/li>\n<\/ul>\n<\/li>\n\n\n\n<li><strong>S\u00e1bado 5 de septiembre:<\/strong>\n<ul class=\"wp-block-list\">\n<li><strong>17:00 horas:<\/strong> Proyecci\u00f3n del largometraje documental <strong><em>\u00abLa muerte es algo que le sucede a los dem\u00e1s\u00bb<\/em><\/strong>, dirigido por <strong>Ana Garc\u00eda Blaya<\/strong> (a\u00f1o 2026, 72 minutos), perteneciente a la secci\u00f3n <em>\u201cPanorama argentino\u201d<\/em>.<\/li>\n<\/ul>\n<\/li>\n\n\n\n<li><strong>Lunes 7 de septiembre:<\/strong>\n<ul class=\"wp-block-list\">\n<li><strong>19:00 horas:<\/strong> Proyecci\u00f3n de <strong><em>\u00abLa virgen de la tosquera\u00bb<\/em><\/strong>, una ficci\u00f3n dirigida por <strong>Laura Casab\u00e9<\/strong> (98 minutos), de la secci\u00f3n <em>\u201cCine y Literatura\u201d<\/em>.<\/li>\n\n\n\n<li><strong>21:00 horas:<\/strong> Proyecci\u00f3n del largometraje documental <strong><em>\u00abSoy ella\u00bb<\/em><\/strong>, de <strong>Cecilia Pinotti<\/strong> (a\u00f1o 2026, 85 minutos), que forma parte de la <em>\u201cCompetencia Largometraje bonaerense\u201d<\/em>.<\/li>\n<\/ul>\n<\/li>\n<\/ul>\n\n\n\n<p class=\"wp-block-paragraph\">Con epicentro principal en la ciudad de La Plata del 2 al 9 de septiembre, el festival consolida a Luj\u00e1n como un polo cultural destacado en el mapa audiovisual de la provincia, ofreciendo a los vecinos un acceso privilegiado a producciones de jerarqu\u00eda internacional y nacional sin costo alguno.<\/p>\n","protected":false},"excerpt":{"rendered":"<p>Con entrada libre y gratuita, el Centro Cultural Municipal Do\u00f1a Ana de Matos albergar\u00e1 proyecciones de lujo, estrenos nacionales y la presencia estelar de referentes de la industria cinematogr\u00e1fica como&hellip; <\/p>\n","protected":false},"author":2,"featured_media":12020,"comment_status":"closed","ping_status":"closed","sticky":false,"template":"","format":"standard","meta":{"footnotes":""},"categories":[7],"tags":[],"class_list":["post-12019","post","type-post","status-publish","format-standard","has-post-thumbnail","hentry","category-cultura"],"yoast_head":"<!-- This site is optimized with the Yoast SEO plugin v28.1 - https:\/\/yoast.com\/product\/yoast-seo-wordpress\/ -->\n<title>Luj\u00e1n es protagonista cultural: ser\u00e1 subsede de la 4\u00aa edici\u00f3n del Festival Internacional de Cine de la Provincia de Buenos Aires -<\/title>\n<meta name=\"robots\" content=\"index, follow, max-snippet:-1, max-image-preview:large, max-video-preview:-1\" \/>\n<link rel=\"canonical\" href=\"https:\/\/elciudadanodelujan.com.ar\/?p=12019\" \/>\n<meta property=\"og:locale\" content=\"es_ES\" \/>\n<meta property=\"og:type\" content=\"article\" \/>\n<meta property=\"og:title\" content=\"Luj\u00e1n es protagonista cultural: ser\u00e1 subsede de la 4\u00aa edici\u00f3n del Festival Internacional de Cine de la Provincia de Buenos Aires -\" \/>\n<meta property=\"og:description\" content=\"Con entrada libre y gratuita, el Centro Cultural Municipal Do\u00f1a Ana de Matos albergar\u00e1 proyecciones de lujo, estrenos nacionales y la presencia estelar de referentes de la industria cinematogr\u00e1fica como&hellip;\" \/>\n<meta property=\"og:url\" content=\"https:\/\/elciudadanodelujan.com.ar\/?p=12019\" \/>\n<meta property=\"article:publisher\" content=\"https:\/\/www.facebook.com\/elciudadanodelujan\" \/>\n<meta property=\"article:published_time\" content=\"2026-08-31T20:25:11+00:00\" \/>\n<meta property=\"article:modified_time\" content=\"2026-08-31T20:25:30+00:00\" \/>\n<meta property=\"og:image\" content=\"https:\/\/elciudadanodelujan.com.ar\/wp-content\/uploads\/2026\/08\/image-99.png\" \/>\n\t<meta property=\"og:image:width\" content=\"720\" \/>\n\t<meta property=\"og:image:height\" content=\"479\" \/>\n\t<meta property=\"og:image:type\" content=\"image\/png\" \/>\n<meta name=\"author\" content=\"Osvaldo Cabral\" \/>\n<meta name=\"twitter:card\" content=\"summary_large_image\" \/>\n<meta name=\"twitter:label1\" content=\"Escrito por\" \/>\n\t<meta name=\"twitter:data1\" content=\"Osvaldo Cabral\" \/>\n\t<meta name=\"twitter:label2\" content=\"Tiempo de lectura\" \/>\n\t<meta name=\"twitter:data2\" content=\"3 minutos\" \/>\n<script type=\"application\/ld+json\" class=\"yoast-schema-graph\">{\"@context\":\"https:\\\/\\\/schema.org\",\"@graph\":[{\"@type\":\"Article\",\"@id\":\"https:\\\/\\\/elciudadanodelujan.com.ar\\\/?p=12019#article\",\"isPartOf\":{\"@id\":\"https:\\\/\\\/elciudadanodelujan.com.ar\\\/?p=12019\"},\"author\":{\"name\":\"Osvaldo Cabral\",\"@id\":\"https:\\\/\\\/elciudadanodelujan.com.ar\\\/#\\\/schema\\\/person\\\/5c3b2b3dd2ef6da2576c32c847a49ffa\"},\"headline\":\"Luj\u00e1n es protagonista cultural: ser\u00e1 subsede de la 4\u00aa edici\u00f3n del Festival Internacional de Cine de la Provincia de Buenos Aires\",\"datePublished\":\"2026-08-31T20:25:11+00:00\",\"dateModified\":\"2026-08-31T20:25:30+00:00\",\"mainEntityOfPage\":{\"@id\":\"https:\\\/\\\/elciudadanodelujan.com.ar\\\/?p=12019\"},\"wordCount\":444,\"publisher\":{\"@id\":\"https:\\\/\\\/elciudadanodelujan.com.ar\\\/#organization\"},\"image\":{\"@id\":\"https:\\\/\\\/elciudadanodelujan.com.ar\\\/?p=12019#primaryimage\"},\"thumbnailUrl\":\"https:\\\/\\\/elciudadanodelujan.com.ar\\\/wp-content\\\/uploads\\\/2026\\\/08\\\/image-99.png\",\"articleSection\":[\"CULTURA\"],\"inLanguage\":\"es\"},{\"@type\":\"WebPage\",\"@id\":\"https:\\\/\\\/elciudadanodelujan.com.ar\\\/?p=12019\",\"url\":\"https:\\\/\\\/elciudadanodelujan.com.ar\\\/?p=12019\",\"name\":\"Luj\u00e1n es protagonista cultural: ser\u00e1 subsede de la 4\u00aa edici\u00f3n del Festival Internacional de Cine de la Provincia de Buenos Aires -\",\"isPartOf\":{\"@id\":\"https:\\\/\\\/elciudadanodelujan.com.ar\\\/#website\"},\"primaryImageOfPage\":{\"@id\":\"https:\\\/\\\/elciudadanodelujan.com.ar\\\/?p=12019#primaryimage\"},\"image\":{\"@id\":\"https:\\\/\\\/elciudadanodelujan.com.ar\\\/?p=12019#primaryimage\"},\"thumbnailUrl\":\"https:\\\/\\\/elciudadanodelujan.com.ar\\\/wp-content\\\/uploads\\\/2026\\\/08\\\/image-99.png\",\"datePublished\":\"2026-08-31T20:25:11+00:00\",\"dateModified\":\"2026-08-31T20:25:30+00:00\",\"breadcrumb\":{\"@id\":\"https:\\\/\\\/elciudadanodelujan.com.ar\\\/?p=12019#breadcrumb\"},\"inLanguage\":\"es\",\"potentialAction\":[{\"@type\":\"ReadAction\",\"target\":[\"https:\\\/\\\/elciudadanodelujan.com.ar\\\/?p=12019\"]}]},{\"@type\":\"ImageObject\",\"inLanguage\":\"es\",\"@id\":\"https:\\\/\\\/elciudadanodelujan.com.ar\\\/?p=12019#primaryimage\",\"url\":\"https:\\\/\\\/elciudadanodelujan.com.ar\\\/wp-content\\\/uploads\\\/2026\\\/08\\\/image-99.png\",\"contentUrl\":\"https:\\\/\\\/elciudadanodelujan.com.ar\\\/wp-content\\\/uploads\\\/2026\\\/08\\\/image-99.png\",\"width\":720,\"height\":479},{\"@type\":\"BreadcrumbList\",\"@id\":\"https:\\\/\\\/elciudadanodelujan.com.ar\\\/?p=12019#breadcrumb\",\"itemListElement\":[{\"@type\":\"ListItem\",\"position\":1,\"name\":\"Home\",\"item\":\"https:\\\/\\\/elciudadanodelujan.com.ar\\\/\"},{\"@type\":\"ListItem\",\"position\":2,\"name\":\"Luj\u00e1n es protagonista cultural: ser\u00e1 subsede de la 4\u00aa edici\u00f3n del Festival Internacional de Cine de la Provincia de Buenos Aires\"}]},{\"@type\":\"WebSite\",\"@id\":\"https:\\\/\\\/elciudadanodelujan.com.ar\\\/#website\",\"url\":\"https:\\\/\\\/elciudadanodelujan.com.ar\\\/\",\"name\":\"https:\\\/\\\/elciudadanodelujan.com.ar\",\"description\":\"Noticias de inter\u00e9s general y periodismo de investigaci\u00f3n\",\"publisher\":{\"@id\":\"https:\\\/\\\/elciudadanodelujan.com.ar\\\/#organization\"},\"potentialAction\":[{\"@type\":\"SearchAction\",\"target\":{\"@type\":\"EntryPoint\",\"urlTemplate\":\"https:\\\/\\\/elciudadanodelujan.com.ar\\\/?s={search_term_string}\"},\"query-input\":{\"@type\":\"PropertyValueSpecification\",\"valueRequired\":true,\"valueName\":\"search_term_string\"}}],\"inLanguage\":\"es\"},{\"@type\":\"Organization\",\"@id\":\"https:\\\/\\\/elciudadanodelujan.com.ar\\\/#organization\",\"name\":\"El Ciudadano de Lujan\",\"url\":\"https:\\\/\\\/elciudadanodelujan.com.ar\\\/\",\"logo\":{\"@type\":\"ImageObject\",\"inLanguage\":\"es\",\"@id\":\"https:\\\/\\\/elciudadanodelujan.com.ar\\\/#\\\/schema\\\/logo\\\/image\\\/\",\"url\":\"https:\\\/\\\/elciudadanodelujan.com.ar\\\/wp-content\\\/uploads\\\/2025\\\/01\\\/logo_El_Ciudadano.jpg\",\"contentUrl\":\"https:\\\/\\\/elciudadanodelujan.com.ar\\\/wp-content\\\/uploads\\\/2025\\\/01\\\/logo_El_Ciudadano.jpg\",\"width\":500,\"height\":123,\"caption\":\"El Ciudadano de Lujan\"},\"image\":{\"@id\":\"https:\\\/\\\/elciudadanodelujan.com.ar\\\/#\\\/schema\\\/logo\\\/image\\\/\"},\"sameAs\":[\"https:\\\/\\\/www.facebook.com\\\/elciudadanodelujan\"]},{\"@type\":\"Person\",\"@id\":\"https:\\\/\\\/elciudadanodelujan.com.ar\\\/#\\\/schema\\\/person\\\/5c3b2b3dd2ef6da2576c32c847a49ffa\",\"name\":\"Osvaldo Cabral\",\"image\":{\"@type\":\"ImageObject\",\"inLanguage\":\"es\",\"@id\":\"https:\\\/\\\/secure.gravatar.com\\\/avatar\\\/c4c6a8aea430571651e7d6992bdfdff335bbe96580656f78299d10ca9a6c1ae9?s=96&d=mm&r=g\",\"url\":\"https:\\\/\\\/secure.gravatar.com\\\/avatar\\\/c4c6a8aea430571651e7d6992bdfdff335bbe96580656f78299d10ca9a6c1ae9?s=96&d=mm&r=g\",\"contentUrl\":\"https:\\\/\\\/secure.gravatar.com\\\/avatar\\\/c4c6a8aea430571651e7d6992bdfdff335bbe96580656f78299d10ca9a6c1ae9?s=96&d=mm&r=g\",\"caption\":\"Osvaldo Cabral\"},\"url\":\"https:\\\/\\\/elciudadanodelujan.com.ar\\\/?author=2\"}]}<\/script>\n<!-- \/ Yoast SEO plugin. -->","yoast_head_json":{"title":"Luj\u00e1n es protagonista cultural: ser\u00e1 subsede de la 4\u00aa edici\u00f3n del Festival Internacional de Cine de la Provincia de Buenos Aires -","robots":{"index":"index","follow":"follow","max-snippet":"max-snippet:-1","max-image-preview":"max-image-preview:large","max-video-preview":"max-video-preview:-1"},"canonical":"https:\/\/elciudadanodelujan.com.ar\/?p=12019","og_locale":"es_ES","og_type":"article","og_title":"Luj\u00e1n es protagonista cultural: ser\u00e1 subsede de la 4\u00aa edici\u00f3n del Festival Internacional de Cine de la Provincia de Buenos Aires -","og_description":"Con entrada libre y gratuita, el Centro Cultural Municipal Do\u00f1a Ana de Matos albergar\u00e1 proyecciones de lujo, estrenos nacionales y la presencia estelar de referentes de la industria cinematogr\u00e1fica como&hellip;","og_url":"https:\/\/elciudadanodelujan.com.ar\/?p=12019","article_publisher":"https:\/\/www.facebook.com\/elciudadanodelujan","article_published_time":"2026-08-31T20:25:11+00:00","article_modified_time":"2026-08-31T20:25:30+00:00","og_image":[{"width":720,"height":479,"url":"https:\/\/elciudadanodelujan.com.ar\/wp-content\/uploads\/2026\/08\/image-99.png","type":"image\/png"}],"author":"Osvaldo Cabral","twitter_card":"summary_large_image","twitter_misc":{"Escrito por":"Osvaldo Cabral","Tiempo de lectura":"3 minutos"},"schema":{"@context":"https:\/\/schema.org","@graph":[{"@type":"Article","@id":"https:\/\/elciudadanodelujan.com.ar\/?p=12019#article","isPartOf":{"@id":"https:\/\/elciudadanodelujan.com.ar\/?p=12019"},"author":{"name":"Osvaldo Cabral","@id":"https:\/\/elciudadanodelujan.com.ar\/#\/schema\/person\/5c3b2b3dd2ef6da2576c32c847a49ffa"},"headline":"Luj\u00e1n es protagonista cultural: ser\u00e1 subsede de la 4\u00aa edici\u00f3n del Festival Internacional de Cine de la Provincia de Buenos Aires","datePublished":"2026-08-31T20:25:11+00:00","dateModified":"2026-08-31T20:25:30+00:00","mainEntityOfPage":{"@id":"https:\/\/elciudadanodelujan.com.ar\/?p=12019"},"wordCount":444,"publisher":{"@id":"https:\/\/elciudadanodelujan.com.ar\/#organization"},"image":{"@id":"https:\/\/elciudadanodelujan.com.ar\/?p=12019#primaryimage"},"thumbnailUrl":"https:\/\/elciudadanodelujan.com.ar\/wp-content\/uploads\/2026\/08\/image-99.png","articleSection":["CULTURA"],"inLanguage":"es"},{"@type":"WebPage","@id":"https:\/\/elciudadanodelujan.com.ar\/?p=12019","url":"https:\/\/elciudadanodelujan.com.ar\/?p=12019","name":"Luj\u00e1n es protagonista cultural: ser\u00e1 subsede de la 4\u00aa edici\u00f3n del Festival Internacional de Cine de la Provincia de Buenos Aires -","isPartOf":{"@id":"https:\/\/elciudadanodelujan.com.ar\/#website"},"primaryImageOfPage":{"@id":"https:\/\/elciudadanodelujan.com.ar\/?p=12019#primaryimage"},"image":{"@id":"https:\/\/elciudadanodelujan.com.ar\/?p=12019#primaryimage"},"thumbnailUrl":"https:\/\/elciudadanodelujan.com.ar\/wp-content\/uploads\/2026\/08\/image-99.png","datePublished":"2026-08-31T20:25:11+00:00","dateModified":"2026-08-31T20:25:30+00:00","breadcrumb":{"@id":"https:\/\/elciudadanodelujan.com.ar\/?p=12019#breadcrumb"},"inLanguage":"es","potentialAction":[{"@type":"ReadAction","target":["https:\/\/elciudadanodelujan.com.ar\/?p=12019"]}]},{"@type":"ImageObject","inLanguage":"es","@id":"https:\/\/elciudadanodelujan.com.ar\/?p=12019#primaryimage","url":"https:\/\/elciudadanodelujan.com.ar\/wp-content\/uploads\/2026\/08\/image-99.png","contentUrl":"https:\/\/elciudadanodelujan.com.ar\/wp-content\/uploads\/2026\/08\/image-99.png","width":720,"height":479},{"@type":"BreadcrumbList","@id":"https:\/\/elciudadanodelujan.com.ar\/?p=12019#breadcrumb","itemListElement":[{"@type":"ListItem","position":1,"name":"Home","item":"https:\/\/elciudadanodelujan.com.ar\/"},{"@type":"ListItem","position":2,"name":"Luj\u00e1n es protagonista cultural: ser\u00e1 subsede de la 4\u00aa edici\u00f3n del Festival Internacional de Cine de la Provincia de Buenos Aires"}]},{"@type":"WebSite","@id":"https:\/\/elciudadanodelujan.com.ar\/#website","url":"https:\/\/elciudadanodelujan.com.ar\/","name":"https:\/\/elciudadanodelujan.com.ar","description":"Noticias de inter\u00e9s general y periodismo de investigaci\u00f3n","publisher":{"@id":"https:\/\/elciudadanodelujan.com.ar\/#organization"},"potentialAction":[{"@type":"SearchAction","target":{"@type":"EntryPoint","urlTemplate":"https:\/\/elciudadanodelujan.com.ar\/?s={search_term_string}"},"query-input":{"@type":"PropertyValueSpecification","valueRequired":true,"valueName":"search_term_string"}}],"inLanguage":"es"},{"@type":"Organization","@id":"https:\/\/elciudadanodelujan.com.ar\/#organization","name":"El Ciudadano de Lujan","url":"https:\/\/elciudadanodelujan.com.ar\/","logo":{"@type":"ImageObject","inLanguage":"es","@id":"https:\/\/elciudadanodelujan.com.ar\/#\/schema\/logo\/image\/","url":"https:\/\/elciudadanodelujan.com.ar\/wp-content\/uploads\/2025\/01\/logo_El_Ciudadano.jpg","contentUrl":"https:\/\/elciudadanodelujan.com.ar\/wp-content\/uploads\/2025\/01\/logo_El_Ciudadano.jpg","width":500,"height":123,"caption":"El Ciudadano de Lujan"},"image":{"@id":"https:\/\/elciudadanodelujan.com.ar\/#\/schema\/logo\/image\/"},"sameAs":["https:\/\/www.facebook.com\/elciudadanodelujan"]},{"@type":"Person","@id":"https:\/\/elciudadanodelujan.com.ar\/#\/schema\/person\/5c3b2b3dd2ef6da2576c32c847a49ffa","name":"Osvaldo Cabral","image":{"@type":"ImageObject","inLanguage":"es","@id":"https:\/\/secure.gravatar.com\/avatar\/c4c6a8aea430571651e7d6992bdfdff335bbe96580656f78299d10ca9a6c1ae9?s=96&d=mm&r=g","url":"https:\/\/secure.gravatar.com\/avatar\/c4c6a8aea430571651e7d6992bdfdff335bbe96580656f78299d10ca9a6c1ae9?s=96&d=mm&r=g","contentUrl":"https:\/\/secure.gravatar.com\/avatar\/c4c6a8aea430571651e7d6992bdfdff335bbe96580656f78299d10ca9a6c1ae9?s=96&d=mm&r=g","caption":"Osvaldo Cabral"},"url":"https:\/\/elciudadanodelujan.com.ar\/?author=2"}]}},"_links":{"self":[{"href":"https:\/\/elciudadanodelujan.com.ar\/index.php?rest_route=\/wp\/v2\/posts\/12019","targetHints":{"allow":["GET"]}}],"collection":[{"href":"https:\/\/elciudadanodelujan.com.ar\/index.php?rest_route=\/wp\/v2\/posts"}],"about":[{"href":"https:\/\/elciudadanodelujan.com.ar\/index.php?rest_route=\/wp\/v2\/types\/post"}],"author":[{"embeddable":true,"href":"https:\/\/elciudadanodelujan.com.ar\/index.php?rest_route=\/wp\/v2\/users\/2"}],"replies":[{"embeddable":true,"href":"https:\/\/elciudadanodelujan.com.ar\/index.php?rest_route=%2Fwp%2Fv2%2Fcomments&post=12019"}],"version-history":[{"count":1,"href":"https:\/\/elciudadanodelujan.com.ar\/index.php?rest_route=\/wp\/v2\/posts\/12019\/revisions"}],"predecessor-version":[{"id":12021,"href":"https:\/\/elciudadanodelujan.com.ar\/index.php?rest_route=\/wp\/v2\/posts\/12019\/revisions\/12021"}],"wp:featuredmedia":[{"embeddable":true,"href":"https:\/\/elciudadanodelujan.com.ar\/index.php?rest_route=\/wp\/v2\/media\/12020"}],"wp:attachment":[{"href":"https:\/\/elciudadanodelujan.com.ar\/index.php?rest_route=%2Fwp%2Fv2%2Fmedia&parent=12019"}],"wp:term":[{"taxonomy":"category","embeddable":true,"href":"https:\/\/elciudadanodelujan.com.ar\/index.php?rest_route=%2Fwp%2Fv2%2Fcategories&post=12019"},{"taxonomy":"post_tag","embeddable":true,"href":"https:\/\/elciudadanodelujan.com.ar\/index.php?rest_route=%2Fwp%2Fv2%2Ftags&post=12019"}],"curies":[{"name":"wp","href":"https:\/\/api.w.org\/{rel}","templated":true}]}}