{"id":12015,"date":"2026-08-31T17:22:46","date_gmt":"2026-08-31T20:22:46","guid":{"rendered":"https:\/\/elciudadanodelujan.com.ar\/?p=12015"},"modified":"2026-08-31T17:23:14","modified_gmt":"2026-08-31T20:23:14","slug":"cuidado-animal-y-prevencion-el-municipio-difundio-el-cronograma-de-la-campana-de-vacunacion-antirrabica-para-septiembre","status":"publish","type":"post","link":"https:\/\/elciudadanodelujan.com.ar\/?p=12015","title":{"rendered":"Cuidado animal y prevenci\u00f3n: el Municipio difundi\u00f3 el cronograma de la Campa\u00f1a de Vacunaci\u00f3n Antirr\u00e1bica para septiembre"},"content":{"rendered":"\n<p class=\"wp-block-paragraph\"><strong>Con m\u00e1s de un millar de aplicaciones mensuales, la iniciativa de Zoonosis recorrer\u00e1 distintos barrios y localidades del partido para garantizar la protecci\u00f3n sanitaria gratuita de mascotas, reforzando el compromiso con la salud comunitaria.<\/strong><\/p>\n\n\n\n<figure class=\"wp-block-image size-full\"><img loading=\"lazy\" decoding=\"async\" width=\"862\" height=\"571\" src=\"https:\/\/elciudadanodelujan.com.ar\/wp-content\/uploads\/2026\/08\/image-98.png\" alt=\"\" class=\"wp-image-12016\" srcset=\"https:\/\/elciudadanodelujan.com.ar\/wp-content\/uploads\/2026\/08\/image-98.png 862w, https:\/\/elciudadanodelujan.com.ar\/wp-content\/uploads\/2026\/08\/image-98-300x199.png 300w, https:\/\/elciudadanodelujan.com.ar\/wp-content\/uploads\/2026\/08\/image-98-767x508.png 767w\" sizes=\"auto, (max-width: 862px) 100vw, 862px\" \/><\/figure>\n\n\n\n<p class=\"wp-block-paragraph\"><strong>Cuerpo de la nota:<\/strong> El Municipio de Luj\u00e1n dio a conocer el cronograma oficial de la Campa\u00f1a de Vacunaci\u00f3n Antirr\u00e1bica gratuita que se llevar\u00e1 adelante durante el mes de septiembre, consolidando una pol\u00edtica p\u00fablica sostenida que alcanza m\u00e1s de 1.000 aplicaciones mensuales y acerca prestaciones sanitarias esenciales a cada rinc\u00f3n del distrito.<\/p>\n\n\n\n<p class=\"wp-block-paragraph\">La vacunaci\u00f3n antirr\u00e1bica constituye una herramienta fundamental de prevenci\u00f3n en materia de salud p\u00fablica, protegiendo tanto a los animales de compa\u00f1\u00eda como a las personas frente a una enfermedad de alto riesgo. En este marco, las jornadas se desarrollar\u00e1n en el horario de 10 a 13 horas, de acuerdo al siguiente detalle:<\/p>\n\n\n\n<ul class=\"wp-block-list\">\n<li><strong>Martes 1\u00b0 de septiembre:<\/strong> Sociedad de Fomento del barrio Constantini (Santa Clara y Galileo).<\/li>\n\n\n\n<li><strong>Jueves 3 de septiembre:<\/strong> Sociedad de Fomento del barrio San Cayetano (Alsina y Saavedra).<\/li>\n\n\n\n<li><strong>Martes 8 de septiembre:<\/strong> Polideportivo municipal.<\/li>\n\n\n\n<li><strong>Jueves 10 de septiembre:<\/strong> Plazoleta Estaci\u00f3n Bas\u00edlica (Italia y Barnech).<\/li>\n\n\n\n<li><strong>Martes 15 de septiembre:<\/strong> Tanque de agua (San Mart\u00edn y Leiva).<\/li>\n\n\n\n<li><strong>Jueves 17 de septiembre:<\/strong> Ex-cancha de la liga (Francia y Cervantes).<\/li>\n\n\n\n<li><strong>Martes 22 de septiembre:<\/strong> Localidad de Olivera &#8211; Delegaci\u00f3n Municipal (Martin Gil y Santa Fe).<\/li>\n\n\n\n<li><strong>Martes 29 de septiembre:<\/strong> Localidad de Olivera &#8211; Jard\u00edn de Infantes 928 (Boulogne Sur Mer y J. Newbery).<\/li>\n<\/ul>\n\n\n\n<p class=\"wp-block-paragraph\">Desde el \u00e1rea comunal recordaron que la asistencia a las jornadas requiere cumplir con las medidas de seguridad adecuadas para el traslado de cada animal. En el caso de los caninos, es obligatorio concurrir con collar, correa y bozal; mientras que para felinos y hurones se solicita el uso de bolsa de red o jaula de transporte. Asimismo, se indic\u00f3 que las fechas previstas se encuentran sujetas a posibles modificaciones de acuerdo a las condiciones clim\u00e1ticas imperantes.<\/p>\n\n\n\n<p class=\"wp-block-paragraph\">Con estas acciones, el Municipio contin\u00faa fortaleciendo las estrategias de Zoonosis y tenencia responsable, entendiendo que el cuidado integral de la salud animal redunda directamente en una mejor calidad de vida para toda la comunidad lujanense.<\/p>\n","protected":false},"excerpt":{"rendered":"<p>Con m\u00e1s de un millar de aplicaciones mensuales, la iniciativa de Zoonosis recorrer\u00e1 distintos barrios y localidades del partido para garantizar la protecci\u00f3n sanitaria gratuita de mascotas, reforzando el compromiso&hellip; <\/p>\n","protected":false},"author":2,"featured_media":12016,"comment_status":"closed","ping_status":"closed","sticky":false,"template":"","format":"standard","meta":{"footnotes":""},"categories":[5],"tags":[],"class_list":["post-12015","post","type-post","status-publish","format-standard","has-post-thumbnail","hentry","category-salud"],"yoast_head":"<!-- This site is optimized with the Yoast SEO plugin v28.1 - https:\/\/yoast.com\/product\/yoast-seo-wordpress\/ -->\n<title>Cuidado animal y prevenci\u00f3n: el Municipio difundi\u00f3 el cronograma de la Campa\u00f1a de Vacunaci\u00f3n Antirr\u00e1bica para septiembre -<\/title>\n<meta name=\"robots\" content=\"index, follow, max-snippet:-1, max-image-preview:large, max-video-preview:-1\" \/>\n<link rel=\"canonical\" href=\"https:\/\/elciudadanodelujan.com.ar\/?p=12015\" \/>\n<meta property=\"og:locale\" content=\"es_ES\" \/>\n<meta property=\"og:type\" content=\"article\" \/>\n<meta property=\"og:title\" content=\"Cuidado animal y prevenci\u00f3n: el Municipio difundi\u00f3 el cronograma de la Campa\u00f1a de Vacunaci\u00f3n Antirr\u00e1bica para septiembre -\" \/>\n<meta property=\"og:description\" content=\"Con m\u00e1s de un millar de aplicaciones mensuales, la iniciativa de Zoonosis recorrer\u00e1 distintos barrios y localidades del partido para garantizar la protecci\u00f3n sanitaria gratuita de mascotas, reforzando el compromiso&hellip;\" \/>\n<meta property=\"og:url\" content=\"https:\/\/elciudadanodelujan.com.ar\/?p=12015\" \/>\n<meta property=\"article:publisher\" content=\"https:\/\/www.facebook.com\/elciudadanodelujan\" \/>\n<meta property=\"article:published_time\" content=\"2026-08-31T20:22:46+00:00\" \/>\n<meta property=\"article:modified_time\" content=\"2026-08-31T20:23:14+00:00\" \/>\n<meta property=\"og:image\" content=\"https:\/\/elciudadanodelujan.com.ar\/wp-content\/uploads\/2026\/08\/image-98.png\" \/>\n\t<meta property=\"og:image:width\" content=\"862\" \/>\n\t<meta property=\"og:image:height\" content=\"571\" \/>\n\t<meta property=\"og:image:type\" content=\"image\/png\" \/>\n<meta name=\"author\" content=\"Osvaldo Cabral\" \/>\n<meta name=\"twitter:card\" content=\"summary_large_image\" \/>\n<meta name=\"twitter:label1\" content=\"Escrito por\" \/>\n\t<meta name=\"twitter:data1\" content=\"Osvaldo Cabral\" \/>\n\t<meta name=\"twitter:label2\" content=\"Tiempo de lectura\" \/>\n\t<meta name=\"twitter:data2\" content=\"2 minutos\" \/>\n<script type=\"application\/ld+json\" class=\"yoast-schema-graph\">{\"@context\":\"https:\\\/\\\/schema.org\",\"@graph\":[{\"@type\":\"Article\",\"@id\":\"https:\\\/\\\/elciudadanodelujan.com.ar\\\/?p=12015#article\",\"isPartOf\":{\"@id\":\"https:\\\/\\\/elciudadanodelujan.com.ar\\\/?p=12015\"},\"author\":{\"name\":\"Osvaldo Cabral\",\"@id\":\"https:\\\/\\\/elciudadanodelujan.com.ar\\\/#\\\/schema\\\/person\\\/5c3b2b3dd2ef6da2576c32c847a49ffa\"},\"headline\":\"Cuidado animal y prevenci\u00f3n: el Municipio difundi\u00f3 el cronograma de la Campa\u00f1a de Vacunaci\u00f3n Antirr\u00e1bica para septiembre\",\"datePublished\":\"2026-08-31T20:22:46+00:00\",\"dateModified\":\"2026-08-31T20:23:14+00:00\",\"mainEntityOfPage\":{\"@id\":\"https:\\\/\\\/elciudadanodelujan.com.ar\\\/?p=12015\"},\"wordCount\":382,\"publisher\":{\"@id\":\"https:\\\/\\\/elciudadanodelujan.com.ar\\\/#organization\"},\"image\":{\"@id\":\"https:\\\/\\\/elciudadanodelujan.com.ar\\\/?p=12015#primaryimage\"},\"thumbnailUrl\":\"https:\\\/\\\/elciudadanodelujan.com.ar\\\/wp-content\\\/uploads\\\/2026\\\/08\\\/image-98.png\",\"articleSection\":[\"SALUD\"],\"inLanguage\":\"es\"},{\"@type\":\"WebPage\",\"@id\":\"https:\\\/\\\/elciudadanodelujan.com.ar\\\/?p=12015\",\"url\":\"https:\\\/\\\/elciudadanodelujan.com.ar\\\/?p=12015\",\"name\":\"Cuidado animal y prevenci\u00f3n: el Municipio difundi\u00f3 el cronograma de la Campa\u00f1a de Vacunaci\u00f3n Antirr\u00e1bica para septiembre -\",\"isPartOf\":{\"@id\":\"https:\\\/\\\/elciudadanodelujan.com.ar\\\/#website\"},\"primaryImageOfPage\":{\"@id\":\"https:\\\/\\\/elciudadanodelujan.com.ar\\\/?p=12015#primaryimage\"},\"image\":{\"@id\":\"https:\\\/\\\/elciudadanodelujan.com.ar\\\/?p=12015#primaryimage\"},\"thumbnailUrl\":\"https:\\\/\\\/elciudadanodelujan.com.ar\\\/wp-content\\\/uploads\\\/2026\\\/08\\\/image-98.png\",\"datePublished\":\"2026-08-31T20:22:46+00:00\",\"dateModified\":\"2026-08-31T20:23:14+00:00\",\"breadcrumb\":{\"@id\":\"https:\\\/\\\/elciudadanodelujan.com.ar\\\/?p=12015#breadcrumb\"},\"inLanguage\":\"es\",\"potentialAction\":[{\"@type\":\"ReadAction\",\"target\":[\"https:\\\/\\\/elciudadanodelujan.com.ar\\\/?p=12015\"]}]},{\"@type\":\"ImageObject\",\"inLanguage\":\"es\",\"@id\":\"https:\\\/\\\/elciudadanodelujan.com.ar\\\/?p=12015#primaryimage\",\"url\":\"https:\\\/\\\/elciudadanodelujan.com.ar\\\/wp-content\\\/uploads\\\/2026\\\/08\\\/image-98.png\",\"contentUrl\":\"https:\\\/\\\/elciudadanodelujan.com.ar\\\/wp-content\\\/uploads\\\/2026\\\/08\\\/image-98.png\",\"width\":862,\"height\":571},{\"@type\":\"BreadcrumbList\",\"@id\":\"https:\\\/\\\/elciudadanodelujan.com.ar\\\/?p=12015#breadcrumb\",\"itemListElement\":[{\"@type\":\"ListItem\",\"position\":1,\"name\":\"Home\",\"item\":\"https:\\\/\\\/elciudadanodelujan.com.ar\\\/\"},{\"@type\":\"ListItem\",\"position\":2,\"name\":\"Cuidado animal y prevenci\u00f3n: el Municipio difundi\u00f3 el cronograma de la Campa\u00f1a de Vacunaci\u00f3n Antirr\u00e1bica para septiembre\"}]},{\"@type\":\"WebSite\",\"@id\":\"https:\\\/\\\/elciudadanodelujan.com.ar\\\/#website\",\"url\":\"https:\\\/\\\/elciudadanodelujan.com.ar\\\/\",\"name\":\"https:\\\/\\\/elciudadanodelujan.com.ar\",\"description\":\"Noticias de inter\u00e9s general y periodismo de investigaci\u00f3n\",\"publisher\":{\"@id\":\"https:\\\/\\\/elciudadanodelujan.com.ar\\\/#organization\"},\"potentialAction\":[{\"@type\":\"SearchAction\",\"target\":{\"@type\":\"EntryPoint\",\"urlTemplate\":\"https:\\\/\\\/elciudadanodelujan.com.ar\\\/?s={search_term_string}\"},\"query-input\":{\"@type\":\"PropertyValueSpecification\",\"valueRequired\":true,\"valueName\":\"search_term_string\"}}],\"inLanguage\":\"es\"},{\"@type\":\"Organization\",\"@id\":\"https:\\\/\\\/elciudadanodelujan.com.ar\\\/#organization\",\"name\":\"El Ciudadano de Lujan\",\"url\":\"https:\\\/\\\/elciudadanodelujan.com.ar\\\/\",\"logo\":{\"@type\":\"ImageObject\",\"inLanguage\":\"es\",\"@id\":\"https:\\\/\\\/elciudadanodelujan.com.ar\\\/#\\\/schema\\\/logo\\\/image\\\/\",\"url\":\"https:\\\/\\\/elciudadanodelujan.com.ar\\\/wp-content\\\/uploads\\\/2025\\\/01\\\/logo_El_Ciudadano.jpg\",\"contentUrl\":\"https:\\\/\\\/elciudadanodelujan.com.ar\\\/wp-content\\\/uploads\\\/2025\\\/01\\\/logo_El_Ciudadano.jpg\",\"width\":500,\"height\":123,\"caption\":\"El Ciudadano de Lujan\"},\"image\":{\"@id\":\"https:\\\/\\\/elciudadanodelujan.com.ar\\\/#\\\/schema\\\/logo\\\/image\\\/\"},\"sameAs\":[\"https:\\\/\\\/www.facebook.com\\\/elciudadanodelujan\"]},{\"@type\":\"Person\",\"@id\":\"https:\\\/\\\/elciudadanodelujan.com.ar\\\/#\\\/schema\\\/person\\\/5c3b2b3dd2ef6da2576c32c847a49ffa\",\"name\":\"Osvaldo Cabral\",\"image\":{\"@type\":\"ImageObject\",\"inLanguage\":\"es\",\"@id\":\"https:\\\/\\\/secure.gravatar.com\\\/avatar\\\/c4c6a8aea430571651e7d6992bdfdff335bbe96580656f78299d10ca9a6c1ae9?s=96&d=mm&r=g\",\"url\":\"https:\\\/\\\/secure.gravatar.com\\\/avatar\\\/c4c6a8aea430571651e7d6992bdfdff335bbe96580656f78299d10ca9a6c1ae9?s=96&d=mm&r=g\",\"contentUrl\":\"https:\\\/\\\/secure.gravatar.com\\\/avatar\\\/c4c6a8aea430571651e7d6992bdfdff335bbe96580656f78299d10ca9a6c1ae9?s=96&d=mm&r=g\",\"caption\":\"Osvaldo Cabral\"},\"url\":\"https:\\\/\\\/elciudadanodelujan.com.ar\\\/?author=2\"}]}<\/script>\n<!-- \/ Yoast SEO plugin. -->","yoast_head_json":{"title":"Cuidado animal y prevenci\u00f3n: el Municipio difundi\u00f3 el cronograma de la Campa\u00f1a de Vacunaci\u00f3n Antirr\u00e1bica para septiembre -","robots":{"index":"index","follow":"follow","max-snippet":"max-snippet:-1","max-image-preview":"max-image-preview:large","max-video-preview":"max-video-preview:-1"},"canonical":"https:\/\/elciudadanodelujan.com.ar\/?p=12015","og_locale":"es_ES","og_type":"article","og_title":"Cuidado animal y prevenci\u00f3n: el Municipio difundi\u00f3 el cronograma de la Campa\u00f1a de Vacunaci\u00f3n Antirr\u00e1bica para septiembre -","og_description":"Con m\u00e1s de un millar de aplicaciones mensuales, la iniciativa de Zoonosis recorrer\u00e1 distintos barrios y localidades del partido para garantizar la protecci\u00f3n sanitaria gratuita de mascotas, reforzando el compromiso&hellip;","og_url":"https:\/\/elciudadanodelujan.com.ar\/?p=12015","article_publisher":"https:\/\/www.facebook.com\/elciudadanodelujan","article_published_time":"2026-08-31T20:22:46+00:00","article_modified_time":"2026-08-31T20:23:14+00:00","og_image":[{"width":862,"height":571,"url":"https:\/\/elciudadanodelujan.com.ar\/wp-content\/uploads\/2026\/08\/image-98.png","type":"image\/png"}],"author":"Osvaldo Cabral","twitter_card":"summary_large_image","twitter_misc":{"Escrito por":"Osvaldo Cabral","Tiempo de lectura":"2 minutos"},"schema":{"@context":"https:\/\/schema.org","@graph":[{"@type":"Article","@id":"https:\/\/elciudadanodelujan.com.ar\/?p=12015#article","isPartOf":{"@id":"https:\/\/elciudadanodelujan.com.ar\/?p=12015"},"author":{"name":"Osvaldo Cabral","@id":"https:\/\/elciudadanodelujan.com.ar\/#\/schema\/person\/5c3b2b3dd2ef6da2576c32c847a49ffa"},"headline":"Cuidado animal y prevenci\u00f3n: el Municipio difundi\u00f3 el cronograma de la Campa\u00f1a de Vacunaci\u00f3n Antirr\u00e1bica para septiembre","datePublished":"2026-08-31T20:22:46+00:00","dateModified":"2026-08-31T20:23:14+00:00","mainEntityOfPage":{"@id":"https:\/\/elciudadanodelujan.com.ar\/?p=12015"},"wordCount":382,"publisher":{"@id":"https:\/\/elciudadanodelujan.com.ar\/#organization"},"image":{"@id":"https:\/\/elciudadanodelujan.com.ar\/?p=12015#primaryimage"},"thumbnailUrl":"https:\/\/elciudadanodelujan.com.ar\/wp-content\/uploads\/2026\/08\/image-98.png","articleSection":["SALUD"],"inLanguage":"es"},{"@type":"WebPage","@id":"https:\/\/elciudadanodelujan.com.ar\/?p=12015","url":"https:\/\/elciudadanodelujan.com.ar\/?p=12015","name":"Cuidado animal y prevenci\u00f3n: el Municipio difundi\u00f3 el cronograma de la Campa\u00f1a de Vacunaci\u00f3n Antirr\u00e1bica para septiembre -","isPartOf":{"@id":"https:\/\/elciudadanodelujan.com.ar\/#website"},"primaryImageOfPage":{"@id":"https:\/\/elciudadanodelujan.com.ar\/?p=12015#primaryimage"},"image":{"@id":"https:\/\/elciudadanodelujan.com.ar\/?p=12015#primaryimage"},"thumbnailUrl":"https:\/\/elciudadanodelujan.com.ar\/wp-content\/uploads\/2026\/08\/image-98.png","datePublished":"2026-08-31T20:22:46+00:00","dateModified":"2026-08-31T20:23:14+00:00","breadcrumb":{"@id":"https:\/\/elciudadanodelujan.com.ar\/?p=12015#breadcrumb"},"inLanguage":"es","potentialAction":[{"@type":"ReadAction","target":["https:\/\/elciudadanodelujan.com.ar\/?p=12015"]}]},{"@type":"ImageObject","inLanguage":"es","@id":"https:\/\/elciudadanodelujan.com.ar\/?p=12015#primaryimage","url":"https:\/\/elciudadanodelujan.com.ar\/wp-content\/uploads\/2026\/08\/image-98.png","contentUrl":"https:\/\/elciudadanodelujan.com.ar\/wp-content\/uploads\/2026\/08\/image-98.png","width":862,"height":571},{"@type":"BreadcrumbList","@id":"https:\/\/elciudadanodelujan.com.ar\/?p=12015#breadcrumb","itemListElement":[{"@type":"ListItem","position":1,"name":"Home","item":"https:\/\/elciudadanodelujan.com.ar\/"},{"@type":"ListItem","position":2,"name":"Cuidado animal y prevenci\u00f3n: el Municipio difundi\u00f3 el cronograma de la Campa\u00f1a de Vacunaci\u00f3n Antirr\u00e1bica para septiembre"}]},{"@type":"WebSite","@id":"https:\/\/elciudadanodelujan.com.ar\/#website","url":"https:\/\/elciudadanodelujan.com.ar\/","name":"https:\/\/elciudadanodelujan.com.ar","description":"Noticias de inter\u00e9s general y periodismo de investigaci\u00f3n","publisher":{"@id":"https:\/\/elciudadanodelujan.com.ar\/#organization"},"potentialAction":[{"@type":"SearchAction","target":{"@type":"EntryPoint","urlTemplate":"https:\/\/elciudadanodelujan.com.ar\/?s={search_term_string}"},"query-input":{"@type":"PropertyValueSpecification","valueRequired":true,"valueName":"search_term_string"}}],"inLanguage":"es"},{"@type":"Organization","@id":"https:\/\/elciudadanodelujan.com.ar\/#organization","name":"El Ciudadano de Lujan","url":"https:\/\/elciudadanodelujan.com.ar\/","logo":{"@type":"ImageObject","inLanguage":"es","@id":"https:\/\/elciudadanodelujan.com.ar\/#\/schema\/logo\/image\/","url":"https:\/\/elciudadanodelujan.com.ar\/wp-content\/uploads\/2025\/01\/logo_El_Ciudadano.jpg","contentUrl":"https:\/\/elciudadanodelujan.com.ar\/wp-content\/uploads\/2025\/01\/logo_El_Ciudadano.jpg","width":500,"height":123,"caption":"El Ciudadano de Lujan"},"image":{"@id":"https:\/\/elciudadanodelujan.com.ar\/#\/schema\/logo\/image\/"},"sameAs":["https:\/\/www.facebook.com\/elciudadanodelujan"]},{"@type":"Person","@id":"https:\/\/elciudadanodelujan.com.ar\/#\/schema\/person\/5c3b2b3dd2ef6da2576c32c847a49ffa","name":"Osvaldo Cabral","image":{"@type":"ImageObject","inLanguage":"es","@id":"https:\/\/secure.gravatar.com\/avatar\/c4c6a8aea430571651e7d6992bdfdff335bbe96580656f78299d10ca9a6c1ae9?s=96&d=mm&r=g","url":"https:\/\/secure.gravatar.com\/avatar\/c4c6a8aea430571651e7d6992bdfdff335bbe96580656f78299d10ca9a6c1ae9?s=96&d=mm&r=g","contentUrl":"https:\/\/secure.gravatar.com\/avatar\/c4c6a8aea430571651e7d6992bdfdff335bbe96580656f78299d10ca9a6c1ae9?s=96&d=mm&r=g","caption":"Osvaldo Cabral"},"url":"https:\/\/elciudadanodelujan.com.ar\/?author=2"}]}},"_links":{"self":[{"href":"https:\/\/elciudadanodelujan.com.ar\/index.php?rest_route=\/wp\/v2\/posts\/12015","targetHints":{"allow":["GET"]}}],"collection":[{"href":"https:\/\/elciudadanodelujan.com.ar\/index.php?rest_route=\/wp\/v2\/posts"}],"about":[{"href":"https:\/\/elciudadanodelujan.com.ar\/index.php?rest_route=\/wp\/v2\/types\/post"}],"author":[{"embeddable":true,"href":"https:\/\/elciudadanodelujan.com.ar\/index.php?rest_route=\/wp\/v2\/users\/2"}],"replies":[{"embeddable":true,"href":"https:\/\/elciudadanodelujan.com.ar\/index.php?rest_route=%2Fwp%2Fv2%2Fcomments&post=12015"}],"version-history":[{"count":1,"href":"https:\/\/elciudadanodelujan.com.ar\/index.php?rest_route=\/wp\/v2\/posts\/12015\/revisions"}],"predecessor-version":[{"id":12017,"href":"https:\/\/elciudadanodelujan.com.ar\/index.php?rest_route=\/wp\/v2\/posts\/12015\/revisions\/12017"}],"wp:featuredmedia":[{"embeddable":true,"href":"https:\/\/elciudadanodelujan.com.ar\/index.php?rest_route=\/wp\/v2\/media\/12016"}],"wp:attachment":[{"href":"https:\/\/elciudadanodelujan.com.ar\/index.php?rest_route=%2Fwp%2Fv2%2Fmedia&parent=12015"}],"wp:term":[{"taxonomy":"category","embeddable":true,"href":"https:\/\/elciudadanodelujan.com.ar\/index.php?rest_route=%2Fwp%2Fv2%2Fcategories&post=12015"},{"taxonomy":"post_tag","embeddable":true,"href":"https:\/\/elciudadanodelujan.com.ar\/index.php?rest_route=%2Fwp%2Fv2%2Ftags&post=12015"}],"curies":[{"name":"wp","href":"https:\/\/api.w.org\/{rel}","templated":true}]}}