{"id":12012,"date":"2026-08-31T17:20:32","date_gmt":"2026-08-31T20:20:32","guid":{"rendered":"https:\/\/elciudadanodelujan.com.ar\/?p=12012"},"modified":"2026-08-31T17:20:57","modified_gmt":"2026-08-31T20:20:57","slug":"el-teatro-municipal-trinidad-guevara-presenta-su-programacion-de-septiembre","status":"publish","type":"post","link":"https:\/\/elciudadanodelujan.com.ar\/?p=12012","title":{"rendered":"El Teatro Municipal Trinidad Guevara presenta su programaci\u00f3n de septiembre"},"content":{"rendered":"\n<h1 class=\"wp-block-heading\">Con una cartelera que re\u00fane teatro, m\u00fasica, danza, stand up y propuestas para distintos p\u00fablicos, el Teatro Municipal Trinidad Guevara presenta su programaci\u00f3n de septiembre con espect\u00e1culos de artistas locales y nacionales.<\/h1>\n\n\n\n<figure class=\"wp-block-image size-full\"><img loading=\"lazy\" decoding=\"async\" width=\"811\" height=\"614\" src=\"https:\/\/elciudadanodelujan.com.ar\/wp-content\/uploads\/2026\/08\/image-97.png\" alt=\"\" class=\"wp-image-12013\" srcset=\"https:\/\/elciudadanodelujan.com.ar\/wp-content\/uploads\/2026\/08\/image-97.png 811w, https:\/\/elciudadanodelujan.com.ar\/wp-content\/uploads\/2026\/08\/image-97-300x227.png 300w, https:\/\/elciudadanodelujan.com.ar\/wp-content\/uploads\/2026\/08\/image-97-767x581.png 767w\" sizes=\"auto, (max-width: 811px) 100vw, 811px\" \/><\/figure>\n\n\n\n<h2 class=\"wp-block-heading\">Durante el mes habr\u00e1 obras de teatro, shows musicales, propuestas de humor, espect\u00e1culos de danza y actividades organizadas junto a instituciones y artistas de la ciudad.<\/h2>\n\n\n\n<h2 class=\"wp-block-heading\">Programaci\u00f3n de septiembre<\/h2>\n\n\n\n<h3 class=\"wp-block-heading\">Jueves 3 \u2013 20:00 horas<\/h3>\n\n\n\n<h2 class=\"wp-block-heading\"><a href=\"http:\/\/1.er\/\" target=\"_blank\" rel=\"noopener\">1.er<\/a> Encuentro de Orquestas de Tango de Luj\u00e1n<br>Show musical \u2013 Orquesta Municipal de Tango<br>El primer Encuentro de Orquestas de Tango reunir\u00e1 a distintas formaciones, m\u00fasicos y estudiantes vinculados al tango. Como cierre, todos los participantes formar\u00e1n una gran orquesta para interpretar juntos una obra preparada especialmente para la ocasi\u00f3n.<br>Entrada gratuita (boleter\u00eda presencial)<\/h2>\n\n\n\n<h3 class=\"wp-block-heading\">Viernes 4 \u2013 17:00 horas<\/h3>\n\n\n\n<h2 class=\"wp-block-heading\">Ar\u00edstida: Conectando Almas<br>M\u00e9dium \/ Vidente<br>Ar\u00edstida presenta una propuesta vinculada a la mediumnidad, la videncia y la conexi\u00f3n espiritual.<br>$40.000 (boleter\u00eda presencial y virtual)<\/h2>\n\n\n\n<h3 class=\"wp-block-heading\">Viernes 4 \u2013 21:00 horas<\/h3>\n\n\n\n<h2 class=\"wp-block-heading\">Gabriela Acher \u2013 \u00bfQu\u00e9 hace una chica como yo en una edad como esta?<br>Obra de teatro<br>Gabriela Acher presenta un unipersonal que aborda con humor el paso del tiempo, las distintas etapas de la vida y las preguntas que aparecen al llegar a nuevas edades.<\/h2>\n\n\n\n<h2 class=\"wp-block-heading\">$40.000 (boleter\u00eda presencial y virtual)<\/h2>\n\n\n\n<h3 class=\"wp-block-heading\">Domingo 6 \u2013 15:00 horas<\/h3>\n\n\n\n<h2 class=\"wp-block-heading\">Juguetes en acci\u00f3n<br>Infantil<br>Una historia protagonizada por juguetes que cobran vida para vivir una aventura llena de m\u00fasica, humor y personajes entra\u00f1ables.<br>$20.000 (boleter\u00eda presencial y virtual)<\/h2>\n\n\n\n<h3 class=\"wp-block-heading\">Mi\u00e9rcoles 9 \u2013 19:00 horas<\/h3>\n\n\n\n<h2 class=\"wp-block-heading\">Abran cancha que aqu\u00ed viene Don Quijote de la Mancha<br>Obra de teatro \u2013 Luis Vallejo<br>Una adaptaci\u00f3n teatral de la cl\u00e1sica historia de Don Quijote de la Mancha, en una producci\u00f3n local.<\/h2>\n\n\n\n<h2 class=\"wp-block-heading\">$10.000 (boleter\u00eda presencial)<\/h2>\n\n\n\n<h3 class=\"wp-block-heading\">Jueves 10 \u2013 20:00 horas<\/h3>\n\n\n\n<h2 class=\"wp-block-heading\">Maestras<br>Obra de teatro \u2013 Jos\u00e9 Ithurrart<br>Siete escenas sobre la vida en una escuela primaria, contadas con humor y a trav\u00e9s de situaciones y lugares comunes de la educaci\u00f3n argentina.<br>$15.000 (boleter\u00eda presencial y virtual)<\/h2>\n\n\n\n<h3 class=\"wp-block-heading\">Viernes 11 \u2013 21:00 horas<\/h3>\n\n\n\n<h3 class=\"wp-block-heading\">El Equilibrista<br>Obra de teatro \u2013 Unipersonal<br>Un espect\u00e1culo que parte de una mirada sobre la vida adulta, la resignaci\u00f3n y el deseo de conservar la ilusi\u00f3n, la euforia y las posibilidades. Recomendado a partir de 13 a\u00f1os.<\/h3>\n\n\n\n<h3 class=\"wp-block-heading\">$50.000 (boleter\u00eda presencial y virtual)<\/h3>\n\n\n\n<h3 class=\"wp-block-heading\">Domingo 13 \u2013 20:00 horas<\/h3>\n\n\n\n<h2 class=\"wp-block-heading\">Alejandro Lerner \u2013 Cara a cara<br>Show musical<br>Alejandro Lerner se presenta con un espect\u00e1culo que re\u00fane sus grandes canciones y recorre distintas etapas de su trayectoria musical.<br>$80.000 (boleter\u00eda presencial y virtual)<\/h2>\n\n\n\n<h3 class=\"wp-block-heading\">Martes 15 \u2013 20:00 horas<\/h3>\n\n\n\n<h2 class=\"wp-block-heading\">Desde el alma 2<br>Show de baile \u2013 Karina Dayekli<br>Un espect\u00e1culo de danza presentado por Karina Dayekli.<br>$10.000 (boleter\u00eda presencial y virtual)<\/h2>\n\n\n\n<h3 class=\"wp-block-heading\">Viernes 18 \u2013 20:30 horas<\/h3>\n\n\n\n<h2 class=\"wp-block-heading\">Bohemia Tango<br>Show de baile \u2013 Natalia Patyn<br>Un espect\u00e1culo de tango que re\u00fane distintas producciones de danza bajo la direcci\u00f3n de Natalia Patyn.<br>$20.000 (boleter\u00eda presencial y virtual)<\/h2>\n\n\n\n<h3 class=\"wp-block-heading\">S\u00e1bado 19 \u2013 21:00 horas<\/h3>\n\n\n\n<h2 class=\"wp-block-heading\">Lucy Music Band<br>Concierto<br>La banda propone un recorrido por grandes cl\u00e1sicos del rock y la m\u00fasica disco de las d\u00e9cadas del 60, 70 y 80, con canciones que invitan a cantar, bailar y disfrutar.<br>$18.000 (boleter\u00eda presencial)<\/h2>\n\n\n\n<h3 class=\"wp-block-heading\">Domingo 20 \u2013 20:00 horas<\/h3>\n\n\n\n<h2 class=\"wp-block-heading\">Pablo Picotto \u2013 25 a\u00f1os de humor<br>Stand up<br>Pablo Picotto celebra sus 25 a\u00f1os de comedia con un espect\u00e1culo que repasa su trayectoria en los escenarios, algunos de sus personajes y distintas experiencias de su vida.<br>$35.000 (boleter\u00eda presencial y virtual)<\/h2>\n\n\n\n<h3 class=\"wp-block-heading\">Viernes 25 \u2013 20:30 horas<\/h3>\n\n\n\n<h2 class=\"wp-block-heading\">Mujeres 3 a Buenos Aires<br>M\u00fasica<br>Un espect\u00e1culo que convierte a Buenos Aires en protagonista, a trav\u00e9s de tangos, valses y milongas que recorren la identidad porte\u00f1a desde distintas miradas femeninas.<br>$20.000 (boleter\u00eda presencial y virtual)<\/h2>\n\n\n\n<h3 class=\"wp-block-heading\">S\u00e1bado 26 \u2013 21:00 horas<\/h3>\n\n\n\n<h3 class=\"wp-block-heading\">Vamos a contar mentiras<br>Obra de teatro a beneficio de A.L.U.C.E.C.<br>Una funci\u00f3n teatral a beneficio de A.L.U.C.E.C.<br>$10.000 (boleter\u00eda presencial)<\/h3>\n\n\n\n<h3 class=\"wp-block-heading\">Domingo 27 \u2013 17:00 horas (entradas agotadas) y 19:30 horas<br>Palabra plena<br>Obra de teatro \u2013 Gabriel Rol\u00f3n<br>El reconocido psic\u00f3logo propone un recorrido por el amor, la p\u00e9rdida, el deseo y otros grandes temas de la vida, a trav\u00e9s del valor de la palabra y de aquello que nos compromete y nos transforma.&nbsp;<\/h3>\n\n\n\n<h3 class=\"wp-block-heading\">Desde $65.000 (boleter\u00eda presencial y virtual)<\/h3>\n\n\n\n<h2 class=\"wp-block-heading\"><\/h2>\n\n\n\n<h2 class=\"wp-block-heading\"><\/h2>\n\n\n\n<h2 class=\"wp-block-heading\">Horarios de boleter\u00eda<\/h2>\n\n\n\n<h2 class=\"wp-block-heading\">Presencial:<br>Martes a s\u00e1bados: 10 a 20 horas.<br>Lunes, domingos y feriados: cerrado (excepto dos horas antes de cada funci\u00f3n).<br>Las entradas gratuitas se retiran por boleter\u00eda, dos horas antes de cada funci\u00f3n.<\/h2>\n\n\n\n<h2 class=\"wp-block-heading\">Virtual:<br>Las entradas pueden adquirirse en <a href=\"https:\/\/teatrotrinidadguevara.com.ar\/\" target=\"_blank\" rel=\"noopener\">https:\/\/teatrotrinidadguevara.com.ar<\/a><\/h2>\n\n\n\n<h2 class=\"wp-block-heading\"><\/h2>\n\n\n\n<h2 class=\"wp-block-heading\"><\/h2>\n\n\n\n<h2 class=\"wp-block-heading\">Visitas guiadas para escuelas<\/h2>\n\n\n\n<h2 class=\"wp-block-heading\">Las escuelas pueden solicitar visitas guiadas para descubrir el detr\u00e1s de escena del Teatro Municipal Trinidad Guevara y conocer su historia.<br>Una experiencia para acercar a chicos y chicas al mundo del teatro.<br>Informes: 420074<\/h2>\n\n\n\n<h2 class=\"wp-block-heading\"><\/h2>\n\n\n\n<h2 class=\"wp-block-heading\"><\/h2>\n\n\n\n<h2 class=\"wp-block-heading\">Sobre el Teatro Municipal Trinidad Guevara<\/h2>\n\n\n\n<h2 class=\"wp-block-heading\">El Teatro Municipal fue inaugurado el 22 de noviembre de 1980. Cinco a\u00f1os m\u00e1s tarde, recibi\u00f3 el nombre \u201cTrinidad Guevara\u201d, en honor a la actriz rioplatense, con Tina Helba y Alfredo Alc\u00f3n como padrinos de la sala.<br>Con m\u00e1s de 200 presentaciones anuales y una asistencia que supera las 50.000 personas, sostiene y proyecta la vida cultural de Luj\u00e1n, y es un espacio de referencia, encuentro y creaci\u00f3n para la comunidad art\u00edstica de la ciudad.<\/h2>\n","protected":false},"excerpt":{"rendered":"<p>Con una cartelera que re\u00fane teatro, m\u00fasica, danza, stand up y propuestas para distintos p\u00fablicos, el Teatro Municipal Trinidad Guevara presenta su programaci\u00f3n de septiembre con espect\u00e1culos de artistas locales&hellip; <\/p>\n","protected":false},"author":2,"featured_media":12013,"comment_status":"closed","ping_status":"closed","sticky":false,"template":"","format":"standard","meta":{"footnotes":""},"categories":[7],"tags":[],"class_list":["post-12012","post","type-post","status-publish","format-standard","has-post-thumbnail","hentry","category-cultura"],"yoast_head":"<!-- This site is optimized with the Yoast SEO plugin v28.1 - https:\/\/yoast.com\/product\/yoast-seo-wordpress\/ -->\n<title>El Teatro Municipal Trinidad Guevara presenta su programaci\u00f3n de septiembre -<\/title>\n<meta name=\"robots\" content=\"index, follow, max-snippet:-1, max-image-preview:large, max-video-preview:-1\" \/>\n<link rel=\"canonical\" href=\"https:\/\/elciudadanodelujan.com.ar\/?p=12012\" \/>\n<meta property=\"og:locale\" content=\"es_ES\" \/>\n<meta property=\"og:type\" content=\"article\" \/>\n<meta property=\"og:title\" content=\"El Teatro Municipal Trinidad Guevara presenta su programaci\u00f3n de septiembre -\" \/>\n<meta property=\"og:description\" content=\"Con una cartelera que re\u00fane teatro, m\u00fasica, danza, stand up y propuestas para distintos p\u00fablicos, el Teatro Municipal Trinidad Guevara presenta su programaci\u00f3n de septiembre con espect\u00e1culos de artistas locales&hellip;\" \/>\n<meta property=\"og:url\" content=\"https:\/\/elciudadanodelujan.com.ar\/?p=12012\" \/>\n<meta property=\"article:publisher\" content=\"https:\/\/www.facebook.com\/elciudadanodelujan\" \/>\n<meta property=\"article:published_time\" content=\"2026-08-31T20:20:32+00:00\" \/>\n<meta property=\"article:modified_time\" content=\"2026-08-31T20:20:57+00:00\" \/>\n<meta property=\"og:image\" content=\"https:\/\/elciudadanodelujan.com.ar\/wp-content\/uploads\/2026\/08\/image-97.png\" \/>\n\t<meta property=\"og:image:width\" content=\"811\" \/>\n\t<meta property=\"og:image:height\" content=\"614\" \/>\n\t<meta property=\"og:image:type\" content=\"image\/png\" \/>\n<meta name=\"author\" content=\"Osvaldo Cabral\" \/>\n<meta name=\"twitter:card\" content=\"summary_large_image\" \/>\n<meta name=\"twitter:label1\" content=\"Escrito por\" \/>\n\t<meta name=\"twitter:data1\" content=\"Osvaldo Cabral\" \/>\n\t<meta name=\"twitter:label2\" content=\"Tiempo de lectura\" \/>\n\t<meta name=\"twitter:data2\" content=\"5 minutos\" \/>\n<script type=\"application\/ld+json\" class=\"yoast-schema-graph\">{\"@context\":\"https:\\\/\\\/schema.org\",\"@graph\":[{\"@type\":\"Article\",\"@id\":\"https:\\\/\\\/elciudadanodelujan.com.ar\\\/?p=12012#article\",\"isPartOf\":{\"@id\":\"https:\\\/\\\/elciudadanodelujan.com.ar\\\/?p=12012\"},\"author\":{\"name\":\"Osvaldo Cabral\",\"@id\":\"https:\\\/\\\/elciudadanodelujan.com.ar\\\/#\\\/schema\\\/person\\\/5c3b2b3dd2ef6da2576c32c847a49ffa\"},\"headline\":\"El Teatro Municipal Trinidad Guevara presenta su programaci\u00f3n de septiembre\",\"datePublished\":\"2026-08-31T20:20:32+00:00\",\"dateModified\":\"2026-08-31T20:20:57+00:00\",\"mainEntityOfPage\":{\"@id\":\"https:\\\/\\\/elciudadanodelujan.com.ar\\\/?p=12012\"},\"wordCount\":840,\"publisher\":{\"@id\":\"https:\\\/\\\/elciudadanodelujan.com.ar\\\/#organization\"},\"image\":{\"@id\":\"https:\\\/\\\/elciudadanodelujan.com.ar\\\/?p=12012#primaryimage\"},\"thumbnailUrl\":\"https:\\\/\\\/elciudadanodelujan.com.ar\\\/wp-content\\\/uploads\\\/2026\\\/08\\\/image-97.png\",\"articleSection\":[\"CULTURA\"],\"inLanguage\":\"es\"},{\"@type\":\"WebPage\",\"@id\":\"https:\\\/\\\/elciudadanodelujan.com.ar\\\/?p=12012\",\"url\":\"https:\\\/\\\/elciudadanodelujan.com.ar\\\/?p=12012\",\"name\":\"El Teatro Municipal Trinidad Guevara presenta su programaci\u00f3n de septiembre -\",\"isPartOf\":{\"@id\":\"https:\\\/\\\/elciudadanodelujan.com.ar\\\/#website\"},\"primaryImageOfPage\":{\"@id\":\"https:\\\/\\\/elciudadanodelujan.com.ar\\\/?p=12012#primaryimage\"},\"image\":{\"@id\":\"https:\\\/\\\/elciudadanodelujan.com.ar\\\/?p=12012#primaryimage\"},\"thumbnailUrl\":\"https:\\\/\\\/elciudadanodelujan.com.ar\\\/wp-content\\\/uploads\\\/2026\\\/08\\\/image-97.png\",\"datePublished\":\"2026-08-31T20:20:32+00:00\",\"dateModified\":\"2026-08-31T20:20:57+00:00\",\"breadcrumb\":{\"@id\":\"https:\\\/\\\/elciudadanodelujan.com.ar\\\/?p=12012#breadcrumb\"},\"inLanguage\":\"es\",\"potentialAction\":[{\"@type\":\"ReadAction\",\"target\":[\"https:\\\/\\\/elciudadanodelujan.com.ar\\\/?p=12012\"]}]},{\"@type\":\"ImageObject\",\"inLanguage\":\"es\",\"@id\":\"https:\\\/\\\/elciudadanodelujan.com.ar\\\/?p=12012#primaryimage\",\"url\":\"https:\\\/\\\/elciudadanodelujan.com.ar\\\/wp-content\\\/uploads\\\/2026\\\/08\\\/image-97.png\",\"contentUrl\":\"https:\\\/\\\/elciudadanodelujan.com.ar\\\/wp-content\\\/uploads\\\/2026\\\/08\\\/image-97.png\",\"width\":811,\"height\":614},{\"@type\":\"BreadcrumbList\",\"@id\":\"https:\\\/\\\/elciudadanodelujan.com.ar\\\/?p=12012#breadcrumb\",\"itemListElement\":[{\"@type\":\"ListItem\",\"position\":1,\"name\":\"Home\",\"item\":\"https:\\\/\\\/elciudadanodelujan.com.ar\\\/\"},{\"@type\":\"ListItem\",\"position\":2,\"name\":\"El Teatro Municipal Trinidad Guevara presenta su programaci\u00f3n de septiembre\"}]},{\"@type\":\"WebSite\",\"@id\":\"https:\\\/\\\/elciudadanodelujan.com.ar\\\/#website\",\"url\":\"https:\\\/\\\/elciudadanodelujan.com.ar\\\/\",\"name\":\"https:\\\/\\\/elciudadanodelujan.com.ar\",\"description\":\"Noticias de inter\u00e9s general y periodismo de investigaci\u00f3n\",\"publisher\":{\"@id\":\"https:\\\/\\\/elciudadanodelujan.com.ar\\\/#organization\"},\"potentialAction\":[{\"@type\":\"SearchAction\",\"target\":{\"@type\":\"EntryPoint\",\"urlTemplate\":\"https:\\\/\\\/elciudadanodelujan.com.ar\\\/?s={search_term_string}\"},\"query-input\":{\"@type\":\"PropertyValueSpecification\",\"valueRequired\":true,\"valueName\":\"search_term_string\"}}],\"inLanguage\":\"es\"},{\"@type\":\"Organization\",\"@id\":\"https:\\\/\\\/elciudadanodelujan.com.ar\\\/#organization\",\"name\":\"El Ciudadano de Lujan\",\"url\":\"https:\\\/\\\/elciudadanodelujan.com.ar\\\/\",\"logo\":{\"@type\":\"ImageObject\",\"inLanguage\":\"es\",\"@id\":\"https:\\\/\\\/elciudadanodelujan.com.ar\\\/#\\\/schema\\\/logo\\\/image\\\/\",\"url\":\"https:\\\/\\\/elciudadanodelujan.com.ar\\\/wp-content\\\/uploads\\\/2025\\\/01\\\/logo_El_Ciudadano.jpg\",\"contentUrl\":\"https:\\\/\\\/elciudadanodelujan.com.ar\\\/wp-content\\\/uploads\\\/2025\\\/01\\\/logo_El_Ciudadano.jpg\",\"width\":500,\"height\":123,\"caption\":\"El Ciudadano de Lujan\"},\"image\":{\"@id\":\"https:\\\/\\\/elciudadanodelujan.com.ar\\\/#\\\/schema\\\/logo\\\/image\\\/\"},\"sameAs\":[\"https:\\\/\\\/www.facebook.com\\\/elciudadanodelujan\"]},{\"@type\":\"Person\",\"@id\":\"https:\\\/\\\/elciudadanodelujan.com.ar\\\/#\\\/schema\\\/person\\\/5c3b2b3dd2ef6da2576c32c847a49ffa\",\"name\":\"Osvaldo Cabral\",\"image\":{\"@type\":\"ImageObject\",\"inLanguage\":\"es\",\"@id\":\"https:\\\/\\\/secure.gravatar.com\\\/avatar\\\/c4c6a8aea430571651e7d6992bdfdff335bbe96580656f78299d10ca9a6c1ae9?s=96&d=mm&r=g\",\"url\":\"https:\\\/\\\/secure.gravatar.com\\\/avatar\\\/c4c6a8aea430571651e7d6992bdfdff335bbe96580656f78299d10ca9a6c1ae9?s=96&d=mm&r=g\",\"contentUrl\":\"https:\\\/\\\/secure.gravatar.com\\\/avatar\\\/c4c6a8aea430571651e7d6992bdfdff335bbe96580656f78299d10ca9a6c1ae9?s=96&d=mm&r=g\",\"caption\":\"Osvaldo Cabral\"},\"url\":\"https:\\\/\\\/elciudadanodelujan.com.ar\\\/?author=2\"}]}<\/script>\n<!-- \/ Yoast SEO plugin. -->","yoast_head_json":{"title":"El Teatro Municipal Trinidad Guevara presenta su programaci\u00f3n de septiembre -","robots":{"index":"index","follow":"follow","max-snippet":"max-snippet:-1","max-image-preview":"max-image-preview:large","max-video-preview":"max-video-preview:-1"},"canonical":"https:\/\/elciudadanodelujan.com.ar\/?p=12012","og_locale":"es_ES","og_type":"article","og_title":"El Teatro Municipal Trinidad Guevara presenta su programaci\u00f3n de septiembre -","og_description":"Con una cartelera que re\u00fane teatro, m\u00fasica, danza, stand up y propuestas para distintos p\u00fablicos, el Teatro Municipal Trinidad Guevara presenta su programaci\u00f3n de septiembre con espect\u00e1culos de artistas locales&hellip;","og_url":"https:\/\/elciudadanodelujan.com.ar\/?p=12012","article_publisher":"https:\/\/www.facebook.com\/elciudadanodelujan","article_published_time":"2026-08-31T20:20:32+00:00","article_modified_time":"2026-08-31T20:20:57+00:00","og_image":[{"width":811,"height":614,"url":"https:\/\/elciudadanodelujan.com.ar\/wp-content\/uploads\/2026\/08\/image-97.png","type":"image\/png"}],"author":"Osvaldo Cabral","twitter_card":"summary_large_image","twitter_misc":{"Escrito por":"Osvaldo Cabral","Tiempo de lectura":"5 minutos"},"schema":{"@context":"https:\/\/schema.org","@graph":[{"@type":"Article","@id":"https:\/\/elciudadanodelujan.com.ar\/?p=12012#article","isPartOf":{"@id":"https:\/\/elciudadanodelujan.com.ar\/?p=12012"},"author":{"name":"Osvaldo Cabral","@id":"https:\/\/elciudadanodelujan.com.ar\/#\/schema\/person\/5c3b2b3dd2ef6da2576c32c847a49ffa"},"headline":"El Teatro Municipal Trinidad Guevara presenta su programaci\u00f3n de septiembre","datePublished":"2026-08-31T20:20:32+00:00","dateModified":"2026-08-31T20:20:57+00:00","mainEntityOfPage":{"@id":"https:\/\/elciudadanodelujan.com.ar\/?p=12012"},"wordCount":840,"publisher":{"@id":"https:\/\/elciudadanodelujan.com.ar\/#organization"},"image":{"@id":"https:\/\/elciudadanodelujan.com.ar\/?p=12012#primaryimage"},"thumbnailUrl":"https:\/\/elciudadanodelujan.com.ar\/wp-content\/uploads\/2026\/08\/image-97.png","articleSection":["CULTURA"],"inLanguage":"es"},{"@type":"WebPage","@id":"https:\/\/elciudadanodelujan.com.ar\/?p=12012","url":"https:\/\/elciudadanodelujan.com.ar\/?p=12012","name":"El Teatro Municipal Trinidad Guevara presenta su programaci\u00f3n de septiembre -","isPartOf":{"@id":"https:\/\/elciudadanodelujan.com.ar\/#website"},"primaryImageOfPage":{"@id":"https:\/\/elciudadanodelujan.com.ar\/?p=12012#primaryimage"},"image":{"@id":"https:\/\/elciudadanodelujan.com.ar\/?p=12012#primaryimage"},"thumbnailUrl":"https:\/\/elciudadanodelujan.com.ar\/wp-content\/uploads\/2026\/08\/image-97.png","datePublished":"2026-08-31T20:20:32+00:00","dateModified":"2026-08-31T20:20:57+00:00","breadcrumb":{"@id":"https:\/\/elciudadanodelujan.com.ar\/?p=12012#breadcrumb"},"inLanguage":"es","potentialAction":[{"@type":"ReadAction","target":["https:\/\/elciudadanodelujan.com.ar\/?p=12012"]}]},{"@type":"ImageObject","inLanguage":"es","@id":"https:\/\/elciudadanodelujan.com.ar\/?p=12012#primaryimage","url":"https:\/\/elciudadanodelujan.com.ar\/wp-content\/uploads\/2026\/08\/image-97.png","contentUrl":"https:\/\/elciudadanodelujan.com.ar\/wp-content\/uploads\/2026\/08\/image-97.png","width":811,"height":614},{"@type":"BreadcrumbList","@id":"https:\/\/elciudadanodelujan.com.ar\/?p=12012#breadcrumb","itemListElement":[{"@type":"ListItem","position":1,"name":"Home","item":"https:\/\/elciudadanodelujan.com.ar\/"},{"@type":"ListItem","position":2,"name":"El Teatro Municipal Trinidad Guevara presenta su programaci\u00f3n de septiembre"}]},{"@type":"WebSite","@id":"https:\/\/elciudadanodelujan.com.ar\/#website","url":"https:\/\/elciudadanodelujan.com.ar\/","name":"https:\/\/elciudadanodelujan.com.ar","description":"Noticias de inter\u00e9s general y periodismo de investigaci\u00f3n","publisher":{"@id":"https:\/\/elciudadanodelujan.com.ar\/#organization"},"potentialAction":[{"@type":"SearchAction","target":{"@type":"EntryPoint","urlTemplate":"https:\/\/elciudadanodelujan.com.ar\/?s={search_term_string}"},"query-input":{"@type":"PropertyValueSpecification","valueRequired":true,"valueName":"search_term_string"}}],"inLanguage":"es"},{"@type":"Organization","@id":"https:\/\/elciudadanodelujan.com.ar\/#organization","name":"El Ciudadano de Lujan","url":"https:\/\/elciudadanodelujan.com.ar\/","logo":{"@type":"ImageObject","inLanguage":"es","@id":"https:\/\/elciudadanodelujan.com.ar\/#\/schema\/logo\/image\/","url":"https:\/\/elciudadanodelujan.com.ar\/wp-content\/uploads\/2025\/01\/logo_El_Ciudadano.jpg","contentUrl":"https:\/\/elciudadanodelujan.com.ar\/wp-content\/uploads\/2025\/01\/logo_El_Ciudadano.jpg","width":500,"height":123,"caption":"El Ciudadano de Lujan"},"image":{"@id":"https:\/\/elciudadanodelujan.com.ar\/#\/schema\/logo\/image\/"},"sameAs":["https:\/\/www.facebook.com\/elciudadanodelujan"]},{"@type":"Person","@id":"https:\/\/elciudadanodelujan.com.ar\/#\/schema\/person\/5c3b2b3dd2ef6da2576c32c847a49ffa","name":"Osvaldo Cabral","image":{"@type":"ImageObject","inLanguage":"es","@id":"https:\/\/secure.gravatar.com\/avatar\/c4c6a8aea430571651e7d6992bdfdff335bbe96580656f78299d10ca9a6c1ae9?s=96&d=mm&r=g","url":"https:\/\/secure.gravatar.com\/avatar\/c4c6a8aea430571651e7d6992bdfdff335bbe96580656f78299d10ca9a6c1ae9?s=96&d=mm&r=g","contentUrl":"https:\/\/secure.gravatar.com\/avatar\/c4c6a8aea430571651e7d6992bdfdff335bbe96580656f78299d10ca9a6c1ae9?s=96&d=mm&r=g","caption":"Osvaldo Cabral"},"url":"https:\/\/elciudadanodelujan.com.ar\/?author=2"}]}},"_links":{"self":[{"href":"https:\/\/elciudadanodelujan.com.ar\/index.php?rest_route=\/wp\/v2\/posts\/12012","targetHints":{"allow":["GET"]}}],"collection":[{"href":"https:\/\/elciudadanodelujan.com.ar\/index.php?rest_route=\/wp\/v2\/posts"}],"about":[{"href":"https:\/\/elciudadanodelujan.com.ar\/index.php?rest_route=\/wp\/v2\/types\/post"}],"author":[{"embeddable":true,"href":"https:\/\/elciudadanodelujan.com.ar\/index.php?rest_route=\/wp\/v2\/users\/2"}],"replies":[{"embeddable":true,"href":"https:\/\/elciudadanodelujan.com.ar\/index.php?rest_route=%2Fwp%2Fv2%2Fcomments&post=12012"}],"version-history":[{"count":1,"href":"https:\/\/elciudadanodelujan.com.ar\/index.php?rest_route=\/wp\/v2\/posts\/12012\/revisions"}],"predecessor-version":[{"id":12014,"href":"https:\/\/elciudadanodelujan.com.ar\/index.php?rest_route=\/wp\/v2\/posts\/12012\/revisions\/12014"}],"wp:featuredmedia":[{"embeddable":true,"href":"https:\/\/elciudadanodelujan.com.ar\/index.php?rest_route=\/wp\/v2\/media\/12013"}],"wp:attachment":[{"href":"https:\/\/elciudadanodelujan.com.ar\/index.php?rest_route=%2Fwp%2Fv2%2Fmedia&parent=12012"}],"wp:term":[{"taxonomy":"category","embeddable":true,"href":"https:\/\/elciudadanodelujan.com.ar\/index.php?rest_route=%2Fwp%2Fv2%2Fcategories&post=12012"},{"taxonomy":"post_tag","embeddable":true,"href":"https:\/\/elciudadanodelujan.com.ar\/index.php?rest_route=%2Fwp%2Fv2%2Ftags&post=12012"}],"curies":[{"name":"wp","href":"https:\/\/api.w.org\/{rel}","templated":true}]}}