{"id":12008,"date":"2026-08-30T19:20:41","date_gmt":"2026-08-30T22:20:41","guid":{"rendered":"https:\/\/elciudadanodelujan.com.ar\/?p=12008"},"modified":"2026-08-30T19:21:05","modified_gmt":"2026-08-30T22:21:05","slug":"un-hito-historico-para-lujan-se-realizo-el-primer-foro-ambiental-tras-el-cierre-definitivo-del-basural","status":"publish","type":"post","link":"https:\/\/elciudadanodelujan.com.ar\/?p=12008","title":{"rendered":"Un hito hist\u00f3rico para Luj\u00e1n: se realiz\u00f3 el Primer Foro Ambiental tras el cierre definitivo del basural"},"content":{"rendered":"\n<p class=\"wp-block-paragraph\"><strong>Con la presencia de referentes estatales, universitarios y de la producci\u00f3n, la Universidad Nacional de Luj\u00e1n fue sede de una jornada de debate y construcci\u00f3n colectiva destinada a proyectar las pol\u00edticas ambientales del distrito de cara a los 400 a\u00f1os.<\/strong><\/p>\n\n\n\n<figure class=\"wp-block-image size-large\"><img loading=\"lazy\" decoding=\"async\" width=\"1024\" height=\"682\" src=\"https:\/\/elciudadanodelujan.com.ar\/wp-content\/uploads\/2026\/08\/image-95-1024x682.png\" alt=\"\" class=\"wp-image-12009\" srcset=\"https:\/\/elciudadanodelujan.com.ar\/wp-content\/uploads\/2026\/08\/image-95-1024x682.png 1024w, https:\/\/elciudadanodelujan.com.ar\/wp-content\/uploads\/2026\/08\/image-95-300x200.png 300w, https:\/\/elciudadanodelujan.com.ar\/wp-content\/uploads\/2026\/08\/image-95-767x511.png 767w, https:\/\/elciudadanodelujan.com.ar\/wp-content\/uploads\/2026\/08\/image-95-1536x1023.png 1536w, https:\/\/elciudadanodelujan.com.ar\/wp-content\/uploads\/2026\/08\/image-95.png 1600w\" sizes=\"auto, (max-width: 1024px) 100vw, 1024px\" \/><\/figure>\n\n\n\n<p class=\"wp-block-paragraph\"><strong>Cuerpo de la nota:<\/strong> El Primer Foro Ambiental de Luj\u00e1n, desarrollado el pasado s\u00e1bado 22 de agosto en el Auditorio de la Universidad Nacional de Luj\u00e1n (UNLu), marc\u00f3 un hito en la agenda institucional y comunitaria del distrito al erigirse como el primer gran espacio de debate y construcci\u00f3n colectiva tras el hist\u00f3rico cierre del basural a cielo abierto. Organizado de manera conjunta por el Municipio y la alta casa de estudios, el encuentro congreg\u00f3 a referentes estatales, acad\u00e9micos, del sector productivo, cooperativas y organizaciones sociales para dar forma a una mirada estrat\u00e9gica que armonice la protecci\u00f3n del entorno con el desarrollo econ\u00f3mico y la inclusi\u00f3n laboral.<\/p>\n\n\n\n<h3 class=\"wp-block-heading\">Los paneles tem\u00e1ticos: de la producci\u00f3n sustentable a la gesti\u00f3n integral de residuos<\/h3>\n\n\n\n<p class=\"wp-block-paragraph\">Durante la apertura, el Intendente Municipal, Leonardo Boto, subray\u00f3 la necesidad imperiosa de robustecer el tejido comunitario para dar respuestas a los desaf\u00edos vigentes. \u00abTenemos que fortalecer el sentido de comunidad para encontrar respuestas colectivas a nuestros problemas y desaf\u00edos. En ese camino, debemos armonizar la protecci\u00f3n ambiental de Luj\u00e1n con un desarrollo econ\u00f3mico que es absolutamente necesario, especialmente en este contexto, porque no hay dignidad sin trabajo\u00bb, expres\u00f3 el jefe comunal, poniendo de relieve que la superaci\u00f3n del pasivo ambiental hist\u00f3rico debe ir de la mano de la generaci\u00f3n de oportunidades productivas.<\/p>\n\n\n\n<figure class=\"wp-block-image size-large\"><img loading=\"lazy\" decoding=\"async\" width=\"1024\" height=\"682\" src=\"https:\/\/elciudadanodelujan.com.ar\/wp-content\/uploads\/2026\/08\/image-96-1024x682.png\" alt=\"\" class=\"wp-image-12010\" srcset=\"https:\/\/elciudadanodelujan.com.ar\/wp-content\/uploads\/2026\/08\/image-96-1024x682.png 1024w, https:\/\/elciudadanodelujan.com.ar\/wp-content\/uploads\/2026\/08\/image-96-300x200.png 300w, https:\/\/elciudadanodelujan.com.ar\/wp-content\/uploads\/2026\/08\/image-96-767x511.png 767w, https:\/\/elciudadanodelujan.com.ar\/wp-content\/uploads\/2026\/08\/image-96-1536x1023.png 1536w, https:\/\/elciudadanodelujan.com.ar\/wp-content\/uploads\/2026\/08\/image-96.png 1600w\" sizes=\"auto, (max-width: 1024px) 100vw, 1024px\" \/><\/figure>\n\n\n\n<p class=\"wp-block-paragraph\">La jornada se estructur\u00f3 en tres ejes de debate que permitieron cruzar saberes t\u00e9cnicos, cient\u00edficos y territoriales:<\/p>\n\n\n\n<ul class=\"wp-block-list\">\n<li><strong>Iniciativas y proyectos por un Luj\u00e1n sustentable:<\/strong> Este primer panel abord\u00f3 la articulaci\u00f3n entre la producci\u00f3n responsable, la innovaci\u00f3n y la econom\u00eda circular. Participaron Alberto Nicos\u00eda y V\u00edctor E\u00f6ry (C\u00e1mara de la Industria, Comercio y Servicios de Luj\u00e1n); las estudiantes de la Escuela de Educaci\u00f3n T\u00e9cnica N\u00b0 1 Celeste Rodr\u00edguez Villanueva y Josefina Ortiz; Adriana Rosenfeld (coordinadora de la Licenciatura en Informaci\u00f3n Ambiental de la UNLu); y Mart\u00edn Brizuela junto a Eugenia Delgado (Cooperativa Usina Eco). Las exposiciones visibilizaron herramientas tecnol\u00f3gicas y proyectos educativos orientados a la valorizaci\u00f3n de materiales.<\/li>\n\n\n\n<li><strong>Cambio clim\u00e1tico, ambiente y comunidad:<\/strong> Enfocado en la resiliencia urbana frente a fen\u00f3menos clim\u00e1ticos y la gesti\u00f3n de riesgos, el segundo panel cont\u00f3 con las ponencias de Ignacio Mattarolo (Defensa Civil del Municipio); Maximiliano Mart\u00ednez (Programa de Arbolado); y Ezequiel Larraburu junto a Juan Carlos Fernicola (UNLu), quienes profundizaron en la integraci\u00f3n del conocimiento acad\u00e9mico en los modelos de gesti\u00f3n socioambiental para cuencas fluviales.<\/li>\n\n\n\n<li><strong>El cierre del basural y los nuevos desaf\u00edos en la gesti\u00f3n integral de los RSU:<\/strong> El tramo final reconstruy\u00f3 el proceso que permiti\u00f3 poner fin al ingreso cotidiano de residuos domiciliarios al predio cr\u00edtico y debati\u00f3 el escenario actual. Expusieron Sergio Almada (APECA); Pedro Vargas (Director de Residuos S\u00f3lidos Urbanos); y Joana Enrique con Hern\u00e1n Cardoso (Cooperativa A Cielo Abierto Tres Estrellas), poniendo especial \u00e9nfasis en la dimensi\u00f3n humana, la inclusi\u00f3n laboral de los recuperadores y las pol\u00edticas de transici\u00f3n.<\/li>\n<\/ul>\n\n\n\n<h3 class=\"wp-block-heading\">Hacia una estrategia de largo plazo rumbo a los 400 a\u00f1os<\/h3>\n\n\n\n<p class=\"wp-block-paragraph\">El encuentro no solo sirvi\u00f3 para balancear los logros institucionales recientes, sino que funcion\u00f3 como usina de propuestas para nutrir la <em>Agenda Ambiental Luj\u00e1n Rumbo a los 400 a\u00f1os<\/em>. El cierre oficial, encabezado por el Intendente Leonardo Boto y el rector de la UNLu, Walter Panessi, ratific\u00f3 la decisi\u00f3n pol\u00edtica de consolidar un puente permanente entre la gesti\u00f3n p\u00fablica, la investigaci\u00f3n cient\u00edfica y las capacidades instaladas en el territorio.<\/p>\n\n\n\n<p class=\"wp-block-paragraph\">Con la superaci\u00f3n definitiva de d\u00e9cadas de degradaci\u00f3n ambiental en el exbasural, Luj\u00e1n transita una bisagra hist\u00f3rica que desaf\u00eda a sus actores locales a sostener pol\u00edticas p\u00fablicas amplias en materia de separaci\u00f3n en origen, econom\u00eda circular, adaptaci\u00f3n clim\u00e1tica y planificaci\u00f3n territorial.<\/p>\n","protected":false},"excerpt":{"rendered":"<p>Con la presencia de referentes estatales, universitarios y de la producci\u00f3n, la Universidad Nacional de Luj\u00e1n fue sede de una jornada de debate y construcci\u00f3n colectiva destinada a proyectar las&hellip; <\/p>\n","protected":false},"author":2,"featured_media":12010,"comment_status":"closed","ping_status":"closed","sticky":false,"template":"","format":"standard","meta":{"footnotes":""},"categories":[14],"tags":[],"class_list":["post-12008","post","type-post","status-publish","format-standard","has-post-thumbnail","hentry","category-ecologia"],"yoast_head":"<!-- This site is optimized with the Yoast SEO plugin v28.1 - https:\/\/yoast.com\/product\/yoast-seo-wordpress\/ -->\n<title>Un hito hist\u00f3rico para Luj\u00e1n: se realiz\u00f3 el Primer Foro Ambiental tras el cierre definitivo del basural -<\/title>\n<meta name=\"robots\" content=\"index, follow, max-snippet:-1, max-image-preview:large, max-video-preview:-1\" \/>\n<link rel=\"canonical\" href=\"https:\/\/elciudadanodelujan.com.ar\/?p=12008\" \/>\n<meta property=\"og:locale\" content=\"es_ES\" \/>\n<meta property=\"og:type\" content=\"article\" \/>\n<meta property=\"og:title\" content=\"Un hito hist\u00f3rico para Luj\u00e1n: se realiz\u00f3 el Primer Foro Ambiental tras el cierre definitivo del basural -\" \/>\n<meta property=\"og:description\" content=\"Con la presencia de referentes estatales, universitarios y de la producci\u00f3n, la Universidad Nacional de Luj\u00e1n fue sede de una jornada de debate y construcci\u00f3n colectiva destinada a proyectar las&hellip;\" \/>\n<meta property=\"og:url\" content=\"https:\/\/elciudadanodelujan.com.ar\/?p=12008\" \/>\n<meta property=\"article:publisher\" content=\"https:\/\/www.facebook.com\/elciudadanodelujan\" \/>\n<meta property=\"article:published_time\" content=\"2026-08-30T22:20:41+00:00\" \/>\n<meta property=\"article:modified_time\" content=\"2026-08-30T22:21:05+00:00\" \/>\n<meta property=\"og:image\" content=\"https:\/\/elciudadanodelujan.com.ar\/wp-content\/uploads\/2026\/08\/image-96.png\" \/>\n\t<meta property=\"og:image:width\" content=\"1600\" \/>\n\t<meta property=\"og:image:height\" content=\"1066\" \/>\n\t<meta property=\"og:image:type\" content=\"image\/png\" \/>\n<meta name=\"author\" content=\"Osvaldo Cabral\" \/>\n<meta name=\"twitter:card\" content=\"summary_large_image\" \/>\n<meta name=\"twitter:label1\" content=\"Escrito por\" \/>\n\t<meta name=\"twitter:data1\" content=\"Osvaldo Cabral\" \/>\n\t<meta name=\"twitter:label2\" content=\"Tiempo de lectura\" \/>\n\t<meta name=\"twitter:data2\" content=\"4 minutos\" \/>\n<script type=\"application\/ld+json\" class=\"yoast-schema-graph\">{\"@context\":\"https:\\\/\\\/schema.org\",\"@graph\":[{\"@type\":\"Article\",\"@id\":\"https:\\\/\\\/elciudadanodelujan.com.ar\\\/?p=12008#article\",\"isPartOf\":{\"@id\":\"https:\\\/\\\/elciudadanodelujan.com.ar\\\/?p=12008\"},\"author\":{\"name\":\"Osvaldo Cabral\",\"@id\":\"https:\\\/\\\/elciudadanodelujan.com.ar\\\/#\\\/schema\\\/person\\\/5c3b2b3dd2ef6da2576c32c847a49ffa\"},\"headline\":\"Un hito hist\u00f3rico para Luj\u00e1n: se realiz\u00f3 el Primer Foro Ambiental tras el cierre definitivo del basural\",\"datePublished\":\"2026-08-30T22:20:41+00:00\",\"dateModified\":\"2026-08-30T22:21:05+00:00\",\"mainEntityOfPage\":{\"@id\":\"https:\\\/\\\/elciudadanodelujan.com.ar\\\/?p=12008\"},\"wordCount\":723,\"publisher\":{\"@id\":\"https:\\\/\\\/elciudadanodelujan.com.ar\\\/#organization\"},\"image\":{\"@id\":\"https:\\\/\\\/elciudadanodelujan.com.ar\\\/?p=12008#primaryimage\"},\"thumbnailUrl\":\"https:\\\/\\\/elciudadanodelujan.com.ar\\\/wp-content\\\/uploads\\\/2026\\\/08\\\/image-96.png\",\"articleSection\":[\"ECOLOG\u00cdA\"],\"inLanguage\":\"es\"},{\"@type\":\"WebPage\",\"@id\":\"https:\\\/\\\/elciudadanodelujan.com.ar\\\/?p=12008\",\"url\":\"https:\\\/\\\/elciudadanodelujan.com.ar\\\/?p=12008\",\"name\":\"Un hito hist\u00f3rico para Luj\u00e1n: se realiz\u00f3 el Primer Foro Ambiental tras el cierre definitivo del basural -\",\"isPartOf\":{\"@id\":\"https:\\\/\\\/elciudadanodelujan.com.ar\\\/#website\"},\"primaryImageOfPage\":{\"@id\":\"https:\\\/\\\/elciudadanodelujan.com.ar\\\/?p=12008#primaryimage\"},\"image\":{\"@id\":\"https:\\\/\\\/elciudadanodelujan.com.ar\\\/?p=12008#primaryimage\"},\"thumbnailUrl\":\"https:\\\/\\\/elciudadanodelujan.com.ar\\\/wp-content\\\/uploads\\\/2026\\\/08\\\/image-96.png\",\"datePublished\":\"2026-08-30T22:20:41+00:00\",\"dateModified\":\"2026-08-30T22:21:05+00:00\",\"breadcrumb\":{\"@id\":\"https:\\\/\\\/elciudadanodelujan.com.ar\\\/?p=12008#breadcrumb\"},\"inLanguage\":\"es\",\"potentialAction\":[{\"@type\":\"ReadAction\",\"target\":[\"https:\\\/\\\/elciudadanodelujan.com.ar\\\/?p=12008\"]}]},{\"@type\":\"ImageObject\",\"inLanguage\":\"es\",\"@id\":\"https:\\\/\\\/elciudadanodelujan.com.ar\\\/?p=12008#primaryimage\",\"url\":\"https:\\\/\\\/elciudadanodelujan.com.ar\\\/wp-content\\\/uploads\\\/2026\\\/08\\\/image-96.png\",\"contentUrl\":\"https:\\\/\\\/elciudadanodelujan.com.ar\\\/wp-content\\\/uploads\\\/2026\\\/08\\\/image-96.png\",\"width\":1600,\"height\":1066},{\"@type\":\"BreadcrumbList\",\"@id\":\"https:\\\/\\\/elciudadanodelujan.com.ar\\\/?p=12008#breadcrumb\",\"itemListElement\":[{\"@type\":\"ListItem\",\"position\":1,\"name\":\"Home\",\"item\":\"https:\\\/\\\/elciudadanodelujan.com.ar\\\/\"},{\"@type\":\"ListItem\",\"position\":2,\"name\":\"Un hito hist\u00f3rico para Luj\u00e1n: se realiz\u00f3 el Primer Foro Ambiental tras el cierre definitivo del basural\"}]},{\"@type\":\"WebSite\",\"@id\":\"https:\\\/\\\/elciudadanodelujan.com.ar\\\/#website\",\"url\":\"https:\\\/\\\/elciudadanodelujan.com.ar\\\/\",\"name\":\"https:\\\/\\\/elciudadanodelujan.com.ar\",\"description\":\"Noticias de inter\u00e9s general y periodismo de investigaci\u00f3n\",\"publisher\":{\"@id\":\"https:\\\/\\\/elciudadanodelujan.com.ar\\\/#organization\"},\"potentialAction\":[{\"@type\":\"SearchAction\",\"target\":{\"@type\":\"EntryPoint\",\"urlTemplate\":\"https:\\\/\\\/elciudadanodelujan.com.ar\\\/?s={search_term_string}\"},\"query-input\":{\"@type\":\"PropertyValueSpecification\",\"valueRequired\":true,\"valueName\":\"search_term_string\"}}],\"inLanguage\":\"es\"},{\"@type\":\"Organization\",\"@id\":\"https:\\\/\\\/elciudadanodelujan.com.ar\\\/#organization\",\"name\":\"El Ciudadano de Lujan\",\"url\":\"https:\\\/\\\/elciudadanodelujan.com.ar\\\/\",\"logo\":{\"@type\":\"ImageObject\",\"inLanguage\":\"es\",\"@id\":\"https:\\\/\\\/elciudadanodelujan.com.ar\\\/#\\\/schema\\\/logo\\\/image\\\/\",\"url\":\"https:\\\/\\\/elciudadanodelujan.com.ar\\\/wp-content\\\/uploads\\\/2025\\\/01\\\/logo_El_Ciudadano.jpg\",\"contentUrl\":\"https:\\\/\\\/elciudadanodelujan.com.ar\\\/wp-content\\\/uploads\\\/2025\\\/01\\\/logo_El_Ciudadano.jpg\",\"width\":500,\"height\":123,\"caption\":\"El Ciudadano de Lujan\"},\"image\":{\"@id\":\"https:\\\/\\\/elciudadanodelujan.com.ar\\\/#\\\/schema\\\/logo\\\/image\\\/\"},\"sameAs\":[\"https:\\\/\\\/www.facebook.com\\\/elciudadanodelujan\"]},{\"@type\":\"Person\",\"@id\":\"https:\\\/\\\/elciudadanodelujan.com.ar\\\/#\\\/schema\\\/person\\\/5c3b2b3dd2ef6da2576c32c847a49ffa\",\"name\":\"Osvaldo Cabral\",\"image\":{\"@type\":\"ImageObject\",\"inLanguage\":\"es\",\"@id\":\"https:\\\/\\\/secure.gravatar.com\\\/avatar\\\/c4c6a8aea430571651e7d6992bdfdff335bbe96580656f78299d10ca9a6c1ae9?s=96&d=mm&r=g\",\"url\":\"https:\\\/\\\/secure.gravatar.com\\\/avatar\\\/c4c6a8aea430571651e7d6992bdfdff335bbe96580656f78299d10ca9a6c1ae9?s=96&d=mm&r=g\",\"contentUrl\":\"https:\\\/\\\/secure.gravatar.com\\\/avatar\\\/c4c6a8aea430571651e7d6992bdfdff335bbe96580656f78299d10ca9a6c1ae9?s=96&d=mm&r=g\",\"caption\":\"Osvaldo Cabral\"},\"url\":\"https:\\\/\\\/elciudadanodelujan.com.ar\\\/?author=2\"}]}<\/script>\n<!-- \/ Yoast SEO plugin. -->","yoast_head_json":{"title":"Un hito hist\u00f3rico para Luj\u00e1n: se realiz\u00f3 el Primer Foro Ambiental tras el cierre definitivo del basural -","robots":{"index":"index","follow":"follow","max-snippet":"max-snippet:-1","max-image-preview":"max-image-preview:large","max-video-preview":"max-video-preview:-1"},"canonical":"https:\/\/elciudadanodelujan.com.ar\/?p=12008","og_locale":"es_ES","og_type":"article","og_title":"Un hito hist\u00f3rico para Luj\u00e1n: se realiz\u00f3 el Primer Foro Ambiental tras el cierre definitivo del basural -","og_description":"Con la presencia de referentes estatales, universitarios y de la producci\u00f3n, la Universidad Nacional de Luj\u00e1n fue sede de una jornada de debate y construcci\u00f3n colectiva destinada a proyectar las&hellip;","og_url":"https:\/\/elciudadanodelujan.com.ar\/?p=12008","article_publisher":"https:\/\/www.facebook.com\/elciudadanodelujan","article_published_time":"2026-08-30T22:20:41+00:00","article_modified_time":"2026-08-30T22:21:05+00:00","og_image":[{"width":1600,"height":1066,"url":"https:\/\/elciudadanodelujan.com.ar\/wp-content\/uploads\/2026\/08\/image-96.png","type":"image\/png"}],"author":"Osvaldo Cabral","twitter_card":"summary_large_image","twitter_misc":{"Escrito por":"Osvaldo Cabral","Tiempo de lectura":"4 minutos"},"schema":{"@context":"https:\/\/schema.org","@graph":[{"@type":"Article","@id":"https:\/\/elciudadanodelujan.com.ar\/?p=12008#article","isPartOf":{"@id":"https:\/\/elciudadanodelujan.com.ar\/?p=12008"},"author":{"name":"Osvaldo Cabral","@id":"https:\/\/elciudadanodelujan.com.ar\/#\/schema\/person\/5c3b2b3dd2ef6da2576c32c847a49ffa"},"headline":"Un hito hist\u00f3rico para Luj\u00e1n: se realiz\u00f3 el Primer Foro Ambiental tras el cierre definitivo del basural","datePublished":"2026-08-30T22:20:41+00:00","dateModified":"2026-08-30T22:21:05+00:00","mainEntityOfPage":{"@id":"https:\/\/elciudadanodelujan.com.ar\/?p=12008"},"wordCount":723,"publisher":{"@id":"https:\/\/elciudadanodelujan.com.ar\/#organization"},"image":{"@id":"https:\/\/elciudadanodelujan.com.ar\/?p=12008#primaryimage"},"thumbnailUrl":"https:\/\/elciudadanodelujan.com.ar\/wp-content\/uploads\/2026\/08\/image-96.png","articleSection":["ECOLOG\u00cdA"],"inLanguage":"es"},{"@type":"WebPage","@id":"https:\/\/elciudadanodelujan.com.ar\/?p=12008","url":"https:\/\/elciudadanodelujan.com.ar\/?p=12008","name":"Un hito hist\u00f3rico para Luj\u00e1n: se realiz\u00f3 el Primer Foro Ambiental tras el cierre definitivo del basural -","isPartOf":{"@id":"https:\/\/elciudadanodelujan.com.ar\/#website"},"primaryImageOfPage":{"@id":"https:\/\/elciudadanodelujan.com.ar\/?p=12008#primaryimage"},"image":{"@id":"https:\/\/elciudadanodelujan.com.ar\/?p=12008#primaryimage"},"thumbnailUrl":"https:\/\/elciudadanodelujan.com.ar\/wp-content\/uploads\/2026\/08\/image-96.png","datePublished":"2026-08-30T22:20:41+00:00","dateModified":"2026-08-30T22:21:05+00:00","breadcrumb":{"@id":"https:\/\/elciudadanodelujan.com.ar\/?p=12008#breadcrumb"},"inLanguage":"es","potentialAction":[{"@type":"ReadAction","target":["https:\/\/elciudadanodelujan.com.ar\/?p=12008"]}]},{"@type":"ImageObject","inLanguage":"es","@id":"https:\/\/elciudadanodelujan.com.ar\/?p=12008#primaryimage","url":"https:\/\/elciudadanodelujan.com.ar\/wp-content\/uploads\/2026\/08\/image-96.png","contentUrl":"https:\/\/elciudadanodelujan.com.ar\/wp-content\/uploads\/2026\/08\/image-96.png","width":1600,"height":1066},{"@type":"BreadcrumbList","@id":"https:\/\/elciudadanodelujan.com.ar\/?p=12008#breadcrumb","itemListElement":[{"@type":"ListItem","position":1,"name":"Home","item":"https:\/\/elciudadanodelujan.com.ar\/"},{"@type":"ListItem","position":2,"name":"Un hito hist\u00f3rico para Luj\u00e1n: se realiz\u00f3 el Primer Foro Ambiental tras el cierre definitivo del basural"}]},{"@type":"WebSite","@id":"https:\/\/elciudadanodelujan.com.ar\/#website","url":"https:\/\/elciudadanodelujan.com.ar\/","name":"https:\/\/elciudadanodelujan.com.ar","description":"Noticias de inter\u00e9s general y periodismo de investigaci\u00f3n","publisher":{"@id":"https:\/\/elciudadanodelujan.com.ar\/#organization"},"potentialAction":[{"@type":"SearchAction","target":{"@type":"EntryPoint","urlTemplate":"https:\/\/elciudadanodelujan.com.ar\/?s={search_term_string}"},"query-input":{"@type":"PropertyValueSpecification","valueRequired":true,"valueName":"search_term_string"}}],"inLanguage":"es"},{"@type":"Organization","@id":"https:\/\/elciudadanodelujan.com.ar\/#organization","name":"El Ciudadano de Lujan","url":"https:\/\/elciudadanodelujan.com.ar\/","logo":{"@type":"ImageObject","inLanguage":"es","@id":"https:\/\/elciudadanodelujan.com.ar\/#\/schema\/logo\/image\/","url":"https:\/\/elciudadanodelujan.com.ar\/wp-content\/uploads\/2025\/01\/logo_El_Ciudadano.jpg","contentUrl":"https:\/\/elciudadanodelujan.com.ar\/wp-content\/uploads\/2025\/01\/logo_El_Ciudadano.jpg","width":500,"height":123,"caption":"El Ciudadano de Lujan"},"image":{"@id":"https:\/\/elciudadanodelujan.com.ar\/#\/schema\/logo\/image\/"},"sameAs":["https:\/\/www.facebook.com\/elciudadanodelujan"]},{"@type":"Person","@id":"https:\/\/elciudadanodelujan.com.ar\/#\/schema\/person\/5c3b2b3dd2ef6da2576c32c847a49ffa","name":"Osvaldo Cabral","image":{"@type":"ImageObject","inLanguage":"es","@id":"https:\/\/secure.gravatar.com\/avatar\/c4c6a8aea430571651e7d6992bdfdff335bbe96580656f78299d10ca9a6c1ae9?s=96&d=mm&r=g","url":"https:\/\/secure.gravatar.com\/avatar\/c4c6a8aea430571651e7d6992bdfdff335bbe96580656f78299d10ca9a6c1ae9?s=96&d=mm&r=g","contentUrl":"https:\/\/secure.gravatar.com\/avatar\/c4c6a8aea430571651e7d6992bdfdff335bbe96580656f78299d10ca9a6c1ae9?s=96&d=mm&r=g","caption":"Osvaldo Cabral"},"url":"https:\/\/elciudadanodelujan.com.ar\/?author=2"}]}},"_links":{"self":[{"href":"https:\/\/elciudadanodelujan.com.ar\/index.php?rest_route=\/wp\/v2\/posts\/12008","targetHints":{"allow":["GET"]}}],"collection":[{"href":"https:\/\/elciudadanodelujan.com.ar\/index.php?rest_route=\/wp\/v2\/posts"}],"about":[{"href":"https:\/\/elciudadanodelujan.com.ar\/index.php?rest_route=\/wp\/v2\/types\/post"}],"author":[{"embeddable":true,"href":"https:\/\/elciudadanodelujan.com.ar\/index.php?rest_route=\/wp\/v2\/users\/2"}],"replies":[{"embeddable":true,"href":"https:\/\/elciudadanodelujan.com.ar\/index.php?rest_route=%2Fwp%2Fv2%2Fcomments&post=12008"}],"version-history":[{"count":1,"href":"https:\/\/elciudadanodelujan.com.ar\/index.php?rest_route=\/wp\/v2\/posts\/12008\/revisions"}],"predecessor-version":[{"id":12011,"href":"https:\/\/elciudadanodelujan.com.ar\/index.php?rest_route=\/wp\/v2\/posts\/12008\/revisions\/12011"}],"wp:featuredmedia":[{"embeddable":true,"href":"https:\/\/elciudadanodelujan.com.ar\/index.php?rest_route=\/wp\/v2\/media\/12010"}],"wp:attachment":[{"href":"https:\/\/elciudadanodelujan.com.ar\/index.php?rest_route=%2Fwp%2Fv2%2Fmedia&parent=12008"}],"wp:term":[{"taxonomy":"category","embeddable":true,"href":"https:\/\/elciudadanodelujan.com.ar\/index.php?rest_route=%2Fwp%2Fv2%2Fcategories&post=12008"},{"taxonomy":"post_tag","embeddable":true,"href":"https:\/\/elciudadanodelujan.com.ar\/index.php?rest_route=%2Fwp%2Fv2%2Ftags&post=12008"}],"curies":[{"name":"wp","href":"https:\/\/api.w.org\/{rel}","templated":true}]}}