{"id":11113,"date":"2026-04-27T18:14:15","date_gmt":"2026-04-27T21:14:15","guid":{"rendered":"https:\/\/elciudadanodelujan.com.ar\/?p=11113"},"modified":"2026-04-28T18:14:51","modified_gmt":"2026-04-28T21:14:51","slug":"estrategia-y-tecnologia-se-refuerza-la-seguridad-rural-con-nuevos-efectivos-y-el-programa-tranqueras-seguras","status":"publish","type":"post","link":"https:\/\/elciudadanodelujan.com.ar\/?p=11113","title":{"rendered":"Estrategia y Tecnolog\u00eda: Se refuerza la Seguridad Rural con nuevos efectivos y el programa \u00abTranqueras Seguras\u00bb"},"content":{"rendered":"\n<h2 class=\"wp-block-heading\">La seguridad en las zonas rurales del partido de Luj\u00e1n ha dado un paso firme hacia la modernizaci\u00f3n y el fortalecimiento operativo. En un encuentro clave encabezado por la Secretar\u00eda de Protecci\u00f3n Ciudadana, se coordinaron nuevas estrategias preventivas junto a autoridades provinciales y productores locales, enfocadas en blindar los sectores productivos mediante el uso de herramientas tecnol\u00f3gicas y un mayor despliegue territorial.<\/h2>\n\n\n\n<figure class=\"wp-block-image size-large\"><img loading=\"lazy\" decoding=\"async\" width=\"1024\" height=\"768\" src=\"https:\/\/elciudadanodelujan.com.ar\/wp-content\/uploads\/2026\/04\/image-72-1024x768.png\" alt=\"\" class=\"wp-image-11114\" srcset=\"https:\/\/elciudadanodelujan.com.ar\/wp-content\/uploads\/2026\/04\/image-72-1024x768.png 1024w, https:\/\/elciudadanodelujan.com.ar\/wp-content\/uploads\/2026\/04\/image-72-300x225.png 300w, https:\/\/elciudadanodelujan.com.ar\/wp-content\/uploads\/2026\/04\/image-72-768x576.png 768w, https:\/\/elciudadanodelujan.com.ar\/wp-content\/uploads\/2026\/04\/image-72.png 1448w\" sizes=\"auto, (max-width: 1024px) 100vw, 1024px\" \/><\/figure>\n\n\n\n<p>La reuni\u00f3n, celebrada en la sede de la Secretar\u00eda, cont\u00f3 con la presencia de su titular, <strong>Daniel Dom\u00ednguez<\/strong>; el subsecretario de Seguridad, <strong>Diego Bados<\/strong>; y el coordinador de relaciones con la comunidad, <strong>Julio Lucesoli<\/strong>. Tambi\u00e9n participaron jefes de la Polic\u00eda Rural y representantes del Ministerio de Seguridad bonaerense, consolidando un frente com\u00fan para la protecci\u00f3n del campo.<\/p>\n\n\n\n<hr class=\"wp-block-separator has-alpha-channel-opacity\"\/>\n\n\n\n<h3 class=\"wp-block-heading\">\u00abTranqueras Seguras\u00bb: Georreferenciaci\u00f3n para una respuesta inmediata<\/h3>\n\n\n\n<p>Uno de los pilares del encuentro fue la presentaci\u00f3n del programa <strong>Tranqueras Seguras<\/strong>. Esta iniciativa marca un antes y un despu\u00e9s en la log\u00edstica de emergencias rurales:<\/p>\n\n\n\n<ul class=\"wp-block-list\">\n<li><strong>Registro Georreferenciado:<\/strong> Se cargan las coordenadas exactas de cada tranquera del partido en un sistema integrado de seguridad.<\/li>\n\n\n\n<li><strong>Optimizaci\u00f3n del Tiempo:<\/strong> Ante un llamado de auxilio, las fuerzas de seguridad y servicios de emergencia ya no dependen de indicaciones subjetivas, sino que pueden localizar el establecimiento con precisi\u00f3n satelital.<\/li>\n\n\n\n<li><strong>Intervenci\u00f3n Eficiente:<\/strong> Esta herramienta reduce dr\u00e1sticamente los tiempos de llegada, factor cr\u00edtico en un territorio de grandes extensiones.<\/li>\n<\/ul>\n\n\n\n<hr class=\"wp-block-separator has-alpha-channel-opacity\"\/>\n\n\n\n<h3 class=\"wp-block-heading\">Refuerzo Operativo y Cercan\u00eda<\/h3>\n\n\n\n<p>Adem\u00e1s de la innovaci\u00f3n tecnol\u00f3gica, se formaliz\u00f3 la incorporaci\u00f3n de <strong>nuevos efectivos a la Polic\u00eda Rural<\/strong>. Esta medida busca aumentar la presencia f\u00edsica en los caminos y campos, brindando una mayor capacidad de respuesta y disuasi\u00f3n ante posibles il\u00edcitos.<\/p>\n\n\n\n<blockquote class=\"wp-block-quote is-layout-flow wp-block-quote-is-layout-flow\">\n<p><strong>Clave Preventiva:<\/strong> Las autoridades subrayaron que la efectividad de estas herramientas depende del compromiso ciudadano. Es fundamental realizar las denuncias correspondientes y utilizar los canales oficiales de comunicaci\u00f3n.<\/p>\n<\/blockquote>\n\n\n\n<hr class=\"wp-block-separator has-alpha-channel-opacity\"\/>\n\n\n\n<h3 class=\"wp-block-heading\">Herramientas a disposici\u00f3n del productor<\/h3>\n\n\n\n<p>Para garantizar una coordinaci\u00f3n efectiva en todo el territorio, se inst\u00f3 a los productores a integrar en su rutina de seguridad las plataformas municipales vigentes:<\/p>\n\n\n\n<ol start=\"1\" class=\"wp-block-list\">\n<li><strong>Luj\u00e1n Alerta 24:<\/strong> Sistema de monitoreo y alerta temprana.<\/li>\n\n\n\n<li><strong>N\u00famero de Emergencias 109:<\/strong> Central de despacho coordinada para respuestas r\u00e1pidas.<\/li>\n<\/ol>\n\n\n\n<p>Estas acciones forman parte de un esquema de cercan\u00eda que busca consolidar el v\u00ednculo entre el Estado y los vecinos rurales, bajo la premisa de que la seguridad se construye mediante la prevenci\u00f3n t\u00e9cnica y la supervisi\u00f3n constante de los procesos de vigilancia.<\/p>\n","protected":false},"excerpt":{"rendered":"<p>La seguridad en las zonas rurales del partido de Luj\u00e1n ha dado un paso firme hacia la modernizaci\u00f3n y el fortalecimiento operativo. En un encuentro clave encabezado por la Secretar\u00eda&hellip; <\/p>\n","protected":false},"author":2,"featured_media":11114,"comment_status":"closed","ping_status":"closed","sticky":false,"template":"","format":"standard","meta":{"footnotes":""},"categories":[16],"tags":[],"class_list":["post-11113","post","type-post","status-publish","format-standard","has-post-thumbnail","hentry","category-seguridad"],"yoast_head":"<!-- This site is optimized with the Yoast SEO plugin v27.3 - https:\/\/yoast.com\/product\/yoast-seo-wordpress\/ -->\n<title>Estrategia y Tecnolog\u00eda: Se refuerza la Seguridad Rural con nuevos efectivos y el programa &quot;Tranqueras Seguras&quot; -<\/title>\n<meta name=\"robots\" content=\"index, follow, max-snippet:-1, max-image-preview:large, max-video-preview:-1\" \/>\n<link rel=\"canonical\" href=\"https:\/\/elciudadanodelujan.com.ar\/?p=11113\" \/>\n<meta property=\"og:locale\" content=\"es_ES\" \/>\n<meta property=\"og:type\" content=\"article\" \/>\n<meta property=\"og:title\" content=\"Estrategia y Tecnolog\u00eda: Se refuerza la Seguridad Rural con nuevos efectivos y el programa &quot;Tranqueras Seguras&quot; -\" \/>\n<meta property=\"og:description\" content=\"La seguridad en las zonas rurales del partido de Luj\u00e1n ha dado un paso firme hacia la modernizaci\u00f3n y el fortalecimiento operativo. En un encuentro clave encabezado por la Secretar\u00eda&hellip;\" \/>\n<meta property=\"og:url\" content=\"https:\/\/elciudadanodelujan.com.ar\/?p=11113\" \/>\n<meta property=\"article:publisher\" content=\"https:\/\/www.facebook.com\/elciudadanodelujan\" \/>\n<meta property=\"article:published_time\" content=\"2026-04-27T21:14:15+00:00\" \/>\n<meta property=\"article:modified_time\" content=\"2026-04-28T21:14:51+00:00\" \/>\n<meta property=\"og:image\" content=\"https:\/\/elciudadanodelujan.com.ar\/wp-content\/uploads\/2026\/04\/image-72-1024x768.png\" \/>\n\t<meta property=\"og:image:width\" content=\"1024\" \/>\n\t<meta property=\"og:image:height\" content=\"768\" \/>\n\t<meta property=\"og:image:type\" content=\"image\/png\" \/>\n<meta name=\"author\" content=\"Osvaldo Cabral\" \/>\n<meta name=\"twitter:card\" content=\"summary_large_image\" \/>\n<meta name=\"twitter:label1\" content=\"Escrito por\" \/>\n\t<meta name=\"twitter:data1\" content=\"Osvaldo Cabral\" \/>\n\t<meta name=\"twitter:label2\" content=\"Tiempo de lectura\" \/>\n\t<meta name=\"twitter:data2\" content=\"3 minutos\" \/>\n<script type=\"application\/ld+json\" class=\"yoast-schema-graph\">{\"@context\":\"https:\\\/\\\/schema.org\",\"@graph\":[{\"@type\":\"Article\",\"@id\":\"https:\\\/\\\/elciudadanodelujan.com.ar\\\/?p=11113#article\",\"isPartOf\":{\"@id\":\"https:\\\/\\\/elciudadanodelujan.com.ar\\\/?p=11113\"},\"author\":{\"name\":\"Osvaldo Cabral\",\"@id\":\"https:\\\/\\\/elciudadanodelujan.com.ar\\\/#\\\/schema\\\/person\\\/6e4147c312281a224c424b0ca2b1d439\"},\"headline\":\"Estrategia y Tecnolog\u00eda: Se refuerza la Seguridad Rural con nuevos efectivos y el programa \u00abTranqueras Seguras\u00bb\",\"datePublished\":\"2026-04-27T21:14:15+00:00\",\"dateModified\":\"2026-04-28T21:14:51+00:00\",\"mainEntityOfPage\":{\"@id\":\"https:\\\/\\\/elciudadanodelujan.com.ar\\\/?p=11113\"},\"wordCount\":440,\"publisher\":{\"@id\":\"https:\\\/\\\/elciudadanodelujan.com.ar\\\/#organization\"},\"image\":{\"@id\":\"https:\\\/\\\/elciudadanodelujan.com.ar\\\/?p=11113#primaryimage\"},\"thumbnailUrl\":\"https:\\\/\\\/elciudadanodelujan.com.ar\\\/wp-content\\\/uploads\\\/2026\\\/04\\\/image-72.png\",\"articleSection\":[\"SEGURIDAD\"],\"inLanguage\":\"es\"},{\"@type\":\"WebPage\",\"@id\":\"https:\\\/\\\/elciudadanodelujan.com.ar\\\/?p=11113\",\"url\":\"https:\\\/\\\/elciudadanodelujan.com.ar\\\/?p=11113\",\"name\":\"Estrategia y Tecnolog\u00eda: Se refuerza la Seguridad Rural con nuevos efectivos y el programa \\\"Tranqueras Seguras\\\" -\",\"isPartOf\":{\"@id\":\"https:\\\/\\\/elciudadanodelujan.com.ar\\\/#website\"},\"primaryImageOfPage\":{\"@id\":\"https:\\\/\\\/elciudadanodelujan.com.ar\\\/?p=11113#primaryimage\"},\"image\":{\"@id\":\"https:\\\/\\\/elciudadanodelujan.com.ar\\\/?p=11113#primaryimage\"},\"thumbnailUrl\":\"https:\\\/\\\/elciudadanodelujan.com.ar\\\/wp-content\\\/uploads\\\/2026\\\/04\\\/image-72.png\",\"datePublished\":\"2026-04-27T21:14:15+00:00\",\"dateModified\":\"2026-04-28T21:14:51+00:00\",\"breadcrumb\":{\"@id\":\"https:\\\/\\\/elciudadanodelujan.com.ar\\\/?p=11113#breadcrumb\"},\"inLanguage\":\"es\",\"potentialAction\":[{\"@type\":\"ReadAction\",\"target\":[\"https:\\\/\\\/elciudadanodelujan.com.ar\\\/?p=11113\"]}]},{\"@type\":\"ImageObject\",\"inLanguage\":\"es\",\"@id\":\"https:\\\/\\\/elciudadanodelujan.com.ar\\\/?p=11113#primaryimage\",\"url\":\"https:\\\/\\\/elciudadanodelujan.com.ar\\\/wp-content\\\/uploads\\\/2026\\\/04\\\/image-72.png\",\"contentUrl\":\"https:\\\/\\\/elciudadanodelujan.com.ar\\\/wp-content\\\/uploads\\\/2026\\\/04\\\/image-72.png\",\"width\":1448,\"height\":1086},{\"@type\":\"BreadcrumbList\",\"@id\":\"https:\\\/\\\/elciudadanodelujan.com.ar\\\/?p=11113#breadcrumb\",\"itemListElement\":[{\"@type\":\"ListItem\",\"position\":1,\"name\":\"Home\",\"item\":\"https:\\\/\\\/elciudadanodelujan.com.ar\\\/\"},{\"@type\":\"ListItem\",\"position\":2,\"name\":\"Estrategia y Tecnolog\u00eda: Se refuerza la Seguridad Rural con nuevos efectivos y el programa \u00abTranqueras Seguras\u00bb\"}]},{\"@type\":\"WebSite\",\"@id\":\"https:\\\/\\\/elciudadanodelujan.com.ar\\\/#website\",\"url\":\"https:\\\/\\\/elciudadanodelujan.com.ar\\\/\",\"name\":\"https:\\\/\\\/elciudadanodelujan.com.ar\",\"description\":\"Noticias de inter\u00e9s general y periodismo de investigaci\u00f3n\",\"publisher\":{\"@id\":\"https:\\\/\\\/elciudadanodelujan.com.ar\\\/#organization\"},\"potentialAction\":[{\"@type\":\"SearchAction\",\"target\":{\"@type\":\"EntryPoint\",\"urlTemplate\":\"https:\\\/\\\/elciudadanodelujan.com.ar\\\/?s={search_term_string}\"},\"query-input\":{\"@type\":\"PropertyValueSpecification\",\"valueRequired\":true,\"valueName\":\"search_term_string\"}}],\"inLanguage\":\"es\"},{\"@type\":\"Organization\",\"@id\":\"https:\\\/\\\/elciudadanodelujan.com.ar\\\/#organization\",\"name\":\"El Ciudadano de Lujan\",\"url\":\"https:\\\/\\\/elciudadanodelujan.com.ar\\\/\",\"logo\":{\"@type\":\"ImageObject\",\"inLanguage\":\"es\",\"@id\":\"https:\\\/\\\/elciudadanodelujan.com.ar\\\/#\\\/schema\\\/logo\\\/image\\\/\",\"url\":\"https:\\\/\\\/elciudadanodelujan.com.ar\\\/wp-content\\\/uploads\\\/2025\\\/01\\\/logo_El_Ciudadano.jpg\",\"contentUrl\":\"https:\\\/\\\/elciudadanodelujan.com.ar\\\/wp-content\\\/uploads\\\/2025\\\/01\\\/logo_El_Ciudadano.jpg\",\"width\":500,\"height\":123,\"caption\":\"El Ciudadano de Lujan\"},\"image\":{\"@id\":\"https:\\\/\\\/elciudadanodelujan.com.ar\\\/#\\\/schema\\\/logo\\\/image\\\/\"},\"sameAs\":[\"https:\\\/\\\/www.facebook.com\\\/elciudadanodelujan\"]},{\"@type\":\"Person\",\"@id\":\"https:\\\/\\\/elciudadanodelujan.com.ar\\\/#\\\/schema\\\/person\\\/6e4147c312281a224c424b0ca2b1d439\",\"name\":\"Osvaldo Cabral\",\"image\":{\"@type\":\"ImageObject\",\"inLanguage\":\"es\",\"@id\":\"https:\\\/\\\/secure.gravatar.com\\\/avatar\\\/c4c6a8aea430571651e7d6992bdfdff335bbe96580656f78299d10ca9a6c1ae9?s=96&d=mm&r=g\",\"url\":\"https:\\\/\\\/secure.gravatar.com\\\/avatar\\\/c4c6a8aea430571651e7d6992bdfdff335bbe96580656f78299d10ca9a6c1ae9?s=96&d=mm&r=g\",\"contentUrl\":\"https:\\\/\\\/secure.gravatar.com\\\/avatar\\\/c4c6a8aea430571651e7d6992bdfdff335bbe96580656f78299d10ca9a6c1ae9?s=96&d=mm&r=g\",\"caption\":\"Osvaldo Cabral\"},\"url\":\"https:\\\/\\\/elciudadanodelujan.com.ar\\\/?author=2\"}]}<\/script>\n<!-- \/ Yoast SEO plugin. -->","yoast_head_json":{"title":"Estrategia y Tecnolog\u00eda: Se refuerza la Seguridad Rural con nuevos efectivos y el programa \"Tranqueras Seguras\" -","robots":{"index":"index","follow":"follow","max-snippet":"max-snippet:-1","max-image-preview":"max-image-preview:large","max-video-preview":"max-video-preview:-1"},"canonical":"https:\/\/elciudadanodelujan.com.ar\/?p=11113","og_locale":"es_ES","og_type":"article","og_title":"Estrategia y Tecnolog\u00eda: Se refuerza la Seguridad Rural con nuevos efectivos y el programa \"Tranqueras Seguras\" -","og_description":"La seguridad en las zonas rurales del partido de Luj\u00e1n ha dado un paso firme hacia la modernizaci\u00f3n y el fortalecimiento operativo. En un encuentro clave encabezado por la Secretar\u00eda&hellip;","og_url":"https:\/\/elciudadanodelujan.com.ar\/?p=11113","article_publisher":"https:\/\/www.facebook.com\/elciudadanodelujan","article_published_time":"2026-04-27T21:14:15+00:00","article_modified_time":"2026-04-28T21:14:51+00:00","og_image":[{"width":1024,"height":768,"url":"https:\/\/elciudadanodelujan.com.ar\/wp-content\/uploads\/2026\/04\/image-72-1024x768.png","type":"image\/png"}],"author":"Osvaldo Cabral","twitter_card":"summary_large_image","twitter_misc":{"Escrito por":"Osvaldo Cabral","Tiempo de lectura":"3 minutos"},"schema":{"@context":"https:\/\/schema.org","@graph":[{"@type":"Article","@id":"https:\/\/elciudadanodelujan.com.ar\/?p=11113#article","isPartOf":{"@id":"https:\/\/elciudadanodelujan.com.ar\/?p=11113"},"author":{"name":"Osvaldo Cabral","@id":"https:\/\/elciudadanodelujan.com.ar\/#\/schema\/person\/6e4147c312281a224c424b0ca2b1d439"},"headline":"Estrategia y Tecnolog\u00eda: Se refuerza la Seguridad Rural con nuevos efectivos y el programa \u00abTranqueras Seguras\u00bb","datePublished":"2026-04-27T21:14:15+00:00","dateModified":"2026-04-28T21:14:51+00:00","mainEntityOfPage":{"@id":"https:\/\/elciudadanodelujan.com.ar\/?p=11113"},"wordCount":440,"publisher":{"@id":"https:\/\/elciudadanodelujan.com.ar\/#organization"},"image":{"@id":"https:\/\/elciudadanodelujan.com.ar\/?p=11113#primaryimage"},"thumbnailUrl":"https:\/\/elciudadanodelujan.com.ar\/wp-content\/uploads\/2026\/04\/image-72.png","articleSection":["SEGURIDAD"],"inLanguage":"es"},{"@type":"WebPage","@id":"https:\/\/elciudadanodelujan.com.ar\/?p=11113","url":"https:\/\/elciudadanodelujan.com.ar\/?p=11113","name":"Estrategia y Tecnolog\u00eda: Se refuerza la Seguridad Rural con nuevos efectivos y el programa \"Tranqueras Seguras\" -","isPartOf":{"@id":"https:\/\/elciudadanodelujan.com.ar\/#website"},"primaryImageOfPage":{"@id":"https:\/\/elciudadanodelujan.com.ar\/?p=11113#primaryimage"},"image":{"@id":"https:\/\/elciudadanodelujan.com.ar\/?p=11113#primaryimage"},"thumbnailUrl":"https:\/\/elciudadanodelujan.com.ar\/wp-content\/uploads\/2026\/04\/image-72.png","datePublished":"2026-04-27T21:14:15+00:00","dateModified":"2026-04-28T21:14:51+00:00","breadcrumb":{"@id":"https:\/\/elciudadanodelujan.com.ar\/?p=11113#breadcrumb"},"inLanguage":"es","potentialAction":[{"@type":"ReadAction","target":["https:\/\/elciudadanodelujan.com.ar\/?p=11113"]}]},{"@type":"ImageObject","inLanguage":"es","@id":"https:\/\/elciudadanodelujan.com.ar\/?p=11113#primaryimage","url":"https:\/\/elciudadanodelujan.com.ar\/wp-content\/uploads\/2026\/04\/image-72.png","contentUrl":"https:\/\/elciudadanodelujan.com.ar\/wp-content\/uploads\/2026\/04\/image-72.png","width":1448,"height":1086},{"@type":"BreadcrumbList","@id":"https:\/\/elciudadanodelujan.com.ar\/?p=11113#breadcrumb","itemListElement":[{"@type":"ListItem","position":1,"name":"Home","item":"https:\/\/elciudadanodelujan.com.ar\/"},{"@type":"ListItem","position":2,"name":"Estrategia y Tecnolog\u00eda: Se refuerza la Seguridad Rural con nuevos efectivos y el programa \u00abTranqueras Seguras\u00bb"}]},{"@type":"WebSite","@id":"https:\/\/elciudadanodelujan.com.ar\/#website","url":"https:\/\/elciudadanodelujan.com.ar\/","name":"https:\/\/elciudadanodelujan.com.ar","description":"Noticias de inter\u00e9s general y periodismo de investigaci\u00f3n","publisher":{"@id":"https:\/\/elciudadanodelujan.com.ar\/#organization"},"potentialAction":[{"@type":"SearchAction","target":{"@type":"EntryPoint","urlTemplate":"https:\/\/elciudadanodelujan.com.ar\/?s={search_term_string}"},"query-input":{"@type":"PropertyValueSpecification","valueRequired":true,"valueName":"search_term_string"}}],"inLanguage":"es"},{"@type":"Organization","@id":"https:\/\/elciudadanodelujan.com.ar\/#organization","name":"El Ciudadano de Lujan","url":"https:\/\/elciudadanodelujan.com.ar\/","logo":{"@type":"ImageObject","inLanguage":"es","@id":"https:\/\/elciudadanodelujan.com.ar\/#\/schema\/logo\/image\/","url":"https:\/\/elciudadanodelujan.com.ar\/wp-content\/uploads\/2025\/01\/logo_El_Ciudadano.jpg","contentUrl":"https:\/\/elciudadanodelujan.com.ar\/wp-content\/uploads\/2025\/01\/logo_El_Ciudadano.jpg","width":500,"height":123,"caption":"El Ciudadano de Lujan"},"image":{"@id":"https:\/\/elciudadanodelujan.com.ar\/#\/schema\/logo\/image\/"},"sameAs":["https:\/\/www.facebook.com\/elciudadanodelujan"]},{"@type":"Person","@id":"https:\/\/elciudadanodelujan.com.ar\/#\/schema\/person\/6e4147c312281a224c424b0ca2b1d439","name":"Osvaldo Cabral","image":{"@type":"ImageObject","inLanguage":"es","@id":"https:\/\/secure.gravatar.com\/avatar\/c4c6a8aea430571651e7d6992bdfdff335bbe96580656f78299d10ca9a6c1ae9?s=96&d=mm&r=g","url":"https:\/\/secure.gravatar.com\/avatar\/c4c6a8aea430571651e7d6992bdfdff335bbe96580656f78299d10ca9a6c1ae9?s=96&d=mm&r=g","contentUrl":"https:\/\/secure.gravatar.com\/avatar\/c4c6a8aea430571651e7d6992bdfdff335bbe96580656f78299d10ca9a6c1ae9?s=96&d=mm&r=g","caption":"Osvaldo Cabral"},"url":"https:\/\/elciudadanodelujan.com.ar\/?author=2"}]}},"_links":{"self":[{"href":"https:\/\/elciudadanodelujan.com.ar\/index.php?rest_route=\/wp\/v2\/posts\/11113","targetHints":{"allow":["GET"]}}],"collection":[{"href":"https:\/\/elciudadanodelujan.com.ar\/index.php?rest_route=\/wp\/v2\/posts"}],"about":[{"href":"https:\/\/elciudadanodelujan.com.ar\/index.php?rest_route=\/wp\/v2\/types\/post"}],"author":[{"embeddable":true,"href":"https:\/\/elciudadanodelujan.com.ar\/index.php?rest_route=\/wp\/v2\/users\/2"}],"replies":[{"embeddable":true,"href":"https:\/\/elciudadanodelujan.com.ar\/index.php?rest_route=%2Fwp%2Fv2%2Fcomments&post=11113"}],"version-history":[{"count":1,"href":"https:\/\/elciudadanodelujan.com.ar\/index.php?rest_route=\/wp\/v2\/posts\/11113\/revisions"}],"predecessor-version":[{"id":11115,"href":"https:\/\/elciudadanodelujan.com.ar\/index.php?rest_route=\/wp\/v2\/posts\/11113\/revisions\/11115"}],"wp:featuredmedia":[{"embeddable":true,"href":"https:\/\/elciudadanodelujan.com.ar\/index.php?rest_route=\/wp\/v2\/media\/11114"}],"wp:attachment":[{"href":"https:\/\/elciudadanodelujan.com.ar\/index.php?rest_route=%2Fwp%2Fv2%2Fmedia&parent=11113"}],"wp:term":[{"taxonomy":"category","embeddable":true,"href":"https:\/\/elciudadanodelujan.com.ar\/index.php?rest_route=%2Fwp%2Fv2%2Fcategories&post=11113"},{"taxonomy":"post_tag","embeddable":true,"href":"https:\/\/elciudadanodelujan.com.ar\/index.php?rest_route=%2Fwp%2Fv2%2Ftags&post=11113"}],"curies":[{"name":"wp","href":"https:\/\/api.w.org\/{rel}","templated":true}]}}