{"id":11110,"date":"2026-04-28T18:11:26","date_gmt":"2026-04-28T21:11:26","guid":{"rendered":"https:\/\/elciudadanodelujan.com.ar\/?p=11110"},"modified":"2026-04-28T18:11:51","modified_gmt":"2026-04-28T21:11:51","slug":"encuentro-de-culturas-el-parque-ameghino-se-prepara-para-la-tercera-edicion-de-china-en-lujan","status":"publish","type":"post","link":"https:\/\/elciudadanodelujan.com.ar\/?p=11110","title":{"rendered":"Encuentro de Culturas: El Parque Ameghino se prepara para la tercera edici\u00f3n de \u00abChina en Luj\u00e1n\u00bb"},"content":{"rendered":"\n<h2 class=\"wp-block-heading\">Este pr\u00f3ximo domingo 10 de mayo, Luj\u00e1n volver\u00e1 a ser el escenario de un puente cultural sin precedentes. Por tercer a\u00f1o consecutivo, el Parque Ameghino recibir\u00e1 el evento \u00abChina en Luj\u00e1n\u00bb, una propuesta que invita a los vecinos y visitantes a sumergirse en las tradiciones milenarias de la naci\u00f3n asi\u00e1tica con entrada libre y gratuita.<\/h2>\n\n\n\n<figure class=\"wp-block-image size-large\"><img loading=\"lazy\" decoding=\"async\" width=\"1024\" height=\"682\" src=\"https:\/\/elciudadanodelujan.com.ar\/wp-content\/uploads\/2026\/04\/image-71-1024x682.png\" alt=\"\" class=\"wp-image-11111\" srcset=\"https:\/\/elciudadanodelujan.com.ar\/wp-content\/uploads\/2026\/04\/image-71-1024x682.png 1024w, https:\/\/elciudadanodelujan.com.ar\/wp-content\/uploads\/2026\/04\/image-71-300x200.png 300w, https:\/\/elciudadanodelujan.com.ar\/wp-content\/uploads\/2026\/04\/image-71-768x512.png 768w, https:\/\/elciudadanodelujan.com.ar\/wp-content\/uploads\/2026\/04\/image-71-1536x1023.png 1536w, https:\/\/elciudadanodelujan.com.ar\/wp-content\/uploads\/2026\/04\/image-71.png 1600w\" sizes=\"auto, (max-width: 1024px) 100vw, 1024px\" \/><\/figure>\n\n\n\n<p>La jornada, que se extender\u00e1 de <strong>10:00 a 19:00 horas<\/strong>, promete transformar el paisaje local en un vibrante paseo oriental, combinando disciplinas ancestrales, gastronom\u00eda y espect\u00e1culos en vivo.<\/p>\n\n\n\n<hr class=\"wp-block-separator has-alpha-channel-opacity\"\/>\n\n\n\n<h3 class=\"wp-block-heading\">Un sue\u00f1o que se consolida<\/h3>\n\n\n\n<p>La iniciativa, nacida de la colaboraci\u00f3n entre el Municipio y referentes de la comunidad, ha ganado terreno en la agenda cultural de la ciudad. <strong>Chen Min<\/strong>, directora y cofundadora del Club Argentino de Wushu, destac\u00f3 la importancia de este crecimiento:<\/p>\n\n\n\n<blockquote class=\"wp-block-quote is-layout-flow wp-block-quote-is-layout-flow\">\n<p><em>\u201cQueremos acercar la cultura china de una manera abierta y vivencial, ofreciendo un hermoso paseo cultural para toda la familia\u201d<\/em>, expres\u00f3, subrayando la emoci\u00f3n de ver c\u00f3mo este proyecto se consolida a\u00f1o tras a\u00f1o.<\/p>\n<\/blockquote>\n\n\n\n<hr class=\"wp-block-separator has-alpha-channel-opacity\"\/>\n\n\n\n<h3 class=\"wp-block-heading\">Gastronom\u00eda, Arte y Tradici\u00f3n<\/h3>\n\n\n\n<p>Quienes se acerquen al Parque Ameghino podr\u00e1n disfrutar de una oferta variada que apela a todos los sentidos:<\/p>\n\n\n\n<ul class=\"wp-block-list\">\n<li><strong>Paseo Gastron\u00f3mico:<\/strong> Una oportunidad para degustar platos t\u00edpicos y sabores aut\u00e9nticos de oriente.<\/li>\n\n\n\n<li><strong>Feria y Arte:<\/strong> Exposici\u00f3n de arte de cortes de papel chino y un paseo ferial con productos tem\u00e1ticos.<\/li>\n\n\n\n<li><strong>Rituales Milenarios:<\/strong> Se llevar\u00e1 a cabo la tradicional <strong>Ceremonia de T\u00e9 chino<\/strong>, un momento de pausa y apreciaci\u00f3n est\u00e9tica.<\/li>\n\n\n\n<li><strong>Danza del Drag\u00f3n y Le\u00f3n:<\/strong> El despliegue visual m\u00e1s esperado, s\u00edmbolo de fortuna y protecci\u00f3n, recorrer\u00e1 el predio.<\/li>\n<\/ul>\n\n\n\n<hr class=\"wp-block-separator has-alpha-channel-opacity\"\/>\n\n\n\n<h3 class=\"wp-block-heading\">Shows en el Escenario Principal<\/h3>\n\n\n\n<p>A lo largo de todo el d\u00eda, el escenario central contar\u00e1 con una programaci\u00f3n ininterrumpida que incluye:<\/p>\n\n\n\n<ol start=\"1\" class=\"wp-block-list\">\n<li><strong>Artes Marciales:<\/strong> Exhibiciones de alto nivel a cargo del Club Argentino de Wushu y la Federaci\u00f3n Argentina de Wushu.<\/li>\n\n\n\n<li><strong>Bienestar:<\/strong> Pr\u00e1cticas abiertas de <strong>Tai Chi<\/strong>, ideales para quienes buscan una conexi\u00f3n entre cuerpo y mente.<\/li>\n\n\n\n<li><strong>Desfiles:<\/strong> Presentaci\u00f3n de la vestimenta tradicional <strong>Hanfu<\/strong>, un recorrido hist\u00f3rico a trav\u00e9s del textil.<\/li>\n\n\n\n<li><strong>M\u00fasica y Danza:<\/strong> Bailes tradicionales y las presentaciones en vivo de <strong>Sol Heredia y Santiago Bertoni<\/strong>, entre otros artistas.<\/li>\n<\/ol>\n\n\n\n<p>Esta tercera edici\u00f3n reafirma a Luj\u00e1n como un espacio de apertura y celebraci\u00f3n de la diversidad, ofreciendo a la comunidad la posibilidad de viajar a trav\u00e9s de la cultura sin salir de la ciudad.<\/p>\n","protected":false},"excerpt":{"rendered":"<p>Este pr\u00f3ximo domingo 10 de mayo, Luj\u00e1n volver\u00e1 a ser el escenario de un puente cultural sin precedentes. Por tercer a\u00f1o consecutivo, el Parque Ameghino recibir\u00e1 el evento \u00abChina en&hellip; <\/p>\n","protected":false},"author":2,"featured_media":11111,"comment_status":"closed","ping_status":"closed","sticky":false,"template":"","format":"standard","meta":{"footnotes":""},"categories":[17],"tags":[],"class_list":["post-11110","post","type-post","status-publish","format-standard","has-post-thumbnail","hentry","category-sociedad"],"yoast_head":"<!-- This site is optimized with the Yoast SEO plugin v27.3 - https:\/\/yoast.com\/product\/yoast-seo-wordpress\/ -->\n<title>Encuentro de Culturas: El Parque Ameghino se prepara para la tercera edici\u00f3n de &quot;China en Luj\u00e1n&quot; -<\/title>\n<meta name=\"robots\" content=\"index, follow, max-snippet:-1, max-image-preview:large, max-video-preview:-1\" \/>\n<link rel=\"canonical\" href=\"https:\/\/elciudadanodelujan.com.ar\/?p=11110\" \/>\n<meta property=\"og:locale\" content=\"es_ES\" \/>\n<meta property=\"og:type\" content=\"article\" \/>\n<meta property=\"og:title\" content=\"Encuentro de Culturas: El Parque Ameghino se prepara para la tercera edici\u00f3n de &quot;China en Luj\u00e1n&quot; -\" \/>\n<meta property=\"og:description\" content=\"Este pr\u00f3ximo domingo 10 de mayo, Luj\u00e1n volver\u00e1 a ser el escenario de un puente cultural sin precedentes. Por tercer a\u00f1o consecutivo, el Parque Ameghino recibir\u00e1 el evento \u00abChina en&hellip;\" \/>\n<meta property=\"og:url\" content=\"https:\/\/elciudadanodelujan.com.ar\/?p=11110\" \/>\n<meta property=\"article:publisher\" content=\"https:\/\/www.facebook.com\/elciudadanodelujan\" \/>\n<meta property=\"article:published_time\" content=\"2026-04-28T21:11:26+00:00\" \/>\n<meta property=\"article:modified_time\" content=\"2026-04-28T21:11:51+00:00\" \/>\n<meta property=\"og:image\" content=\"https:\/\/elciudadanodelujan.com.ar\/wp-content\/uploads\/2026\/04\/image-71-1024x682.png\" \/>\n\t<meta property=\"og:image:width\" content=\"1024\" \/>\n\t<meta property=\"og:image:height\" content=\"682\" \/>\n\t<meta property=\"og:image:type\" content=\"image\/png\" \/>\n<meta name=\"author\" content=\"Osvaldo Cabral\" \/>\n<meta name=\"twitter:card\" content=\"summary_large_image\" \/>\n<meta name=\"twitter:label1\" content=\"Escrito por\" \/>\n\t<meta name=\"twitter:data1\" content=\"Osvaldo Cabral\" \/>\n\t<meta name=\"twitter:label2\" content=\"Tiempo de lectura\" \/>\n\t<meta name=\"twitter:data2\" content=\"2 minutos\" \/>\n<script type=\"application\/ld+json\" class=\"yoast-schema-graph\">{\"@context\":\"https:\\\/\\\/schema.org\",\"@graph\":[{\"@type\":\"Article\",\"@id\":\"https:\\\/\\\/elciudadanodelujan.com.ar\\\/?p=11110#article\",\"isPartOf\":{\"@id\":\"https:\\\/\\\/elciudadanodelujan.com.ar\\\/?p=11110\"},\"author\":{\"name\":\"Osvaldo Cabral\",\"@id\":\"https:\\\/\\\/elciudadanodelujan.com.ar\\\/#\\\/schema\\\/person\\\/6e4147c312281a224c424b0ca2b1d439\"},\"headline\":\"Encuentro de Culturas: El Parque Ameghino se prepara para la tercera edici\u00f3n de \u00abChina en Luj\u00e1n\u00bb\",\"datePublished\":\"2026-04-28T21:11:26+00:00\",\"dateModified\":\"2026-04-28T21:11:51+00:00\",\"mainEntityOfPage\":{\"@id\":\"https:\\\/\\\/elciudadanodelujan.com.ar\\\/?p=11110\"},\"wordCount\":433,\"publisher\":{\"@id\":\"https:\\\/\\\/elciudadanodelujan.com.ar\\\/#organization\"},\"image\":{\"@id\":\"https:\\\/\\\/elciudadanodelujan.com.ar\\\/?p=11110#primaryimage\"},\"thumbnailUrl\":\"https:\\\/\\\/elciudadanodelujan.com.ar\\\/wp-content\\\/uploads\\\/2026\\\/04\\\/image-71.png\",\"articleSection\":[\"SOCIEDAD\"],\"inLanguage\":\"es\"},{\"@type\":\"WebPage\",\"@id\":\"https:\\\/\\\/elciudadanodelujan.com.ar\\\/?p=11110\",\"url\":\"https:\\\/\\\/elciudadanodelujan.com.ar\\\/?p=11110\",\"name\":\"Encuentro de Culturas: El Parque Ameghino se prepara para la tercera edici\u00f3n de \\\"China en Luj\u00e1n\\\" -\",\"isPartOf\":{\"@id\":\"https:\\\/\\\/elciudadanodelujan.com.ar\\\/#website\"},\"primaryImageOfPage\":{\"@id\":\"https:\\\/\\\/elciudadanodelujan.com.ar\\\/?p=11110#primaryimage\"},\"image\":{\"@id\":\"https:\\\/\\\/elciudadanodelujan.com.ar\\\/?p=11110#primaryimage\"},\"thumbnailUrl\":\"https:\\\/\\\/elciudadanodelujan.com.ar\\\/wp-content\\\/uploads\\\/2026\\\/04\\\/image-71.png\",\"datePublished\":\"2026-04-28T21:11:26+00:00\",\"dateModified\":\"2026-04-28T21:11:51+00:00\",\"breadcrumb\":{\"@id\":\"https:\\\/\\\/elciudadanodelujan.com.ar\\\/?p=11110#breadcrumb\"},\"inLanguage\":\"es\",\"potentialAction\":[{\"@type\":\"ReadAction\",\"target\":[\"https:\\\/\\\/elciudadanodelujan.com.ar\\\/?p=11110\"]}]},{\"@type\":\"ImageObject\",\"inLanguage\":\"es\",\"@id\":\"https:\\\/\\\/elciudadanodelujan.com.ar\\\/?p=11110#primaryimage\",\"url\":\"https:\\\/\\\/elciudadanodelujan.com.ar\\\/wp-content\\\/uploads\\\/2026\\\/04\\\/image-71.png\",\"contentUrl\":\"https:\\\/\\\/elciudadanodelujan.com.ar\\\/wp-content\\\/uploads\\\/2026\\\/04\\\/image-71.png\",\"width\":1600,\"height\":1066},{\"@type\":\"BreadcrumbList\",\"@id\":\"https:\\\/\\\/elciudadanodelujan.com.ar\\\/?p=11110#breadcrumb\",\"itemListElement\":[{\"@type\":\"ListItem\",\"position\":1,\"name\":\"Home\",\"item\":\"https:\\\/\\\/elciudadanodelujan.com.ar\\\/\"},{\"@type\":\"ListItem\",\"position\":2,\"name\":\"Encuentro de Culturas: El Parque Ameghino se prepara para la tercera edici\u00f3n de \u00abChina en Luj\u00e1n\u00bb\"}]},{\"@type\":\"WebSite\",\"@id\":\"https:\\\/\\\/elciudadanodelujan.com.ar\\\/#website\",\"url\":\"https:\\\/\\\/elciudadanodelujan.com.ar\\\/\",\"name\":\"https:\\\/\\\/elciudadanodelujan.com.ar\",\"description\":\"Noticias de inter\u00e9s general y periodismo de investigaci\u00f3n\",\"publisher\":{\"@id\":\"https:\\\/\\\/elciudadanodelujan.com.ar\\\/#organization\"},\"potentialAction\":[{\"@type\":\"SearchAction\",\"target\":{\"@type\":\"EntryPoint\",\"urlTemplate\":\"https:\\\/\\\/elciudadanodelujan.com.ar\\\/?s={search_term_string}\"},\"query-input\":{\"@type\":\"PropertyValueSpecification\",\"valueRequired\":true,\"valueName\":\"search_term_string\"}}],\"inLanguage\":\"es\"},{\"@type\":\"Organization\",\"@id\":\"https:\\\/\\\/elciudadanodelujan.com.ar\\\/#organization\",\"name\":\"El Ciudadano de Lujan\",\"url\":\"https:\\\/\\\/elciudadanodelujan.com.ar\\\/\",\"logo\":{\"@type\":\"ImageObject\",\"inLanguage\":\"es\",\"@id\":\"https:\\\/\\\/elciudadanodelujan.com.ar\\\/#\\\/schema\\\/logo\\\/image\\\/\",\"url\":\"https:\\\/\\\/elciudadanodelujan.com.ar\\\/wp-content\\\/uploads\\\/2025\\\/01\\\/logo_El_Ciudadano.jpg\",\"contentUrl\":\"https:\\\/\\\/elciudadanodelujan.com.ar\\\/wp-content\\\/uploads\\\/2025\\\/01\\\/logo_El_Ciudadano.jpg\",\"width\":500,\"height\":123,\"caption\":\"El Ciudadano de Lujan\"},\"image\":{\"@id\":\"https:\\\/\\\/elciudadanodelujan.com.ar\\\/#\\\/schema\\\/logo\\\/image\\\/\"},\"sameAs\":[\"https:\\\/\\\/www.facebook.com\\\/elciudadanodelujan\"]},{\"@type\":\"Person\",\"@id\":\"https:\\\/\\\/elciudadanodelujan.com.ar\\\/#\\\/schema\\\/person\\\/6e4147c312281a224c424b0ca2b1d439\",\"name\":\"Osvaldo Cabral\",\"image\":{\"@type\":\"ImageObject\",\"inLanguage\":\"es\",\"@id\":\"https:\\\/\\\/secure.gravatar.com\\\/avatar\\\/c4c6a8aea430571651e7d6992bdfdff335bbe96580656f78299d10ca9a6c1ae9?s=96&d=mm&r=g\",\"url\":\"https:\\\/\\\/secure.gravatar.com\\\/avatar\\\/c4c6a8aea430571651e7d6992bdfdff335bbe96580656f78299d10ca9a6c1ae9?s=96&d=mm&r=g\",\"contentUrl\":\"https:\\\/\\\/secure.gravatar.com\\\/avatar\\\/c4c6a8aea430571651e7d6992bdfdff335bbe96580656f78299d10ca9a6c1ae9?s=96&d=mm&r=g\",\"caption\":\"Osvaldo Cabral\"},\"url\":\"https:\\\/\\\/elciudadanodelujan.com.ar\\\/?author=2\"}]}<\/script>\n<!-- \/ Yoast SEO plugin. -->","yoast_head_json":{"title":"Encuentro de Culturas: El Parque Ameghino se prepara para la tercera edici\u00f3n de \"China en Luj\u00e1n\" -","robots":{"index":"index","follow":"follow","max-snippet":"max-snippet:-1","max-image-preview":"max-image-preview:large","max-video-preview":"max-video-preview:-1"},"canonical":"https:\/\/elciudadanodelujan.com.ar\/?p=11110","og_locale":"es_ES","og_type":"article","og_title":"Encuentro de Culturas: El Parque Ameghino se prepara para la tercera edici\u00f3n de \"China en Luj\u00e1n\" -","og_description":"Este pr\u00f3ximo domingo 10 de mayo, Luj\u00e1n volver\u00e1 a ser el escenario de un puente cultural sin precedentes. Por tercer a\u00f1o consecutivo, el Parque Ameghino recibir\u00e1 el evento \u00abChina en&hellip;","og_url":"https:\/\/elciudadanodelujan.com.ar\/?p=11110","article_publisher":"https:\/\/www.facebook.com\/elciudadanodelujan","article_published_time":"2026-04-28T21:11:26+00:00","article_modified_time":"2026-04-28T21:11:51+00:00","og_image":[{"width":1024,"height":682,"url":"https:\/\/elciudadanodelujan.com.ar\/wp-content\/uploads\/2026\/04\/image-71-1024x682.png","type":"image\/png"}],"author":"Osvaldo Cabral","twitter_card":"summary_large_image","twitter_misc":{"Escrito por":"Osvaldo Cabral","Tiempo de lectura":"2 minutos"},"schema":{"@context":"https:\/\/schema.org","@graph":[{"@type":"Article","@id":"https:\/\/elciudadanodelujan.com.ar\/?p=11110#article","isPartOf":{"@id":"https:\/\/elciudadanodelujan.com.ar\/?p=11110"},"author":{"name":"Osvaldo Cabral","@id":"https:\/\/elciudadanodelujan.com.ar\/#\/schema\/person\/6e4147c312281a224c424b0ca2b1d439"},"headline":"Encuentro de Culturas: El Parque Ameghino se prepara para la tercera edici\u00f3n de \u00abChina en Luj\u00e1n\u00bb","datePublished":"2026-04-28T21:11:26+00:00","dateModified":"2026-04-28T21:11:51+00:00","mainEntityOfPage":{"@id":"https:\/\/elciudadanodelujan.com.ar\/?p=11110"},"wordCount":433,"publisher":{"@id":"https:\/\/elciudadanodelujan.com.ar\/#organization"},"image":{"@id":"https:\/\/elciudadanodelujan.com.ar\/?p=11110#primaryimage"},"thumbnailUrl":"https:\/\/elciudadanodelujan.com.ar\/wp-content\/uploads\/2026\/04\/image-71.png","articleSection":["SOCIEDAD"],"inLanguage":"es"},{"@type":"WebPage","@id":"https:\/\/elciudadanodelujan.com.ar\/?p=11110","url":"https:\/\/elciudadanodelujan.com.ar\/?p=11110","name":"Encuentro de Culturas: El Parque Ameghino se prepara para la tercera edici\u00f3n de \"China en Luj\u00e1n\" -","isPartOf":{"@id":"https:\/\/elciudadanodelujan.com.ar\/#website"},"primaryImageOfPage":{"@id":"https:\/\/elciudadanodelujan.com.ar\/?p=11110#primaryimage"},"image":{"@id":"https:\/\/elciudadanodelujan.com.ar\/?p=11110#primaryimage"},"thumbnailUrl":"https:\/\/elciudadanodelujan.com.ar\/wp-content\/uploads\/2026\/04\/image-71.png","datePublished":"2026-04-28T21:11:26+00:00","dateModified":"2026-04-28T21:11:51+00:00","breadcrumb":{"@id":"https:\/\/elciudadanodelujan.com.ar\/?p=11110#breadcrumb"},"inLanguage":"es","potentialAction":[{"@type":"ReadAction","target":["https:\/\/elciudadanodelujan.com.ar\/?p=11110"]}]},{"@type":"ImageObject","inLanguage":"es","@id":"https:\/\/elciudadanodelujan.com.ar\/?p=11110#primaryimage","url":"https:\/\/elciudadanodelujan.com.ar\/wp-content\/uploads\/2026\/04\/image-71.png","contentUrl":"https:\/\/elciudadanodelujan.com.ar\/wp-content\/uploads\/2026\/04\/image-71.png","width":1600,"height":1066},{"@type":"BreadcrumbList","@id":"https:\/\/elciudadanodelujan.com.ar\/?p=11110#breadcrumb","itemListElement":[{"@type":"ListItem","position":1,"name":"Home","item":"https:\/\/elciudadanodelujan.com.ar\/"},{"@type":"ListItem","position":2,"name":"Encuentro de Culturas: El Parque Ameghino se prepara para la tercera edici\u00f3n de \u00abChina en Luj\u00e1n\u00bb"}]},{"@type":"WebSite","@id":"https:\/\/elciudadanodelujan.com.ar\/#website","url":"https:\/\/elciudadanodelujan.com.ar\/","name":"https:\/\/elciudadanodelujan.com.ar","description":"Noticias de inter\u00e9s general y periodismo de investigaci\u00f3n","publisher":{"@id":"https:\/\/elciudadanodelujan.com.ar\/#organization"},"potentialAction":[{"@type":"SearchAction","target":{"@type":"EntryPoint","urlTemplate":"https:\/\/elciudadanodelujan.com.ar\/?s={search_term_string}"},"query-input":{"@type":"PropertyValueSpecification","valueRequired":true,"valueName":"search_term_string"}}],"inLanguage":"es"},{"@type":"Organization","@id":"https:\/\/elciudadanodelujan.com.ar\/#organization","name":"El Ciudadano de Lujan","url":"https:\/\/elciudadanodelujan.com.ar\/","logo":{"@type":"ImageObject","inLanguage":"es","@id":"https:\/\/elciudadanodelujan.com.ar\/#\/schema\/logo\/image\/","url":"https:\/\/elciudadanodelujan.com.ar\/wp-content\/uploads\/2025\/01\/logo_El_Ciudadano.jpg","contentUrl":"https:\/\/elciudadanodelujan.com.ar\/wp-content\/uploads\/2025\/01\/logo_El_Ciudadano.jpg","width":500,"height":123,"caption":"El Ciudadano de Lujan"},"image":{"@id":"https:\/\/elciudadanodelujan.com.ar\/#\/schema\/logo\/image\/"},"sameAs":["https:\/\/www.facebook.com\/elciudadanodelujan"]},{"@type":"Person","@id":"https:\/\/elciudadanodelujan.com.ar\/#\/schema\/person\/6e4147c312281a224c424b0ca2b1d439","name":"Osvaldo Cabral","image":{"@type":"ImageObject","inLanguage":"es","@id":"https:\/\/secure.gravatar.com\/avatar\/c4c6a8aea430571651e7d6992bdfdff335bbe96580656f78299d10ca9a6c1ae9?s=96&d=mm&r=g","url":"https:\/\/secure.gravatar.com\/avatar\/c4c6a8aea430571651e7d6992bdfdff335bbe96580656f78299d10ca9a6c1ae9?s=96&d=mm&r=g","contentUrl":"https:\/\/secure.gravatar.com\/avatar\/c4c6a8aea430571651e7d6992bdfdff335bbe96580656f78299d10ca9a6c1ae9?s=96&d=mm&r=g","caption":"Osvaldo Cabral"},"url":"https:\/\/elciudadanodelujan.com.ar\/?author=2"}]}},"_links":{"self":[{"href":"https:\/\/elciudadanodelujan.com.ar\/index.php?rest_route=\/wp\/v2\/posts\/11110","targetHints":{"allow":["GET"]}}],"collection":[{"href":"https:\/\/elciudadanodelujan.com.ar\/index.php?rest_route=\/wp\/v2\/posts"}],"about":[{"href":"https:\/\/elciudadanodelujan.com.ar\/index.php?rest_route=\/wp\/v2\/types\/post"}],"author":[{"embeddable":true,"href":"https:\/\/elciudadanodelujan.com.ar\/index.php?rest_route=\/wp\/v2\/users\/2"}],"replies":[{"embeddable":true,"href":"https:\/\/elciudadanodelujan.com.ar\/index.php?rest_route=%2Fwp%2Fv2%2Fcomments&post=11110"}],"version-history":[{"count":1,"href":"https:\/\/elciudadanodelujan.com.ar\/index.php?rest_route=\/wp\/v2\/posts\/11110\/revisions"}],"predecessor-version":[{"id":11112,"href":"https:\/\/elciudadanodelujan.com.ar\/index.php?rest_route=\/wp\/v2\/posts\/11110\/revisions\/11112"}],"wp:featuredmedia":[{"embeddable":true,"href":"https:\/\/elciudadanodelujan.com.ar\/index.php?rest_route=\/wp\/v2\/media\/11111"}],"wp:attachment":[{"href":"https:\/\/elciudadanodelujan.com.ar\/index.php?rest_route=%2Fwp%2Fv2%2Fmedia&parent=11110"}],"wp:term":[{"taxonomy":"category","embeddable":true,"href":"https:\/\/elciudadanodelujan.com.ar\/index.php?rest_route=%2Fwp%2Fv2%2Fcategories&post=11110"},{"taxonomy":"post_tag","embeddable":true,"href":"https:\/\/elciudadanodelujan.com.ar\/index.php?rest_route=%2Fwp%2Fv2%2Ftags&post=11110"}],"curies":[{"name":"wp","href":"https:\/\/api.w.org\/{rel}","templated":true}]}}