{"id":11107,"date":"2026-04-28T18:07:50","date_gmt":"2026-04-28T21:07:50","guid":{"rendered":"https:\/\/elciudadanodelujan.com.ar\/?p=11107"},"modified":"2026-04-28T18:09:48","modified_gmt":"2026-04-28T21:09:48","slug":"escenario-local-el-teatro-trinidad-guevara-despliega-su-cartelera-de-mayo","status":"publish","type":"post","link":"https:\/\/elciudadanodelujan.com.ar\/?p=11107","title":{"rendered":"Escenario Local: El Teatro Trinidad Guevara despliega su cartelera de mayo"},"content":{"rendered":"\n<h2 class=\"wp-block-heading\">El Teatro Municipal Trinidad Guevara ha presentado su programaci\u00f3n oficial para el mes de mayo, consolid\u00e1ndose como el coraz\u00f3n cultural de Luj\u00e1n. Con una agenda que equilibra el talento local con grandes figuras nacionales, la sala promete un mes de alta intensidad emocional y art\u00edstica, abarcando desde el rock y la \u00f3pera hasta el stand up y propuestas infantiles de primer nivel.<\/h2>\n\n\n\n<figure class=\"wp-block-image size-large\"><img loading=\"lazy\" decoding=\"async\" width=\"1024\" height=\"576\" src=\"https:\/\/elciudadanodelujan.com.ar\/wp-content\/uploads\/2026\/04\/image-70-1024x576.png\" alt=\"\" class=\"wp-image-11108\" srcset=\"https:\/\/elciudadanodelujan.com.ar\/wp-content\/uploads\/2026\/04\/image-70-1024x576.png 1024w, https:\/\/elciudadanodelujan.com.ar\/wp-content\/uploads\/2026\/04\/image-70-300x169.png 300w, https:\/\/elciudadanodelujan.com.ar\/wp-content\/uploads\/2026\/04\/image-70-768x432.png 768w, https:\/\/elciudadanodelujan.com.ar\/wp-content\/uploads\/2026\/04\/image-70-1536x864.png 1536w, https:\/\/elciudadanodelujan.com.ar\/wp-content\/uploads\/2026\/04\/image-70.png 1600w\" sizes=\"auto, (max-width: 1024px) 100vw, 1024px\" \/><\/figure>\n\n\n\n<hr class=\"wp-block-separator has-alpha-channel-opacity\"\/>\n\n\n\n<h3 class=\"wp-block-heading\">Grandes Figuras y Espect\u00e1culos Destacados<\/h3>\n\n\n\n<p>La cartelera de este mes trae propuestas de gran peso esc\u00e9nico:<\/p>\n\n\n\n<ul class=\"wp-block-list\">\n<li><strong>M\u00fasica de Pel\u00edcula con Horacio Lavandera:<\/strong> El <strong>viernes 22 (20:30 hs)<\/strong>, el prestigioso pianista presentar\u00e1 <em>\u00abCine al piano\u00bb<\/em>, un viaje sonoro desde Bach hasta la emblem\u00e1tica m\u00fasica de <em>Star Wars<\/em> de John Williams.<\/li>\n\n\n\n<li><strong>Humor y Reflexi\u00f3n:<\/strong> El stand up tendr\u00e1 dos platos fuertes. El <strong>domingo 17<\/strong>, <strong>Pablo F\u00e1bregas<\/strong> presenta <em>\u00abInestable\u00bb<\/em>, una mirada ir\u00f3nica sobre el ciclo de la vida; mientras que el <strong>jueves 21<\/strong>, <strong>Nico de Tracy<\/strong> llega con su unipersonal <em>\u00abPurga\u00bb<\/em>, una propuesta directa y sin filtros.<\/li>\n\n\n\n<li><strong>Para la Familia:<\/strong> El <strong>lunes 25<\/strong>, feriado patrio, <strong>Topa<\/strong> desembarca con <em>\u00abUn mundo de colores\u00bb<\/em>, un show dise\u00f1ado para que los m\u00e1s chicos disfruten de sus cl\u00e1sicos y nuevos personajes.<\/li>\n\n\n\n<li><strong>Cierre de Comedia:<\/strong> El <strong>domingo 31<\/strong>, <strong>Dami\u00e1n De Santo y Christian Sancho<\/strong> protagonizan <em>\u00abUna clase especial\u00bb<\/em>, una comedia de enredos sobre el amor y la seducci\u00f3n.<\/li>\n<\/ul>\n\n\n\n<hr class=\"wp-block-separator has-alpha-channel-opacity\"\/>\n\n\n\n<h3 class=\"wp-block-heading\">El Talento Local: Identidad y Trayectoria<\/h3>\n\n\n\n<p>El teatro tambi\u00e9n ser\u00e1 el espacio donde Luj\u00e1n celebra sus propias instituciones:<\/p>\n\n\n\n<ul class=\"wp-block-list\">\n<li><strong>Banda Rerum Novarum:<\/strong> El <strong>lunes 25 (20:00 hs)<\/strong>, la hist\u00f3rica formaci\u00f3n brindar\u00e1 un show gratuito para celebrar sus <strong>89 a\u00f1os de m\u00fasica<\/strong>.<\/li>\n\n\n\n<li><strong>Doctora Queen y Coro Amuy\u00e9n:<\/strong> El <strong>s\u00e1bado 23<\/strong> se vivir\u00e1 una experiencia coral-rockera reinterpretando los \u00e9xitos de Freddie Mercury.<\/li>\n\n\n\n<li><strong>Los Viking\u2019s:<\/strong> El <strong>s\u00e1bado 30<\/strong>, la banda local brindar\u00e1 un emotivo homenaje musical para cerrar el mes.<\/li>\n\n\n\n<li><strong>Compa\u00f1\u00eda de Teatro Musical de Luj\u00e1n:<\/strong> Presentar\u00e1 el cl\u00e1sico <em>\u00abAnnie\u00bb<\/em> el <strong>mi\u00e9rcoles 13<\/strong> con entrada libre y gratuita.<\/li>\n<\/ul>\n\n\n\n<hr class=\"wp-block-separator has-alpha-channel-opacity\"\/>\n\n\n\n<h3 class=\"wp-block-heading\">Gu\u00eda de Funciones: Mayo 2026<\/h3>\n\n\n\n<figure class=\"wp-block-table\"><table class=\"has-fixed-layout\"><thead><tr><td><strong>D\u00eda<\/strong><\/td><td><strong>Hora<\/strong><\/td><td><strong>Espect\u00e1culo<\/strong><\/td><td><strong>Tipo<\/strong><\/td><\/tr><\/thead><tbody><tr><td><strong>S\u00e1b 2<\/strong><\/td><td>19:00<\/td><td>Cazadoras Doradas (Kpop)<\/td><td>Show \/ Actuaci\u00f3n<\/td><\/tr><tr><td><strong>Vie 8<\/strong><\/td><td>20:00<\/td><td>Tempestad<\/td><td>Show Musical<\/td><\/tr><tr><td><strong>S\u00e1b 9<\/strong><\/td><td>21:00<\/td><td>Mal\u00e9ficos<\/td><td>Teatro<\/td><\/tr><tr><td><strong>S\u00e1b 16<\/strong><\/td><td>17:00<\/td><td>Soplar\u00e9 soplar\u00e9 (Chingalepa)<\/td><td>Infantil<\/td><\/tr><tr><td><strong>Dom 24<\/strong><\/td><td>14:00<\/td><td>Unidos por la danza<\/td><td>Muestra<\/td><\/tr><tr><td><strong>Jue 28<\/strong><\/td><td>21:00<\/td><td>A viva voce<\/td><td>\u00d3pera<\/td><\/tr><\/tbody><\/table><\/figure>\n\n\n\n<hr class=\"wp-block-separator has-alpha-channel-opacity\"\/>\n\n\n\n<h3 class=\"wp-block-heading\">Informaci\u00f3n \u00datil para el Espectador<\/h3>\n\n\n\n<p><strong>Boleter\u00eda Presencial:<\/strong><\/p>\n\n\n\n<ul class=\"wp-block-list\">\n<li><strong>Martes a s\u00e1bados:<\/strong> 10:00 a 20:00 hs.<\/li>\n\n\n\n<li><strong>Lunes, domingos y feriados:<\/strong> Cerrado (abre 2 horas antes de cada funci\u00f3n).<\/li>\n\n\n\n<li><em>Las entradas gratuitas deben retirarse con antelaci\u00f3n en estos horarios.<\/em><\/li>\n<\/ul>\n\n\n\n<p><strong>Boleter\u00eda Digital:<\/strong> Disponibles en <a target=\"_blank\" rel=\"noreferrer noopener\" href=\"https:\/\/trinidadguevara.boleteriadigital.com.ar\/\">trinidadguevara.boleteriadigital.com.ar<\/a>.<\/p>\n\n\n\n<p><strong>Educaci\u00f3n:<\/strong> El teatro mantiene abierto su programa de <strong>visitas guiadas para escuelas<\/strong>, permitiendo que los alumnos conozcan el \u00abdetr\u00e1s de escena\u00bb y la historia de la sala inaugurada en 1980. Para informes: <strong>420074<\/strong>.<\/p>\n\n\n\n<hr class=\"wp-block-separator has-alpha-channel-opacity\"\/>\n\n\n\n<blockquote class=\"wp-block-quote is-layout-flow wp-block-quote-is-layout-flow\">\n<p><strong>Dato Hist\u00f3rico:<\/strong> El teatro fue apadrinado por figuras de la talla de <strong>Alfredo Alc\u00f3n y Tina Helba<\/strong>, y hoy, con m\u00e1s de 50.000 asistentes anuales, contin\u00faa honrando el legado de la gran actriz rioplatense Trinidad Guevara.<\/p>\n<\/blockquote>\n","protected":false},"excerpt":{"rendered":"<p>El Teatro Municipal Trinidad Guevara ha presentado su programaci\u00f3n oficial para el mes de mayo, consolid\u00e1ndose como el coraz\u00f3n cultural de Luj\u00e1n. Con una agenda que equilibra el talento local&hellip; <\/p>\n","protected":false},"author":2,"featured_media":11108,"comment_status":"closed","ping_status":"closed","sticky":false,"template":"","format":"standard","meta":{"footnotes":""},"categories":[7],"tags":[],"class_list":["post-11107","post","type-post","status-publish","format-standard","has-post-thumbnail","hentry","category-cultura"],"yoast_head":"<!-- This site is optimized with the Yoast SEO plugin v27.3 - https:\/\/yoast.com\/product\/yoast-seo-wordpress\/ -->\n<title>Escenario Local: El Teatro Trinidad Guevara despliega su cartelera de mayo -<\/title>\n<meta name=\"robots\" content=\"index, follow, max-snippet:-1, max-image-preview:large, max-video-preview:-1\" \/>\n<link rel=\"canonical\" href=\"https:\/\/elciudadanodelujan.com.ar\/?p=11107\" \/>\n<meta property=\"og:locale\" content=\"es_ES\" \/>\n<meta property=\"og:type\" content=\"article\" \/>\n<meta property=\"og:title\" content=\"Escenario Local: El Teatro Trinidad Guevara despliega su cartelera de mayo -\" \/>\n<meta property=\"og:description\" content=\"El Teatro Municipal Trinidad Guevara ha presentado su programaci\u00f3n oficial para el mes de mayo, consolid\u00e1ndose como el coraz\u00f3n cultural de Luj\u00e1n. Con una agenda que equilibra el talento local&hellip;\" \/>\n<meta property=\"og:url\" content=\"https:\/\/elciudadanodelujan.com.ar\/?p=11107\" \/>\n<meta property=\"article:publisher\" content=\"https:\/\/www.facebook.com\/elciudadanodelujan\" \/>\n<meta property=\"article:published_time\" content=\"2026-04-28T21:07:50+00:00\" \/>\n<meta property=\"article:modified_time\" content=\"2026-04-28T21:09:48+00:00\" \/>\n<meta property=\"og:image\" content=\"https:\/\/elciudadanodelujan.com.ar\/wp-content\/uploads\/2026\/04\/image-70.png\" \/>\n\t<meta property=\"og:image:width\" content=\"1600\" \/>\n\t<meta property=\"og:image:height\" content=\"900\" \/>\n\t<meta property=\"og:image:type\" content=\"image\/png\" \/>\n<meta name=\"author\" content=\"Osvaldo Cabral\" \/>\n<meta name=\"twitter:card\" content=\"summary_large_image\" \/>\n<meta name=\"twitter:label1\" content=\"Escrito por\" \/>\n\t<meta name=\"twitter:data1\" content=\"Osvaldo Cabral\" \/>\n\t<meta name=\"twitter:label2\" content=\"Tiempo de lectura\" \/>\n\t<meta name=\"twitter:data2\" content=\"3 minutos\" \/>\n<script type=\"application\/ld+json\" class=\"yoast-schema-graph\">{\"@context\":\"https:\\\/\\\/schema.org\",\"@graph\":[{\"@type\":\"Article\",\"@id\":\"https:\\\/\\\/elciudadanodelujan.com.ar\\\/?p=11107#article\",\"isPartOf\":{\"@id\":\"https:\\\/\\\/elciudadanodelujan.com.ar\\\/?p=11107\"},\"author\":{\"name\":\"Osvaldo Cabral\",\"@id\":\"https:\\\/\\\/elciudadanodelujan.com.ar\\\/#\\\/schema\\\/person\\\/6e4147c312281a224c424b0ca2b1d439\"},\"headline\":\"Escenario Local: El Teatro Trinidad Guevara despliega su cartelera de mayo\",\"datePublished\":\"2026-04-28T21:07:50+00:00\",\"dateModified\":\"2026-04-28T21:09:48+00:00\",\"mainEntityOfPage\":{\"@id\":\"https:\\\/\\\/elciudadanodelujan.com.ar\\\/?p=11107\"},\"wordCount\":502,\"publisher\":{\"@id\":\"https:\\\/\\\/elciudadanodelujan.com.ar\\\/#organization\"},\"image\":{\"@id\":\"https:\\\/\\\/elciudadanodelujan.com.ar\\\/?p=11107#primaryimage\"},\"thumbnailUrl\":\"https:\\\/\\\/elciudadanodelujan.com.ar\\\/wp-content\\\/uploads\\\/2026\\\/04\\\/image-70.png\",\"articleSection\":[\"CULTURA\"],\"inLanguage\":\"es\"},{\"@type\":\"WebPage\",\"@id\":\"https:\\\/\\\/elciudadanodelujan.com.ar\\\/?p=11107\",\"url\":\"https:\\\/\\\/elciudadanodelujan.com.ar\\\/?p=11107\",\"name\":\"Escenario Local: El Teatro Trinidad Guevara despliega su cartelera de mayo -\",\"isPartOf\":{\"@id\":\"https:\\\/\\\/elciudadanodelujan.com.ar\\\/#website\"},\"primaryImageOfPage\":{\"@id\":\"https:\\\/\\\/elciudadanodelujan.com.ar\\\/?p=11107#primaryimage\"},\"image\":{\"@id\":\"https:\\\/\\\/elciudadanodelujan.com.ar\\\/?p=11107#primaryimage\"},\"thumbnailUrl\":\"https:\\\/\\\/elciudadanodelujan.com.ar\\\/wp-content\\\/uploads\\\/2026\\\/04\\\/image-70.png\",\"datePublished\":\"2026-04-28T21:07:50+00:00\",\"dateModified\":\"2026-04-28T21:09:48+00:00\",\"breadcrumb\":{\"@id\":\"https:\\\/\\\/elciudadanodelujan.com.ar\\\/?p=11107#breadcrumb\"},\"inLanguage\":\"es\",\"potentialAction\":[{\"@type\":\"ReadAction\",\"target\":[\"https:\\\/\\\/elciudadanodelujan.com.ar\\\/?p=11107\"]}]},{\"@type\":\"ImageObject\",\"inLanguage\":\"es\",\"@id\":\"https:\\\/\\\/elciudadanodelujan.com.ar\\\/?p=11107#primaryimage\",\"url\":\"https:\\\/\\\/elciudadanodelujan.com.ar\\\/wp-content\\\/uploads\\\/2026\\\/04\\\/image-70.png\",\"contentUrl\":\"https:\\\/\\\/elciudadanodelujan.com.ar\\\/wp-content\\\/uploads\\\/2026\\\/04\\\/image-70.png\",\"width\":1600,\"height\":900},{\"@type\":\"BreadcrumbList\",\"@id\":\"https:\\\/\\\/elciudadanodelujan.com.ar\\\/?p=11107#breadcrumb\",\"itemListElement\":[{\"@type\":\"ListItem\",\"position\":1,\"name\":\"Home\",\"item\":\"https:\\\/\\\/elciudadanodelujan.com.ar\\\/\"},{\"@type\":\"ListItem\",\"position\":2,\"name\":\"Escenario Local: El Teatro Trinidad Guevara despliega su cartelera de mayo\"}]},{\"@type\":\"WebSite\",\"@id\":\"https:\\\/\\\/elciudadanodelujan.com.ar\\\/#website\",\"url\":\"https:\\\/\\\/elciudadanodelujan.com.ar\\\/\",\"name\":\"https:\\\/\\\/elciudadanodelujan.com.ar\",\"description\":\"Noticias de inter\u00e9s general y periodismo de investigaci\u00f3n\",\"publisher\":{\"@id\":\"https:\\\/\\\/elciudadanodelujan.com.ar\\\/#organization\"},\"potentialAction\":[{\"@type\":\"SearchAction\",\"target\":{\"@type\":\"EntryPoint\",\"urlTemplate\":\"https:\\\/\\\/elciudadanodelujan.com.ar\\\/?s={search_term_string}\"},\"query-input\":{\"@type\":\"PropertyValueSpecification\",\"valueRequired\":true,\"valueName\":\"search_term_string\"}}],\"inLanguage\":\"es\"},{\"@type\":\"Organization\",\"@id\":\"https:\\\/\\\/elciudadanodelujan.com.ar\\\/#organization\",\"name\":\"El Ciudadano de Lujan\",\"url\":\"https:\\\/\\\/elciudadanodelujan.com.ar\\\/\",\"logo\":{\"@type\":\"ImageObject\",\"inLanguage\":\"es\",\"@id\":\"https:\\\/\\\/elciudadanodelujan.com.ar\\\/#\\\/schema\\\/logo\\\/image\\\/\",\"url\":\"https:\\\/\\\/elciudadanodelujan.com.ar\\\/wp-content\\\/uploads\\\/2025\\\/01\\\/logo_El_Ciudadano.jpg\",\"contentUrl\":\"https:\\\/\\\/elciudadanodelujan.com.ar\\\/wp-content\\\/uploads\\\/2025\\\/01\\\/logo_El_Ciudadano.jpg\",\"width\":500,\"height\":123,\"caption\":\"El Ciudadano de Lujan\"},\"image\":{\"@id\":\"https:\\\/\\\/elciudadanodelujan.com.ar\\\/#\\\/schema\\\/logo\\\/image\\\/\"},\"sameAs\":[\"https:\\\/\\\/www.facebook.com\\\/elciudadanodelujan\"]},{\"@type\":\"Person\",\"@id\":\"https:\\\/\\\/elciudadanodelujan.com.ar\\\/#\\\/schema\\\/person\\\/6e4147c312281a224c424b0ca2b1d439\",\"name\":\"Osvaldo Cabral\",\"image\":{\"@type\":\"ImageObject\",\"inLanguage\":\"es\",\"@id\":\"https:\\\/\\\/secure.gravatar.com\\\/avatar\\\/c4c6a8aea430571651e7d6992bdfdff335bbe96580656f78299d10ca9a6c1ae9?s=96&d=mm&r=g\",\"url\":\"https:\\\/\\\/secure.gravatar.com\\\/avatar\\\/c4c6a8aea430571651e7d6992bdfdff335bbe96580656f78299d10ca9a6c1ae9?s=96&d=mm&r=g\",\"contentUrl\":\"https:\\\/\\\/secure.gravatar.com\\\/avatar\\\/c4c6a8aea430571651e7d6992bdfdff335bbe96580656f78299d10ca9a6c1ae9?s=96&d=mm&r=g\",\"caption\":\"Osvaldo Cabral\"},\"url\":\"https:\\\/\\\/elciudadanodelujan.com.ar\\\/?author=2\"}]}<\/script>\n<!-- \/ Yoast SEO plugin. -->","yoast_head_json":{"title":"Escenario Local: El Teatro Trinidad Guevara despliega su cartelera de mayo -","robots":{"index":"index","follow":"follow","max-snippet":"max-snippet:-1","max-image-preview":"max-image-preview:large","max-video-preview":"max-video-preview:-1"},"canonical":"https:\/\/elciudadanodelujan.com.ar\/?p=11107","og_locale":"es_ES","og_type":"article","og_title":"Escenario Local: El Teatro Trinidad Guevara despliega su cartelera de mayo -","og_description":"El Teatro Municipal Trinidad Guevara ha presentado su programaci\u00f3n oficial para el mes de mayo, consolid\u00e1ndose como el coraz\u00f3n cultural de Luj\u00e1n. Con una agenda que equilibra el talento local&hellip;","og_url":"https:\/\/elciudadanodelujan.com.ar\/?p=11107","article_publisher":"https:\/\/www.facebook.com\/elciudadanodelujan","article_published_time":"2026-04-28T21:07:50+00:00","article_modified_time":"2026-04-28T21:09:48+00:00","og_image":[{"width":1600,"height":900,"url":"https:\/\/elciudadanodelujan.com.ar\/wp-content\/uploads\/2026\/04\/image-70.png","type":"image\/png"}],"author":"Osvaldo Cabral","twitter_card":"summary_large_image","twitter_misc":{"Escrito por":"Osvaldo Cabral","Tiempo de lectura":"3 minutos"},"schema":{"@context":"https:\/\/schema.org","@graph":[{"@type":"Article","@id":"https:\/\/elciudadanodelujan.com.ar\/?p=11107#article","isPartOf":{"@id":"https:\/\/elciudadanodelujan.com.ar\/?p=11107"},"author":{"name":"Osvaldo Cabral","@id":"https:\/\/elciudadanodelujan.com.ar\/#\/schema\/person\/6e4147c312281a224c424b0ca2b1d439"},"headline":"Escenario Local: El Teatro Trinidad Guevara despliega su cartelera de mayo","datePublished":"2026-04-28T21:07:50+00:00","dateModified":"2026-04-28T21:09:48+00:00","mainEntityOfPage":{"@id":"https:\/\/elciudadanodelujan.com.ar\/?p=11107"},"wordCount":502,"publisher":{"@id":"https:\/\/elciudadanodelujan.com.ar\/#organization"},"image":{"@id":"https:\/\/elciudadanodelujan.com.ar\/?p=11107#primaryimage"},"thumbnailUrl":"https:\/\/elciudadanodelujan.com.ar\/wp-content\/uploads\/2026\/04\/image-70.png","articleSection":["CULTURA"],"inLanguage":"es"},{"@type":"WebPage","@id":"https:\/\/elciudadanodelujan.com.ar\/?p=11107","url":"https:\/\/elciudadanodelujan.com.ar\/?p=11107","name":"Escenario Local: El Teatro Trinidad Guevara despliega su cartelera de mayo -","isPartOf":{"@id":"https:\/\/elciudadanodelujan.com.ar\/#website"},"primaryImageOfPage":{"@id":"https:\/\/elciudadanodelujan.com.ar\/?p=11107#primaryimage"},"image":{"@id":"https:\/\/elciudadanodelujan.com.ar\/?p=11107#primaryimage"},"thumbnailUrl":"https:\/\/elciudadanodelujan.com.ar\/wp-content\/uploads\/2026\/04\/image-70.png","datePublished":"2026-04-28T21:07:50+00:00","dateModified":"2026-04-28T21:09:48+00:00","breadcrumb":{"@id":"https:\/\/elciudadanodelujan.com.ar\/?p=11107#breadcrumb"},"inLanguage":"es","potentialAction":[{"@type":"ReadAction","target":["https:\/\/elciudadanodelujan.com.ar\/?p=11107"]}]},{"@type":"ImageObject","inLanguage":"es","@id":"https:\/\/elciudadanodelujan.com.ar\/?p=11107#primaryimage","url":"https:\/\/elciudadanodelujan.com.ar\/wp-content\/uploads\/2026\/04\/image-70.png","contentUrl":"https:\/\/elciudadanodelujan.com.ar\/wp-content\/uploads\/2026\/04\/image-70.png","width":1600,"height":900},{"@type":"BreadcrumbList","@id":"https:\/\/elciudadanodelujan.com.ar\/?p=11107#breadcrumb","itemListElement":[{"@type":"ListItem","position":1,"name":"Home","item":"https:\/\/elciudadanodelujan.com.ar\/"},{"@type":"ListItem","position":2,"name":"Escenario Local: El Teatro Trinidad Guevara despliega su cartelera de mayo"}]},{"@type":"WebSite","@id":"https:\/\/elciudadanodelujan.com.ar\/#website","url":"https:\/\/elciudadanodelujan.com.ar\/","name":"https:\/\/elciudadanodelujan.com.ar","description":"Noticias de inter\u00e9s general y periodismo de investigaci\u00f3n","publisher":{"@id":"https:\/\/elciudadanodelujan.com.ar\/#organization"},"potentialAction":[{"@type":"SearchAction","target":{"@type":"EntryPoint","urlTemplate":"https:\/\/elciudadanodelujan.com.ar\/?s={search_term_string}"},"query-input":{"@type":"PropertyValueSpecification","valueRequired":true,"valueName":"search_term_string"}}],"inLanguage":"es"},{"@type":"Organization","@id":"https:\/\/elciudadanodelujan.com.ar\/#organization","name":"El Ciudadano de Lujan","url":"https:\/\/elciudadanodelujan.com.ar\/","logo":{"@type":"ImageObject","inLanguage":"es","@id":"https:\/\/elciudadanodelujan.com.ar\/#\/schema\/logo\/image\/","url":"https:\/\/elciudadanodelujan.com.ar\/wp-content\/uploads\/2025\/01\/logo_El_Ciudadano.jpg","contentUrl":"https:\/\/elciudadanodelujan.com.ar\/wp-content\/uploads\/2025\/01\/logo_El_Ciudadano.jpg","width":500,"height":123,"caption":"El Ciudadano de Lujan"},"image":{"@id":"https:\/\/elciudadanodelujan.com.ar\/#\/schema\/logo\/image\/"},"sameAs":["https:\/\/www.facebook.com\/elciudadanodelujan"]},{"@type":"Person","@id":"https:\/\/elciudadanodelujan.com.ar\/#\/schema\/person\/6e4147c312281a224c424b0ca2b1d439","name":"Osvaldo Cabral","image":{"@type":"ImageObject","inLanguage":"es","@id":"https:\/\/secure.gravatar.com\/avatar\/c4c6a8aea430571651e7d6992bdfdff335bbe96580656f78299d10ca9a6c1ae9?s=96&d=mm&r=g","url":"https:\/\/secure.gravatar.com\/avatar\/c4c6a8aea430571651e7d6992bdfdff335bbe96580656f78299d10ca9a6c1ae9?s=96&d=mm&r=g","contentUrl":"https:\/\/secure.gravatar.com\/avatar\/c4c6a8aea430571651e7d6992bdfdff335bbe96580656f78299d10ca9a6c1ae9?s=96&d=mm&r=g","caption":"Osvaldo Cabral"},"url":"https:\/\/elciudadanodelujan.com.ar\/?author=2"}]}},"_links":{"self":[{"href":"https:\/\/elciudadanodelujan.com.ar\/index.php?rest_route=\/wp\/v2\/posts\/11107","targetHints":{"allow":["GET"]}}],"collection":[{"href":"https:\/\/elciudadanodelujan.com.ar\/index.php?rest_route=\/wp\/v2\/posts"}],"about":[{"href":"https:\/\/elciudadanodelujan.com.ar\/index.php?rest_route=\/wp\/v2\/types\/post"}],"author":[{"embeddable":true,"href":"https:\/\/elciudadanodelujan.com.ar\/index.php?rest_route=\/wp\/v2\/users\/2"}],"replies":[{"embeddable":true,"href":"https:\/\/elciudadanodelujan.com.ar\/index.php?rest_route=%2Fwp%2Fv2%2Fcomments&post=11107"}],"version-history":[{"count":1,"href":"https:\/\/elciudadanodelujan.com.ar\/index.php?rest_route=\/wp\/v2\/posts\/11107\/revisions"}],"predecessor-version":[{"id":11109,"href":"https:\/\/elciudadanodelujan.com.ar\/index.php?rest_route=\/wp\/v2\/posts\/11107\/revisions\/11109"}],"wp:featuredmedia":[{"embeddable":true,"href":"https:\/\/elciudadanodelujan.com.ar\/index.php?rest_route=\/wp\/v2\/media\/11108"}],"wp:attachment":[{"href":"https:\/\/elciudadanodelujan.com.ar\/index.php?rest_route=%2Fwp%2Fv2%2Fmedia&parent=11107"}],"wp:term":[{"taxonomy":"category","embeddable":true,"href":"https:\/\/elciudadanodelujan.com.ar\/index.php?rest_route=%2Fwp%2Fv2%2Fcategories&post=11107"},{"taxonomy":"post_tag","embeddable":true,"href":"https:\/\/elciudadanodelujan.com.ar\/index.php?rest_route=%2Fwp%2Fv2%2Ftags&post=11107"}],"curies":[{"name":"wp","href":"https:\/\/api.w.org\/{rel}","templated":true}]}}