{"id":11103,"date":"2026-04-28T18:04:09","date_gmt":"2026-04-28T21:04:09","guid":{"rendered":"https:\/\/elciudadanodelujan.com.ar\/?p=11103"},"modified":"2026-04-28T18:07:06","modified_gmt":"2026-04-28T21:07:06","slug":"control-y-prevencion-en-el-corazon-de-la-ciudad-continuan-las-postas-de-salud-en-plaza-colon","status":"publish","type":"post","link":"https:\/\/elciudadanodelujan.com.ar\/?p=11103","title":{"rendered":"Control y Prevenci\u00f3n en el Coraz\u00f3n de la Ciudad: Contin\u00faan las Postas de Salud en Plaza Col\u00f3n"},"content":{"rendered":"\n<h2 class=\"wp-block-heading\">La descentralizaci\u00f3n de la atenci\u00f3n m\u00e9dica es un pilar fundamental para garantizar el bienestar de la poblaci\u00f3n. En este sentido, el Municipio de Luj\u00e1n confirm\u00f3 que durante todo el mes de mayo seguir\u00e1n operativas las Postas de Salud en la Plaza Col\u00f3n, un espacio que se ha consolidado como un punto de referencia para el cuidado preventivo de los vecinos.<\/h2>\n\n\n\n<figure class=\"wp-block-image size-large\"><img loading=\"lazy\" decoding=\"async\" width=\"1024\" height=\"594\" src=\"https:\/\/elciudadanodelujan.com.ar\/wp-content\/uploads\/2026\/04\/image-69-1024x594.png\" alt=\"\" class=\"wp-image-11104\" srcset=\"https:\/\/elciudadanodelujan.com.ar\/wp-content\/uploads\/2026\/04\/image-69-1024x594.png 1024w, https:\/\/elciudadanodelujan.com.ar\/wp-content\/uploads\/2026\/04\/image-69-300x174.png 300w, https:\/\/elciudadanodelujan.com.ar\/wp-content\/uploads\/2026\/04\/image-69-768x445.png 768w, https:\/\/elciudadanodelujan.com.ar\/wp-content\/uploads\/2026\/04\/image-69.png 1035w\" sizes=\"auto, (max-width: 1024px) 100vw, 1024px\" \/><\/figure>\n\n\n\n<p>La iniciativa, de acceso libre y gratuito, busca facilitar el cumplimiento del Calendario Nacional de Vacunaci\u00f3n y el monitoreo de enfermedades cr\u00f3nicas no transmisibles, permitiendo que la comunidad acceda a controles b\u00e1sicos sin necesidad de trasladarse a un centro hospitalario.<\/p>\n\n\n\n<hr class=\"wp-block-separator has-alpha-channel-opacity\"\/>\n\n\n\n<h3 class=\"wp-block-heading\">D\u00edas, Horarios y Requisitos<\/h3>\n\n\n\n<p>Las postas funcionar\u00e1n con un cronograma fijo para que los interesados puedan organizar su visita:<\/p>\n\n\n\n<ul class=\"wp-block-list\">\n<li><strong>D\u00edas:<\/strong> Lunes, mi\u00e9rcoles y viernes.<\/li>\n\n\n\n<li><strong>Horario:<\/strong> De 9:00 a 13:00 horas.<\/li>\n\n\n\n<li><strong>Requisito indispensable:<\/strong> Presentarse con el <strong>DNI<\/strong>.<\/li>\n<\/ul>\n\n\n\n<hr class=\"wp-block-separator has-alpha-channel-opacity\"\/>\n\n\n\n<h3 class=\"wp-block-heading\">Servicios Disponibles: Cobertura Integral<\/h3>\n\n\n\n<p>En estos operativos, el personal de salud ofrecer\u00e1 una amplia gama de prestaciones enfocadas en la prevenci\u00f3n estacional y el control metab\u00f3lico:<\/p>\n\n\n\n<ul class=\"wp-block-list\">\n<li><strong>Esquema de Vacunaci\u00f3n:<\/strong> Aplicaci\u00f3n de dosis del Calendario Nacional, vacuna antigripal (clave en esta \u00e9poca del a\u00f1o), contra la neumon\u00eda y contra el dengue.<\/li>\n\n\n\n<li><strong>Controles de Rutina:<\/strong> Toma de presi\u00f3n arterial y medici\u00f3n de glucemia, herramientas vitales para la detecci\u00f3n temprana de hipertensi\u00f3n y diabetes.<\/li>\n\n\n\n<li><strong>Orientaci\u00f3n Digital:<\/strong> Se brindar\u00e1 asesoramiento sobre el sistema de <strong>Telemedicina<\/strong>. Esta plataforma m\u00f3vil municipal permite a los pacientes realizar consultas virtuales, optimizando los tiempos de respuesta y facilitando el acceso a profesionales de la salud desde la comodidad del hogar.<\/li>\n<\/ul>\n\n\n\n<hr class=\"wp-block-separator has-alpha-channel-opacity\"\/>\n\n\n\n<h3 class=\"wp-block-heading\">La Prevenci\u00f3n como H\u00e1bito<\/h3>\n\n\n\n<p>Desde la salud p\u00fablica se insiste en que el control peri\u00f3dico es la mejor inversi\u00f3n a largo plazo. Contar con un punto de atenci\u00f3n en un lugar tan emblem\u00e1tico y concurrido como la Plaza Col\u00f3n elimina barreras de acceso y fomenta la toma de conciencia sobre la importancia de mantener las vacunas al d\u00eda.<\/p>\n\n\n\n<p>Se invita a todos los vecinos a acercarse, realizar sus consultas y aprovechar estas herramientas gratuitas dise\u00f1adas para proteger la salud de cada habitante de Luj\u00e1n.<\/p>\n","protected":false},"excerpt":{"rendered":"<p>La descentralizaci\u00f3n de la atenci\u00f3n m\u00e9dica es un pilar fundamental para garantizar el bienestar de la poblaci\u00f3n. En este sentido, el Municipio de Luj\u00e1n confirm\u00f3 que durante todo el mes&hellip; <\/p>\n","protected":false},"author":2,"featured_media":11104,"comment_status":"closed","ping_status":"closed","sticky":false,"template":"","format":"standard","meta":{"footnotes":""},"categories":[1],"tags":[],"class_list":["post-11103","post","type-post","status-publish","format-standard","has-post-thumbnail","hentry","category-uncategorized"],"yoast_head":"<!-- This site is optimized with the Yoast SEO plugin v27.3 - https:\/\/yoast.com\/product\/yoast-seo-wordpress\/ -->\n<title>Control y Prevenci\u00f3n en el Coraz\u00f3n de la Ciudad: Contin\u00faan las Postas de Salud en Plaza Col\u00f3n -<\/title>\n<meta name=\"robots\" content=\"index, follow, max-snippet:-1, max-image-preview:large, max-video-preview:-1\" \/>\n<link rel=\"canonical\" href=\"https:\/\/elciudadanodelujan.com.ar\/?p=11103\" \/>\n<meta property=\"og:locale\" content=\"es_ES\" \/>\n<meta property=\"og:type\" content=\"article\" \/>\n<meta property=\"og:title\" content=\"Control y Prevenci\u00f3n en el Coraz\u00f3n de la Ciudad: Contin\u00faan las Postas de Salud en Plaza Col\u00f3n -\" \/>\n<meta property=\"og:description\" content=\"La descentralizaci\u00f3n de la atenci\u00f3n m\u00e9dica es un pilar fundamental para garantizar el bienestar de la poblaci\u00f3n. En este sentido, el Municipio de Luj\u00e1n confirm\u00f3 que durante todo el mes&hellip;\" \/>\n<meta property=\"og:url\" content=\"https:\/\/elciudadanodelujan.com.ar\/?p=11103\" \/>\n<meta property=\"article:publisher\" content=\"https:\/\/www.facebook.com\/elciudadanodelujan\" \/>\n<meta property=\"article:published_time\" content=\"2026-04-28T21:04:09+00:00\" \/>\n<meta property=\"article:modified_time\" content=\"2026-04-28T21:07:06+00:00\" \/>\n<meta property=\"og:image\" content=\"https:\/\/elciudadanodelujan.com.ar\/wp-content\/uploads\/2026\/04\/image-69.png\" \/>\n\t<meta property=\"og:image:width\" content=\"1035\" \/>\n\t<meta property=\"og:image:height\" content=\"600\" \/>\n\t<meta property=\"og:image:type\" content=\"image\/png\" \/>\n<meta name=\"author\" content=\"Osvaldo Cabral\" \/>\n<meta name=\"twitter:card\" content=\"summary_large_image\" \/>\n<meta name=\"twitter:label1\" content=\"Escrito por\" \/>\n\t<meta name=\"twitter:data1\" content=\"Osvaldo Cabral\" \/>\n\t<meta name=\"twitter:label2\" content=\"Tiempo de lectura\" \/>\n\t<meta name=\"twitter:data2\" content=\"2 minutos\" \/>\n<script type=\"application\/ld+json\" class=\"yoast-schema-graph\">{\"@context\":\"https:\\\/\\\/schema.org\",\"@graph\":[{\"@type\":\"Article\",\"@id\":\"https:\\\/\\\/elciudadanodelujan.com.ar\\\/?p=11103#article\",\"isPartOf\":{\"@id\":\"https:\\\/\\\/elciudadanodelujan.com.ar\\\/?p=11103\"},\"author\":{\"name\":\"Osvaldo Cabral\",\"@id\":\"https:\\\/\\\/elciudadanodelujan.com.ar\\\/#\\\/schema\\\/person\\\/6e4147c312281a224c424b0ca2b1d439\"},\"headline\":\"Control y Prevenci\u00f3n en el Coraz\u00f3n de la Ciudad: Contin\u00faan las Postas de Salud en Plaza Col\u00f3n\",\"datePublished\":\"2026-04-28T21:04:09+00:00\",\"dateModified\":\"2026-04-28T21:07:06+00:00\",\"mainEntityOfPage\":{\"@id\":\"https:\\\/\\\/elciudadanodelujan.com.ar\\\/?p=11103\"},\"wordCount\":387,\"publisher\":{\"@id\":\"https:\\\/\\\/elciudadanodelujan.com.ar\\\/#organization\"},\"image\":{\"@id\":\"https:\\\/\\\/elciudadanodelujan.com.ar\\\/?p=11103#primaryimage\"},\"thumbnailUrl\":\"https:\\\/\\\/elciudadanodelujan.com.ar\\\/wp-content\\\/uploads\\\/2026\\\/04\\\/image-69.png\",\"articleSection\":[\"Actualidad\"],\"inLanguage\":\"es\"},{\"@type\":\"WebPage\",\"@id\":\"https:\\\/\\\/elciudadanodelujan.com.ar\\\/?p=11103\",\"url\":\"https:\\\/\\\/elciudadanodelujan.com.ar\\\/?p=11103\",\"name\":\"Control y Prevenci\u00f3n en el Coraz\u00f3n de la Ciudad: Contin\u00faan las Postas de Salud en Plaza Col\u00f3n -\",\"isPartOf\":{\"@id\":\"https:\\\/\\\/elciudadanodelujan.com.ar\\\/#website\"},\"primaryImageOfPage\":{\"@id\":\"https:\\\/\\\/elciudadanodelujan.com.ar\\\/?p=11103#primaryimage\"},\"image\":{\"@id\":\"https:\\\/\\\/elciudadanodelujan.com.ar\\\/?p=11103#primaryimage\"},\"thumbnailUrl\":\"https:\\\/\\\/elciudadanodelujan.com.ar\\\/wp-content\\\/uploads\\\/2026\\\/04\\\/image-69.png\",\"datePublished\":\"2026-04-28T21:04:09+00:00\",\"dateModified\":\"2026-04-28T21:07:06+00:00\",\"breadcrumb\":{\"@id\":\"https:\\\/\\\/elciudadanodelujan.com.ar\\\/?p=11103#breadcrumb\"},\"inLanguage\":\"es\",\"potentialAction\":[{\"@type\":\"ReadAction\",\"target\":[\"https:\\\/\\\/elciudadanodelujan.com.ar\\\/?p=11103\"]}]},{\"@type\":\"ImageObject\",\"inLanguage\":\"es\",\"@id\":\"https:\\\/\\\/elciudadanodelujan.com.ar\\\/?p=11103#primaryimage\",\"url\":\"https:\\\/\\\/elciudadanodelujan.com.ar\\\/wp-content\\\/uploads\\\/2026\\\/04\\\/image-69.png\",\"contentUrl\":\"https:\\\/\\\/elciudadanodelujan.com.ar\\\/wp-content\\\/uploads\\\/2026\\\/04\\\/image-69.png\",\"width\":1035,\"height\":600},{\"@type\":\"BreadcrumbList\",\"@id\":\"https:\\\/\\\/elciudadanodelujan.com.ar\\\/?p=11103#breadcrumb\",\"itemListElement\":[{\"@type\":\"ListItem\",\"position\":1,\"name\":\"Home\",\"item\":\"https:\\\/\\\/elciudadanodelujan.com.ar\\\/\"},{\"@type\":\"ListItem\",\"position\":2,\"name\":\"Control y Prevenci\u00f3n en el Coraz\u00f3n de la Ciudad: Contin\u00faan las Postas de Salud en Plaza Col\u00f3n\"}]},{\"@type\":\"WebSite\",\"@id\":\"https:\\\/\\\/elciudadanodelujan.com.ar\\\/#website\",\"url\":\"https:\\\/\\\/elciudadanodelujan.com.ar\\\/\",\"name\":\"https:\\\/\\\/elciudadanodelujan.com.ar\",\"description\":\"Noticias de inter\u00e9s general y periodismo de investigaci\u00f3n\",\"publisher\":{\"@id\":\"https:\\\/\\\/elciudadanodelujan.com.ar\\\/#organization\"},\"potentialAction\":[{\"@type\":\"SearchAction\",\"target\":{\"@type\":\"EntryPoint\",\"urlTemplate\":\"https:\\\/\\\/elciudadanodelujan.com.ar\\\/?s={search_term_string}\"},\"query-input\":{\"@type\":\"PropertyValueSpecification\",\"valueRequired\":true,\"valueName\":\"search_term_string\"}}],\"inLanguage\":\"es\"},{\"@type\":\"Organization\",\"@id\":\"https:\\\/\\\/elciudadanodelujan.com.ar\\\/#organization\",\"name\":\"El Ciudadano de Lujan\",\"url\":\"https:\\\/\\\/elciudadanodelujan.com.ar\\\/\",\"logo\":{\"@type\":\"ImageObject\",\"inLanguage\":\"es\",\"@id\":\"https:\\\/\\\/elciudadanodelujan.com.ar\\\/#\\\/schema\\\/logo\\\/image\\\/\",\"url\":\"https:\\\/\\\/elciudadanodelujan.com.ar\\\/wp-content\\\/uploads\\\/2025\\\/01\\\/logo_El_Ciudadano.jpg\",\"contentUrl\":\"https:\\\/\\\/elciudadanodelujan.com.ar\\\/wp-content\\\/uploads\\\/2025\\\/01\\\/logo_El_Ciudadano.jpg\",\"width\":500,\"height\":123,\"caption\":\"El Ciudadano de Lujan\"},\"image\":{\"@id\":\"https:\\\/\\\/elciudadanodelujan.com.ar\\\/#\\\/schema\\\/logo\\\/image\\\/\"},\"sameAs\":[\"https:\\\/\\\/www.facebook.com\\\/elciudadanodelujan\"]},{\"@type\":\"Person\",\"@id\":\"https:\\\/\\\/elciudadanodelujan.com.ar\\\/#\\\/schema\\\/person\\\/6e4147c312281a224c424b0ca2b1d439\",\"name\":\"Osvaldo Cabral\",\"image\":{\"@type\":\"ImageObject\",\"inLanguage\":\"es\",\"@id\":\"https:\\\/\\\/secure.gravatar.com\\\/avatar\\\/c4c6a8aea430571651e7d6992bdfdff335bbe96580656f78299d10ca9a6c1ae9?s=96&d=mm&r=g\",\"url\":\"https:\\\/\\\/secure.gravatar.com\\\/avatar\\\/c4c6a8aea430571651e7d6992bdfdff335bbe96580656f78299d10ca9a6c1ae9?s=96&d=mm&r=g\",\"contentUrl\":\"https:\\\/\\\/secure.gravatar.com\\\/avatar\\\/c4c6a8aea430571651e7d6992bdfdff335bbe96580656f78299d10ca9a6c1ae9?s=96&d=mm&r=g\",\"caption\":\"Osvaldo Cabral\"},\"url\":\"https:\\\/\\\/elciudadanodelujan.com.ar\\\/?author=2\"}]}<\/script>\n<!-- \/ Yoast SEO plugin. -->","yoast_head_json":{"title":"Control y Prevenci\u00f3n en el Coraz\u00f3n de la Ciudad: Contin\u00faan las Postas de Salud en Plaza Col\u00f3n -","robots":{"index":"index","follow":"follow","max-snippet":"max-snippet:-1","max-image-preview":"max-image-preview:large","max-video-preview":"max-video-preview:-1"},"canonical":"https:\/\/elciudadanodelujan.com.ar\/?p=11103","og_locale":"es_ES","og_type":"article","og_title":"Control y Prevenci\u00f3n en el Coraz\u00f3n de la Ciudad: Contin\u00faan las Postas de Salud en Plaza Col\u00f3n -","og_description":"La descentralizaci\u00f3n de la atenci\u00f3n m\u00e9dica es un pilar fundamental para garantizar el bienestar de la poblaci\u00f3n. En este sentido, el Municipio de Luj\u00e1n confirm\u00f3 que durante todo el mes&hellip;","og_url":"https:\/\/elciudadanodelujan.com.ar\/?p=11103","article_publisher":"https:\/\/www.facebook.com\/elciudadanodelujan","article_published_time":"2026-04-28T21:04:09+00:00","article_modified_time":"2026-04-28T21:07:06+00:00","og_image":[{"width":1035,"height":600,"url":"https:\/\/elciudadanodelujan.com.ar\/wp-content\/uploads\/2026\/04\/image-69.png","type":"image\/png"}],"author":"Osvaldo Cabral","twitter_card":"summary_large_image","twitter_misc":{"Escrito por":"Osvaldo Cabral","Tiempo de lectura":"2 minutos"},"schema":{"@context":"https:\/\/schema.org","@graph":[{"@type":"Article","@id":"https:\/\/elciudadanodelujan.com.ar\/?p=11103#article","isPartOf":{"@id":"https:\/\/elciudadanodelujan.com.ar\/?p=11103"},"author":{"name":"Osvaldo Cabral","@id":"https:\/\/elciudadanodelujan.com.ar\/#\/schema\/person\/6e4147c312281a224c424b0ca2b1d439"},"headline":"Control y Prevenci\u00f3n en el Coraz\u00f3n de la Ciudad: Contin\u00faan las Postas de Salud en Plaza Col\u00f3n","datePublished":"2026-04-28T21:04:09+00:00","dateModified":"2026-04-28T21:07:06+00:00","mainEntityOfPage":{"@id":"https:\/\/elciudadanodelujan.com.ar\/?p=11103"},"wordCount":387,"publisher":{"@id":"https:\/\/elciudadanodelujan.com.ar\/#organization"},"image":{"@id":"https:\/\/elciudadanodelujan.com.ar\/?p=11103#primaryimage"},"thumbnailUrl":"https:\/\/elciudadanodelujan.com.ar\/wp-content\/uploads\/2026\/04\/image-69.png","articleSection":["Actualidad"],"inLanguage":"es"},{"@type":"WebPage","@id":"https:\/\/elciudadanodelujan.com.ar\/?p=11103","url":"https:\/\/elciudadanodelujan.com.ar\/?p=11103","name":"Control y Prevenci\u00f3n en el Coraz\u00f3n de la Ciudad: Contin\u00faan las Postas de Salud en Plaza Col\u00f3n -","isPartOf":{"@id":"https:\/\/elciudadanodelujan.com.ar\/#website"},"primaryImageOfPage":{"@id":"https:\/\/elciudadanodelujan.com.ar\/?p=11103#primaryimage"},"image":{"@id":"https:\/\/elciudadanodelujan.com.ar\/?p=11103#primaryimage"},"thumbnailUrl":"https:\/\/elciudadanodelujan.com.ar\/wp-content\/uploads\/2026\/04\/image-69.png","datePublished":"2026-04-28T21:04:09+00:00","dateModified":"2026-04-28T21:07:06+00:00","breadcrumb":{"@id":"https:\/\/elciudadanodelujan.com.ar\/?p=11103#breadcrumb"},"inLanguage":"es","potentialAction":[{"@type":"ReadAction","target":["https:\/\/elciudadanodelujan.com.ar\/?p=11103"]}]},{"@type":"ImageObject","inLanguage":"es","@id":"https:\/\/elciudadanodelujan.com.ar\/?p=11103#primaryimage","url":"https:\/\/elciudadanodelujan.com.ar\/wp-content\/uploads\/2026\/04\/image-69.png","contentUrl":"https:\/\/elciudadanodelujan.com.ar\/wp-content\/uploads\/2026\/04\/image-69.png","width":1035,"height":600},{"@type":"BreadcrumbList","@id":"https:\/\/elciudadanodelujan.com.ar\/?p=11103#breadcrumb","itemListElement":[{"@type":"ListItem","position":1,"name":"Home","item":"https:\/\/elciudadanodelujan.com.ar\/"},{"@type":"ListItem","position":2,"name":"Control y Prevenci\u00f3n en el Coraz\u00f3n de la Ciudad: Contin\u00faan las Postas de Salud en Plaza Col\u00f3n"}]},{"@type":"WebSite","@id":"https:\/\/elciudadanodelujan.com.ar\/#website","url":"https:\/\/elciudadanodelujan.com.ar\/","name":"https:\/\/elciudadanodelujan.com.ar","description":"Noticias de inter\u00e9s general y periodismo de investigaci\u00f3n","publisher":{"@id":"https:\/\/elciudadanodelujan.com.ar\/#organization"},"potentialAction":[{"@type":"SearchAction","target":{"@type":"EntryPoint","urlTemplate":"https:\/\/elciudadanodelujan.com.ar\/?s={search_term_string}"},"query-input":{"@type":"PropertyValueSpecification","valueRequired":true,"valueName":"search_term_string"}}],"inLanguage":"es"},{"@type":"Organization","@id":"https:\/\/elciudadanodelujan.com.ar\/#organization","name":"El Ciudadano de Lujan","url":"https:\/\/elciudadanodelujan.com.ar\/","logo":{"@type":"ImageObject","inLanguage":"es","@id":"https:\/\/elciudadanodelujan.com.ar\/#\/schema\/logo\/image\/","url":"https:\/\/elciudadanodelujan.com.ar\/wp-content\/uploads\/2025\/01\/logo_El_Ciudadano.jpg","contentUrl":"https:\/\/elciudadanodelujan.com.ar\/wp-content\/uploads\/2025\/01\/logo_El_Ciudadano.jpg","width":500,"height":123,"caption":"El Ciudadano de Lujan"},"image":{"@id":"https:\/\/elciudadanodelujan.com.ar\/#\/schema\/logo\/image\/"},"sameAs":["https:\/\/www.facebook.com\/elciudadanodelujan"]},{"@type":"Person","@id":"https:\/\/elciudadanodelujan.com.ar\/#\/schema\/person\/6e4147c312281a224c424b0ca2b1d439","name":"Osvaldo Cabral","image":{"@type":"ImageObject","inLanguage":"es","@id":"https:\/\/secure.gravatar.com\/avatar\/c4c6a8aea430571651e7d6992bdfdff335bbe96580656f78299d10ca9a6c1ae9?s=96&d=mm&r=g","url":"https:\/\/secure.gravatar.com\/avatar\/c4c6a8aea430571651e7d6992bdfdff335bbe96580656f78299d10ca9a6c1ae9?s=96&d=mm&r=g","contentUrl":"https:\/\/secure.gravatar.com\/avatar\/c4c6a8aea430571651e7d6992bdfdff335bbe96580656f78299d10ca9a6c1ae9?s=96&d=mm&r=g","caption":"Osvaldo Cabral"},"url":"https:\/\/elciudadanodelujan.com.ar\/?author=2"}]}},"_links":{"self":[{"href":"https:\/\/elciudadanodelujan.com.ar\/index.php?rest_route=\/wp\/v2\/posts\/11103","targetHints":{"allow":["GET"]}}],"collection":[{"href":"https:\/\/elciudadanodelujan.com.ar\/index.php?rest_route=\/wp\/v2\/posts"}],"about":[{"href":"https:\/\/elciudadanodelujan.com.ar\/index.php?rest_route=\/wp\/v2\/types\/post"}],"author":[{"embeddable":true,"href":"https:\/\/elciudadanodelujan.com.ar\/index.php?rest_route=\/wp\/v2\/users\/2"}],"replies":[{"embeddable":true,"href":"https:\/\/elciudadanodelujan.com.ar\/index.php?rest_route=%2Fwp%2Fv2%2Fcomments&post=11103"}],"version-history":[{"count":1,"href":"https:\/\/elciudadanodelujan.com.ar\/index.php?rest_route=\/wp\/v2\/posts\/11103\/revisions"}],"predecessor-version":[{"id":11105,"href":"https:\/\/elciudadanodelujan.com.ar\/index.php?rest_route=\/wp\/v2\/posts\/11103\/revisions\/11105"}],"wp:featuredmedia":[{"embeddable":true,"href":"https:\/\/elciudadanodelujan.com.ar\/index.php?rest_route=\/wp\/v2\/media\/11104"}],"wp:attachment":[{"href":"https:\/\/elciudadanodelujan.com.ar\/index.php?rest_route=%2Fwp%2Fv2%2Fmedia&parent=11103"}],"wp:term":[{"taxonomy":"category","embeddable":true,"href":"https:\/\/elciudadanodelujan.com.ar\/index.php?rest_route=%2Fwp%2Fv2%2Fcategories&post=11103"},{"taxonomy":"post_tag","embeddable":true,"href":"https:\/\/elciudadanodelujan.com.ar\/index.php?rest_route=%2Fwp%2Fv2%2Ftags&post=11103"}],"curies":[{"name":"wp","href":"https:\/\/api.w.org\/{rel}","templated":true}]}}