{"id":11098,"date":"2026-04-28T17:57:46","date_gmt":"2026-04-28T20:57:46","guid":{"rendered":"https:\/\/elciudadanodelujan.com.ar\/?p=11098"},"modified":"2026-04-28T17:58:45","modified_gmt":"2026-04-28T20:58:45","slug":"prevencion-y-salud-comunitaria-mayo-inicia-con-una-nueva-campana-de-vacunacion-antirrabica-en-lujan","status":"publish","type":"post","link":"https:\/\/elciudadanodelujan.com.ar\/?p=11098","title":{"rendered":"Prevenci\u00f3n y Salud Comunitaria: Mayo inicia con una nueva Campa\u00f1a de Vacunaci\u00f3n Antirr\u00e1bica en Luj\u00e1n"},"content":{"rendered":"\n<h2 class=\"wp-block-heading\">La salud de una comunidad no se limita \u00fanicamente a la atenci\u00f3n en hospitales; se construye d\u00eda a d\u00eda a trav\u00e9s de la prevenci\u00f3n y el cuidado responsable de quienes integran nuestro entorno m\u00e1s cercano: nuestras mascotas. En este marco, el Municipio de Luj\u00e1n confirm\u00f3 la continuidad de la Campa\u00f1a de Vacunaci\u00f3n Antirr\u00e1bica Gratuita durante el mes de mayo, recorriendo diversos barrios del distrito.<\/h2>\n\n\n\n<figure class=\"wp-block-image size-full is-resized\"><img loading=\"lazy\" decoding=\"async\" width=\"206\" height=\"280\" src=\"https:\/\/elciudadanodelujan.com.ar\/wp-content\/uploads\/2026\/04\/image-68.png\" alt=\"\" class=\"wp-image-11099\" style=\"aspect-ratio:0.7357286476090568;width:840px;height:auto\"\/><\/figure>\n\n\n\n<p>La rabia es una enfermedad viral que afecta el sistema nervioso y es transmisible a los seres humanos. Por ello, mantener el calendario de vacunaci\u00f3n al d\u00eda no es solo un acto de amor hacia nuestros animales, sino una medida de <strong>salud p\u00fablica esencial<\/strong> para evitar brotes y proteger a toda la vecindad.<\/p>\n\n\n\n<hr class=\"wp-block-separator has-alpha-channel-opacity\"\/>\n\n\n\n<h3 class=\"wp-block-heading\">Cronograma de Vacunaci\u00f3n (10:00 a 13:00 hs)<\/h3>\n\n\n\n<p>Los operativos se llevar\u00e1n a cabo en distintas Sociedades de Fomento y puntos estrat\u00e9gicos de acuerdo al siguiente calendario:<\/p>\n\n\n\n<figure class=\"wp-block-table\"><table class=\"has-fixed-layout\"><thead><tr><td><strong>Fecha<\/strong><\/td><td><strong>Lugar \/ Barrio<\/strong><\/td><td><strong>Direcci\u00f3n<\/strong><\/td><\/tr><\/thead><tbody><tr><td><strong>Martes 5<\/strong><\/td><td>Sociedad de Fomento B\u00b0 El Tr\u00e9bol<\/td><td>A. Seijo 1017<\/td><\/tr><tr><td><strong>Jueves 7<\/strong><\/td><td>Sociedad de Fomento B\u00b0 Lanusse<\/td><td>Pasteur y San Vicente<\/td><\/tr><tr><td><strong>Martes 12<\/strong><\/td><td>Sociedad de Fomento B\u00b0 Villa del Parque<\/td><td>Santa Fe y Storni<\/td><\/tr><tr><td><strong>Jueves 14<\/strong><\/td><td>Sociedad de Fomento B\u00b0 Zapiola<\/td><td>Zapiola 2339<\/td><\/tr><tr><td><strong>Martes 26<\/strong><\/td><td>Sociedad de Fomento B\u00b0 Parque Esperanza<\/td><td>Alberti y La Rioja<\/td><\/tr><tr><td><strong>Jueves 28<\/strong><\/td><td>Jard\u00edn de Infantes B\u00b0 El Mirador<\/td><td>Malvinas y Caseros<\/td><\/tr><\/tbody><\/table><\/figure>\n\n\n\n<blockquote class=\"wp-block-quote is-layout-flow wp-block-quote-is-layout-flow\">\n<p><strong>Aviso importante:<\/strong> Las jornadas quedan sujetas a reprogramaci\u00f3n en caso de condiciones clim\u00e1ticas adversas.<\/p>\n<\/blockquote>\n\n\n\n<hr class=\"wp-block-separator has-alpha-channel-opacity\"\/>\n\n\n\n<h3 class=\"wp-block-heading\">Recomendaciones para una asistencia segura<\/h3>\n\n\n\n<p>Para garantizar el bienestar de las mascotas y de los vecinos presentes, el personal de salud solicita cumplir con los siguientes elementos de seguridad:<\/p>\n\n\n\n<ul class=\"wp-block-list\">\n<li><strong>Perros:<\/strong> Deben asistir con collar, correa y, en caso de ser necesario por su temperamento o tama\u00f1o, bozal.<\/li>\n\n\n\n<li><strong>Gatos y Hurones:<\/strong> Para evitar huidas o estr\u00e9s innecesario, se recomienda trasladarlos en bolsos de red, jaulas de transporte o mochilas adecuadas.<\/li>\n<\/ul>\n\n\n\n<p>Esta iniciativa refuerza la idea de que la prevenci\u00f3n es la herramienta m\u00e1s eficaz para el cuidado de la vida. Acercarse al punto de vacunaci\u00f3n m\u00e1s cercano es un paso fundamental para asegurar que nuestra ciudad siga siendo un espacio seguro para todos.<\/p>\n","protected":false},"excerpt":{"rendered":"<p>La salud de una comunidad no se limita \u00fanicamente a la atenci\u00f3n en hospitales; se construye d\u00eda a d\u00eda a trav\u00e9s de la prevenci\u00f3n y el cuidado responsable de quienes&hellip; <\/p>\n","protected":false},"author":2,"featured_media":11099,"comment_status":"closed","ping_status":"closed","sticky":false,"template":"","format":"standard","meta":{"footnotes":""},"categories":[5],"tags":[],"class_list":["post-11098","post","type-post","status-publish","format-standard","has-post-thumbnail","hentry","category-salud"],"yoast_head":"<!-- This site is optimized with the Yoast SEO plugin v27.3 - https:\/\/yoast.com\/product\/yoast-seo-wordpress\/ -->\n<title>Prevenci\u00f3n y Salud Comunitaria: Mayo inicia con una nueva Campa\u00f1a de Vacunaci\u00f3n Antirr\u00e1bica en Luj\u00e1n -<\/title>\n<meta name=\"robots\" content=\"index, follow, max-snippet:-1, max-image-preview:large, max-video-preview:-1\" \/>\n<link rel=\"canonical\" href=\"https:\/\/elciudadanodelujan.com.ar\/?p=11098\" \/>\n<meta property=\"og:locale\" content=\"es_ES\" \/>\n<meta property=\"og:type\" content=\"article\" \/>\n<meta property=\"og:title\" content=\"Prevenci\u00f3n y Salud Comunitaria: Mayo inicia con una nueva Campa\u00f1a de Vacunaci\u00f3n Antirr\u00e1bica en Luj\u00e1n -\" \/>\n<meta property=\"og:description\" content=\"La salud de una comunidad no se limita \u00fanicamente a la atenci\u00f3n en hospitales; se construye d\u00eda a d\u00eda a trav\u00e9s de la prevenci\u00f3n y el cuidado responsable de quienes&hellip;\" \/>\n<meta property=\"og:url\" content=\"https:\/\/elciudadanodelujan.com.ar\/?p=11098\" \/>\n<meta property=\"article:publisher\" content=\"https:\/\/www.facebook.com\/elciudadanodelujan\" \/>\n<meta property=\"article:published_time\" content=\"2026-04-28T20:57:46+00:00\" \/>\n<meta property=\"article:modified_time\" content=\"2026-04-28T20:58:45+00:00\" \/>\n<meta property=\"og:image\" content=\"https:\/\/elciudadanodelujan.com.ar\/wp-content\/uploads\/2026\/04\/image-68.png\" \/>\n\t<meta property=\"og:image:width\" content=\"206\" \/>\n\t<meta property=\"og:image:height\" content=\"280\" \/>\n\t<meta property=\"og:image:type\" content=\"image\/png\" \/>\n<meta name=\"author\" content=\"Osvaldo Cabral\" \/>\n<meta name=\"twitter:card\" content=\"summary_large_image\" \/>\n<meta name=\"twitter:label1\" content=\"Escrito por\" \/>\n\t<meta name=\"twitter:data1\" content=\"Osvaldo Cabral\" \/>\n\t<meta name=\"twitter:label2\" content=\"Tiempo de lectura\" \/>\n\t<meta name=\"twitter:data2\" content=\"2 minutos\" \/>\n<script type=\"application\/ld+json\" class=\"yoast-schema-graph\">{\"@context\":\"https:\\\/\\\/schema.org\",\"@graph\":[{\"@type\":\"Article\",\"@id\":\"https:\\\/\\\/elciudadanodelujan.com.ar\\\/?p=11098#article\",\"isPartOf\":{\"@id\":\"https:\\\/\\\/elciudadanodelujan.com.ar\\\/?p=11098\"},\"author\":{\"name\":\"Osvaldo Cabral\",\"@id\":\"https:\\\/\\\/elciudadanodelujan.com.ar\\\/#\\\/schema\\\/person\\\/6e4147c312281a224c424b0ca2b1d439\"},\"headline\":\"Prevenci\u00f3n y Salud Comunitaria: Mayo inicia con una nueva Campa\u00f1a de Vacunaci\u00f3n Antirr\u00e1bica en Luj\u00e1n\",\"datePublished\":\"2026-04-28T20:57:46+00:00\",\"dateModified\":\"2026-04-28T20:58:45+00:00\",\"mainEntityOfPage\":{\"@id\":\"https:\\\/\\\/elciudadanodelujan.com.ar\\\/?p=11098\"},\"wordCount\":377,\"publisher\":{\"@id\":\"https:\\\/\\\/elciudadanodelujan.com.ar\\\/#organization\"},\"image\":{\"@id\":\"https:\\\/\\\/elciudadanodelujan.com.ar\\\/?p=11098#primaryimage\"},\"thumbnailUrl\":\"https:\\\/\\\/elciudadanodelujan.com.ar\\\/wp-content\\\/uploads\\\/2026\\\/04\\\/image-68.png\",\"articleSection\":[\"SALUD\"],\"inLanguage\":\"es\"},{\"@type\":\"WebPage\",\"@id\":\"https:\\\/\\\/elciudadanodelujan.com.ar\\\/?p=11098\",\"url\":\"https:\\\/\\\/elciudadanodelujan.com.ar\\\/?p=11098\",\"name\":\"Prevenci\u00f3n y Salud Comunitaria: Mayo inicia con una nueva Campa\u00f1a de Vacunaci\u00f3n Antirr\u00e1bica en Luj\u00e1n -\",\"isPartOf\":{\"@id\":\"https:\\\/\\\/elciudadanodelujan.com.ar\\\/#website\"},\"primaryImageOfPage\":{\"@id\":\"https:\\\/\\\/elciudadanodelujan.com.ar\\\/?p=11098#primaryimage\"},\"image\":{\"@id\":\"https:\\\/\\\/elciudadanodelujan.com.ar\\\/?p=11098#primaryimage\"},\"thumbnailUrl\":\"https:\\\/\\\/elciudadanodelujan.com.ar\\\/wp-content\\\/uploads\\\/2026\\\/04\\\/image-68.png\",\"datePublished\":\"2026-04-28T20:57:46+00:00\",\"dateModified\":\"2026-04-28T20:58:45+00:00\",\"breadcrumb\":{\"@id\":\"https:\\\/\\\/elciudadanodelujan.com.ar\\\/?p=11098#breadcrumb\"},\"inLanguage\":\"es\",\"potentialAction\":[{\"@type\":\"ReadAction\",\"target\":[\"https:\\\/\\\/elciudadanodelujan.com.ar\\\/?p=11098\"]}]},{\"@type\":\"ImageObject\",\"inLanguage\":\"es\",\"@id\":\"https:\\\/\\\/elciudadanodelujan.com.ar\\\/?p=11098#primaryimage\",\"url\":\"https:\\\/\\\/elciudadanodelujan.com.ar\\\/wp-content\\\/uploads\\\/2026\\\/04\\\/image-68.png\",\"contentUrl\":\"https:\\\/\\\/elciudadanodelujan.com.ar\\\/wp-content\\\/uploads\\\/2026\\\/04\\\/image-68.png\",\"width\":206,\"height\":280},{\"@type\":\"BreadcrumbList\",\"@id\":\"https:\\\/\\\/elciudadanodelujan.com.ar\\\/?p=11098#breadcrumb\",\"itemListElement\":[{\"@type\":\"ListItem\",\"position\":1,\"name\":\"Home\",\"item\":\"https:\\\/\\\/elciudadanodelujan.com.ar\\\/\"},{\"@type\":\"ListItem\",\"position\":2,\"name\":\"Prevenci\u00f3n y Salud Comunitaria: Mayo inicia con una nueva Campa\u00f1a de Vacunaci\u00f3n Antirr\u00e1bica en Luj\u00e1n\"}]},{\"@type\":\"WebSite\",\"@id\":\"https:\\\/\\\/elciudadanodelujan.com.ar\\\/#website\",\"url\":\"https:\\\/\\\/elciudadanodelujan.com.ar\\\/\",\"name\":\"https:\\\/\\\/elciudadanodelujan.com.ar\",\"description\":\"Noticias de inter\u00e9s general y periodismo de investigaci\u00f3n\",\"publisher\":{\"@id\":\"https:\\\/\\\/elciudadanodelujan.com.ar\\\/#organization\"},\"potentialAction\":[{\"@type\":\"SearchAction\",\"target\":{\"@type\":\"EntryPoint\",\"urlTemplate\":\"https:\\\/\\\/elciudadanodelujan.com.ar\\\/?s={search_term_string}\"},\"query-input\":{\"@type\":\"PropertyValueSpecification\",\"valueRequired\":true,\"valueName\":\"search_term_string\"}}],\"inLanguage\":\"es\"},{\"@type\":\"Organization\",\"@id\":\"https:\\\/\\\/elciudadanodelujan.com.ar\\\/#organization\",\"name\":\"El Ciudadano de Lujan\",\"url\":\"https:\\\/\\\/elciudadanodelujan.com.ar\\\/\",\"logo\":{\"@type\":\"ImageObject\",\"inLanguage\":\"es\",\"@id\":\"https:\\\/\\\/elciudadanodelujan.com.ar\\\/#\\\/schema\\\/logo\\\/image\\\/\",\"url\":\"https:\\\/\\\/elciudadanodelujan.com.ar\\\/wp-content\\\/uploads\\\/2025\\\/01\\\/logo_El_Ciudadano.jpg\",\"contentUrl\":\"https:\\\/\\\/elciudadanodelujan.com.ar\\\/wp-content\\\/uploads\\\/2025\\\/01\\\/logo_El_Ciudadano.jpg\",\"width\":500,\"height\":123,\"caption\":\"El Ciudadano de Lujan\"},\"image\":{\"@id\":\"https:\\\/\\\/elciudadanodelujan.com.ar\\\/#\\\/schema\\\/logo\\\/image\\\/\"},\"sameAs\":[\"https:\\\/\\\/www.facebook.com\\\/elciudadanodelujan\"]},{\"@type\":\"Person\",\"@id\":\"https:\\\/\\\/elciudadanodelujan.com.ar\\\/#\\\/schema\\\/person\\\/6e4147c312281a224c424b0ca2b1d439\",\"name\":\"Osvaldo Cabral\",\"image\":{\"@type\":\"ImageObject\",\"inLanguage\":\"es\",\"@id\":\"https:\\\/\\\/secure.gravatar.com\\\/avatar\\\/c4c6a8aea430571651e7d6992bdfdff335bbe96580656f78299d10ca9a6c1ae9?s=96&d=mm&r=g\",\"url\":\"https:\\\/\\\/secure.gravatar.com\\\/avatar\\\/c4c6a8aea430571651e7d6992bdfdff335bbe96580656f78299d10ca9a6c1ae9?s=96&d=mm&r=g\",\"contentUrl\":\"https:\\\/\\\/secure.gravatar.com\\\/avatar\\\/c4c6a8aea430571651e7d6992bdfdff335bbe96580656f78299d10ca9a6c1ae9?s=96&d=mm&r=g\",\"caption\":\"Osvaldo Cabral\"},\"url\":\"https:\\\/\\\/elciudadanodelujan.com.ar\\\/?author=2\"}]}<\/script>\n<!-- \/ Yoast SEO plugin. -->","yoast_head_json":{"title":"Prevenci\u00f3n y Salud Comunitaria: Mayo inicia con una nueva Campa\u00f1a de Vacunaci\u00f3n Antirr\u00e1bica en Luj\u00e1n -","robots":{"index":"index","follow":"follow","max-snippet":"max-snippet:-1","max-image-preview":"max-image-preview:large","max-video-preview":"max-video-preview:-1"},"canonical":"https:\/\/elciudadanodelujan.com.ar\/?p=11098","og_locale":"es_ES","og_type":"article","og_title":"Prevenci\u00f3n y Salud Comunitaria: Mayo inicia con una nueva Campa\u00f1a de Vacunaci\u00f3n Antirr\u00e1bica en Luj\u00e1n -","og_description":"La salud de una comunidad no se limita \u00fanicamente a la atenci\u00f3n en hospitales; se construye d\u00eda a d\u00eda a trav\u00e9s de la prevenci\u00f3n y el cuidado responsable de quienes&hellip;","og_url":"https:\/\/elciudadanodelujan.com.ar\/?p=11098","article_publisher":"https:\/\/www.facebook.com\/elciudadanodelujan","article_published_time":"2026-04-28T20:57:46+00:00","article_modified_time":"2026-04-28T20:58:45+00:00","og_image":[{"width":206,"height":280,"url":"https:\/\/elciudadanodelujan.com.ar\/wp-content\/uploads\/2026\/04\/image-68.png","type":"image\/png"}],"author":"Osvaldo Cabral","twitter_card":"summary_large_image","twitter_misc":{"Escrito por":"Osvaldo Cabral","Tiempo de lectura":"2 minutos"},"schema":{"@context":"https:\/\/schema.org","@graph":[{"@type":"Article","@id":"https:\/\/elciudadanodelujan.com.ar\/?p=11098#article","isPartOf":{"@id":"https:\/\/elciudadanodelujan.com.ar\/?p=11098"},"author":{"name":"Osvaldo Cabral","@id":"https:\/\/elciudadanodelujan.com.ar\/#\/schema\/person\/6e4147c312281a224c424b0ca2b1d439"},"headline":"Prevenci\u00f3n y Salud Comunitaria: Mayo inicia con una nueva Campa\u00f1a de Vacunaci\u00f3n Antirr\u00e1bica en Luj\u00e1n","datePublished":"2026-04-28T20:57:46+00:00","dateModified":"2026-04-28T20:58:45+00:00","mainEntityOfPage":{"@id":"https:\/\/elciudadanodelujan.com.ar\/?p=11098"},"wordCount":377,"publisher":{"@id":"https:\/\/elciudadanodelujan.com.ar\/#organization"},"image":{"@id":"https:\/\/elciudadanodelujan.com.ar\/?p=11098#primaryimage"},"thumbnailUrl":"https:\/\/elciudadanodelujan.com.ar\/wp-content\/uploads\/2026\/04\/image-68.png","articleSection":["SALUD"],"inLanguage":"es"},{"@type":"WebPage","@id":"https:\/\/elciudadanodelujan.com.ar\/?p=11098","url":"https:\/\/elciudadanodelujan.com.ar\/?p=11098","name":"Prevenci\u00f3n y Salud Comunitaria: Mayo inicia con una nueva Campa\u00f1a de Vacunaci\u00f3n Antirr\u00e1bica en Luj\u00e1n -","isPartOf":{"@id":"https:\/\/elciudadanodelujan.com.ar\/#website"},"primaryImageOfPage":{"@id":"https:\/\/elciudadanodelujan.com.ar\/?p=11098#primaryimage"},"image":{"@id":"https:\/\/elciudadanodelujan.com.ar\/?p=11098#primaryimage"},"thumbnailUrl":"https:\/\/elciudadanodelujan.com.ar\/wp-content\/uploads\/2026\/04\/image-68.png","datePublished":"2026-04-28T20:57:46+00:00","dateModified":"2026-04-28T20:58:45+00:00","breadcrumb":{"@id":"https:\/\/elciudadanodelujan.com.ar\/?p=11098#breadcrumb"},"inLanguage":"es","potentialAction":[{"@type":"ReadAction","target":["https:\/\/elciudadanodelujan.com.ar\/?p=11098"]}]},{"@type":"ImageObject","inLanguage":"es","@id":"https:\/\/elciudadanodelujan.com.ar\/?p=11098#primaryimage","url":"https:\/\/elciudadanodelujan.com.ar\/wp-content\/uploads\/2026\/04\/image-68.png","contentUrl":"https:\/\/elciudadanodelujan.com.ar\/wp-content\/uploads\/2026\/04\/image-68.png","width":206,"height":280},{"@type":"BreadcrumbList","@id":"https:\/\/elciudadanodelujan.com.ar\/?p=11098#breadcrumb","itemListElement":[{"@type":"ListItem","position":1,"name":"Home","item":"https:\/\/elciudadanodelujan.com.ar\/"},{"@type":"ListItem","position":2,"name":"Prevenci\u00f3n y Salud Comunitaria: Mayo inicia con una nueva Campa\u00f1a de Vacunaci\u00f3n Antirr\u00e1bica en Luj\u00e1n"}]},{"@type":"WebSite","@id":"https:\/\/elciudadanodelujan.com.ar\/#website","url":"https:\/\/elciudadanodelujan.com.ar\/","name":"https:\/\/elciudadanodelujan.com.ar","description":"Noticias de inter\u00e9s general y periodismo de investigaci\u00f3n","publisher":{"@id":"https:\/\/elciudadanodelujan.com.ar\/#organization"},"potentialAction":[{"@type":"SearchAction","target":{"@type":"EntryPoint","urlTemplate":"https:\/\/elciudadanodelujan.com.ar\/?s={search_term_string}"},"query-input":{"@type":"PropertyValueSpecification","valueRequired":true,"valueName":"search_term_string"}}],"inLanguage":"es"},{"@type":"Organization","@id":"https:\/\/elciudadanodelujan.com.ar\/#organization","name":"El Ciudadano de Lujan","url":"https:\/\/elciudadanodelujan.com.ar\/","logo":{"@type":"ImageObject","inLanguage":"es","@id":"https:\/\/elciudadanodelujan.com.ar\/#\/schema\/logo\/image\/","url":"https:\/\/elciudadanodelujan.com.ar\/wp-content\/uploads\/2025\/01\/logo_El_Ciudadano.jpg","contentUrl":"https:\/\/elciudadanodelujan.com.ar\/wp-content\/uploads\/2025\/01\/logo_El_Ciudadano.jpg","width":500,"height":123,"caption":"El Ciudadano de Lujan"},"image":{"@id":"https:\/\/elciudadanodelujan.com.ar\/#\/schema\/logo\/image\/"},"sameAs":["https:\/\/www.facebook.com\/elciudadanodelujan"]},{"@type":"Person","@id":"https:\/\/elciudadanodelujan.com.ar\/#\/schema\/person\/6e4147c312281a224c424b0ca2b1d439","name":"Osvaldo Cabral","image":{"@type":"ImageObject","inLanguage":"es","@id":"https:\/\/secure.gravatar.com\/avatar\/c4c6a8aea430571651e7d6992bdfdff335bbe96580656f78299d10ca9a6c1ae9?s=96&d=mm&r=g","url":"https:\/\/secure.gravatar.com\/avatar\/c4c6a8aea430571651e7d6992bdfdff335bbe96580656f78299d10ca9a6c1ae9?s=96&d=mm&r=g","contentUrl":"https:\/\/secure.gravatar.com\/avatar\/c4c6a8aea430571651e7d6992bdfdff335bbe96580656f78299d10ca9a6c1ae9?s=96&d=mm&r=g","caption":"Osvaldo Cabral"},"url":"https:\/\/elciudadanodelujan.com.ar\/?author=2"}]}},"_links":{"self":[{"href":"https:\/\/elciudadanodelujan.com.ar\/index.php?rest_route=\/wp\/v2\/posts\/11098","targetHints":{"allow":["GET"]}}],"collection":[{"href":"https:\/\/elciudadanodelujan.com.ar\/index.php?rest_route=\/wp\/v2\/posts"}],"about":[{"href":"https:\/\/elciudadanodelujan.com.ar\/index.php?rest_route=\/wp\/v2\/types\/post"}],"author":[{"embeddable":true,"href":"https:\/\/elciudadanodelujan.com.ar\/index.php?rest_route=\/wp\/v2\/users\/2"}],"replies":[{"embeddable":true,"href":"https:\/\/elciudadanodelujan.com.ar\/index.php?rest_route=%2Fwp%2Fv2%2Fcomments&post=11098"}],"version-history":[{"count":1,"href":"https:\/\/elciudadanodelujan.com.ar\/index.php?rest_route=\/wp\/v2\/posts\/11098\/revisions"}],"predecessor-version":[{"id":11100,"href":"https:\/\/elciudadanodelujan.com.ar\/index.php?rest_route=\/wp\/v2\/posts\/11098\/revisions\/11100"}],"wp:featuredmedia":[{"embeddable":true,"href":"https:\/\/elciudadanodelujan.com.ar\/index.php?rest_route=\/wp\/v2\/media\/11099"}],"wp:attachment":[{"href":"https:\/\/elciudadanodelujan.com.ar\/index.php?rest_route=%2Fwp%2Fv2%2Fmedia&parent=11098"}],"wp:term":[{"taxonomy":"category","embeddable":true,"href":"https:\/\/elciudadanodelujan.com.ar\/index.php?rest_route=%2Fwp%2Fv2%2Fcategories&post=11098"},{"taxonomy":"post_tag","embeddable":true,"href":"https:\/\/elciudadanodelujan.com.ar\/index.php?rest_route=%2Fwp%2Fv2%2Ftags&post=11098"}],"curies":[{"name":"wp","href":"https:\/\/api.w.org\/{rel}","templated":true}]}}