{"id":10830,"date":"2026-03-19T18:33:21","date_gmt":"2026-03-19T21:33:21","guid":{"rendered":"https:\/\/elciudadanodelujan.com.ar\/?p=10830"},"modified":"2026-03-23T18:36:15","modified_gmt":"2026-03-23T21:36:15","slug":"un-hito-para-la-educacion-y-el-trabajo-olivera-ya-cuenta-con-su-nuevo-centro-de-formacion-profesional","status":"publish","type":"post","link":"https:\/\/elciudadanodelujan.com.ar\/?p=10830","title":{"rendered":"Un hito para la educaci\u00f3n y el trabajo: Olivera ya cuenta con su nuevo Centro de Formaci\u00f3n Profesional"},"content":{"rendered":"\n<h2 class=\"wp-block-heading\">La localidad de Olivera vivi\u00f3 una jornada hist\u00f3rica el pasado jueves con la inauguraci\u00f3n del nuevo anexo del Centro de Formaci\u00f3n Profesional Laboral (CFPL) N\u00b0 403 \u201c\u00d3scar Smith\u201d. Este espacio, ubicado en la intersecci\u00f3n de las calles Italia y Reconquista, nace con una misi\u00f3n clara: descentralizar la oferta educativa y brindar herramientas concretas para el desarrollo productivo y la inserci\u00f3n laboral de los vecinos.<\/h2>\n\n\n\n<figure class=\"wp-block-image size-large\"><img loading=\"lazy\" decoding=\"async\" width=\"1024\" height=\"620\" src=\"https:\/\/elciudadanodelujan.com.ar\/wp-content\/uploads\/2026\/03\/image-42-1024x620.png\" alt=\"\" class=\"wp-image-10831\" srcset=\"https:\/\/elciudadanodelujan.com.ar\/wp-content\/uploads\/2026\/03\/image-42-1024x620.png 1024w, https:\/\/elciudadanodelujan.com.ar\/wp-content\/uploads\/2026\/03\/image-42-300x182.png 300w, https:\/\/elciudadanodelujan.com.ar\/wp-content\/uploads\/2026\/03\/image-42-768x465.png 768w, https:\/\/elciudadanodelujan.com.ar\/wp-content\/uploads\/2026\/03\/image-42.png 1120w\" sizes=\"auto, (max-width: 1024px) 100vw, 1024px\" \/><\/figure>\n\n\n\n<p>El acto fue encabezado por el Intendente <strong>Leonardo Boto<\/strong>, junto a autoridades municipales, referentes del Sindicato de Luz y Fuerza y la comunidad educativa. La obra, que en sus inicios se encontraba paralizada, fue finalizada gracias al esfuerzo conjunto del Municipio y los trabajadores locales, logrando un edificio moderno de <strong>295 metros cuadrados<\/strong> que cuenta con sala central, aulas, vestuarios y cocina.<\/p>\n\n\n\n<hr class=\"wp-block-separator has-alpha-channel-opacity\"\/>\n\n\n\n<h3 class=\"wp-block-heading\">Educaci\u00f3n con salida laboral<\/h3>\n\n\n\n<p>Durante la ceremonia, el Intendente Boto destac\u00f3 la importancia de este centro como un ancla para el arraigo de los j\u00f3venes: <em>\u201cNuestro gran desaf\u00edo es que los j\u00f3venes de Olivera no se vayan de la localidad, que crezcan, consigan un trabajo y puedan alcanzar la dignidad propia que da el trabajo\u201d<\/em>.<\/p>\n\n\n\n<p>Por su parte, el Director del CFPL N\u00b0 403, Profesor <strong>Nicol\u00e1s Di Nova<\/strong>, y la Inspectora <strong>Mar\u00eda de la Paz D&#8217;albo<\/strong>, hicieron hincapi\u00e9 en la necesidad de \u00abllenar de trayectos formativos\u00bb este nuevo lugar, invitando a la comunidad a apropiarse del espacio y demandar capacitaciones que respondan a las necesidades actuales del mercado.<\/p>\n\n\n\n<hr class=\"wp-block-separator has-alpha-channel-opacity\"\/>\n\n\n\n<h3 class=\"wp-block-heading\">Oferta acad\u00e9mica y preinscripciones<\/h3>\n\n\n\n<p>El centro comienza sus actividades con tres cursos de oficios altamente demandados, los cuales otorgan <strong>t\u00edtulos oficiales reconocidos a nivel provincial<\/strong> y son de car\u00e1cter gratuito:<\/p>\n\n\n\n<ol start=\"1\" class=\"wp-block-list\">\n<li><strong>Montador Electricista Domiciliario:<\/strong> (Cupos completos).<\/li>\n\n\n\n<li><strong>Gasista de unidades unifuncionales:<\/strong> Preinscripci\u00f3n abierta v\u00eda <a href=\"https:\/\/docs.google.com\/forms\/d\/e\/1FAIpQLSd4LLl6FFZWuAh8V244Ic2X6mPgpAbdAybUqWbiowJIPAAZ_w\/viewform\" target=\"_blank\" rel=\"noreferrer noopener\">formulario online<\/a>.<\/li>\n\n\n\n<li><strong>Instalaci\u00f3n y reparaci\u00f3n de equipos de climatizaci\u00f3n:<\/strong> Preinscripci\u00f3n abierta v\u00eda <a href=\"https:\/\/docs.google.com\/forms\/d\/e\/1FAIpQLSdnC0KUGU3LSnvEh9-_mUNh9G8f3MySbb9Z18zojH0Cvx8q3A\/viewform\" target=\"_blank\" rel=\"noreferrer noopener\">formulario online<\/a>.<\/li>\n<\/ol>\n\n\n\n<hr class=\"wp-block-separator has-alpha-channel-opacity\"\/>\n\n\n\n<h3 class=\"wp-block-heading\">Alianza estrat\u00e9gica por el oficio<\/h3>\n\n\n\n<p>Un punto clave de la jornada fue la firma de un <strong>convenio de colaboraci\u00f3n<\/strong> entre el Municipio de Luj\u00e1n y el <strong>Sindicato de Luz y Fuerza<\/strong>. Este acuerdo permitir\u00e1 potenciar las capacitaciones en oficios en todo el partido, aprovechando los 20 a\u00f1os de experiencia que el sindicato posee en formaci\u00f3n laboral.<\/p>\n\n\n\n<p>Como bien se\u00f1al\u00f3 el Secretario General del gremio, <strong>Oscar Rivada<\/strong>, estos anexos son fundamentales para dar respuesta a lo que el pueblo necesita, fomentando un entusiasmo por la capacitaci\u00f3n que ya ha permitido a miles de lujanenses mejorar su realidad laboral en las \u00faltimas dos d\u00e9cadas.<\/p>\n\n\n\n<p>Para m\u00e1s informaci\u00f3n y consultas sobre futuras cohortes, los interesados pueden seguir la cuenta oficial de Instagram: <strong>@cfp403lujan<\/strong>.<\/p>\n\n\n\n<figure class=\"wp-block-image size-large\"><img loading=\"lazy\" decoding=\"async\" width=\"1024\" height=\"674\" src=\"https:\/\/elciudadanodelujan.com.ar\/wp-content\/uploads\/2026\/03\/image-43-1024x674.png\" alt=\"\" class=\"wp-image-10832\" srcset=\"https:\/\/elciudadanodelujan.com.ar\/wp-content\/uploads\/2026\/03\/image-43-1024x674.png 1024w, https:\/\/elciudadanodelujan.com.ar\/wp-content\/uploads\/2026\/03\/image-43-300x198.png 300w, https:\/\/elciudadanodelujan.com.ar\/wp-content\/uploads\/2026\/03\/image-43-768x506.png 768w, https:\/\/elciudadanodelujan.com.ar\/wp-content\/uploads\/2026\/03\/image-43.png 1280w\" sizes=\"auto, (max-width: 1024px) 100vw, 1024px\" \/><\/figure>\n","protected":false},"excerpt":{"rendered":"<p>La localidad de Olivera vivi\u00f3 una jornada hist\u00f3rica el pasado jueves con la inauguraci\u00f3n del nuevo anexo del Centro de Formaci\u00f3n Profesional Laboral (CFPL) N\u00b0 403 \u201c\u00d3scar Smith\u201d. Este espacio,&hellip; <\/p>\n","protected":false},"author":2,"featured_media":10832,"comment_status":"closed","ping_status":"closed","sticky":false,"template":"","format":"standard","meta":{"footnotes":""},"categories":[13],"tags":[],"class_list":["post-10830","post","type-post","status-publish","format-standard","has-post-thumbnail","hentry","category-educacion"],"yoast_head":"<!-- This site is optimized with the Yoast SEO plugin v27.3 - https:\/\/yoast.com\/product\/yoast-seo-wordpress\/ -->\n<title>Un hito para la educaci\u00f3n y el trabajo: Olivera ya cuenta con su nuevo Centro de Formaci\u00f3n Profesional -<\/title>\n<meta name=\"robots\" content=\"index, follow, max-snippet:-1, max-image-preview:large, max-video-preview:-1\" \/>\n<link rel=\"canonical\" href=\"https:\/\/elciudadanodelujan.com.ar\/?p=10830\" \/>\n<meta property=\"og:locale\" content=\"es_ES\" \/>\n<meta property=\"og:type\" content=\"article\" \/>\n<meta property=\"og:title\" content=\"Un hito para la educaci\u00f3n y el trabajo: Olivera ya cuenta con su nuevo Centro de Formaci\u00f3n Profesional -\" \/>\n<meta property=\"og:description\" content=\"La localidad de Olivera vivi\u00f3 una jornada hist\u00f3rica el pasado jueves con la inauguraci\u00f3n del nuevo anexo del Centro de Formaci\u00f3n Profesional Laboral (CFPL) N\u00b0 403 \u201c\u00d3scar Smith\u201d. Este espacio,&hellip;\" \/>\n<meta property=\"og:url\" content=\"https:\/\/elciudadanodelujan.com.ar\/?p=10830\" \/>\n<meta property=\"article:publisher\" content=\"https:\/\/www.facebook.com\/elciudadanodelujan\" \/>\n<meta property=\"article:published_time\" content=\"2026-03-19T21:33:21+00:00\" \/>\n<meta property=\"article:modified_time\" content=\"2026-03-23T21:36:15+00:00\" \/>\n<meta property=\"og:image\" content=\"https:\/\/elciudadanodelujan.com.ar\/wp-content\/uploads\/2026\/03\/image-43.png\" \/>\n\t<meta property=\"og:image:width\" content=\"1280\" \/>\n\t<meta property=\"og:image:height\" content=\"843\" \/>\n\t<meta property=\"og:image:type\" content=\"image\/png\" \/>\n<meta name=\"author\" content=\"Osvaldo Cabral\" \/>\n<meta name=\"twitter:card\" content=\"summary_large_image\" \/>\n<meta name=\"twitter:label1\" content=\"Escrito por\" \/>\n\t<meta name=\"twitter:data1\" content=\"Osvaldo Cabral\" \/>\n\t<meta name=\"twitter:label2\" content=\"Tiempo de lectura\" \/>\n\t<meta name=\"twitter:data2\" content=\"3 minutos\" \/>\n<script type=\"application\/ld+json\" class=\"yoast-schema-graph\">{\"@context\":\"https:\\\/\\\/schema.org\",\"@graph\":[{\"@type\":\"Article\",\"@id\":\"https:\\\/\\\/elciudadanodelujan.com.ar\\\/?p=10830#article\",\"isPartOf\":{\"@id\":\"https:\\\/\\\/elciudadanodelujan.com.ar\\\/?p=10830\"},\"author\":{\"name\":\"Osvaldo Cabral\",\"@id\":\"https:\\\/\\\/elciudadanodelujan.com.ar\\\/#\\\/schema\\\/person\\\/6e4147c312281a224c424b0ca2b1d439\"},\"headline\":\"Un hito para la educaci\u00f3n y el trabajo: Olivera ya cuenta con su nuevo Centro de Formaci\u00f3n Profesional\",\"datePublished\":\"2026-03-19T21:33:21+00:00\",\"dateModified\":\"2026-03-23T21:36:15+00:00\",\"mainEntityOfPage\":{\"@id\":\"https:\\\/\\\/elciudadanodelujan.com.ar\\\/?p=10830\"},\"wordCount\":460,\"publisher\":{\"@id\":\"https:\\\/\\\/elciudadanodelujan.com.ar\\\/#organization\"},\"image\":{\"@id\":\"https:\\\/\\\/elciudadanodelujan.com.ar\\\/?p=10830#primaryimage\"},\"thumbnailUrl\":\"https:\\\/\\\/elciudadanodelujan.com.ar\\\/wp-content\\\/uploads\\\/2026\\\/03\\\/image-43.png\",\"articleSection\":[\"EDUCACI\u00d3N\"],\"inLanguage\":\"es\"},{\"@type\":\"WebPage\",\"@id\":\"https:\\\/\\\/elciudadanodelujan.com.ar\\\/?p=10830\",\"url\":\"https:\\\/\\\/elciudadanodelujan.com.ar\\\/?p=10830\",\"name\":\"Un hito para la educaci\u00f3n y el trabajo: Olivera ya cuenta con su nuevo Centro de Formaci\u00f3n Profesional -\",\"isPartOf\":{\"@id\":\"https:\\\/\\\/elciudadanodelujan.com.ar\\\/#website\"},\"primaryImageOfPage\":{\"@id\":\"https:\\\/\\\/elciudadanodelujan.com.ar\\\/?p=10830#primaryimage\"},\"image\":{\"@id\":\"https:\\\/\\\/elciudadanodelujan.com.ar\\\/?p=10830#primaryimage\"},\"thumbnailUrl\":\"https:\\\/\\\/elciudadanodelujan.com.ar\\\/wp-content\\\/uploads\\\/2026\\\/03\\\/image-43.png\",\"datePublished\":\"2026-03-19T21:33:21+00:00\",\"dateModified\":\"2026-03-23T21:36:15+00:00\",\"breadcrumb\":{\"@id\":\"https:\\\/\\\/elciudadanodelujan.com.ar\\\/?p=10830#breadcrumb\"},\"inLanguage\":\"es\",\"potentialAction\":[{\"@type\":\"ReadAction\",\"target\":[\"https:\\\/\\\/elciudadanodelujan.com.ar\\\/?p=10830\"]}]},{\"@type\":\"ImageObject\",\"inLanguage\":\"es\",\"@id\":\"https:\\\/\\\/elciudadanodelujan.com.ar\\\/?p=10830#primaryimage\",\"url\":\"https:\\\/\\\/elciudadanodelujan.com.ar\\\/wp-content\\\/uploads\\\/2026\\\/03\\\/image-43.png\",\"contentUrl\":\"https:\\\/\\\/elciudadanodelujan.com.ar\\\/wp-content\\\/uploads\\\/2026\\\/03\\\/image-43.png\",\"width\":1280,\"height\":843},{\"@type\":\"BreadcrumbList\",\"@id\":\"https:\\\/\\\/elciudadanodelujan.com.ar\\\/?p=10830#breadcrumb\",\"itemListElement\":[{\"@type\":\"ListItem\",\"position\":1,\"name\":\"Home\",\"item\":\"https:\\\/\\\/elciudadanodelujan.com.ar\\\/\"},{\"@type\":\"ListItem\",\"position\":2,\"name\":\"Un hito para la educaci\u00f3n y el trabajo: Olivera ya cuenta con su nuevo Centro de Formaci\u00f3n Profesional\"}]},{\"@type\":\"WebSite\",\"@id\":\"https:\\\/\\\/elciudadanodelujan.com.ar\\\/#website\",\"url\":\"https:\\\/\\\/elciudadanodelujan.com.ar\\\/\",\"name\":\"https:\\\/\\\/elciudadanodelujan.com.ar\",\"description\":\"Noticias de inter\u00e9s general y periodismo de investigaci\u00f3n\",\"publisher\":{\"@id\":\"https:\\\/\\\/elciudadanodelujan.com.ar\\\/#organization\"},\"potentialAction\":[{\"@type\":\"SearchAction\",\"target\":{\"@type\":\"EntryPoint\",\"urlTemplate\":\"https:\\\/\\\/elciudadanodelujan.com.ar\\\/?s={search_term_string}\"},\"query-input\":{\"@type\":\"PropertyValueSpecification\",\"valueRequired\":true,\"valueName\":\"search_term_string\"}}],\"inLanguage\":\"es\"},{\"@type\":\"Organization\",\"@id\":\"https:\\\/\\\/elciudadanodelujan.com.ar\\\/#organization\",\"name\":\"El Ciudadano de Lujan\",\"url\":\"https:\\\/\\\/elciudadanodelujan.com.ar\\\/\",\"logo\":{\"@type\":\"ImageObject\",\"inLanguage\":\"es\",\"@id\":\"https:\\\/\\\/elciudadanodelujan.com.ar\\\/#\\\/schema\\\/logo\\\/image\\\/\",\"url\":\"https:\\\/\\\/elciudadanodelujan.com.ar\\\/wp-content\\\/uploads\\\/2025\\\/01\\\/logo_El_Ciudadano.jpg\",\"contentUrl\":\"https:\\\/\\\/elciudadanodelujan.com.ar\\\/wp-content\\\/uploads\\\/2025\\\/01\\\/logo_El_Ciudadano.jpg\",\"width\":500,\"height\":123,\"caption\":\"El Ciudadano de Lujan\"},\"image\":{\"@id\":\"https:\\\/\\\/elciudadanodelujan.com.ar\\\/#\\\/schema\\\/logo\\\/image\\\/\"},\"sameAs\":[\"https:\\\/\\\/www.facebook.com\\\/elciudadanodelujan\"]},{\"@type\":\"Person\",\"@id\":\"https:\\\/\\\/elciudadanodelujan.com.ar\\\/#\\\/schema\\\/person\\\/6e4147c312281a224c424b0ca2b1d439\",\"name\":\"Osvaldo Cabral\",\"image\":{\"@type\":\"ImageObject\",\"inLanguage\":\"es\",\"@id\":\"https:\\\/\\\/secure.gravatar.com\\\/avatar\\\/c4c6a8aea430571651e7d6992bdfdff335bbe96580656f78299d10ca9a6c1ae9?s=96&d=mm&r=g\",\"url\":\"https:\\\/\\\/secure.gravatar.com\\\/avatar\\\/c4c6a8aea430571651e7d6992bdfdff335bbe96580656f78299d10ca9a6c1ae9?s=96&d=mm&r=g\",\"contentUrl\":\"https:\\\/\\\/secure.gravatar.com\\\/avatar\\\/c4c6a8aea430571651e7d6992bdfdff335bbe96580656f78299d10ca9a6c1ae9?s=96&d=mm&r=g\",\"caption\":\"Osvaldo Cabral\"},\"url\":\"https:\\\/\\\/elciudadanodelujan.com.ar\\\/?author=2\"}]}<\/script>\n<!-- \/ Yoast SEO plugin. -->","yoast_head_json":{"title":"Un hito para la educaci\u00f3n y el trabajo: Olivera ya cuenta con su nuevo Centro de Formaci\u00f3n Profesional -","robots":{"index":"index","follow":"follow","max-snippet":"max-snippet:-1","max-image-preview":"max-image-preview:large","max-video-preview":"max-video-preview:-1"},"canonical":"https:\/\/elciudadanodelujan.com.ar\/?p=10830","og_locale":"es_ES","og_type":"article","og_title":"Un hito para la educaci\u00f3n y el trabajo: Olivera ya cuenta con su nuevo Centro de Formaci\u00f3n Profesional -","og_description":"La localidad de Olivera vivi\u00f3 una jornada hist\u00f3rica el pasado jueves con la inauguraci\u00f3n del nuevo anexo del Centro de Formaci\u00f3n Profesional Laboral (CFPL) N\u00b0 403 \u201c\u00d3scar Smith\u201d. Este espacio,&hellip;","og_url":"https:\/\/elciudadanodelujan.com.ar\/?p=10830","article_publisher":"https:\/\/www.facebook.com\/elciudadanodelujan","article_published_time":"2026-03-19T21:33:21+00:00","article_modified_time":"2026-03-23T21:36:15+00:00","og_image":[{"width":1280,"height":843,"url":"https:\/\/elciudadanodelujan.com.ar\/wp-content\/uploads\/2026\/03\/image-43.png","type":"image\/png"}],"author":"Osvaldo Cabral","twitter_card":"summary_large_image","twitter_misc":{"Escrito por":"Osvaldo Cabral","Tiempo de lectura":"3 minutos"},"schema":{"@context":"https:\/\/schema.org","@graph":[{"@type":"Article","@id":"https:\/\/elciudadanodelujan.com.ar\/?p=10830#article","isPartOf":{"@id":"https:\/\/elciudadanodelujan.com.ar\/?p=10830"},"author":{"name":"Osvaldo Cabral","@id":"https:\/\/elciudadanodelujan.com.ar\/#\/schema\/person\/6e4147c312281a224c424b0ca2b1d439"},"headline":"Un hito para la educaci\u00f3n y el trabajo: Olivera ya cuenta con su nuevo Centro de Formaci\u00f3n Profesional","datePublished":"2026-03-19T21:33:21+00:00","dateModified":"2026-03-23T21:36:15+00:00","mainEntityOfPage":{"@id":"https:\/\/elciudadanodelujan.com.ar\/?p=10830"},"wordCount":460,"publisher":{"@id":"https:\/\/elciudadanodelujan.com.ar\/#organization"},"image":{"@id":"https:\/\/elciudadanodelujan.com.ar\/?p=10830#primaryimage"},"thumbnailUrl":"https:\/\/elciudadanodelujan.com.ar\/wp-content\/uploads\/2026\/03\/image-43.png","articleSection":["EDUCACI\u00d3N"],"inLanguage":"es"},{"@type":"WebPage","@id":"https:\/\/elciudadanodelujan.com.ar\/?p=10830","url":"https:\/\/elciudadanodelujan.com.ar\/?p=10830","name":"Un hito para la educaci\u00f3n y el trabajo: Olivera ya cuenta con su nuevo Centro de Formaci\u00f3n Profesional -","isPartOf":{"@id":"https:\/\/elciudadanodelujan.com.ar\/#website"},"primaryImageOfPage":{"@id":"https:\/\/elciudadanodelujan.com.ar\/?p=10830#primaryimage"},"image":{"@id":"https:\/\/elciudadanodelujan.com.ar\/?p=10830#primaryimage"},"thumbnailUrl":"https:\/\/elciudadanodelujan.com.ar\/wp-content\/uploads\/2026\/03\/image-43.png","datePublished":"2026-03-19T21:33:21+00:00","dateModified":"2026-03-23T21:36:15+00:00","breadcrumb":{"@id":"https:\/\/elciudadanodelujan.com.ar\/?p=10830#breadcrumb"},"inLanguage":"es","potentialAction":[{"@type":"ReadAction","target":["https:\/\/elciudadanodelujan.com.ar\/?p=10830"]}]},{"@type":"ImageObject","inLanguage":"es","@id":"https:\/\/elciudadanodelujan.com.ar\/?p=10830#primaryimage","url":"https:\/\/elciudadanodelujan.com.ar\/wp-content\/uploads\/2026\/03\/image-43.png","contentUrl":"https:\/\/elciudadanodelujan.com.ar\/wp-content\/uploads\/2026\/03\/image-43.png","width":1280,"height":843},{"@type":"BreadcrumbList","@id":"https:\/\/elciudadanodelujan.com.ar\/?p=10830#breadcrumb","itemListElement":[{"@type":"ListItem","position":1,"name":"Home","item":"https:\/\/elciudadanodelujan.com.ar\/"},{"@type":"ListItem","position":2,"name":"Un hito para la educaci\u00f3n y el trabajo: Olivera ya cuenta con su nuevo Centro de Formaci\u00f3n Profesional"}]},{"@type":"WebSite","@id":"https:\/\/elciudadanodelujan.com.ar\/#website","url":"https:\/\/elciudadanodelujan.com.ar\/","name":"https:\/\/elciudadanodelujan.com.ar","description":"Noticias de inter\u00e9s general y periodismo de investigaci\u00f3n","publisher":{"@id":"https:\/\/elciudadanodelujan.com.ar\/#organization"},"potentialAction":[{"@type":"SearchAction","target":{"@type":"EntryPoint","urlTemplate":"https:\/\/elciudadanodelujan.com.ar\/?s={search_term_string}"},"query-input":{"@type":"PropertyValueSpecification","valueRequired":true,"valueName":"search_term_string"}}],"inLanguage":"es"},{"@type":"Organization","@id":"https:\/\/elciudadanodelujan.com.ar\/#organization","name":"El Ciudadano de Lujan","url":"https:\/\/elciudadanodelujan.com.ar\/","logo":{"@type":"ImageObject","inLanguage":"es","@id":"https:\/\/elciudadanodelujan.com.ar\/#\/schema\/logo\/image\/","url":"https:\/\/elciudadanodelujan.com.ar\/wp-content\/uploads\/2025\/01\/logo_El_Ciudadano.jpg","contentUrl":"https:\/\/elciudadanodelujan.com.ar\/wp-content\/uploads\/2025\/01\/logo_El_Ciudadano.jpg","width":500,"height":123,"caption":"El Ciudadano de Lujan"},"image":{"@id":"https:\/\/elciudadanodelujan.com.ar\/#\/schema\/logo\/image\/"},"sameAs":["https:\/\/www.facebook.com\/elciudadanodelujan"]},{"@type":"Person","@id":"https:\/\/elciudadanodelujan.com.ar\/#\/schema\/person\/6e4147c312281a224c424b0ca2b1d439","name":"Osvaldo Cabral","image":{"@type":"ImageObject","inLanguage":"es","@id":"https:\/\/secure.gravatar.com\/avatar\/c4c6a8aea430571651e7d6992bdfdff335bbe96580656f78299d10ca9a6c1ae9?s=96&d=mm&r=g","url":"https:\/\/secure.gravatar.com\/avatar\/c4c6a8aea430571651e7d6992bdfdff335bbe96580656f78299d10ca9a6c1ae9?s=96&d=mm&r=g","contentUrl":"https:\/\/secure.gravatar.com\/avatar\/c4c6a8aea430571651e7d6992bdfdff335bbe96580656f78299d10ca9a6c1ae9?s=96&d=mm&r=g","caption":"Osvaldo Cabral"},"url":"https:\/\/elciudadanodelujan.com.ar\/?author=2"}]}},"_links":{"self":[{"href":"https:\/\/elciudadanodelujan.com.ar\/index.php?rest_route=\/wp\/v2\/posts\/10830","targetHints":{"allow":["GET"]}}],"collection":[{"href":"https:\/\/elciudadanodelujan.com.ar\/index.php?rest_route=\/wp\/v2\/posts"}],"about":[{"href":"https:\/\/elciudadanodelujan.com.ar\/index.php?rest_route=\/wp\/v2\/types\/post"}],"author":[{"embeddable":true,"href":"https:\/\/elciudadanodelujan.com.ar\/index.php?rest_route=\/wp\/v2\/users\/2"}],"replies":[{"embeddable":true,"href":"https:\/\/elciudadanodelujan.com.ar\/index.php?rest_route=%2Fwp%2Fv2%2Fcomments&post=10830"}],"version-history":[{"count":1,"href":"https:\/\/elciudadanodelujan.com.ar\/index.php?rest_route=\/wp\/v2\/posts\/10830\/revisions"}],"predecessor-version":[{"id":10833,"href":"https:\/\/elciudadanodelujan.com.ar\/index.php?rest_route=\/wp\/v2\/posts\/10830\/revisions\/10833"}],"wp:featuredmedia":[{"embeddable":true,"href":"https:\/\/elciudadanodelujan.com.ar\/index.php?rest_route=\/wp\/v2\/media\/10832"}],"wp:attachment":[{"href":"https:\/\/elciudadanodelujan.com.ar\/index.php?rest_route=%2Fwp%2Fv2%2Fmedia&parent=10830"}],"wp:term":[{"taxonomy":"category","embeddable":true,"href":"https:\/\/elciudadanodelujan.com.ar\/index.php?rest_route=%2Fwp%2Fv2%2Fcategories&post=10830"},{"taxonomy":"post_tag","embeddable":true,"href":"https:\/\/elciudadanodelujan.com.ar\/index.php?rest_route=%2Fwp%2Fv2%2Ftags&post=10830"}],"curies":[{"name":"wp","href":"https:\/\/api.w.org\/{rel}","templated":true}]}}