{"id":10827,"date":"2026-03-19T18:26:24","date_gmt":"2026-03-19T21:26:24","guid":{"rendered":"https:\/\/elciudadanodelujan.com.ar\/?p=10827"},"modified":"2026-03-23T18:28:42","modified_gmt":"2026-03-23T21:28:42","slug":"fin-de-semana-en-lujan-una-agenda-marcada-por-la-memoria-el-arte-y-el-encuentro","status":"publish","type":"post","link":"https:\/\/elciudadanodelujan.com.ar\/?p=10827","title":{"rendered":"Fin de semana en Luj\u00e1n: una agenda marcada por la memoria, el arte y el encuentro"},"content":{"rendered":"\n<h2 class=\"wp-block-heading\">Luj\u00e1n se prepara para un fin de semana de intensa actividad comunitaria. La agenda municipal despliega un abanico de propuestas con muestras art\u00edsticas hasta festivales gastron\u00f3micos y clases de baile al aire libre<\/h2>\n\n\n\n<figure class=\"wp-block-image size-full is-resized\"><img loading=\"lazy\" decoding=\"async\" width=\"201\" height=\"251\" src=\"https:\/\/elciudadanodelujan.com.ar\/wp-content\/uploads\/2026\/03\/image-41.png\" alt=\"\" class=\"wp-image-10828\" style=\"aspect-ratio:0.8008342022940563;width:840px;height:auto\"\/><\/figure>\n\n\n\n<hr class=\"wp-block-separator has-alpha-channel-opacity\"\/>\n\n\n\n<h3 class=\"wp-block-heading\">Recreaci\u00f3n y Gastronom\u00eda al aire libre<\/h3>\n\n\n\n<p>Para quienes buscan disfrutar del espacio p\u00fablico, vuelven los cl\u00e1sicos de la temporada:<\/p>\n\n\n\n<ul class=\"wp-block-list\">\n<li><strong>Truck &amp; Birra Park:<\/strong> Este viernes 20, desde las 18 hs en el Parque San Mart\u00edn, regresa el patio cervecero con food trucks y m\u00fasica en vivo.<\/li>\n\n\n\n<li><strong>Luj\u00e1n se Mueve:<\/strong> El domingo 22, de 15 a 18 hs, la Plaza Belgrano se convertir\u00e1 en una pista de baile con una clase abierta de <strong>Salsa y Bachata<\/strong> a cargo de Silvina Rienzi. \u00a1No olviden llevar su reposera!<\/li>\n\n\n\n<li><strong>Peatonal Gastron\u00f3mica:<\/strong> Tambi\u00e9n el domingo, a partir de las 18 hs, se vivir\u00e1 la <strong>\u00faltima edici\u00f3n de la temporada<\/strong>. El centro lujanense se llenar\u00e1 de m\u00fasica, feria de econom\u00eda popular y m\u00e1s de 20 locales gastron\u00f3micos para despedir el ciclo.<\/li>\n<\/ul>\n\n\n\n<hr class=\"wp-block-separator has-alpha-channel-opacity\"\/>\n\n\n\n<h3 class=\"wp-block-heading\">Propuestas en los Teatros<\/h3>\n\n\n\n<p>La cartelera art\u00edstica ofrece opciones para todos los gustos:<\/p>\n\n\n\n<ul class=\"wp-block-list\">\n<li><strong>Teatro Trinidad Guevara:<\/strong> El viernes 20 a las 20:30 hs, el humorista <strong>Pablo Picotto<\/strong> presenta su show de stand up \u201cTiempos Modernos\u201d (Entradas en boleter\u00eda o digital).<\/li>\n\n\n\n<li><strong>Teatro El Galp\u00f3n:<\/strong> El jueves 19 a las 21:30 hs, se vivir\u00e1 una <strong>Noche de Cantautores<\/strong> con Wilson Saliwonczyk y Hern\u00e1n \u201cWaki\u201d Rebottaro. La modalidad ser\u00e1 \u00aba la gorra\u00bb (colaboraci\u00f3n al sobre) con micr\u00f3fono abierto para los presentes.<\/li>\n<\/ul>\n\n\n\n<hr class=\"wp-block-separator has-alpha-channel-opacity\"\/>\n\n\n\n<p><strong>Para m\u00e1s informaci\u00f3n y reservas:<\/strong><\/p>\n\n\n\n<ul class=\"wp-block-list\">\n<li><strong>Instagram:<\/strong> @municipiodelujan \/ @culturalujan<\/li>\n\n\n\n<li><strong>Inscripci\u00f3n Mujeres M\u00fasicas:<\/strong> +54 9 2323 274761<\/li>\n\n\n\n<li><strong>Boleter\u00eda Teatro:<\/strong> Rivadavia 1096.<\/li>\n<\/ul>\n","protected":false},"excerpt":{"rendered":"<p>Luj\u00e1n se prepara para un fin de semana de intensa actividad comunitaria. La agenda municipal despliega un abanico de propuestas con muestras art\u00edsticas hasta festivales gastron\u00f3micos y clases de baile&hellip; <\/p>\n","protected":false},"author":2,"featured_media":10828,"comment_status":"closed","ping_status":"closed","sticky":false,"template":"","format":"standard","meta":{"footnotes":""},"categories":[1],"tags":[],"class_list":["post-10827","post","type-post","status-publish","format-standard","has-post-thumbnail","hentry","category-uncategorized"],"yoast_head":"<!-- This site is optimized with the Yoast SEO plugin v27.3 - https:\/\/yoast.com\/product\/yoast-seo-wordpress\/ -->\n<title>Fin de semana en Luj\u00e1n: una agenda marcada por la memoria, el arte y el encuentro -<\/title>\n<meta name=\"robots\" content=\"index, follow, max-snippet:-1, max-image-preview:large, max-video-preview:-1\" \/>\n<link rel=\"canonical\" href=\"https:\/\/elciudadanodelujan.com.ar\/?p=10827\" \/>\n<meta property=\"og:locale\" content=\"es_ES\" \/>\n<meta property=\"og:type\" content=\"article\" \/>\n<meta property=\"og:title\" content=\"Fin de semana en Luj\u00e1n: una agenda marcada por la memoria, el arte y el encuentro -\" \/>\n<meta property=\"og:description\" content=\"Luj\u00e1n se prepara para un fin de semana de intensa actividad comunitaria. La agenda municipal despliega un abanico de propuestas con muestras art\u00edsticas hasta festivales gastron\u00f3micos y clases de baile&hellip;\" \/>\n<meta property=\"og:url\" content=\"https:\/\/elciudadanodelujan.com.ar\/?p=10827\" \/>\n<meta property=\"article:publisher\" content=\"https:\/\/www.facebook.com\/elciudadanodelujan\" \/>\n<meta property=\"article:published_time\" content=\"2026-03-19T21:26:24+00:00\" \/>\n<meta property=\"article:modified_time\" content=\"2026-03-23T21:28:42+00:00\" \/>\n<meta property=\"og:image\" content=\"https:\/\/elciudadanodelujan.com.ar\/wp-content\/uploads\/2026\/03\/image-41.png\" \/>\n\t<meta property=\"og:image:width\" content=\"201\" \/>\n\t<meta property=\"og:image:height\" content=\"251\" \/>\n\t<meta property=\"og:image:type\" content=\"image\/png\" \/>\n<meta name=\"author\" content=\"Osvaldo Cabral\" \/>\n<meta name=\"twitter:card\" content=\"summary_large_image\" \/>\n<meta name=\"twitter:label1\" content=\"Escrito por\" \/>\n\t<meta name=\"twitter:data1\" content=\"Osvaldo Cabral\" \/>\n\t<meta name=\"twitter:label2\" content=\"Tiempo de lectura\" \/>\n\t<meta name=\"twitter:data2\" content=\"2 minutos\" \/>\n<script type=\"application\/ld+json\" class=\"yoast-schema-graph\">{\"@context\":\"https:\\\/\\\/schema.org\",\"@graph\":[{\"@type\":\"Article\",\"@id\":\"https:\\\/\\\/elciudadanodelujan.com.ar\\\/?p=10827#article\",\"isPartOf\":{\"@id\":\"https:\\\/\\\/elciudadanodelujan.com.ar\\\/?p=10827\"},\"author\":{\"name\":\"Osvaldo Cabral\",\"@id\":\"https:\\\/\\\/elciudadanodelujan.com.ar\\\/#\\\/schema\\\/person\\\/6e4147c312281a224c424b0ca2b1d439\"},\"headline\":\"Fin de semana en Luj\u00e1n: una agenda marcada por la memoria, el arte y el encuentro\",\"datePublished\":\"2026-03-19T21:26:24+00:00\",\"dateModified\":\"2026-03-23T21:28:42+00:00\",\"mainEntityOfPage\":{\"@id\":\"https:\\\/\\\/elciudadanodelujan.com.ar\\\/?p=10827\"},\"wordCount\":284,\"publisher\":{\"@id\":\"https:\\\/\\\/elciudadanodelujan.com.ar\\\/#organization\"},\"image\":{\"@id\":\"https:\\\/\\\/elciudadanodelujan.com.ar\\\/?p=10827#primaryimage\"},\"thumbnailUrl\":\"https:\\\/\\\/elciudadanodelujan.com.ar\\\/wp-content\\\/uploads\\\/2026\\\/03\\\/image-41.png\",\"articleSection\":[\"Actualidad\"],\"inLanguage\":\"es\"},{\"@type\":\"WebPage\",\"@id\":\"https:\\\/\\\/elciudadanodelujan.com.ar\\\/?p=10827\",\"url\":\"https:\\\/\\\/elciudadanodelujan.com.ar\\\/?p=10827\",\"name\":\"Fin de semana en Luj\u00e1n: una agenda marcada por la memoria, el arte y el encuentro -\",\"isPartOf\":{\"@id\":\"https:\\\/\\\/elciudadanodelujan.com.ar\\\/#website\"},\"primaryImageOfPage\":{\"@id\":\"https:\\\/\\\/elciudadanodelujan.com.ar\\\/?p=10827#primaryimage\"},\"image\":{\"@id\":\"https:\\\/\\\/elciudadanodelujan.com.ar\\\/?p=10827#primaryimage\"},\"thumbnailUrl\":\"https:\\\/\\\/elciudadanodelujan.com.ar\\\/wp-content\\\/uploads\\\/2026\\\/03\\\/image-41.png\",\"datePublished\":\"2026-03-19T21:26:24+00:00\",\"dateModified\":\"2026-03-23T21:28:42+00:00\",\"breadcrumb\":{\"@id\":\"https:\\\/\\\/elciudadanodelujan.com.ar\\\/?p=10827#breadcrumb\"},\"inLanguage\":\"es\",\"potentialAction\":[{\"@type\":\"ReadAction\",\"target\":[\"https:\\\/\\\/elciudadanodelujan.com.ar\\\/?p=10827\"]}]},{\"@type\":\"ImageObject\",\"inLanguage\":\"es\",\"@id\":\"https:\\\/\\\/elciudadanodelujan.com.ar\\\/?p=10827#primaryimage\",\"url\":\"https:\\\/\\\/elciudadanodelujan.com.ar\\\/wp-content\\\/uploads\\\/2026\\\/03\\\/image-41.png\",\"contentUrl\":\"https:\\\/\\\/elciudadanodelujan.com.ar\\\/wp-content\\\/uploads\\\/2026\\\/03\\\/image-41.png\",\"width\":201,\"height\":251},{\"@type\":\"BreadcrumbList\",\"@id\":\"https:\\\/\\\/elciudadanodelujan.com.ar\\\/?p=10827#breadcrumb\",\"itemListElement\":[{\"@type\":\"ListItem\",\"position\":1,\"name\":\"Home\",\"item\":\"https:\\\/\\\/elciudadanodelujan.com.ar\\\/\"},{\"@type\":\"ListItem\",\"position\":2,\"name\":\"Fin de semana en Luj\u00e1n: una agenda marcada por la memoria, el arte y el encuentro\"}]},{\"@type\":\"WebSite\",\"@id\":\"https:\\\/\\\/elciudadanodelujan.com.ar\\\/#website\",\"url\":\"https:\\\/\\\/elciudadanodelujan.com.ar\\\/\",\"name\":\"https:\\\/\\\/elciudadanodelujan.com.ar\",\"description\":\"Noticias de inter\u00e9s general y periodismo de investigaci\u00f3n\",\"publisher\":{\"@id\":\"https:\\\/\\\/elciudadanodelujan.com.ar\\\/#organization\"},\"potentialAction\":[{\"@type\":\"SearchAction\",\"target\":{\"@type\":\"EntryPoint\",\"urlTemplate\":\"https:\\\/\\\/elciudadanodelujan.com.ar\\\/?s={search_term_string}\"},\"query-input\":{\"@type\":\"PropertyValueSpecification\",\"valueRequired\":true,\"valueName\":\"search_term_string\"}}],\"inLanguage\":\"es\"},{\"@type\":\"Organization\",\"@id\":\"https:\\\/\\\/elciudadanodelujan.com.ar\\\/#organization\",\"name\":\"El Ciudadano de Lujan\",\"url\":\"https:\\\/\\\/elciudadanodelujan.com.ar\\\/\",\"logo\":{\"@type\":\"ImageObject\",\"inLanguage\":\"es\",\"@id\":\"https:\\\/\\\/elciudadanodelujan.com.ar\\\/#\\\/schema\\\/logo\\\/image\\\/\",\"url\":\"https:\\\/\\\/elciudadanodelujan.com.ar\\\/wp-content\\\/uploads\\\/2025\\\/01\\\/logo_El_Ciudadano.jpg\",\"contentUrl\":\"https:\\\/\\\/elciudadanodelujan.com.ar\\\/wp-content\\\/uploads\\\/2025\\\/01\\\/logo_El_Ciudadano.jpg\",\"width\":500,\"height\":123,\"caption\":\"El Ciudadano de Lujan\"},\"image\":{\"@id\":\"https:\\\/\\\/elciudadanodelujan.com.ar\\\/#\\\/schema\\\/logo\\\/image\\\/\"},\"sameAs\":[\"https:\\\/\\\/www.facebook.com\\\/elciudadanodelujan\"]},{\"@type\":\"Person\",\"@id\":\"https:\\\/\\\/elciudadanodelujan.com.ar\\\/#\\\/schema\\\/person\\\/6e4147c312281a224c424b0ca2b1d439\",\"name\":\"Osvaldo Cabral\",\"image\":{\"@type\":\"ImageObject\",\"inLanguage\":\"es\",\"@id\":\"https:\\\/\\\/secure.gravatar.com\\\/avatar\\\/c4c6a8aea430571651e7d6992bdfdff335bbe96580656f78299d10ca9a6c1ae9?s=96&d=mm&r=g\",\"url\":\"https:\\\/\\\/secure.gravatar.com\\\/avatar\\\/c4c6a8aea430571651e7d6992bdfdff335bbe96580656f78299d10ca9a6c1ae9?s=96&d=mm&r=g\",\"contentUrl\":\"https:\\\/\\\/secure.gravatar.com\\\/avatar\\\/c4c6a8aea430571651e7d6992bdfdff335bbe96580656f78299d10ca9a6c1ae9?s=96&d=mm&r=g\",\"caption\":\"Osvaldo Cabral\"},\"url\":\"https:\\\/\\\/elciudadanodelujan.com.ar\\\/?author=2\"}]}<\/script>\n<!-- \/ Yoast SEO plugin. -->","yoast_head_json":{"title":"Fin de semana en Luj\u00e1n: una agenda marcada por la memoria, el arte y el encuentro -","robots":{"index":"index","follow":"follow","max-snippet":"max-snippet:-1","max-image-preview":"max-image-preview:large","max-video-preview":"max-video-preview:-1"},"canonical":"https:\/\/elciudadanodelujan.com.ar\/?p=10827","og_locale":"es_ES","og_type":"article","og_title":"Fin de semana en Luj\u00e1n: una agenda marcada por la memoria, el arte y el encuentro -","og_description":"Luj\u00e1n se prepara para un fin de semana de intensa actividad comunitaria. La agenda municipal despliega un abanico de propuestas con muestras art\u00edsticas hasta festivales gastron\u00f3micos y clases de baile&hellip;","og_url":"https:\/\/elciudadanodelujan.com.ar\/?p=10827","article_publisher":"https:\/\/www.facebook.com\/elciudadanodelujan","article_published_time":"2026-03-19T21:26:24+00:00","article_modified_time":"2026-03-23T21:28:42+00:00","og_image":[{"width":201,"height":251,"url":"https:\/\/elciudadanodelujan.com.ar\/wp-content\/uploads\/2026\/03\/image-41.png","type":"image\/png"}],"author":"Osvaldo Cabral","twitter_card":"summary_large_image","twitter_misc":{"Escrito por":"Osvaldo Cabral","Tiempo de lectura":"2 minutos"},"schema":{"@context":"https:\/\/schema.org","@graph":[{"@type":"Article","@id":"https:\/\/elciudadanodelujan.com.ar\/?p=10827#article","isPartOf":{"@id":"https:\/\/elciudadanodelujan.com.ar\/?p=10827"},"author":{"name":"Osvaldo Cabral","@id":"https:\/\/elciudadanodelujan.com.ar\/#\/schema\/person\/6e4147c312281a224c424b0ca2b1d439"},"headline":"Fin de semana en Luj\u00e1n: una agenda marcada por la memoria, el arte y el encuentro","datePublished":"2026-03-19T21:26:24+00:00","dateModified":"2026-03-23T21:28:42+00:00","mainEntityOfPage":{"@id":"https:\/\/elciudadanodelujan.com.ar\/?p=10827"},"wordCount":284,"publisher":{"@id":"https:\/\/elciudadanodelujan.com.ar\/#organization"},"image":{"@id":"https:\/\/elciudadanodelujan.com.ar\/?p=10827#primaryimage"},"thumbnailUrl":"https:\/\/elciudadanodelujan.com.ar\/wp-content\/uploads\/2026\/03\/image-41.png","articleSection":["Actualidad"],"inLanguage":"es"},{"@type":"WebPage","@id":"https:\/\/elciudadanodelujan.com.ar\/?p=10827","url":"https:\/\/elciudadanodelujan.com.ar\/?p=10827","name":"Fin de semana en Luj\u00e1n: una agenda marcada por la memoria, el arte y el encuentro -","isPartOf":{"@id":"https:\/\/elciudadanodelujan.com.ar\/#website"},"primaryImageOfPage":{"@id":"https:\/\/elciudadanodelujan.com.ar\/?p=10827#primaryimage"},"image":{"@id":"https:\/\/elciudadanodelujan.com.ar\/?p=10827#primaryimage"},"thumbnailUrl":"https:\/\/elciudadanodelujan.com.ar\/wp-content\/uploads\/2026\/03\/image-41.png","datePublished":"2026-03-19T21:26:24+00:00","dateModified":"2026-03-23T21:28:42+00:00","breadcrumb":{"@id":"https:\/\/elciudadanodelujan.com.ar\/?p=10827#breadcrumb"},"inLanguage":"es","potentialAction":[{"@type":"ReadAction","target":["https:\/\/elciudadanodelujan.com.ar\/?p=10827"]}]},{"@type":"ImageObject","inLanguage":"es","@id":"https:\/\/elciudadanodelujan.com.ar\/?p=10827#primaryimage","url":"https:\/\/elciudadanodelujan.com.ar\/wp-content\/uploads\/2026\/03\/image-41.png","contentUrl":"https:\/\/elciudadanodelujan.com.ar\/wp-content\/uploads\/2026\/03\/image-41.png","width":201,"height":251},{"@type":"BreadcrumbList","@id":"https:\/\/elciudadanodelujan.com.ar\/?p=10827#breadcrumb","itemListElement":[{"@type":"ListItem","position":1,"name":"Home","item":"https:\/\/elciudadanodelujan.com.ar\/"},{"@type":"ListItem","position":2,"name":"Fin de semana en Luj\u00e1n: una agenda marcada por la memoria, el arte y el encuentro"}]},{"@type":"WebSite","@id":"https:\/\/elciudadanodelujan.com.ar\/#website","url":"https:\/\/elciudadanodelujan.com.ar\/","name":"https:\/\/elciudadanodelujan.com.ar","description":"Noticias de inter\u00e9s general y periodismo de investigaci\u00f3n","publisher":{"@id":"https:\/\/elciudadanodelujan.com.ar\/#organization"},"potentialAction":[{"@type":"SearchAction","target":{"@type":"EntryPoint","urlTemplate":"https:\/\/elciudadanodelujan.com.ar\/?s={search_term_string}"},"query-input":{"@type":"PropertyValueSpecification","valueRequired":true,"valueName":"search_term_string"}}],"inLanguage":"es"},{"@type":"Organization","@id":"https:\/\/elciudadanodelujan.com.ar\/#organization","name":"El Ciudadano de Lujan","url":"https:\/\/elciudadanodelujan.com.ar\/","logo":{"@type":"ImageObject","inLanguage":"es","@id":"https:\/\/elciudadanodelujan.com.ar\/#\/schema\/logo\/image\/","url":"https:\/\/elciudadanodelujan.com.ar\/wp-content\/uploads\/2025\/01\/logo_El_Ciudadano.jpg","contentUrl":"https:\/\/elciudadanodelujan.com.ar\/wp-content\/uploads\/2025\/01\/logo_El_Ciudadano.jpg","width":500,"height":123,"caption":"El Ciudadano de Lujan"},"image":{"@id":"https:\/\/elciudadanodelujan.com.ar\/#\/schema\/logo\/image\/"},"sameAs":["https:\/\/www.facebook.com\/elciudadanodelujan"]},{"@type":"Person","@id":"https:\/\/elciudadanodelujan.com.ar\/#\/schema\/person\/6e4147c312281a224c424b0ca2b1d439","name":"Osvaldo Cabral","image":{"@type":"ImageObject","inLanguage":"es","@id":"https:\/\/secure.gravatar.com\/avatar\/c4c6a8aea430571651e7d6992bdfdff335bbe96580656f78299d10ca9a6c1ae9?s=96&d=mm&r=g","url":"https:\/\/secure.gravatar.com\/avatar\/c4c6a8aea430571651e7d6992bdfdff335bbe96580656f78299d10ca9a6c1ae9?s=96&d=mm&r=g","contentUrl":"https:\/\/secure.gravatar.com\/avatar\/c4c6a8aea430571651e7d6992bdfdff335bbe96580656f78299d10ca9a6c1ae9?s=96&d=mm&r=g","caption":"Osvaldo Cabral"},"url":"https:\/\/elciudadanodelujan.com.ar\/?author=2"}]}},"_links":{"self":[{"href":"https:\/\/elciudadanodelujan.com.ar\/index.php?rest_route=\/wp\/v2\/posts\/10827","targetHints":{"allow":["GET"]}}],"collection":[{"href":"https:\/\/elciudadanodelujan.com.ar\/index.php?rest_route=\/wp\/v2\/posts"}],"about":[{"href":"https:\/\/elciudadanodelujan.com.ar\/index.php?rest_route=\/wp\/v2\/types\/post"}],"author":[{"embeddable":true,"href":"https:\/\/elciudadanodelujan.com.ar\/index.php?rest_route=\/wp\/v2\/users\/2"}],"replies":[{"embeddable":true,"href":"https:\/\/elciudadanodelujan.com.ar\/index.php?rest_route=%2Fwp%2Fv2%2Fcomments&post=10827"}],"version-history":[{"count":1,"href":"https:\/\/elciudadanodelujan.com.ar\/index.php?rest_route=\/wp\/v2\/posts\/10827\/revisions"}],"predecessor-version":[{"id":10829,"href":"https:\/\/elciudadanodelujan.com.ar\/index.php?rest_route=\/wp\/v2\/posts\/10827\/revisions\/10829"}],"wp:featuredmedia":[{"embeddable":true,"href":"https:\/\/elciudadanodelujan.com.ar\/index.php?rest_route=\/wp\/v2\/media\/10828"}],"wp:attachment":[{"href":"https:\/\/elciudadanodelujan.com.ar\/index.php?rest_route=%2Fwp%2Fv2%2Fmedia&parent=10827"}],"wp:term":[{"taxonomy":"category","embeddable":true,"href":"https:\/\/elciudadanodelujan.com.ar\/index.php?rest_route=%2Fwp%2Fv2%2Fcategories&post=10827"},{"taxonomy":"post_tag","embeddable":true,"href":"https:\/\/elciudadanodelujan.com.ar\/index.php?rest_route=%2Fwp%2Fv2%2Ftags&post=10827"}],"curies":[{"name":"wp","href":"https:\/\/api.w.org\/{rel}","templated":true}]}}