{"id":10824,"date":"2026-03-19T18:20:53","date_gmt":"2026-03-19T21:20:53","guid":{"rendered":"https:\/\/elciudadanodelujan.com.ar\/?p=10824"},"modified":"2026-03-23T18:21:39","modified_gmt":"2026-03-23T21:21:39","slug":"fortalecer-el-semillero-entrega-de-materiales-deportivos-para-las-escuelas-de-futbol-infantil","status":"publish","type":"post","link":"https:\/\/elciudadanodelujan.com.ar\/?p=10824","title":{"rendered":"Fortalecer el semillero: entrega de materiales deportivos para las escuelas de f\u00fatbol infantil"},"content":{"rendered":"\n<h2 class=\"wp-block-heading\">En un contexto donde el rol social de los clubes de barrio se vuelve m\u00e1s indispensable que nunca, el deporte infantil de nuestra ciudad recibi\u00f3 un importante impulso. Este mi\u00e9rcoles se realiz\u00f3 un acto en las instalaciones de la Escuela de F\u00fatbol El Mirador para hacer entrega de equipamiento t\u00e9cnico a instituciones vinculadas a ACIFO.<\/h2>\n\n\n\n<figure class=\"wp-block-image size-large\"><img loading=\"lazy\" decoding=\"async\" width=\"1024\" height=\"768\" src=\"https:\/\/elciudadanodelujan.com.ar\/wp-content\/uploads\/2026\/03\/image-40-1024x768.png\" alt=\"\" class=\"wp-image-10825\" srcset=\"https:\/\/elciudadanodelujan.com.ar\/wp-content\/uploads\/2026\/03\/image-40-1024x768.png 1024w, https:\/\/elciudadanodelujan.com.ar\/wp-content\/uploads\/2026\/03\/image-40-300x225.png 300w, https:\/\/elciudadanodelujan.com.ar\/wp-content\/uploads\/2026\/03\/image-40-768x576.png 768w, https:\/\/elciudadanodelujan.com.ar\/wp-content\/uploads\/2026\/03\/image-40-1536x1152.png 1536w, https:\/\/elciudadanodelujan.com.ar\/wp-content\/uploads\/2026\/03\/image-40.png 1600w\" sizes=\"auto, (max-width: 1024px) 100vw, 1024px\" \/><\/figure>\n\n\n\n<p>La iniciativa busca que cientos de ni\u00f1os y ni\u00f1as de todo el partido de Luj\u00e1n cuenten con las herramientas necesarias para desarrollar sus pr\u00e1cticas en condiciones \u00f3ptimas, jerarquizando el trabajo que realizan entrenadores y familias d\u00eda tras d\u00eda.<\/p>\n\n\n\n<hr class=\"wp-block-separator has-alpha-channel-opacity\"\/>\n\n\n\n<h3 class=\"wp-block-heading\">Un kit completo para el entrenamiento<\/h3>\n\n\n\n<p>En total, <strong>22 escuelitas de f\u00fatbol<\/strong> fueron alcanzadas por esta medida, recibiendo kits que permitir\u00e1n profesionalizar la preparaci\u00f3n f\u00edsica y t\u00e9cnica de los peque\u00f1os deportistas. El equipamiento entregado incluye:<\/p>\n\n\n\n<ul class=\"wp-block-list\">\n<li><strong>Material de psicomotricidad:<\/strong> Aros, colchonetas, bastones, semiesferas y escaleras de coordinaci\u00f3n.<\/li>\n\n\n\n<li><strong>Indumentaria y log\u00edstica:<\/strong> Pecheras amarillas y celestes, conos, \u00abtortugas\u00bb y bolsones de transporte.<\/li>\n\n\n\n<li><strong>Elemento central:<\/strong> Una importante provisi\u00f3n de pelotas de f\u00fatbol para renovar el stock de las instituciones.<\/li>\n<\/ul>\n\n\n\n<p>\u00abAnte este contexto econ\u00f3mico adverso que atraviesan las familias, vamos a redoblar esfuerzos para seguir apoyando y fortaleciendo su actividad\u00bb, subray\u00f3 el Intendente Boto, destacando que los clubes no solo inician a los chicos en el deporte, sino que son escuelas de valores y respeto.<\/p>\n\n\n\n<hr class=\"wp-block-separator has-alpha-channel-opacity\"\/>\n\n\n\n<h3 class=\"wp-block-heading\">Las instituciones beneficiadas<\/h3>\n\n\n\n<p>El alcance de la entrega fue federal, llegando a diversas localidades y barrios del distrito. Entre los clubes que recibieron el material se encuentran:<strong>Rey de Reyes, El Mirador, Parque Esperanza, Luchetti FC, Juventud Unida de Olivera, Defensores de Pueblo Nuevo, Julio Steverlynck, Cort\u00ednez, Santa Elena, Platense, El Tr\u00e9bol, Juan XXIII, Juvenal Gallardo, San Lorenzo, Jorge Newbery, Los Pumas, San Luis Gonzaga y El Lucero.<\/strong><\/p>\n\n\n\n<p>Estas instituciones se sumaron a <strong>Alumni, Juventud Unida de Villa del Parque, San Bernardo y Jos\u00e9 Ingenieros de Torres<\/strong>, que ya hab\u00edan percibido suministros similares en la etapa previa del plan.<\/p>\n\n\n\n<hr class=\"wp-block-separator has-alpha-channel-opacity\"\/>\n\n\n\n<h3 class=\"wp-block-heading\">El compromiso con la funci\u00f3n social<\/h3>\n\n\n\n<p>Por su parte, el Secretario de Desarrollo Humano, <strong>C\u00e9sar Siror<\/strong>, valor\u00f3 la articulaci\u00f3n con la Fundaci\u00f3n Banco Provincia como un paso clave ante el inicio de los nuevos torneos. \u00abEl objetivo es que nuestros chicos y chicas aprendan, jueguen y se diviertan en las mejores condiciones\u00bb, afirm\u00f3 ante la presencia de autoridades de ACIFO y referentes del deporte local.<\/p>\n\n\n\n<p>Con este aporte, el f\u00fatbol infantil de Luj\u00e1n \u2014coraz\u00f3n de los fines de semana en nuestros barrios\u2014 se prepara para una temporada con estructuras m\u00e1s s\u00f3lidas, reafirmando que la inversi\u00f3n en el deporte es, en definitiva, una inversi\u00f3n en el futuro de la comunidad.<\/p>\n","protected":false},"excerpt":{"rendered":"<p>En un contexto donde el rol social de los clubes de barrio se vuelve m\u00e1s indispensable que nunca, el deporte infantil de nuestra ciudad recibi\u00f3 un importante impulso. Este mi\u00e9rcoles&hellip; <\/p>\n","protected":false},"author":2,"featured_media":10825,"comment_status":"closed","ping_status":"closed","sticky":false,"template":"","format":"standard","meta":{"footnotes":""},"categories":[12],"tags":[],"class_list":["post-10824","post","type-post","status-publish","format-standard","has-post-thumbnail","hentry","category-deporte"],"yoast_head":"<!-- This site is optimized with the Yoast SEO plugin v27.3 - https:\/\/yoast.com\/product\/yoast-seo-wordpress\/ -->\n<title>Fortalecer el semillero: entrega de materiales deportivos para las escuelas de f\u00fatbol infantil -<\/title>\n<meta name=\"robots\" content=\"index, follow, max-snippet:-1, max-image-preview:large, max-video-preview:-1\" \/>\n<link rel=\"canonical\" href=\"https:\/\/elciudadanodelujan.com.ar\/?p=10824\" \/>\n<meta property=\"og:locale\" content=\"es_ES\" \/>\n<meta property=\"og:type\" content=\"article\" \/>\n<meta property=\"og:title\" content=\"Fortalecer el semillero: entrega de materiales deportivos para las escuelas de f\u00fatbol infantil -\" \/>\n<meta property=\"og:description\" content=\"En un contexto donde el rol social de los clubes de barrio se vuelve m\u00e1s indispensable que nunca, el deporte infantil de nuestra ciudad recibi\u00f3 un importante impulso. Este mi\u00e9rcoles&hellip;\" \/>\n<meta property=\"og:url\" content=\"https:\/\/elciudadanodelujan.com.ar\/?p=10824\" \/>\n<meta property=\"article:publisher\" content=\"https:\/\/www.facebook.com\/elciudadanodelujan\" \/>\n<meta property=\"article:published_time\" content=\"2026-03-19T21:20:53+00:00\" \/>\n<meta property=\"article:modified_time\" content=\"2026-03-23T21:21:39+00:00\" \/>\n<meta property=\"og:image\" content=\"https:\/\/elciudadanodelujan.com.ar\/wp-content\/uploads\/2026\/03\/image-40-1024x768.png\" \/>\n\t<meta property=\"og:image:width\" content=\"1024\" \/>\n\t<meta property=\"og:image:height\" content=\"768\" \/>\n\t<meta property=\"og:image:type\" content=\"image\/png\" \/>\n<meta name=\"author\" content=\"Osvaldo Cabral\" \/>\n<meta name=\"twitter:card\" content=\"summary_large_image\" \/>\n<meta name=\"twitter:label1\" content=\"Escrito por\" \/>\n\t<meta name=\"twitter:data1\" content=\"Osvaldo Cabral\" \/>\n\t<meta name=\"twitter:label2\" content=\"Tiempo de lectura\" \/>\n\t<meta name=\"twitter:data2\" content=\"3 minutos\" \/>\n<script type=\"application\/ld+json\" class=\"yoast-schema-graph\">{\"@context\":\"https:\\\/\\\/schema.org\",\"@graph\":[{\"@type\":\"Article\",\"@id\":\"https:\\\/\\\/elciudadanodelujan.com.ar\\\/?p=10824#article\",\"isPartOf\":{\"@id\":\"https:\\\/\\\/elciudadanodelujan.com.ar\\\/?p=10824\"},\"author\":{\"name\":\"Osvaldo Cabral\",\"@id\":\"https:\\\/\\\/elciudadanodelujan.com.ar\\\/#\\\/schema\\\/person\\\/6e4147c312281a224c424b0ca2b1d439\"},\"headline\":\"Fortalecer el semillero: entrega de materiales deportivos para las escuelas de f\u00fatbol infantil\",\"datePublished\":\"2026-03-19T21:20:53+00:00\",\"dateModified\":\"2026-03-23T21:21:39+00:00\",\"mainEntityOfPage\":{\"@id\":\"https:\\\/\\\/elciudadanodelujan.com.ar\\\/?p=10824\"},\"wordCount\":469,\"publisher\":{\"@id\":\"https:\\\/\\\/elciudadanodelujan.com.ar\\\/#organization\"},\"image\":{\"@id\":\"https:\\\/\\\/elciudadanodelujan.com.ar\\\/?p=10824#primaryimage\"},\"thumbnailUrl\":\"https:\\\/\\\/elciudadanodelujan.com.ar\\\/wp-content\\\/uploads\\\/2026\\\/03\\\/image-40.png\",\"articleSection\":[\"Deporte\"],\"inLanguage\":\"es\"},{\"@type\":\"WebPage\",\"@id\":\"https:\\\/\\\/elciudadanodelujan.com.ar\\\/?p=10824\",\"url\":\"https:\\\/\\\/elciudadanodelujan.com.ar\\\/?p=10824\",\"name\":\"Fortalecer el semillero: entrega de materiales deportivos para las escuelas de f\u00fatbol infantil -\",\"isPartOf\":{\"@id\":\"https:\\\/\\\/elciudadanodelujan.com.ar\\\/#website\"},\"primaryImageOfPage\":{\"@id\":\"https:\\\/\\\/elciudadanodelujan.com.ar\\\/?p=10824#primaryimage\"},\"image\":{\"@id\":\"https:\\\/\\\/elciudadanodelujan.com.ar\\\/?p=10824#primaryimage\"},\"thumbnailUrl\":\"https:\\\/\\\/elciudadanodelujan.com.ar\\\/wp-content\\\/uploads\\\/2026\\\/03\\\/image-40.png\",\"datePublished\":\"2026-03-19T21:20:53+00:00\",\"dateModified\":\"2026-03-23T21:21:39+00:00\",\"breadcrumb\":{\"@id\":\"https:\\\/\\\/elciudadanodelujan.com.ar\\\/?p=10824#breadcrumb\"},\"inLanguage\":\"es\",\"potentialAction\":[{\"@type\":\"ReadAction\",\"target\":[\"https:\\\/\\\/elciudadanodelujan.com.ar\\\/?p=10824\"]}]},{\"@type\":\"ImageObject\",\"inLanguage\":\"es\",\"@id\":\"https:\\\/\\\/elciudadanodelujan.com.ar\\\/?p=10824#primaryimage\",\"url\":\"https:\\\/\\\/elciudadanodelujan.com.ar\\\/wp-content\\\/uploads\\\/2026\\\/03\\\/image-40.png\",\"contentUrl\":\"https:\\\/\\\/elciudadanodelujan.com.ar\\\/wp-content\\\/uploads\\\/2026\\\/03\\\/image-40.png\",\"width\":1600,\"height\":1200},{\"@type\":\"BreadcrumbList\",\"@id\":\"https:\\\/\\\/elciudadanodelujan.com.ar\\\/?p=10824#breadcrumb\",\"itemListElement\":[{\"@type\":\"ListItem\",\"position\":1,\"name\":\"Home\",\"item\":\"https:\\\/\\\/elciudadanodelujan.com.ar\\\/\"},{\"@type\":\"ListItem\",\"position\":2,\"name\":\"Fortalecer el semillero: entrega de materiales deportivos para las escuelas de f\u00fatbol infantil\"}]},{\"@type\":\"WebSite\",\"@id\":\"https:\\\/\\\/elciudadanodelujan.com.ar\\\/#website\",\"url\":\"https:\\\/\\\/elciudadanodelujan.com.ar\\\/\",\"name\":\"https:\\\/\\\/elciudadanodelujan.com.ar\",\"description\":\"Noticias de inter\u00e9s general y periodismo de investigaci\u00f3n\",\"publisher\":{\"@id\":\"https:\\\/\\\/elciudadanodelujan.com.ar\\\/#organization\"},\"potentialAction\":[{\"@type\":\"SearchAction\",\"target\":{\"@type\":\"EntryPoint\",\"urlTemplate\":\"https:\\\/\\\/elciudadanodelujan.com.ar\\\/?s={search_term_string}\"},\"query-input\":{\"@type\":\"PropertyValueSpecification\",\"valueRequired\":true,\"valueName\":\"search_term_string\"}}],\"inLanguage\":\"es\"},{\"@type\":\"Organization\",\"@id\":\"https:\\\/\\\/elciudadanodelujan.com.ar\\\/#organization\",\"name\":\"El Ciudadano de Lujan\",\"url\":\"https:\\\/\\\/elciudadanodelujan.com.ar\\\/\",\"logo\":{\"@type\":\"ImageObject\",\"inLanguage\":\"es\",\"@id\":\"https:\\\/\\\/elciudadanodelujan.com.ar\\\/#\\\/schema\\\/logo\\\/image\\\/\",\"url\":\"https:\\\/\\\/elciudadanodelujan.com.ar\\\/wp-content\\\/uploads\\\/2025\\\/01\\\/logo_El_Ciudadano.jpg\",\"contentUrl\":\"https:\\\/\\\/elciudadanodelujan.com.ar\\\/wp-content\\\/uploads\\\/2025\\\/01\\\/logo_El_Ciudadano.jpg\",\"width\":500,\"height\":123,\"caption\":\"El Ciudadano de Lujan\"},\"image\":{\"@id\":\"https:\\\/\\\/elciudadanodelujan.com.ar\\\/#\\\/schema\\\/logo\\\/image\\\/\"},\"sameAs\":[\"https:\\\/\\\/www.facebook.com\\\/elciudadanodelujan\"]},{\"@type\":\"Person\",\"@id\":\"https:\\\/\\\/elciudadanodelujan.com.ar\\\/#\\\/schema\\\/person\\\/6e4147c312281a224c424b0ca2b1d439\",\"name\":\"Osvaldo Cabral\",\"image\":{\"@type\":\"ImageObject\",\"inLanguage\":\"es\",\"@id\":\"https:\\\/\\\/secure.gravatar.com\\\/avatar\\\/c4c6a8aea430571651e7d6992bdfdff335bbe96580656f78299d10ca9a6c1ae9?s=96&d=mm&r=g\",\"url\":\"https:\\\/\\\/secure.gravatar.com\\\/avatar\\\/c4c6a8aea430571651e7d6992bdfdff335bbe96580656f78299d10ca9a6c1ae9?s=96&d=mm&r=g\",\"contentUrl\":\"https:\\\/\\\/secure.gravatar.com\\\/avatar\\\/c4c6a8aea430571651e7d6992bdfdff335bbe96580656f78299d10ca9a6c1ae9?s=96&d=mm&r=g\",\"caption\":\"Osvaldo Cabral\"},\"url\":\"https:\\\/\\\/elciudadanodelujan.com.ar\\\/?author=2\"}]}<\/script>\n<!-- \/ Yoast SEO plugin. -->","yoast_head_json":{"title":"Fortalecer el semillero: entrega de materiales deportivos para las escuelas de f\u00fatbol infantil -","robots":{"index":"index","follow":"follow","max-snippet":"max-snippet:-1","max-image-preview":"max-image-preview:large","max-video-preview":"max-video-preview:-1"},"canonical":"https:\/\/elciudadanodelujan.com.ar\/?p=10824","og_locale":"es_ES","og_type":"article","og_title":"Fortalecer el semillero: entrega de materiales deportivos para las escuelas de f\u00fatbol infantil -","og_description":"En un contexto donde el rol social de los clubes de barrio se vuelve m\u00e1s indispensable que nunca, el deporte infantil de nuestra ciudad recibi\u00f3 un importante impulso. Este mi\u00e9rcoles&hellip;","og_url":"https:\/\/elciudadanodelujan.com.ar\/?p=10824","article_publisher":"https:\/\/www.facebook.com\/elciudadanodelujan","article_published_time":"2026-03-19T21:20:53+00:00","article_modified_time":"2026-03-23T21:21:39+00:00","og_image":[{"width":1024,"height":768,"url":"https:\/\/elciudadanodelujan.com.ar\/wp-content\/uploads\/2026\/03\/image-40-1024x768.png","type":"image\/png"}],"author":"Osvaldo Cabral","twitter_card":"summary_large_image","twitter_misc":{"Escrito por":"Osvaldo Cabral","Tiempo de lectura":"3 minutos"},"schema":{"@context":"https:\/\/schema.org","@graph":[{"@type":"Article","@id":"https:\/\/elciudadanodelujan.com.ar\/?p=10824#article","isPartOf":{"@id":"https:\/\/elciudadanodelujan.com.ar\/?p=10824"},"author":{"name":"Osvaldo Cabral","@id":"https:\/\/elciudadanodelujan.com.ar\/#\/schema\/person\/6e4147c312281a224c424b0ca2b1d439"},"headline":"Fortalecer el semillero: entrega de materiales deportivos para las escuelas de f\u00fatbol infantil","datePublished":"2026-03-19T21:20:53+00:00","dateModified":"2026-03-23T21:21:39+00:00","mainEntityOfPage":{"@id":"https:\/\/elciudadanodelujan.com.ar\/?p=10824"},"wordCount":469,"publisher":{"@id":"https:\/\/elciudadanodelujan.com.ar\/#organization"},"image":{"@id":"https:\/\/elciudadanodelujan.com.ar\/?p=10824#primaryimage"},"thumbnailUrl":"https:\/\/elciudadanodelujan.com.ar\/wp-content\/uploads\/2026\/03\/image-40.png","articleSection":["Deporte"],"inLanguage":"es"},{"@type":"WebPage","@id":"https:\/\/elciudadanodelujan.com.ar\/?p=10824","url":"https:\/\/elciudadanodelujan.com.ar\/?p=10824","name":"Fortalecer el semillero: entrega de materiales deportivos para las escuelas de f\u00fatbol infantil -","isPartOf":{"@id":"https:\/\/elciudadanodelujan.com.ar\/#website"},"primaryImageOfPage":{"@id":"https:\/\/elciudadanodelujan.com.ar\/?p=10824#primaryimage"},"image":{"@id":"https:\/\/elciudadanodelujan.com.ar\/?p=10824#primaryimage"},"thumbnailUrl":"https:\/\/elciudadanodelujan.com.ar\/wp-content\/uploads\/2026\/03\/image-40.png","datePublished":"2026-03-19T21:20:53+00:00","dateModified":"2026-03-23T21:21:39+00:00","breadcrumb":{"@id":"https:\/\/elciudadanodelujan.com.ar\/?p=10824#breadcrumb"},"inLanguage":"es","potentialAction":[{"@type":"ReadAction","target":["https:\/\/elciudadanodelujan.com.ar\/?p=10824"]}]},{"@type":"ImageObject","inLanguage":"es","@id":"https:\/\/elciudadanodelujan.com.ar\/?p=10824#primaryimage","url":"https:\/\/elciudadanodelujan.com.ar\/wp-content\/uploads\/2026\/03\/image-40.png","contentUrl":"https:\/\/elciudadanodelujan.com.ar\/wp-content\/uploads\/2026\/03\/image-40.png","width":1600,"height":1200},{"@type":"BreadcrumbList","@id":"https:\/\/elciudadanodelujan.com.ar\/?p=10824#breadcrumb","itemListElement":[{"@type":"ListItem","position":1,"name":"Home","item":"https:\/\/elciudadanodelujan.com.ar\/"},{"@type":"ListItem","position":2,"name":"Fortalecer el semillero: entrega de materiales deportivos para las escuelas de f\u00fatbol infantil"}]},{"@type":"WebSite","@id":"https:\/\/elciudadanodelujan.com.ar\/#website","url":"https:\/\/elciudadanodelujan.com.ar\/","name":"https:\/\/elciudadanodelujan.com.ar","description":"Noticias de inter\u00e9s general y periodismo de investigaci\u00f3n","publisher":{"@id":"https:\/\/elciudadanodelujan.com.ar\/#organization"},"potentialAction":[{"@type":"SearchAction","target":{"@type":"EntryPoint","urlTemplate":"https:\/\/elciudadanodelujan.com.ar\/?s={search_term_string}"},"query-input":{"@type":"PropertyValueSpecification","valueRequired":true,"valueName":"search_term_string"}}],"inLanguage":"es"},{"@type":"Organization","@id":"https:\/\/elciudadanodelujan.com.ar\/#organization","name":"El Ciudadano de Lujan","url":"https:\/\/elciudadanodelujan.com.ar\/","logo":{"@type":"ImageObject","inLanguage":"es","@id":"https:\/\/elciudadanodelujan.com.ar\/#\/schema\/logo\/image\/","url":"https:\/\/elciudadanodelujan.com.ar\/wp-content\/uploads\/2025\/01\/logo_El_Ciudadano.jpg","contentUrl":"https:\/\/elciudadanodelujan.com.ar\/wp-content\/uploads\/2025\/01\/logo_El_Ciudadano.jpg","width":500,"height":123,"caption":"El Ciudadano de Lujan"},"image":{"@id":"https:\/\/elciudadanodelujan.com.ar\/#\/schema\/logo\/image\/"},"sameAs":["https:\/\/www.facebook.com\/elciudadanodelujan"]},{"@type":"Person","@id":"https:\/\/elciudadanodelujan.com.ar\/#\/schema\/person\/6e4147c312281a224c424b0ca2b1d439","name":"Osvaldo Cabral","image":{"@type":"ImageObject","inLanguage":"es","@id":"https:\/\/secure.gravatar.com\/avatar\/c4c6a8aea430571651e7d6992bdfdff335bbe96580656f78299d10ca9a6c1ae9?s=96&d=mm&r=g","url":"https:\/\/secure.gravatar.com\/avatar\/c4c6a8aea430571651e7d6992bdfdff335bbe96580656f78299d10ca9a6c1ae9?s=96&d=mm&r=g","contentUrl":"https:\/\/secure.gravatar.com\/avatar\/c4c6a8aea430571651e7d6992bdfdff335bbe96580656f78299d10ca9a6c1ae9?s=96&d=mm&r=g","caption":"Osvaldo Cabral"},"url":"https:\/\/elciudadanodelujan.com.ar\/?author=2"}]}},"_links":{"self":[{"href":"https:\/\/elciudadanodelujan.com.ar\/index.php?rest_route=\/wp\/v2\/posts\/10824","targetHints":{"allow":["GET"]}}],"collection":[{"href":"https:\/\/elciudadanodelujan.com.ar\/index.php?rest_route=\/wp\/v2\/posts"}],"about":[{"href":"https:\/\/elciudadanodelujan.com.ar\/index.php?rest_route=\/wp\/v2\/types\/post"}],"author":[{"embeddable":true,"href":"https:\/\/elciudadanodelujan.com.ar\/index.php?rest_route=\/wp\/v2\/users\/2"}],"replies":[{"embeddable":true,"href":"https:\/\/elciudadanodelujan.com.ar\/index.php?rest_route=%2Fwp%2Fv2%2Fcomments&post=10824"}],"version-history":[{"count":1,"href":"https:\/\/elciudadanodelujan.com.ar\/index.php?rest_route=\/wp\/v2\/posts\/10824\/revisions"}],"predecessor-version":[{"id":10826,"href":"https:\/\/elciudadanodelujan.com.ar\/index.php?rest_route=\/wp\/v2\/posts\/10824\/revisions\/10826"}],"wp:featuredmedia":[{"embeddable":true,"href":"https:\/\/elciudadanodelujan.com.ar\/index.php?rest_route=\/wp\/v2\/media\/10825"}],"wp:attachment":[{"href":"https:\/\/elciudadanodelujan.com.ar\/index.php?rest_route=%2Fwp%2Fv2%2Fmedia&parent=10824"}],"wp:term":[{"taxonomy":"category","embeddable":true,"href":"https:\/\/elciudadanodelujan.com.ar\/index.php?rest_route=%2Fwp%2Fv2%2Fcategories&post=10824"},{"taxonomy":"post_tag","embeddable":true,"href":"https:\/\/elciudadanodelujan.com.ar\/index.php?rest_route=%2Fwp%2Fv2%2Ftags&post=10824"}],"curies":[{"name":"wp","href":"https:\/\/api.w.org\/{rel}","templated":true}]}}