{"id":10821,"date":"2026-03-19T18:18:00","date_gmt":"2026-03-19T21:18:00","guid":{"rendered":"https:\/\/elciudadanodelujan.com.ar\/?p=10821"},"modified":"2026-03-23T18:18:32","modified_gmt":"2026-03-23T21:18:32","slug":"nueva-infraestructura-en-plaza-irlanda-el-sendero-japones-ya-es-una-realidad-para-los-vecinos","status":"publish","type":"post","link":"https:\/\/elciudadanodelujan.com.ar\/?p=10821","title":{"rendered":"Nueva infraestructura en Plaza Irlanda: el \u00abSendero Japon\u00e9s\u00bb ya es una realidad para los vecinos"},"content":{"rendered":"\n<h2 class=\"wp-block-heading\">Un sector clave de nuestra ciudad ha dado un paso fundamental hacia la accesibilidad y la seguridad vial. El Municipio de Luj\u00e1n finaliz\u00f3 la construcci\u00f3n del nuevo tendido peatonal en la Plaza Irlanda, una obra estrat\u00e9gica que busca ordenar el tr\u00e1nsito de cientos de lujanenses que circulan diariamente entre el centro y los barrios aleda\u00f1os.<\/h2>\n\n\n\n<figure class=\"wp-block-image size-full is-resized\"><img loading=\"lazy\" decoding=\"async\" width=\"766\" height=\"578\" src=\"https:\/\/elciudadanodelujan.com.ar\/wp-content\/uploads\/2026\/03\/image-39.png\" alt=\"\" class=\"wp-image-10822\" style=\"aspect-ratio:1.3252969863698887;width:840px;height:auto\" srcset=\"https:\/\/elciudadanodelujan.com.ar\/wp-content\/uploads\/2026\/03\/image-39.png 766w, https:\/\/elciudadanodelujan.com.ar\/wp-content\/uploads\/2026\/03\/image-39-300x226.png 300w\" sizes=\"auto, (max-width: 766px) 100vw, 766px\" \/><\/figure>\n\n\n\n<p>Bautizado por el uso cotidiano como el <strong>\u00abSendero Japon\u00e9s\u00bb<\/strong>, este trayecto de hormig\u00f3n armado viene a dar respuesta a una demanda hist\u00f3rica: la consolidaci\u00f3n de un camino que, hasta hace poco, era una huella de tierra trazada por el paso de la gente y que se volv\u00eda intransitable con cada lluvia.<\/p>\n\n\n\n<hr class=\"wp-block-separator has-alpha-channel-opacity\"\/>\n\n\n\n<h3 class=\"wp-block-heading\">Conectividad y accesibilidad integral<\/h3>\n\n\n\n<p>La intervenci\u00f3n no solo mejora la est\u00e9tica del espacio p\u00fablico, sino que optimiza la din\u00e1mica peatonal en un punto neur\u00e1lgico de Luj\u00e1n. Los trabajos principales consistieron en:<\/p>\n\n\n\n<ul class=\"wp-block-list\">\n<li><strong>Eje Conector Principal:<\/strong> Un sendero de aproximadamente <strong>120 metros cuadrados<\/strong> que vincula directamente el cruce peatonal del ferrocarril con la Avenida Espa\u00f1a.<\/li>\n\n\n\n<li><strong>Ramal Secundario:<\/strong> Un nuevo tramo de <strong>60 metros cuadrados<\/strong> que se desprende a mitad del recorrido, permitiendo un cruce seguro del boulevard hacia la calle General Belgrano.<\/li>\n\n\n\n<li><strong>Reparaci\u00f3n de veredas:<\/strong> Se intervinieron dos sectores de la acera paralela a la Avenida Avellaneda, eliminando roturas y desniveles peligrosos.<\/li>\n<\/ul>\n\n\n\n<p>Un punto a destacar es la <strong>perspectiva de inclusi\u00f3n<\/strong> de la obra: cada uno de los nuevos cruces incorpora rampas de hormig\u00f3n dise\u00f1adas para garantizar que personas con movilidad reducida, adultos mayores y familias con cochecitos puedan circular sin obst\u00e1culos.<\/p>\n\n\n\n<hr class=\"wp-block-separator has-alpha-channel-opacity\"\/>\n\n\n\n<h3 class=\"wp-block-heading\">Un entorno m\u00e1s seguro para el d\u00eda a d\u00eda<\/h3>\n\n\n\n<p>Esta mejora se inscribe dentro del plan de recuperaci\u00f3n de espacios p\u00fablicos que lleva adelante la comuna. Al reemplazar el barro por hormig\u00f3n, se elimina el riesgo de resbalones y se brinda mayor iluminaci\u00f3n visual al entorno, transformando un descampado de paso en un corredor seguro.<\/p>\n\n\n\n<p>Con esta inauguraci\u00f3n, la Plaza Irlanda deja de ser solo un lugar de tr\u00e1nsito dif\u00edcil para convertirse en un espacio que invita a caminar, conectando de manera eficiente el flujo de vecinos que llegan desde el tren o que se dirigen hacia la zona comercial de Avenida Espa\u00f1a.<\/p>\n","protected":false},"excerpt":{"rendered":"<p>Un sector clave de nuestra ciudad ha dado un paso fundamental hacia la accesibilidad y la seguridad vial. El Municipio de Luj\u00e1n finaliz\u00f3 la construcci\u00f3n del nuevo tendido peatonal en&hellip; <\/p>\n","protected":false},"author":2,"featured_media":10822,"comment_status":"closed","ping_status":"closed","sticky":false,"template":"","format":"standard","meta":{"footnotes":""},"categories":[14],"tags":[],"class_list":["post-10821","post","type-post","status-publish","format-standard","has-post-thumbnail","hentry","category-ecologia"],"yoast_head":"<!-- This site is optimized with the Yoast SEO plugin v27.3 - https:\/\/yoast.com\/product\/yoast-seo-wordpress\/ -->\n<title>Nueva infraestructura en Plaza Irlanda: el &quot;Sendero Japon\u00e9s&quot; ya es una realidad para los vecinos -<\/title>\n<meta name=\"robots\" content=\"index, follow, max-snippet:-1, max-image-preview:large, max-video-preview:-1\" \/>\n<link rel=\"canonical\" href=\"https:\/\/elciudadanodelujan.com.ar\/?p=10821\" \/>\n<meta property=\"og:locale\" content=\"es_ES\" \/>\n<meta property=\"og:type\" content=\"article\" \/>\n<meta property=\"og:title\" content=\"Nueva infraestructura en Plaza Irlanda: el &quot;Sendero Japon\u00e9s&quot; ya es una realidad para los vecinos -\" \/>\n<meta property=\"og:description\" content=\"Un sector clave de nuestra ciudad ha dado un paso fundamental hacia la accesibilidad y la seguridad vial. El Municipio de Luj\u00e1n finaliz\u00f3 la construcci\u00f3n del nuevo tendido peatonal en&hellip;\" \/>\n<meta property=\"og:url\" content=\"https:\/\/elciudadanodelujan.com.ar\/?p=10821\" \/>\n<meta property=\"article:publisher\" content=\"https:\/\/www.facebook.com\/elciudadanodelujan\" \/>\n<meta property=\"article:published_time\" content=\"2026-03-19T21:18:00+00:00\" \/>\n<meta property=\"article:modified_time\" content=\"2026-03-23T21:18:32+00:00\" \/>\n<meta property=\"og:image\" content=\"https:\/\/elciudadanodelujan.com.ar\/wp-content\/uploads\/2026\/03\/image-39.png\" \/>\n\t<meta property=\"og:image:width\" content=\"766\" \/>\n\t<meta property=\"og:image:height\" content=\"578\" \/>\n\t<meta property=\"og:image:type\" content=\"image\/png\" \/>\n<meta name=\"author\" content=\"Osvaldo Cabral\" \/>\n<meta name=\"twitter:card\" content=\"summary_large_image\" \/>\n<meta name=\"twitter:label1\" content=\"Escrito por\" \/>\n\t<meta name=\"twitter:data1\" content=\"Osvaldo Cabral\" \/>\n\t<meta name=\"twitter:label2\" content=\"Tiempo de lectura\" \/>\n\t<meta name=\"twitter:data2\" content=\"3 minutos\" \/>\n<script type=\"application\/ld+json\" class=\"yoast-schema-graph\">{\"@context\":\"https:\\\/\\\/schema.org\",\"@graph\":[{\"@type\":\"Article\",\"@id\":\"https:\\\/\\\/elciudadanodelujan.com.ar\\\/?p=10821#article\",\"isPartOf\":{\"@id\":\"https:\\\/\\\/elciudadanodelujan.com.ar\\\/?p=10821\"},\"author\":{\"name\":\"Osvaldo Cabral\",\"@id\":\"https:\\\/\\\/elciudadanodelujan.com.ar\\\/#\\\/schema\\\/person\\\/6e4147c312281a224c424b0ca2b1d439\"},\"headline\":\"Nueva infraestructura en Plaza Irlanda: el \u00abSendero Japon\u00e9s\u00bb ya es una realidad para los vecinos\",\"datePublished\":\"2026-03-19T21:18:00+00:00\",\"dateModified\":\"2026-03-23T21:18:32+00:00\",\"mainEntityOfPage\":{\"@id\":\"https:\\\/\\\/elciudadanodelujan.com.ar\\\/?p=10821\"},\"wordCount\":396,\"publisher\":{\"@id\":\"https:\\\/\\\/elciudadanodelujan.com.ar\\\/#organization\"},\"image\":{\"@id\":\"https:\\\/\\\/elciudadanodelujan.com.ar\\\/?p=10821#primaryimage\"},\"thumbnailUrl\":\"https:\\\/\\\/elciudadanodelujan.com.ar\\\/wp-content\\\/uploads\\\/2026\\\/03\\\/image-39.png\",\"articleSection\":[\"ECOLOG\u00cdA\"],\"inLanguage\":\"es\"},{\"@type\":\"WebPage\",\"@id\":\"https:\\\/\\\/elciudadanodelujan.com.ar\\\/?p=10821\",\"url\":\"https:\\\/\\\/elciudadanodelujan.com.ar\\\/?p=10821\",\"name\":\"Nueva infraestructura en Plaza Irlanda: el \\\"Sendero Japon\u00e9s\\\" ya es una realidad para los vecinos -\",\"isPartOf\":{\"@id\":\"https:\\\/\\\/elciudadanodelujan.com.ar\\\/#website\"},\"primaryImageOfPage\":{\"@id\":\"https:\\\/\\\/elciudadanodelujan.com.ar\\\/?p=10821#primaryimage\"},\"image\":{\"@id\":\"https:\\\/\\\/elciudadanodelujan.com.ar\\\/?p=10821#primaryimage\"},\"thumbnailUrl\":\"https:\\\/\\\/elciudadanodelujan.com.ar\\\/wp-content\\\/uploads\\\/2026\\\/03\\\/image-39.png\",\"datePublished\":\"2026-03-19T21:18:00+00:00\",\"dateModified\":\"2026-03-23T21:18:32+00:00\",\"breadcrumb\":{\"@id\":\"https:\\\/\\\/elciudadanodelujan.com.ar\\\/?p=10821#breadcrumb\"},\"inLanguage\":\"es\",\"potentialAction\":[{\"@type\":\"ReadAction\",\"target\":[\"https:\\\/\\\/elciudadanodelujan.com.ar\\\/?p=10821\"]}]},{\"@type\":\"ImageObject\",\"inLanguage\":\"es\",\"@id\":\"https:\\\/\\\/elciudadanodelujan.com.ar\\\/?p=10821#primaryimage\",\"url\":\"https:\\\/\\\/elciudadanodelujan.com.ar\\\/wp-content\\\/uploads\\\/2026\\\/03\\\/image-39.png\",\"contentUrl\":\"https:\\\/\\\/elciudadanodelujan.com.ar\\\/wp-content\\\/uploads\\\/2026\\\/03\\\/image-39.png\",\"width\":766,\"height\":578},{\"@type\":\"BreadcrumbList\",\"@id\":\"https:\\\/\\\/elciudadanodelujan.com.ar\\\/?p=10821#breadcrumb\",\"itemListElement\":[{\"@type\":\"ListItem\",\"position\":1,\"name\":\"Home\",\"item\":\"https:\\\/\\\/elciudadanodelujan.com.ar\\\/\"},{\"@type\":\"ListItem\",\"position\":2,\"name\":\"Nueva infraestructura en Plaza Irlanda: el \u00abSendero Japon\u00e9s\u00bb ya es una realidad para los vecinos\"}]},{\"@type\":\"WebSite\",\"@id\":\"https:\\\/\\\/elciudadanodelujan.com.ar\\\/#website\",\"url\":\"https:\\\/\\\/elciudadanodelujan.com.ar\\\/\",\"name\":\"https:\\\/\\\/elciudadanodelujan.com.ar\",\"description\":\"Noticias de inter\u00e9s general y periodismo de investigaci\u00f3n\",\"publisher\":{\"@id\":\"https:\\\/\\\/elciudadanodelujan.com.ar\\\/#organization\"},\"potentialAction\":[{\"@type\":\"SearchAction\",\"target\":{\"@type\":\"EntryPoint\",\"urlTemplate\":\"https:\\\/\\\/elciudadanodelujan.com.ar\\\/?s={search_term_string}\"},\"query-input\":{\"@type\":\"PropertyValueSpecification\",\"valueRequired\":true,\"valueName\":\"search_term_string\"}}],\"inLanguage\":\"es\"},{\"@type\":\"Organization\",\"@id\":\"https:\\\/\\\/elciudadanodelujan.com.ar\\\/#organization\",\"name\":\"El Ciudadano de Lujan\",\"url\":\"https:\\\/\\\/elciudadanodelujan.com.ar\\\/\",\"logo\":{\"@type\":\"ImageObject\",\"inLanguage\":\"es\",\"@id\":\"https:\\\/\\\/elciudadanodelujan.com.ar\\\/#\\\/schema\\\/logo\\\/image\\\/\",\"url\":\"https:\\\/\\\/elciudadanodelujan.com.ar\\\/wp-content\\\/uploads\\\/2025\\\/01\\\/logo_El_Ciudadano.jpg\",\"contentUrl\":\"https:\\\/\\\/elciudadanodelujan.com.ar\\\/wp-content\\\/uploads\\\/2025\\\/01\\\/logo_El_Ciudadano.jpg\",\"width\":500,\"height\":123,\"caption\":\"El Ciudadano de Lujan\"},\"image\":{\"@id\":\"https:\\\/\\\/elciudadanodelujan.com.ar\\\/#\\\/schema\\\/logo\\\/image\\\/\"},\"sameAs\":[\"https:\\\/\\\/www.facebook.com\\\/elciudadanodelujan\"]},{\"@type\":\"Person\",\"@id\":\"https:\\\/\\\/elciudadanodelujan.com.ar\\\/#\\\/schema\\\/person\\\/6e4147c312281a224c424b0ca2b1d439\",\"name\":\"Osvaldo Cabral\",\"image\":{\"@type\":\"ImageObject\",\"inLanguage\":\"es\",\"@id\":\"https:\\\/\\\/secure.gravatar.com\\\/avatar\\\/c4c6a8aea430571651e7d6992bdfdff335bbe96580656f78299d10ca9a6c1ae9?s=96&d=mm&r=g\",\"url\":\"https:\\\/\\\/secure.gravatar.com\\\/avatar\\\/c4c6a8aea430571651e7d6992bdfdff335bbe96580656f78299d10ca9a6c1ae9?s=96&d=mm&r=g\",\"contentUrl\":\"https:\\\/\\\/secure.gravatar.com\\\/avatar\\\/c4c6a8aea430571651e7d6992bdfdff335bbe96580656f78299d10ca9a6c1ae9?s=96&d=mm&r=g\",\"caption\":\"Osvaldo Cabral\"},\"url\":\"https:\\\/\\\/elciudadanodelujan.com.ar\\\/?author=2\"}]}<\/script>\n<!-- \/ Yoast SEO plugin. -->","yoast_head_json":{"title":"Nueva infraestructura en Plaza Irlanda: el \"Sendero Japon\u00e9s\" ya es una realidad para los vecinos -","robots":{"index":"index","follow":"follow","max-snippet":"max-snippet:-1","max-image-preview":"max-image-preview:large","max-video-preview":"max-video-preview:-1"},"canonical":"https:\/\/elciudadanodelujan.com.ar\/?p=10821","og_locale":"es_ES","og_type":"article","og_title":"Nueva infraestructura en Plaza Irlanda: el \"Sendero Japon\u00e9s\" ya es una realidad para los vecinos -","og_description":"Un sector clave de nuestra ciudad ha dado un paso fundamental hacia la accesibilidad y la seguridad vial. El Municipio de Luj\u00e1n finaliz\u00f3 la construcci\u00f3n del nuevo tendido peatonal en&hellip;","og_url":"https:\/\/elciudadanodelujan.com.ar\/?p=10821","article_publisher":"https:\/\/www.facebook.com\/elciudadanodelujan","article_published_time":"2026-03-19T21:18:00+00:00","article_modified_time":"2026-03-23T21:18:32+00:00","og_image":[{"width":766,"height":578,"url":"https:\/\/elciudadanodelujan.com.ar\/wp-content\/uploads\/2026\/03\/image-39.png","type":"image\/png"}],"author":"Osvaldo Cabral","twitter_card":"summary_large_image","twitter_misc":{"Escrito por":"Osvaldo Cabral","Tiempo de lectura":"3 minutos"},"schema":{"@context":"https:\/\/schema.org","@graph":[{"@type":"Article","@id":"https:\/\/elciudadanodelujan.com.ar\/?p=10821#article","isPartOf":{"@id":"https:\/\/elciudadanodelujan.com.ar\/?p=10821"},"author":{"name":"Osvaldo Cabral","@id":"https:\/\/elciudadanodelujan.com.ar\/#\/schema\/person\/6e4147c312281a224c424b0ca2b1d439"},"headline":"Nueva infraestructura en Plaza Irlanda: el \u00abSendero Japon\u00e9s\u00bb ya es una realidad para los vecinos","datePublished":"2026-03-19T21:18:00+00:00","dateModified":"2026-03-23T21:18:32+00:00","mainEntityOfPage":{"@id":"https:\/\/elciudadanodelujan.com.ar\/?p=10821"},"wordCount":396,"publisher":{"@id":"https:\/\/elciudadanodelujan.com.ar\/#organization"},"image":{"@id":"https:\/\/elciudadanodelujan.com.ar\/?p=10821#primaryimage"},"thumbnailUrl":"https:\/\/elciudadanodelujan.com.ar\/wp-content\/uploads\/2026\/03\/image-39.png","articleSection":["ECOLOG\u00cdA"],"inLanguage":"es"},{"@type":"WebPage","@id":"https:\/\/elciudadanodelujan.com.ar\/?p=10821","url":"https:\/\/elciudadanodelujan.com.ar\/?p=10821","name":"Nueva infraestructura en Plaza Irlanda: el \"Sendero Japon\u00e9s\" ya es una realidad para los vecinos -","isPartOf":{"@id":"https:\/\/elciudadanodelujan.com.ar\/#website"},"primaryImageOfPage":{"@id":"https:\/\/elciudadanodelujan.com.ar\/?p=10821#primaryimage"},"image":{"@id":"https:\/\/elciudadanodelujan.com.ar\/?p=10821#primaryimage"},"thumbnailUrl":"https:\/\/elciudadanodelujan.com.ar\/wp-content\/uploads\/2026\/03\/image-39.png","datePublished":"2026-03-19T21:18:00+00:00","dateModified":"2026-03-23T21:18:32+00:00","breadcrumb":{"@id":"https:\/\/elciudadanodelujan.com.ar\/?p=10821#breadcrumb"},"inLanguage":"es","potentialAction":[{"@type":"ReadAction","target":["https:\/\/elciudadanodelujan.com.ar\/?p=10821"]}]},{"@type":"ImageObject","inLanguage":"es","@id":"https:\/\/elciudadanodelujan.com.ar\/?p=10821#primaryimage","url":"https:\/\/elciudadanodelujan.com.ar\/wp-content\/uploads\/2026\/03\/image-39.png","contentUrl":"https:\/\/elciudadanodelujan.com.ar\/wp-content\/uploads\/2026\/03\/image-39.png","width":766,"height":578},{"@type":"BreadcrumbList","@id":"https:\/\/elciudadanodelujan.com.ar\/?p=10821#breadcrumb","itemListElement":[{"@type":"ListItem","position":1,"name":"Home","item":"https:\/\/elciudadanodelujan.com.ar\/"},{"@type":"ListItem","position":2,"name":"Nueva infraestructura en Plaza Irlanda: el \u00abSendero Japon\u00e9s\u00bb ya es una realidad para los vecinos"}]},{"@type":"WebSite","@id":"https:\/\/elciudadanodelujan.com.ar\/#website","url":"https:\/\/elciudadanodelujan.com.ar\/","name":"https:\/\/elciudadanodelujan.com.ar","description":"Noticias de inter\u00e9s general y periodismo de investigaci\u00f3n","publisher":{"@id":"https:\/\/elciudadanodelujan.com.ar\/#organization"},"potentialAction":[{"@type":"SearchAction","target":{"@type":"EntryPoint","urlTemplate":"https:\/\/elciudadanodelujan.com.ar\/?s={search_term_string}"},"query-input":{"@type":"PropertyValueSpecification","valueRequired":true,"valueName":"search_term_string"}}],"inLanguage":"es"},{"@type":"Organization","@id":"https:\/\/elciudadanodelujan.com.ar\/#organization","name":"El Ciudadano de Lujan","url":"https:\/\/elciudadanodelujan.com.ar\/","logo":{"@type":"ImageObject","inLanguage":"es","@id":"https:\/\/elciudadanodelujan.com.ar\/#\/schema\/logo\/image\/","url":"https:\/\/elciudadanodelujan.com.ar\/wp-content\/uploads\/2025\/01\/logo_El_Ciudadano.jpg","contentUrl":"https:\/\/elciudadanodelujan.com.ar\/wp-content\/uploads\/2025\/01\/logo_El_Ciudadano.jpg","width":500,"height":123,"caption":"El Ciudadano de Lujan"},"image":{"@id":"https:\/\/elciudadanodelujan.com.ar\/#\/schema\/logo\/image\/"},"sameAs":["https:\/\/www.facebook.com\/elciudadanodelujan"]},{"@type":"Person","@id":"https:\/\/elciudadanodelujan.com.ar\/#\/schema\/person\/6e4147c312281a224c424b0ca2b1d439","name":"Osvaldo Cabral","image":{"@type":"ImageObject","inLanguage":"es","@id":"https:\/\/secure.gravatar.com\/avatar\/c4c6a8aea430571651e7d6992bdfdff335bbe96580656f78299d10ca9a6c1ae9?s=96&d=mm&r=g","url":"https:\/\/secure.gravatar.com\/avatar\/c4c6a8aea430571651e7d6992bdfdff335bbe96580656f78299d10ca9a6c1ae9?s=96&d=mm&r=g","contentUrl":"https:\/\/secure.gravatar.com\/avatar\/c4c6a8aea430571651e7d6992bdfdff335bbe96580656f78299d10ca9a6c1ae9?s=96&d=mm&r=g","caption":"Osvaldo Cabral"},"url":"https:\/\/elciudadanodelujan.com.ar\/?author=2"}]}},"_links":{"self":[{"href":"https:\/\/elciudadanodelujan.com.ar\/index.php?rest_route=\/wp\/v2\/posts\/10821","targetHints":{"allow":["GET"]}}],"collection":[{"href":"https:\/\/elciudadanodelujan.com.ar\/index.php?rest_route=\/wp\/v2\/posts"}],"about":[{"href":"https:\/\/elciudadanodelujan.com.ar\/index.php?rest_route=\/wp\/v2\/types\/post"}],"author":[{"embeddable":true,"href":"https:\/\/elciudadanodelujan.com.ar\/index.php?rest_route=\/wp\/v2\/users\/2"}],"replies":[{"embeddable":true,"href":"https:\/\/elciudadanodelujan.com.ar\/index.php?rest_route=%2Fwp%2Fv2%2Fcomments&post=10821"}],"version-history":[{"count":1,"href":"https:\/\/elciudadanodelujan.com.ar\/index.php?rest_route=\/wp\/v2\/posts\/10821\/revisions"}],"predecessor-version":[{"id":10823,"href":"https:\/\/elciudadanodelujan.com.ar\/index.php?rest_route=\/wp\/v2\/posts\/10821\/revisions\/10823"}],"wp:featuredmedia":[{"embeddable":true,"href":"https:\/\/elciudadanodelujan.com.ar\/index.php?rest_route=\/wp\/v2\/media\/10822"}],"wp:attachment":[{"href":"https:\/\/elciudadanodelujan.com.ar\/index.php?rest_route=%2Fwp%2Fv2%2Fmedia&parent=10821"}],"wp:term":[{"taxonomy":"category","embeddable":true,"href":"https:\/\/elciudadanodelujan.com.ar\/index.php?rest_route=%2Fwp%2Fv2%2Fcategories&post=10821"},{"taxonomy":"post_tag","embeddable":true,"href":"https:\/\/elciudadanodelujan.com.ar\/index.php?rest_route=%2Fwp%2Fv2%2Ftags&post=10821"}],"curies":[{"name":"wp","href":"https:\/\/api.w.org\/{rel}","templated":true}]}}