{"id":10818,"date":"2026-03-20T18:07:08","date_gmt":"2026-03-20T21:07:08","guid":{"rendered":"https:\/\/elciudadanodelujan.com.ar\/?p=10818"},"modified":"2026-03-23T18:07:48","modified_gmt":"2026-03-23T21:07:48","slug":"mejoras-en-los-barrios-el-plan-de-mejoramiento-vial-llega-a-las-acacias-y-el-ceibo","status":"publish","type":"post","link":"https:\/\/elciudadanodelujan.com.ar\/?p=10818","title":{"rendered":"Mejoras en los barrios: el Plan de Mejoramiento Vial llega a Las Acacias y El Ceibo"},"content":{"rendered":"\n<h2 class=\"wp-block-heading\">En una semana marcada por la actividad en diversos puntos del distrito, el Municipio de Luj\u00e1n contin\u00faa con la ejecuci\u00f3n del Plan de Mejoramiento Vial, una iniciativa que busca dar respuesta a las demandas hist\u00f3ricas de infraestructura en los barrios. En esta etapa, las cuadrillas y maquinaria pesada se encuentran desplegando un intenso operativo en Las Acacias y El Ceibo.<\/h2>\n\n\n\n<figure class=\"wp-block-image size-full\"><img loading=\"lazy\" decoding=\"async\" width=\"934\" height=\"609\" src=\"https:\/\/elciudadanodelujan.com.ar\/wp-content\/uploads\/2026\/03\/image-38.png\" alt=\"\" class=\"wp-image-10819\" srcset=\"https:\/\/elciudadanodelujan.com.ar\/wp-content\/uploads\/2026\/03\/image-38.png 934w, https:\/\/elciudadanodelujan.com.ar\/wp-content\/uploads\/2026\/03\/image-38-300x196.png 300w, https:\/\/elciudadanodelujan.com.ar\/wp-content\/uploads\/2026\/03\/image-38-768x501.png 768w\" sizes=\"auto, (max-width: 934px) 100vw, 934px\" \/><\/figure>\n\n\n\n<p>Los trabajos abarcan aproximadamente <strong>1.500 metros lineales<\/strong>, una extensi\u00f3n significativa que apunta a transformar la movilidad cotidiana de cientos de familias que transitan estas zonas.<\/p>\n\n\n\n<h3 class=\"wp-block-heading\">Intervenciones t\u00e9cnicas para un tr\u00e1nsito seguro<\/h3>\n\n\n\n<p>M\u00e1s all\u00e1 del mantenimiento superficial, las tareas se enfocan en soluciones estructurales que permitan la durabilidad de las calzadas. El operativo incluye:<\/p>\n\n\n\n<ul class=\"wp-block-list\">\n<li><strong>Zanjeo y limpieza de cunetas:<\/strong> Vital para el correcto escurrimiento del agua.<\/li>\n\n\n\n<li><strong>Entoscado y abovedado:<\/strong> Para nivelar el terreno y evitar anegamientos.<\/li>\n\n\n\n<li><strong>Aporte de piedra partida:<\/strong> Una capa de rodamiento que garantiza mayor adherencia y estabilidad.<\/li>\n<\/ul>\n\n\n\n<p>Estas acciones son fundamentales para asegurar que, incluso en per\u00edodos de <strong>lluvias intensas<\/strong>, la circulaci\u00f3n sea fluida y segura, evitando el aislamiento de sectores cr\u00edticos por el estado del barro.<\/p>\n\n\n\n<hr class=\"wp-block-separator has-alpha-channel-opacity\"\/>\n\n\n\n<h3 class=\"wp-block-heading\">Puntos de intervenci\u00f3n: \u00bfD\u00f3nde se est\u00e1 trabajando?<\/h3>\n\n\n\n<p>El cronograma de obras contempla los siguientes tramos estrat\u00e9gicos:<\/p>\n\n\n\n<ul class=\"wp-block-list\">\n<li><strong>B. Matienzo:<\/strong> Entre Fray Manuel de Torres y San Roque; y entre San M. Champagnat y Rodolfo Moreno.<\/li>\n\n\n\n<li><strong>San Roque:<\/strong> Entre B. Matienzo y Larrea.<\/li>\n\n\n\n<li><strong>San M. Champagnat:<\/strong> Entre B. Matienzo y J. F. Kennedy.<\/li>\n\n\n\n<li><strong>Santa Sof\u00eda y B. Matienzo.<\/strong><\/li>\n\n\n\n<li><strong>Calle 235 Bis:<\/strong> Entre R. Moreno y San Jos\u00e9.<\/li>\n\n\n\n<li><strong>San Jos\u00e9:<\/strong> Entre J.J. Paso y J. F. Kennedy.<\/li>\n<\/ul>\n\n\n\n<hr class=\"wp-block-separator has-alpha-channel-opacity\"\/>\n\n\n\n<h3 class=\"wp-block-heading\">Un compromiso con la calidad de vida<\/h3>\n\n\n\n<p>Desde el Municipio destacaron que estas obras forman parte de una pol\u00edtica sostenida de inversi\u00f3n en infraestructura barrial. La prioridad se ha centrado en zonas de alto tr\u00e1nsito interno, donde el ordenamiento vial no solo mejora la est\u00e9tica del barrio, sino que impacta directamente en la <strong>seguridad de los peatones y conductores<\/strong>.<\/p>\n\n\n\n<p>Con este avance, se refuerza el compromiso de brindar soluciones concretas que jerarquicen el entorno de cada vecino, optimizando los accesos y la conectividad en las localidades de nuestro partido.<\/p>\n","protected":false},"excerpt":{"rendered":"<p>En una semana marcada por la actividad en diversos puntos del distrito, el Municipio de Luj\u00e1n contin\u00faa con la ejecuci\u00f3n del Plan de Mejoramiento Vial, una iniciativa que busca dar&hellip; <\/p>\n","protected":false},"author":2,"featured_media":10819,"comment_status":"closed","ping_status":"closed","sticky":false,"template":"","format":"standard","meta":{"footnotes":""},"categories":[4],"tags":[],"class_list":["post-10818","post","type-post","status-publish","format-standard","has-post-thumbnail","hentry","category-barriales"],"yoast_head":"<!-- This site is optimized with the Yoast SEO plugin v27.3 - https:\/\/yoast.com\/product\/yoast-seo-wordpress\/ -->\n<title>Mejoras en los barrios: el Plan de Mejoramiento Vial llega a Las Acacias y El Ceibo -<\/title>\n<meta name=\"robots\" content=\"index, follow, max-snippet:-1, max-image-preview:large, max-video-preview:-1\" \/>\n<link rel=\"canonical\" href=\"https:\/\/elciudadanodelujan.com.ar\/?p=10818\" \/>\n<meta property=\"og:locale\" content=\"es_ES\" \/>\n<meta property=\"og:type\" content=\"article\" \/>\n<meta property=\"og:title\" content=\"Mejoras en los barrios: el Plan de Mejoramiento Vial llega a Las Acacias y El Ceibo -\" \/>\n<meta property=\"og:description\" content=\"En una semana marcada por la actividad en diversos puntos del distrito, el Municipio de Luj\u00e1n contin\u00faa con la ejecuci\u00f3n del Plan de Mejoramiento Vial, una iniciativa que busca dar&hellip;\" \/>\n<meta property=\"og:url\" content=\"https:\/\/elciudadanodelujan.com.ar\/?p=10818\" \/>\n<meta property=\"article:publisher\" content=\"https:\/\/www.facebook.com\/elciudadanodelujan\" \/>\n<meta property=\"article:published_time\" content=\"2026-03-20T21:07:08+00:00\" \/>\n<meta property=\"article:modified_time\" content=\"2026-03-23T21:07:48+00:00\" \/>\n<meta property=\"og:image\" content=\"https:\/\/elciudadanodelujan.com.ar\/wp-content\/uploads\/2026\/03\/image-38.png\" \/>\n\t<meta property=\"og:image:width\" content=\"934\" \/>\n\t<meta property=\"og:image:height\" content=\"609\" \/>\n\t<meta property=\"og:image:type\" content=\"image\/png\" \/>\n<meta name=\"author\" content=\"Osvaldo Cabral\" \/>\n<meta name=\"twitter:card\" content=\"summary_large_image\" \/>\n<meta name=\"twitter:label1\" content=\"Escrito por\" \/>\n\t<meta name=\"twitter:data1\" content=\"Osvaldo Cabral\" \/>\n\t<meta name=\"twitter:label2\" content=\"Tiempo de lectura\" \/>\n\t<meta name=\"twitter:data2\" content=\"2 minutos\" \/>\n<script type=\"application\/ld+json\" class=\"yoast-schema-graph\">{\"@context\":\"https:\\\/\\\/schema.org\",\"@graph\":[{\"@type\":\"Article\",\"@id\":\"https:\\\/\\\/elciudadanodelujan.com.ar\\\/?p=10818#article\",\"isPartOf\":{\"@id\":\"https:\\\/\\\/elciudadanodelujan.com.ar\\\/?p=10818\"},\"author\":{\"name\":\"Osvaldo Cabral\",\"@id\":\"https:\\\/\\\/elciudadanodelujan.com.ar\\\/#\\\/schema\\\/person\\\/6e4147c312281a224c424b0ca2b1d439\"},\"headline\":\"Mejoras en los barrios: el Plan de Mejoramiento Vial llega a Las Acacias y El Ceibo\",\"datePublished\":\"2026-03-20T21:07:08+00:00\",\"dateModified\":\"2026-03-23T21:07:48+00:00\",\"mainEntityOfPage\":{\"@id\":\"https:\\\/\\\/elciudadanodelujan.com.ar\\\/?p=10818\"},\"wordCount\":376,\"publisher\":{\"@id\":\"https:\\\/\\\/elciudadanodelujan.com.ar\\\/#organization\"},\"image\":{\"@id\":\"https:\\\/\\\/elciudadanodelujan.com.ar\\\/?p=10818#primaryimage\"},\"thumbnailUrl\":\"https:\\\/\\\/elciudadanodelujan.com.ar\\\/wp-content\\\/uploads\\\/2026\\\/03\\\/image-38.png\",\"articleSection\":[\"BARRIALES\"],\"inLanguage\":\"es\"},{\"@type\":\"WebPage\",\"@id\":\"https:\\\/\\\/elciudadanodelujan.com.ar\\\/?p=10818\",\"url\":\"https:\\\/\\\/elciudadanodelujan.com.ar\\\/?p=10818\",\"name\":\"Mejoras en los barrios: el Plan de Mejoramiento Vial llega a Las Acacias y El Ceibo -\",\"isPartOf\":{\"@id\":\"https:\\\/\\\/elciudadanodelujan.com.ar\\\/#website\"},\"primaryImageOfPage\":{\"@id\":\"https:\\\/\\\/elciudadanodelujan.com.ar\\\/?p=10818#primaryimage\"},\"image\":{\"@id\":\"https:\\\/\\\/elciudadanodelujan.com.ar\\\/?p=10818#primaryimage\"},\"thumbnailUrl\":\"https:\\\/\\\/elciudadanodelujan.com.ar\\\/wp-content\\\/uploads\\\/2026\\\/03\\\/image-38.png\",\"datePublished\":\"2026-03-20T21:07:08+00:00\",\"dateModified\":\"2026-03-23T21:07:48+00:00\",\"breadcrumb\":{\"@id\":\"https:\\\/\\\/elciudadanodelujan.com.ar\\\/?p=10818#breadcrumb\"},\"inLanguage\":\"es\",\"potentialAction\":[{\"@type\":\"ReadAction\",\"target\":[\"https:\\\/\\\/elciudadanodelujan.com.ar\\\/?p=10818\"]}]},{\"@type\":\"ImageObject\",\"inLanguage\":\"es\",\"@id\":\"https:\\\/\\\/elciudadanodelujan.com.ar\\\/?p=10818#primaryimage\",\"url\":\"https:\\\/\\\/elciudadanodelujan.com.ar\\\/wp-content\\\/uploads\\\/2026\\\/03\\\/image-38.png\",\"contentUrl\":\"https:\\\/\\\/elciudadanodelujan.com.ar\\\/wp-content\\\/uploads\\\/2026\\\/03\\\/image-38.png\",\"width\":934,\"height\":609},{\"@type\":\"BreadcrumbList\",\"@id\":\"https:\\\/\\\/elciudadanodelujan.com.ar\\\/?p=10818#breadcrumb\",\"itemListElement\":[{\"@type\":\"ListItem\",\"position\":1,\"name\":\"Home\",\"item\":\"https:\\\/\\\/elciudadanodelujan.com.ar\\\/\"},{\"@type\":\"ListItem\",\"position\":2,\"name\":\"Mejoras en los barrios: el Plan de Mejoramiento Vial llega a Las Acacias y El Ceibo\"}]},{\"@type\":\"WebSite\",\"@id\":\"https:\\\/\\\/elciudadanodelujan.com.ar\\\/#website\",\"url\":\"https:\\\/\\\/elciudadanodelujan.com.ar\\\/\",\"name\":\"https:\\\/\\\/elciudadanodelujan.com.ar\",\"description\":\"Noticias de inter\u00e9s general y periodismo de investigaci\u00f3n\",\"publisher\":{\"@id\":\"https:\\\/\\\/elciudadanodelujan.com.ar\\\/#organization\"},\"potentialAction\":[{\"@type\":\"SearchAction\",\"target\":{\"@type\":\"EntryPoint\",\"urlTemplate\":\"https:\\\/\\\/elciudadanodelujan.com.ar\\\/?s={search_term_string}\"},\"query-input\":{\"@type\":\"PropertyValueSpecification\",\"valueRequired\":true,\"valueName\":\"search_term_string\"}}],\"inLanguage\":\"es\"},{\"@type\":\"Organization\",\"@id\":\"https:\\\/\\\/elciudadanodelujan.com.ar\\\/#organization\",\"name\":\"El Ciudadano de Lujan\",\"url\":\"https:\\\/\\\/elciudadanodelujan.com.ar\\\/\",\"logo\":{\"@type\":\"ImageObject\",\"inLanguage\":\"es\",\"@id\":\"https:\\\/\\\/elciudadanodelujan.com.ar\\\/#\\\/schema\\\/logo\\\/image\\\/\",\"url\":\"https:\\\/\\\/elciudadanodelujan.com.ar\\\/wp-content\\\/uploads\\\/2025\\\/01\\\/logo_El_Ciudadano.jpg\",\"contentUrl\":\"https:\\\/\\\/elciudadanodelujan.com.ar\\\/wp-content\\\/uploads\\\/2025\\\/01\\\/logo_El_Ciudadano.jpg\",\"width\":500,\"height\":123,\"caption\":\"El Ciudadano de Lujan\"},\"image\":{\"@id\":\"https:\\\/\\\/elciudadanodelujan.com.ar\\\/#\\\/schema\\\/logo\\\/image\\\/\"},\"sameAs\":[\"https:\\\/\\\/www.facebook.com\\\/elciudadanodelujan\"]},{\"@type\":\"Person\",\"@id\":\"https:\\\/\\\/elciudadanodelujan.com.ar\\\/#\\\/schema\\\/person\\\/6e4147c312281a224c424b0ca2b1d439\",\"name\":\"Osvaldo Cabral\",\"image\":{\"@type\":\"ImageObject\",\"inLanguage\":\"es\",\"@id\":\"https:\\\/\\\/secure.gravatar.com\\\/avatar\\\/c4c6a8aea430571651e7d6992bdfdff335bbe96580656f78299d10ca9a6c1ae9?s=96&d=mm&r=g\",\"url\":\"https:\\\/\\\/secure.gravatar.com\\\/avatar\\\/c4c6a8aea430571651e7d6992bdfdff335bbe96580656f78299d10ca9a6c1ae9?s=96&d=mm&r=g\",\"contentUrl\":\"https:\\\/\\\/secure.gravatar.com\\\/avatar\\\/c4c6a8aea430571651e7d6992bdfdff335bbe96580656f78299d10ca9a6c1ae9?s=96&d=mm&r=g\",\"caption\":\"Osvaldo Cabral\"},\"url\":\"https:\\\/\\\/elciudadanodelujan.com.ar\\\/?author=2\"}]}<\/script>\n<!-- \/ Yoast SEO plugin. -->","yoast_head_json":{"title":"Mejoras en los barrios: el Plan de Mejoramiento Vial llega a Las Acacias y El Ceibo -","robots":{"index":"index","follow":"follow","max-snippet":"max-snippet:-1","max-image-preview":"max-image-preview:large","max-video-preview":"max-video-preview:-1"},"canonical":"https:\/\/elciudadanodelujan.com.ar\/?p=10818","og_locale":"es_ES","og_type":"article","og_title":"Mejoras en los barrios: el Plan de Mejoramiento Vial llega a Las Acacias y El Ceibo -","og_description":"En una semana marcada por la actividad en diversos puntos del distrito, el Municipio de Luj\u00e1n contin\u00faa con la ejecuci\u00f3n del Plan de Mejoramiento Vial, una iniciativa que busca dar&hellip;","og_url":"https:\/\/elciudadanodelujan.com.ar\/?p=10818","article_publisher":"https:\/\/www.facebook.com\/elciudadanodelujan","article_published_time":"2026-03-20T21:07:08+00:00","article_modified_time":"2026-03-23T21:07:48+00:00","og_image":[{"width":934,"height":609,"url":"https:\/\/elciudadanodelujan.com.ar\/wp-content\/uploads\/2026\/03\/image-38.png","type":"image\/png"}],"author":"Osvaldo Cabral","twitter_card":"summary_large_image","twitter_misc":{"Escrito por":"Osvaldo Cabral","Tiempo de lectura":"2 minutos"},"schema":{"@context":"https:\/\/schema.org","@graph":[{"@type":"Article","@id":"https:\/\/elciudadanodelujan.com.ar\/?p=10818#article","isPartOf":{"@id":"https:\/\/elciudadanodelujan.com.ar\/?p=10818"},"author":{"name":"Osvaldo Cabral","@id":"https:\/\/elciudadanodelujan.com.ar\/#\/schema\/person\/6e4147c312281a224c424b0ca2b1d439"},"headline":"Mejoras en los barrios: el Plan de Mejoramiento Vial llega a Las Acacias y El Ceibo","datePublished":"2026-03-20T21:07:08+00:00","dateModified":"2026-03-23T21:07:48+00:00","mainEntityOfPage":{"@id":"https:\/\/elciudadanodelujan.com.ar\/?p=10818"},"wordCount":376,"publisher":{"@id":"https:\/\/elciudadanodelujan.com.ar\/#organization"},"image":{"@id":"https:\/\/elciudadanodelujan.com.ar\/?p=10818#primaryimage"},"thumbnailUrl":"https:\/\/elciudadanodelujan.com.ar\/wp-content\/uploads\/2026\/03\/image-38.png","articleSection":["BARRIALES"],"inLanguage":"es"},{"@type":"WebPage","@id":"https:\/\/elciudadanodelujan.com.ar\/?p=10818","url":"https:\/\/elciudadanodelujan.com.ar\/?p=10818","name":"Mejoras en los barrios: el Plan de Mejoramiento Vial llega a Las Acacias y El Ceibo -","isPartOf":{"@id":"https:\/\/elciudadanodelujan.com.ar\/#website"},"primaryImageOfPage":{"@id":"https:\/\/elciudadanodelujan.com.ar\/?p=10818#primaryimage"},"image":{"@id":"https:\/\/elciudadanodelujan.com.ar\/?p=10818#primaryimage"},"thumbnailUrl":"https:\/\/elciudadanodelujan.com.ar\/wp-content\/uploads\/2026\/03\/image-38.png","datePublished":"2026-03-20T21:07:08+00:00","dateModified":"2026-03-23T21:07:48+00:00","breadcrumb":{"@id":"https:\/\/elciudadanodelujan.com.ar\/?p=10818#breadcrumb"},"inLanguage":"es","potentialAction":[{"@type":"ReadAction","target":["https:\/\/elciudadanodelujan.com.ar\/?p=10818"]}]},{"@type":"ImageObject","inLanguage":"es","@id":"https:\/\/elciudadanodelujan.com.ar\/?p=10818#primaryimage","url":"https:\/\/elciudadanodelujan.com.ar\/wp-content\/uploads\/2026\/03\/image-38.png","contentUrl":"https:\/\/elciudadanodelujan.com.ar\/wp-content\/uploads\/2026\/03\/image-38.png","width":934,"height":609},{"@type":"BreadcrumbList","@id":"https:\/\/elciudadanodelujan.com.ar\/?p=10818#breadcrumb","itemListElement":[{"@type":"ListItem","position":1,"name":"Home","item":"https:\/\/elciudadanodelujan.com.ar\/"},{"@type":"ListItem","position":2,"name":"Mejoras en los barrios: el Plan de Mejoramiento Vial llega a Las Acacias y El Ceibo"}]},{"@type":"WebSite","@id":"https:\/\/elciudadanodelujan.com.ar\/#website","url":"https:\/\/elciudadanodelujan.com.ar\/","name":"https:\/\/elciudadanodelujan.com.ar","description":"Noticias de inter\u00e9s general y periodismo de investigaci\u00f3n","publisher":{"@id":"https:\/\/elciudadanodelujan.com.ar\/#organization"},"potentialAction":[{"@type":"SearchAction","target":{"@type":"EntryPoint","urlTemplate":"https:\/\/elciudadanodelujan.com.ar\/?s={search_term_string}"},"query-input":{"@type":"PropertyValueSpecification","valueRequired":true,"valueName":"search_term_string"}}],"inLanguage":"es"},{"@type":"Organization","@id":"https:\/\/elciudadanodelujan.com.ar\/#organization","name":"El Ciudadano de Lujan","url":"https:\/\/elciudadanodelujan.com.ar\/","logo":{"@type":"ImageObject","inLanguage":"es","@id":"https:\/\/elciudadanodelujan.com.ar\/#\/schema\/logo\/image\/","url":"https:\/\/elciudadanodelujan.com.ar\/wp-content\/uploads\/2025\/01\/logo_El_Ciudadano.jpg","contentUrl":"https:\/\/elciudadanodelujan.com.ar\/wp-content\/uploads\/2025\/01\/logo_El_Ciudadano.jpg","width":500,"height":123,"caption":"El Ciudadano de Lujan"},"image":{"@id":"https:\/\/elciudadanodelujan.com.ar\/#\/schema\/logo\/image\/"},"sameAs":["https:\/\/www.facebook.com\/elciudadanodelujan"]},{"@type":"Person","@id":"https:\/\/elciudadanodelujan.com.ar\/#\/schema\/person\/6e4147c312281a224c424b0ca2b1d439","name":"Osvaldo Cabral","image":{"@type":"ImageObject","inLanguage":"es","@id":"https:\/\/secure.gravatar.com\/avatar\/c4c6a8aea430571651e7d6992bdfdff335bbe96580656f78299d10ca9a6c1ae9?s=96&d=mm&r=g","url":"https:\/\/secure.gravatar.com\/avatar\/c4c6a8aea430571651e7d6992bdfdff335bbe96580656f78299d10ca9a6c1ae9?s=96&d=mm&r=g","contentUrl":"https:\/\/secure.gravatar.com\/avatar\/c4c6a8aea430571651e7d6992bdfdff335bbe96580656f78299d10ca9a6c1ae9?s=96&d=mm&r=g","caption":"Osvaldo Cabral"},"url":"https:\/\/elciudadanodelujan.com.ar\/?author=2"}]}},"_links":{"self":[{"href":"https:\/\/elciudadanodelujan.com.ar\/index.php?rest_route=\/wp\/v2\/posts\/10818","targetHints":{"allow":["GET"]}}],"collection":[{"href":"https:\/\/elciudadanodelujan.com.ar\/index.php?rest_route=\/wp\/v2\/posts"}],"about":[{"href":"https:\/\/elciudadanodelujan.com.ar\/index.php?rest_route=\/wp\/v2\/types\/post"}],"author":[{"embeddable":true,"href":"https:\/\/elciudadanodelujan.com.ar\/index.php?rest_route=\/wp\/v2\/users\/2"}],"replies":[{"embeddable":true,"href":"https:\/\/elciudadanodelujan.com.ar\/index.php?rest_route=%2Fwp%2Fv2%2Fcomments&post=10818"}],"version-history":[{"count":1,"href":"https:\/\/elciudadanodelujan.com.ar\/index.php?rest_route=\/wp\/v2\/posts\/10818\/revisions"}],"predecessor-version":[{"id":10820,"href":"https:\/\/elciudadanodelujan.com.ar\/index.php?rest_route=\/wp\/v2\/posts\/10818\/revisions\/10820"}],"wp:featuredmedia":[{"embeddable":true,"href":"https:\/\/elciudadanodelujan.com.ar\/index.php?rest_route=\/wp\/v2\/media\/10819"}],"wp:attachment":[{"href":"https:\/\/elciudadanodelujan.com.ar\/index.php?rest_route=%2Fwp%2Fv2%2Fmedia&parent=10818"}],"wp:term":[{"taxonomy":"category","embeddable":true,"href":"https:\/\/elciudadanodelujan.com.ar\/index.php?rest_route=%2Fwp%2Fv2%2Fcategories&post=10818"},{"taxonomy":"post_tag","embeddable":true,"href":"https:\/\/elciudadanodelujan.com.ar\/index.php?rest_route=%2Fwp%2Fv2%2Ftags&post=10818"}],"curies":[{"name":"wp","href":"https:\/\/api.w.org\/{rel}","templated":true}]}}