{"id":10582,"date":"2026-01-28T18:50:58","date_gmt":"2026-01-28T21:50:58","guid":{"rendered":"https:\/\/elciudadanodelujan.com.ar\/?p=10582"},"modified":"2026-01-28T18:51:32","modified_gmt":"2026-01-28T21:51:32","slug":"el-paseo-calelian-se-prepara-para-el-primer-festival-pinta-del-ano-musica-arte-y-encuentro-juvenil","status":"publish","type":"post","link":"https:\/\/elciudadanodelujan.com.ar\/?p=10582","title":{"rendered":"El Paseo Calelian se prepara para el primer Festival Pinta! del a\u00f1o: M\u00fasica, Arte y Encuentro Juvenil"},"content":{"rendered":"\n<h2 class=\"wp-block-heading\"><strong>Este s\u00e1bado 31, desde las 18 horas, el espacio emblem\u00e1tico de Mitre y Padre Salvaire recibir\u00e1 una propuesta integral que combina bandas en vivo, gastronom\u00eda y feria de econom\u00eda popular. Una apuesta por la cultura joven y el uso creativo del espacio p\u00fablico.<\/strong><\/h2>\n\n\n\n<figure class=\"wp-block-image size-large\"><img loading=\"lazy\" decoding=\"async\" width=\"1024\" height=\"682\" src=\"https:\/\/elciudadanodelujan.com.ar\/wp-content\/uploads\/2026\/01\/image-50-1024x682.png\" alt=\"\" class=\"wp-image-10583\" srcset=\"https:\/\/elciudadanodelujan.com.ar\/wp-content\/uploads\/2026\/01\/image-50-1024x682.png 1024w, https:\/\/elciudadanodelujan.com.ar\/wp-content\/uploads\/2026\/01\/image-50-300x200.png 300w, https:\/\/elciudadanodelujan.com.ar\/wp-content\/uploads\/2026\/01\/image-50-768x512.png 768w, https:\/\/elciudadanodelujan.com.ar\/wp-content\/uploads\/2026\/01\/image-50-1536x1023.png 1536w, https:\/\/elciudadanodelujan.com.ar\/wp-content\/uploads\/2026\/01\/image-50.png 1600w\" sizes=\"auto, (max-width: 1024px) 100vw, 1024px\" \/><\/figure>\n\n\n\n<p>El verano en Luj\u00e1n sigue sumando espacios de expresi\u00f3n para los m\u00e1s j\u00f3venes. Este pr\u00f3ximo <strong>s\u00e1bado 31<\/strong>, el Paseo Calelian ser\u00e1 el epicentro de la primera edici\u00f3n 2026 del <strong>Festival Pinta!<\/strong>, un evento que ya se ha transformado en un sello distintivo de la Direcci\u00f3n de Juventudes de la Secretar\u00eda de Desarrollo Humano.<\/p>\n\n\n\n<p>La propuesta, de car\u00e1cter libre y gratuito, busca ofrecer un \u00e1mbito de recreaci\u00f3n segura, promoviendo el talento local y el encuentro entre amigos en un entorno al aire libre.<\/p>\n\n\n\n<h3 class=\"wp-block-heading\">Grilla Musical: Del Rock al DJ Set<\/h3>\n\n\n\n<p>El escenario del Pinta! ser\u00e1 el coraz\u00f3n del festival, con una programaci\u00f3n que recorre diversos g\u00e9neros y energ\u00edas:<\/p>\n\n\n\n<ul class=\"wp-block-list\">\n<li><strong>Ghost Perros<\/strong><\/li>\n\n\n\n<li><strong>Tuconi\u00b4s<\/strong><\/li>\n\n\n\n<li><strong>Vicios<\/strong><\/li>\n\n\n\n<li><strong>The Florida<\/strong><\/li>\n<\/ul>\n\n\n\n<p>Como broche de oro para una jornada que promete extenderse bajo las estrellas, el cierre estar\u00e1 a cargo de <strong>Nice Try Producciones<\/strong>, que ofrecer\u00e1 un DJ set dise\u00f1ado para transformar el paseo en una pista de baile al aire libre.<\/p>\n\n\n\n<h3 class=\"wp-block-heading\">Gastronom\u00eda y Econom\u00eda Popular<\/h3>\n\n\n\n<p>M\u00e1s all\u00e1 de lo estrictamente musical, el festival se presenta como una plataforma para el sector productivo joven y local. Los asistentes podr\u00e1n disfrutar de:<\/p>\n\n\n\n<ul class=\"wp-block-list\">\n<li><strong>Sector Foodtrucks:<\/strong> Una variada oferta gastron\u00f3mica con opciones para todos los gustos.<\/li>\n\n\n\n<li><strong>Feria de Econom\u00eda Popular:<\/strong> Un espacio dedicado a emprendedores locales, donde la creatividad se traduce en productos artesanales y proyectos autogestivos.<\/li>\n<\/ul>\n\n\n\n<h3 class=\"wp-block-heading\">Espacios de Arte y Convivencia<\/h3>\n\n\n\n<p>Fiel a su nombre, el festival integrar\u00e1 <strong>estaciones de arte<\/strong> y \u00e1reas dise\u00f1adas para la interacci\u00f3n social. El objetivo es que el Paseo Calelian (ubicado en la intersecci\u00f3n de Mitre y Padre Salvaire) no sea solo un lugar de tr\u00e1nsito, sino un punto de destino donde la identidad juvenil de Luj\u00e1n se manifieste a trav\u00e9s de la cultura compartida.<\/p>\n\n\n\n<p>La jornada comenzar\u00e1 a las <strong>18:00 horas<\/strong>, aprovechando el atardecer para dar inicio a una serie de actividades que refuerzan la idea de que los espacios p\u00fablicos son, ante todo, lugares de construcci\u00f3n de v\u00ednculos.<\/p>\n\n\n\n<hr class=\"wp-block-separator has-alpha-channel-opacity\"\/>\n\n\n\n<p><strong>Nota de Servicio:<\/strong> Se invita a la comunidad a asistir con reposeras y mate para disfrutar de la tarde de manera c\u00f3moda. El evento est\u00e1 sujeto a condiciones clim\u00e1ticas favorables.<\/p>\n","protected":false},"excerpt":{"rendered":"<p>Este s\u00e1bado 31, desde las 18 horas, el espacio emblem\u00e1tico de Mitre y Padre Salvaire recibir\u00e1 una propuesta integral que combina bandas en vivo, gastronom\u00eda y feria de econom\u00eda popular.&hellip; <\/p>\n","protected":false},"author":2,"featured_media":10583,"comment_status":"closed","ping_status":"closed","sticky":false,"template":"","format":"standard","meta":{"footnotes":""},"categories":[24],"tags":[],"class_list":["post-10582","post","type-post","status-publish","format-standard","has-post-thumbnail","hentry","category-la-ciudad-en-movimiento"],"yoast_head":"<!-- This site is optimized with the Yoast SEO plugin v27.3 - https:\/\/yoast.com\/product\/yoast-seo-wordpress\/ -->\n<title>El Paseo Calelian se prepara para el primer Festival Pinta! del a\u00f1o: M\u00fasica, Arte y Encuentro Juvenil -<\/title>\n<meta name=\"robots\" content=\"index, follow, max-snippet:-1, max-image-preview:large, max-video-preview:-1\" \/>\n<link rel=\"canonical\" href=\"https:\/\/elciudadanodelujan.com.ar\/?p=10582\" \/>\n<meta property=\"og:locale\" content=\"es_ES\" \/>\n<meta property=\"og:type\" content=\"article\" \/>\n<meta property=\"og:title\" content=\"El Paseo Calelian se prepara para el primer Festival Pinta! del a\u00f1o: M\u00fasica, Arte y Encuentro Juvenil -\" \/>\n<meta property=\"og:description\" content=\"Este s\u00e1bado 31, desde las 18 horas, el espacio emblem\u00e1tico de Mitre y Padre Salvaire recibir\u00e1 una propuesta integral que combina bandas en vivo, gastronom\u00eda y feria de econom\u00eda popular.&hellip;\" \/>\n<meta property=\"og:url\" content=\"https:\/\/elciudadanodelujan.com.ar\/?p=10582\" \/>\n<meta property=\"article:publisher\" content=\"https:\/\/www.facebook.com\/elciudadanodelujan\" \/>\n<meta property=\"article:published_time\" content=\"2026-01-28T21:50:58+00:00\" \/>\n<meta property=\"article:modified_time\" content=\"2026-01-28T21:51:32+00:00\" \/>\n<meta property=\"og:image\" content=\"https:\/\/elciudadanodelujan.com.ar\/wp-content\/uploads\/2026\/01\/image-50-1024x682.png\" \/>\n\t<meta property=\"og:image:width\" content=\"1024\" \/>\n\t<meta property=\"og:image:height\" content=\"682\" \/>\n\t<meta property=\"og:image:type\" content=\"image\/png\" \/>\n<meta name=\"author\" content=\"Osvaldo Cabral\" \/>\n<meta name=\"twitter:card\" content=\"summary_large_image\" \/>\n<meta name=\"twitter:label1\" content=\"Escrito por\" \/>\n\t<meta name=\"twitter:data1\" content=\"Osvaldo Cabral\" \/>\n\t<meta name=\"twitter:label2\" content=\"Tiempo de lectura\" \/>\n\t<meta name=\"twitter:data2\" content=\"3 minutos\" \/>\n<script type=\"application\/ld+json\" class=\"yoast-schema-graph\">{\"@context\":\"https:\\\/\\\/schema.org\",\"@graph\":[{\"@type\":\"Article\",\"@id\":\"https:\\\/\\\/elciudadanodelujan.com.ar\\\/?p=10582#article\",\"isPartOf\":{\"@id\":\"https:\\\/\\\/elciudadanodelujan.com.ar\\\/?p=10582\"},\"author\":{\"name\":\"Osvaldo Cabral\",\"@id\":\"https:\\\/\\\/elciudadanodelujan.com.ar\\\/#\\\/schema\\\/person\\\/6e4147c312281a224c424b0ca2b1d439\"},\"headline\":\"El Paseo Calelian se prepara para el primer Festival Pinta! del a\u00f1o: M\u00fasica, Arte y Encuentro Juvenil\",\"datePublished\":\"2026-01-28T21:50:58+00:00\",\"dateModified\":\"2026-01-28T21:51:32+00:00\",\"mainEntityOfPage\":{\"@id\":\"https:\\\/\\\/elciudadanodelujan.com.ar\\\/?p=10582\"},\"wordCount\":440,\"publisher\":{\"@id\":\"https:\\\/\\\/elciudadanodelujan.com.ar\\\/#organization\"},\"image\":{\"@id\":\"https:\\\/\\\/elciudadanodelujan.com.ar\\\/?p=10582#primaryimage\"},\"thumbnailUrl\":\"https:\\\/\\\/elciudadanodelujan.com.ar\\\/wp-content\\\/uploads\\\/2026\\\/01\\\/image-50.png\",\"articleSection\":[\"La Ciudad en movimiento\"],\"inLanguage\":\"es\"},{\"@type\":\"WebPage\",\"@id\":\"https:\\\/\\\/elciudadanodelujan.com.ar\\\/?p=10582\",\"url\":\"https:\\\/\\\/elciudadanodelujan.com.ar\\\/?p=10582\",\"name\":\"El Paseo Calelian se prepara para el primer Festival Pinta! del a\u00f1o: M\u00fasica, Arte y Encuentro Juvenil -\",\"isPartOf\":{\"@id\":\"https:\\\/\\\/elciudadanodelujan.com.ar\\\/#website\"},\"primaryImageOfPage\":{\"@id\":\"https:\\\/\\\/elciudadanodelujan.com.ar\\\/?p=10582#primaryimage\"},\"image\":{\"@id\":\"https:\\\/\\\/elciudadanodelujan.com.ar\\\/?p=10582#primaryimage\"},\"thumbnailUrl\":\"https:\\\/\\\/elciudadanodelujan.com.ar\\\/wp-content\\\/uploads\\\/2026\\\/01\\\/image-50.png\",\"datePublished\":\"2026-01-28T21:50:58+00:00\",\"dateModified\":\"2026-01-28T21:51:32+00:00\",\"breadcrumb\":{\"@id\":\"https:\\\/\\\/elciudadanodelujan.com.ar\\\/?p=10582#breadcrumb\"},\"inLanguage\":\"es\",\"potentialAction\":[{\"@type\":\"ReadAction\",\"target\":[\"https:\\\/\\\/elciudadanodelujan.com.ar\\\/?p=10582\"]}]},{\"@type\":\"ImageObject\",\"inLanguage\":\"es\",\"@id\":\"https:\\\/\\\/elciudadanodelujan.com.ar\\\/?p=10582#primaryimage\",\"url\":\"https:\\\/\\\/elciudadanodelujan.com.ar\\\/wp-content\\\/uploads\\\/2026\\\/01\\\/image-50.png\",\"contentUrl\":\"https:\\\/\\\/elciudadanodelujan.com.ar\\\/wp-content\\\/uploads\\\/2026\\\/01\\\/image-50.png\",\"width\":1600,\"height\":1066},{\"@type\":\"BreadcrumbList\",\"@id\":\"https:\\\/\\\/elciudadanodelujan.com.ar\\\/?p=10582#breadcrumb\",\"itemListElement\":[{\"@type\":\"ListItem\",\"position\":1,\"name\":\"Home\",\"item\":\"https:\\\/\\\/elciudadanodelujan.com.ar\\\/\"},{\"@type\":\"ListItem\",\"position\":2,\"name\":\"El Paseo Calelian se prepara para el primer Festival Pinta! del a\u00f1o: M\u00fasica, Arte y Encuentro Juvenil\"}]},{\"@type\":\"WebSite\",\"@id\":\"https:\\\/\\\/elciudadanodelujan.com.ar\\\/#website\",\"url\":\"https:\\\/\\\/elciudadanodelujan.com.ar\\\/\",\"name\":\"https:\\\/\\\/elciudadanodelujan.com.ar\",\"description\":\"Noticias de inter\u00e9s general y periodismo de investigaci\u00f3n\",\"publisher\":{\"@id\":\"https:\\\/\\\/elciudadanodelujan.com.ar\\\/#organization\"},\"potentialAction\":[{\"@type\":\"SearchAction\",\"target\":{\"@type\":\"EntryPoint\",\"urlTemplate\":\"https:\\\/\\\/elciudadanodelujan.com.ar\\\/?s={search_term_string}\"},\"query-input\":{\"@type\":\"PropertyValueSpecification\",\"valueRequired\":true,\"valueName\":\"search_term_string\"}}],\"inLanguage\":\"es\"},{\"@type\":\"Organization\",\"@id\":\"https:\\\/\\\/elciudadanodelujan.com.ar\\\/#organization\",\"name\":\"El Ciudadano de Lujan\",\"url\":\"https:\\\/\\\/elciudadanodelujan.com.ar\\\/\",\"logo\":{\"@type\":\"ImageObject\",\"inLanguage\":\"es\",\"@id\":\"https:\\\/\\\/elciudadanodelujan.com.ar\\\/#\\\/schema\\\/logo\\\/image\\\/\",\"url\":\"https:\\\/\\\/elciudadanodelujan.com.ar\\\/wp-content\\\/uploads\\\/2025\\\/01\\\/logo_El_Ciudadano.jpg\",\"contentUrl\":\"https:\\\/\\\/elciudadanodelujan.com.ar\\\/wp-content\\\/uploads\\\/2025\\\/01\\\/logo_El_Ciudadano.jpg\",\"width\":500,\"height\":123,\"caption\":\"El Ciudadano de Lujan\"},\"image\":{\"@id\":\"https:\\\/\\\/elciudadanodelujan.com.ar\\\/#\\\/schema\\\/logo\\\/image\\\/\"},\"sameAs\":[\"https:\\\/\\\/www.facebook.com\\\/elciudadanodelujan\"]},{\"@type\":\"Person\",\"@id\":\"https:\\\/\\\/elciudadanodelujan.com.ar\\\/#\\\/schema\\\/person\\\/6e4147c312281a224c424b0ca2b1d439\",\"name\":\"Osvaldo Cabral\",\"image\":{\"@type\":\"ImageObject\",\"inLanguage\":\"es\",\"@id\":\"https:\\\/\\\/secure.gravatar.com\\\/avatar\\\/c4c6a8aea430571651e7d6992bdfdff335bbe96580656f78299d10ca9a6c1ae9?s=96&d=mm&r=g\",\"url\":\"https:\\\/\\\/secure.gravatar.com\\\/avatar\\\/c4c6a8aea430571651e7d6992bdfdff335bbe96580656f78299d10ca9a6c1ae9?s=96&d=mm&r=g\",\"contentUrl\":\"https:\\\/\\\/secure.gravatar.com\\\/avatar\\\/c4c6a8aea430571651e7d6992bdfdff335bbe96580656f78299d10ca9a6c1ae9?s=96&d=mm&r=g\",\"caption\":\"Osvaldo Cabral\"},\"url\":\"https:\\\/\\\/elciudadanodelujan.com.ar\\\/?author=2\"}]}<\/script>\n<!-- \/ Yoast SEO plugin. -->","yoast_head_json":{"title":"El Paseo Calelian se prepara para el primer Festival Pinta! del a\u00f1o: M\u00fasica, Arte y Encuentro Juvenil -","robots":{"index":"index","follow":"follow","max-snippet":"max-snippet:-1","max-image-preview":"max-image-preview:large","max-video-preview":"max-video-preview:-1"},"canonical":"https:\/\/elciudadanodelujan.com.ar\/?p=10582","og_locale":"es_ES","og_type":"article","og_title":"El Paseo Calelian se prepara para el primer Festival Pinta! del a\u00f1o: M\u00fasica, Arte y Encuentro Juvenil -","og_description":"Este s\u00e1bado 31, desde las 18 horas, el espacio emblem\u00e1tico de Mitre y Padre Salvaire recibir\u00e1 una propuesta integral que combina bandas en vivo, gastronom\u00eda y feria de econom\u00eda popular.&hellip;","og_url":"https:\/\/elciudadanodelujan.com.ar\/?p=10582","article_publisher":"https:\/\/www.facebook.com\/elciudadanodelujan","article_published_time":"2026-01-28T21:50:58+00:00","article_modified_time":"2026-01-28T21:51:32+00:00","og_image":[{"width":1024,"height":682,"url":"https:\/\/elciudadanodelujan.com.ar\/wp-content\/uploads\/2026\/01\/image-50-1024x682.png","type":"image\/png"}],"author":"Osvaldo Cabral","twitter_card":"summary_large_image","twitter_misc":{"Escrito por":"Osvaldo Cabral","Tiempo de lectura":"3 minutos"},"schema":{"@context":"https:\/\/schema.org","@graph":[{"@type":"Article","@id":"https:\/\/elciudadanodelujan.com.ar\/?p=10582#article","isPartOf":{"@id":"https:\/\/elciudadanodelujan.com.ar\/?p=10582"},"author":{"name":"Osvaldo Cabral","@id":"https:\/\/elciudadanodelujan.com.ar\/#\/schema\/person\/6e4147c312281a224c424b0ca2b1d439"},"headline":"El Paseo Calelian se prepara para el primer Festival Pinta! del a\u00f1o: M\u00fasica, Arte y Encuentro Juvenil","datePublished":"2026-01-28T21:50:58+00:00","dateModified":"2026-01-28T21:51:32+00:00","mainEntityOfPage":{"@id":"https:\/\/elciudadanodelujan.com.ar\/?p=10582"},"wordCount":440,"publisher":{"@id":"https:\/\/elciudadanodelujan.com.ar\/#organization"},"image":{"@id":"https:\/\/elciudadanodelujan.com.ar\/?p=10582#primaryimage"},"thumbnailUrl":"https:\/\/elciudadanodelujan.com.ar\/wp-content\/uploads\/2026\/01\/image-50.png","articleSection":["La Ciudad en movimiento"],"inLanguage":"es"},{"@type":"WebPage","@id":"https:\/\/elciudadanodelujan.com.ar\/?p=10582","url":"https:\/\/elciudadanodelujan.com.ar\/?p=10582","name":"El Paseo Calelian se prepara para el primer Festival Pinta! del a\u00f1o: M\u00fasica, Arte y Encuentro Juvenil -","isPartOf":{"@id":"https:\/\/elciudadanodelujan.com.ar\/#website"},"primaryImageOfPage":{"@id":"https:\/\/elciudadanodelujan.com.ar\/?p=10582#primaryimage"},"image":{"@id":"https:\/\/elciudadanodelujan.com.ar\/?p=10582#primaryimage"},"thumbnailUrl":"https:\/\/elciudadanodelujan.com.ar\/wp-content\/uploads\/2026\/01\/image-50.png","datePublished":"2026-01-28T21:50:58+00:00","dateModified":"2026-01-28T21:51:32+00:00","breadcrumb":{"@id":"https:\/\/elciudadanodelujan.com.ar\/?p=10582#breadcrumb"},"inLanguage":"es","potentialAction":[{"@type":"ReadAction","target":["https:\/\/elciudadanodelujan.com.ar\/?p=10582"]}]},{"@type":"ImageObject","inLanguage":"es","@id":"https:\/\/elciudadanodelujan.com.ar\/?p=10582#primaryimage","url":"https:\/\/elciudadanodelujan.com.ar\/wp-content\/uploads\/2026\/01\/image-50.png","contentUrl":"https:\/\/elciudadanodelujan.com.ar\/wp-content\/uploads\/2026\/01\/image-50.png","width":1600,"height":1066},{"@type":"BreadcrumbList","@id":"https:\/\/elciudadanodelujan.com.ar\/?p=10582#breadcrumb","itemListElement":[{"@type":"ListItem","position":1,"name":"Home","item":"https:\/\/elciudadanodelujan.com.ar\/"},{"@type":"ListItem","position":2,"name":"El Paseo Calelian se prepara para el primer Festival Pinta! del a\u00f1o: M\u00fasica, Arte y Encuentro Juvenil"}]},{"@type":"WebSite","@id":"https:\/\/elciudadanodelujan.com.ar\/#website","url":"https:\/\/elciudadanodelujan.com.ar\/","name":"https:\/\/elciudadanodelujan.com.ar","description":"Noticias de inter\u00e9s general y periodismo de investigaci\u00f3n","publisher":{"@id":"https:\/\/elciudadanodelujan.com.ar\/#organization"},"potentialAction":[{"@type":"SearchAction","target":{"@type":"EntryPoint","urlTemplate":"https:\/\/elciudadanodelujan.com.ar\/?s={search_term_string}"},"query-input":{"@type":"PropertyValueSpecification","valueRequired":true,"valueName":"search_term_string"}}],"inLanguage":"es"},{"@type":"Organization","@id":"https:\/\/elciudadanodelujan.com.ar\/#organization","name":"El Ciudadano de Lujan","url":"https:\/\/elciudadanodelujan.com.ar\/","logo":{"@type":"ImageObject","inLanguage":"es","@id":"https:\/\/elciudadanodelujan.com.ar\/#\/schema\/logo\/image\/","url":"https:\/\/elciudadanodelujan.com.ar\/wp-content\/uploads\/2025\/01\/logo_El_Ciudadano.jpg","contentUrl":"https:\/\/elciudadanodelujan.com.ar\/wp-content\/uploads\/2025\/01\/logo_El_Ciudadano.jpg","width":500,"height":123,"caption":"El Ciudadano de Lujan"},"image":{"@id":"https:\/\/elciudadanodelujan.com.ar\/#\/schema\/logo\/image\/"},"sameAs":["https:\/\/www.facebook.com\/elciudadanodelujan"]},{"@type":"Person","@id":"https:\/\/elciudadanodelujan.com.ar\/#\/schema\/person\/6e4147c312281a224c424b0ca2b1d439","name":"Osvaldo Cabral","image":{"@type":"ImageObject","inLanguage":"es","@id":"https:\/\/secure.gravatar.com\/avatar\/c4c6a8aea430571651e7d6992bdfdff335bbe96580656f78299d10ca9a6c1ae9?s=96&d=mm&r=g","url":"https:\/\/secure.gravatar.com\/avatar\/c4c6a8aea430571651e7d6992bdfdff335bbe96580656f78299d10ca9a6c1ae9?s=96&d=mm&r=g","contentUrl":"https:\/\/secure.gravatar.com\/avatar\/c4c6a8aea430571651e7d6992bdfdff335bbe96580656f78299d10ca9a6c1ae9?s=96&d=mm&r=g","caption":"Osvaldo Cabral"},"url":"https:\/\/elciudadanodelujan.com.ar\/?author=2"}]}},"_links":{"self":[{"href":"https:\/\/elciudadanodelujan.com.ar\/index.php?rest_route=\/wp\/v2\/posts\/10582","targetHints":{"allow":["GET"]}}],"collection":[{"href":"https:\/\/elciudadanodelujan.com.ar\/index.php?rest_route=\/wp\/v2\/posts"}],"about":[{"href":"https:\/\/elciudadanodelujan.com.ar\/index.php?rest_route=\/wp\/v2\/types\/post"}],"author":[{"embeddable":true,"href":"https:\/\/elciudadanodelujan.com.ar\/index.php?rest_route=\/wp\/v2\/users\/2"}],"replies":[{"embeddable":true,"href":"https:\/\/elciudadanodelujan.com.ar\/index.php?rest_route=%2Fwp%2Fv2%2Fcomments&post=10582"}],"version-history":[{"count":1,"href":"https:\/\/elciudadanodelujan.com.ar\/index.php?rest_route=\/wp\/v2\/posts\/10582\/revisions"}],"predecessor-version":[{"id":10584,"href":"https:\/\/elciudadanodelujan.com.ar\/index.php?rest_route=\/wp\/v2\/posts\/10582\/revisions\/10584"}],"wp:featuredmedia":[{"embeddable":true,"href":"https:\/\/elciudadanodelujan.com.ar\/index.php?rest_route=\/wp\/v2\/media\/10583"}],"wp:attachment":[{"href":"https:\/\/elciudadanodelujan.com.ar\/index.php?rest_route=%2Fwp%2Fv2%2Fmedia&parent=10582"}],"wp:term":[{"taxonomy":"category","embeddable":true,"href":"https:\/\/elciudadanodelujan.com.ar\/index.php?rest_route=%2Fwp%2Fv2%2Fcategories&post=10582"},{"taxonomy":"post_tag","embeddable":true,"href":"https:\/\/elciudadanodelujan.com.ar\/index.php?rest_route=%2Fwp%2Fv2%2Ftags&post=10582"}],"curies":[{"name":"wp","href":"https:\/\/api.w.org\/{rel}","templated":true}]}}