{"id":10577,"date":"2026-01-28T18:45:24","date_gmt":"2026-01-28T21:45:24","guid":{"rendered":"https:\/\/elciudadanodelujan.com.ar\/?p=10577"},"modified":"2026-01-28T18:49:06","modified_gmt":"2026-01-28T21:49:06","slug":"seguridad-vial-y-hormigon-de-alta-resistencia-el-municipio-avanza-con-el-plan-integral-de-bacheo","status":"publish","type":"post","link":"https:\/\/elciudadanodelujan.com.ar\/?p=10577","title":{"rendered":"Seguridad Vial y Hormig\u00f3n de Alta Resistencia: El Municipio avanza con el Plan Integral de Bacheo"},"content":{"rendered":"\n<h2 class=\"wp-block-heading\"><strong>Con el objetivo de extender la vida \u00fatil del pavimento y optimizar la circulaci\u00f3n, se realizan intervenciones estrat\u00e9gicas en m\u00e1s de una decena de puntos clave del distrito. <\/strong><\/h2>\n\n\n\n<figure class=\"wp-block-image size-large\"><img loading=\"lazy\" decoding=\"async\" width=\"1024\" height=\"681\" src=\"https:\/\/elciudadanodelujan.com.ar\/wp-content\/uploads\/2026\/01\/image-49-1024x681.png\" alt=\"\" class=\"wp-image-10578\" srcset=\"https:\/\/elciudadanodelujan.com.ar\/wp-content\/uploads\/2026\/01\/image-49-1024x681.png 1024w, https:\/\/elciudadanodelujan.com.ar\/wp-content\/uploads\/2026\/01\/image-49-300x200.png 300w, https:\/\/elciudadanodelujan.com.ar\/wp-content\/uploads\/2026\/01\/image-49-768x511.png 768w, https:\/\/elciudadanodelujan.com.ar\/wp-content\/uploads\/2026\/01\/image-49-1536x1021.png 1536w, https:\/\/elciudadanodelujan.com.ar\/wp-content\/uploads\/2026\/01\/image-49.png 1600w\" sizes=\"auto, (max-width: 1024px) 100vw, 1024px\" \/><\/figure>\n\n\n\n<p>La infraestructura de Luj\u00e1n atraviesa un proceso de recuperaci\u00f3n t\u00e9cnica sostenida. Bajo el <strong>Plan Integral de Bacheo en Hormig\u00f3n<\/strong>, el Municipio contin\u00faa desplegando cuadrillas y maquinaria pesada en diversos barrios de la ciudad, priorizando la durabilidad y la rapidez en la habilitaci\u00f3n del tr\u00e1nsito para minimizar las molestias a los vecinos.<\/p>\n\n\n\n<h3 class=\"wp-block-heading\">El Proceso T\u00e9cnico: Pasos hacia la Calidad<\/h3>\n\n\n\n<p>La durabilidad de un pavimento no depende solo del material superficial, sino del rigor en su proceso de elaboraci\u00f3n. Los trabajos actuales siguen una metodolog\u00eda t\u00e9cnica estricta que garantiza un resultado profesional:<\/p>\n\n\n\n<ol start=\"1\" class=\"wp-block-list\">\n<li><strong>Aserrado perimetral:<\/strong> Se delimita el \u00e1rea da\u00f1ada con precisi\u00f3n.<\/li>\n\n\n\n<li><strong>Remoci\u00f3n y saneamiento:<\/strong> Se retira el pavimento degradado y se estabiliza la base del suelo.<\/li>\n\n\n\n<li><strong>Hormigonado de alta calidad:<\/strong> Se utiliza mezcla <strong>H-30 fibrada<\/strong>, un material de alta resistencia que permite una habilitaci\u00f3n m\u00e1s \u00e1gil del flujo vehicular.<\/li>\n\n\n\n<li><strong>Terminaci\u00f3n y Juntas:<\/strong> Se realiza el aserrado y la toma de juntas con asfalto pl\u00e1stico en caliente, un proceso fundamental para evitar filtraciones de agua que comprometan la estructura a futuro.<\/li>\n<\/ol>\n\n\n\n<h3 class=\"wp-block-heading\">Mapa de Intervenciones: Puntos de Obra Activos<\/h3>\n\n\n\n<p>Las tareas se desarrollan simult\u00e1neamente en diversos cruces y arterias de alta circulaci\u00f3n, buscando mejorar la seguridad vial en puntos cr\u00edticos:<\/p>\n\n\n\n<ul class=\"wp-block-list\">\n<li><strong>Zona C\u00e9ntrica y Avenidas:<\/strong> San Mart\u00edn y Rawson, Mariano Moreno y Lavalle, y diversos tramos de las calles Mitre (1434 y 1780), 9 de Julio (altura 1200) y Col\u00f3n al 974.<\/li>\n\n\n\n<li><strong>Conexiones Barriales:<\/strong> San Lorenzo y Santa Sof\u00eda, Avellaneda y Juan B. Justo, y Joaqu\u00edn V. Gonz\u00e1lez 521.<\/li>\n\n\n\n<li><strong>Eje Calle La Plata:<\/strong> Se realizan trabajos intensivos en sus intersecciones con Capit\u00e1n Luj\u00e1n, Adelina de Maria y Entre R\u00edos.<\/li>\n<\/ul>\n\n\n\n<h3 class=\"wp-block-heading\">Impacto en la Comunidad<\/h3>\n\n\n\n<p>La recuperaci\u00f3n de estos espacios de circulaci\u00f3n en los meses recientes no solo mejora la est\u00e9tica urbana, sino que reduce significativamente el riesgo de accidentes y el desgaste mec\u00e1nico de los veh\u00edculos que transitan la zona.<\/p>\n\n\n\n<p>Desde la gesti\u00f3n municipal, se destaca que estas obras representan una inversi\u00f3n en la \u00abcalidad de vida de la comunidad\u00bb, devolviendo la transitabilidad a calles que presentaban un deterioro avanzado y transform\u00e1ndolas en v\u00edas seguras y modernas.<\/p>\n\n\n\n<hr class=\"wp-block-separator has-alpha-channel-opacity\"\/>\n\n\n\n<p><strong>Nota al lector:<\/strong> Debido a los tiempos de fraguado y las tareas de limpieza final, se recomienda circular con precauci\u00f3n en las zonas se\u00f1aladas y respetar la se\u00f1alizaci\u00f3n de obra para garantizar la seguridad de los operarios y la efectividad del nuevo pavimento.<\/p>\n","protected":false},"excerpt":{"rendered":"<p>Con el objetivo de extender la vida \u00fatil del pavimento y optimizar la circulaci\u00f3n, se realizan intervenciones estrat\u00e9gicas en m\u00e1s de una decena de puntos clave del distrito. La infraestructura&hellip; <\/p>\n","protected":false},"author":2,"featured_media":10578,"comment_status":"closed","ping_status":"closed","sticky":false,"template":"","format":"standard","meta":{"footnotes":""},"categories":[1],"tags":[],"class_list":["post-10577","post","type-post","status-publish","format-standard","has-post-thumbnail","hentry","category-uncategorized"],"yoast_head":"<!-- This site is optimized with the Yoast SEO plugin v27.3 - https:\/\/yoast.com\/product\/yoast-seo-wordpress\/ -->\n<title>Seguridad Vial y Hormig\u00f3n de Alta Resistencia: El Municipio avanza con el Plan Integral de Bacheo -<\/title>\n<meta name=\"robots\" content=\"index, follow, max-snippet:-1, max-image-preview:large, max-video-preview:-1\" \/>\n<link rel=\"canonical\" href=\"https:\/\/elciudadanodelujan.com.ar\/?p=10577\" \/>\n<meta property=\"og:locale\" content=\"es_ES\" \/>\n<meta property=\"og:type\" content=\"article\" \/>\n<meta property=\"og:title\" content=\"Seguridad Vial y Hormig\u00f3n de Alta Resistencia: El Municipio avanza con el Plan Integral de Bacheo -\" \/>\n<meta property=\"og:description\" content=\"Con el objetivo de extender la vida \u00fatil del pavimento y optimizar la circulaci\u00f3n, se realizan intervenciones estrat\u00e9gicas en m\u00e1s de una decena de puntos clave del distrito. La infraestructura&hellip;\" \/>\n<meta property=\"og:url\" content=\"https:\/\/elciudadanodelujan.com.ar\/?p=10577\" \/>\n<meta property=\"article:publisher\" content=\"https:\/\/www.facebook.com\/elciudadanodelujan\" \/>\n<meta property=\"article:published_time\" content=\"2026-01-28T21:45:24+00:00\" \/>\n<meta property=\"article:modified_time\" content=\"2026-01-28T21:49:06+00:00\" \/>\n<meta property=\"og:image\" content=\"https:\/\/elciudadanodelujan.com.ar\/wp-content\/uploads\/2026\/01\/image-49-1024x681.png\" \/>\n\t<meta property=\"og:image:width\" content=\"1024\" \/>\n\t<meta property=\"og:image:height\" content=\"681\" \/>\n\t<meta property=\"og:image:type\" content=\"image\/png\" \/>\n<meta name=\"author\" content=\"Osvaldo Cabral\" \/>\n<meta name=\"twitter:card\" content=\"summary_large_image\" \/>\n<meta name=\"twitter:label1\" content=\"Escrito por\" \/>\n\t<meta name=\"twitter:data1\" content=\"Osvaldo Cabral\" \/>\n\t<meta name=\"twitter:label2\" content=\"Tiempo de lectura\" \/>\n\t<meta name=\"twitter:data2\" content=\"3 minutos\" \/>\n<script type=\"application\/ld+json\" class=\"yoast-schema-graph\">{\"@context\":\"https:\\\/\\\/schema.org\",\"@graph\":[{\"@type\":\"Article\",\"@id\":\"https:\\\/\\\/elciudadanodelujan.com.ar\\\/?p=10577#article\",\"isPartOf\":{\"@id\":\"https:\\\/\\\/elciudadanodelujan.com.ar\\\/?p=10577\"},\"author\":{\"name\":\"Osvaldo Cabral\",\"@id\":\"https:\\\/\\\/elciudadanodelujan.com.ar\\\/#\\\/schema\\\/person\\\/6e4147c312281a224c424b0ca2b1d439\"},\"headline\":\"Seguridad Vial y Hormig\u00f3n de Alta Resistencia: El Municipio avanza con el Plan Integral de Bacheo\",\"datePublished\":\"2026-01-28T21:45:24+00:00\",\"dateModified\":\"2026-01-28T21:49:06+00:00\",\"mainEntityOfPage\":{\"@id\":\"https:\\\/\\\/elciudadanodelujan.com.ar\\\/?p=10577\"},\"wordCount\":469,\"publisher\":{\"@id\":\"https:\\\/\\\/elciudadanodelujan.com.ar\\\/#organization\"},\"image\":{\"@id\":\"https:\\\/\\\/elciudadanodelujan.com.ar\\\/?p=10577#primaryimage\"},\"thumbnailUrl\":\"https:\\\/\\\/elciudadanodelujan.com.ar\\\/wp-content\\\/uploads\\\/2026\\\/01\\\/image-49.png\",\"articleSection\":[\"Actualidad\"],\"inLanguage\":\"es\"},{\"@type\":\"WebPage\",\"@id\":\"https:\\\/\\\/elciudadanodelujan.com.ar\\\/?p=10577\",\"url\":\"https:\\\/\\\/elciudadanodelujan.com.ar\\\/?p=10577\",\"name\":\"Seguridad Vial y Hormig\u00f3n de Alta Resistencia: El Municipio avanza con el Plan Integral de Bacheo -\",\"isPartOf\":{\"@id\":\"https:\\\/\\\/elciudadanodelujan.com.ar\\\/#website\"},\"primaryImageOfPage\":{\"@id\":\"https:\\\/\\\/elciudadanodelujan.com.ar\\\/?p=10577#primaryimage\"},\"image\":{\"@id\":\"https:\\\/\\\/elciudadanodelujan.com.ar\\\/?p=10577#primaryimage\"},\"thumbnailUrl\":\"https:\\\/\\\/elciudadanodelujan.com.ar\\\/wp-content\\\/uploads\\\/2026\\\/01\\\/image-49.png\",\"datePublished\":\"2026-01-28T21:45:24+00:00\",\"dateModified\":\"2026-01-28T21:49:06+00:00\",\"breadcrumb\":{\"@id\":\"https:\\\/\\\/elciudadanodelujan.com.ar\\\/?p=10577#breadcrumb\"},\"inLanguage\":\"es\",\"potentialAction\":[{\"@type\":\"ReadAction\",\"target\":[\"https:\\\/\\\/elciudadanodelujan.com.ar\\\/?p=10577\"]}]},{\"@type\":\"ImageObject\",\"inLanguage\":\"es\",\"@id\":\"https:\\\/\\\/elciudadanodelujan.com.ar\\\/?p=10577#primaryimage\",\"url\":\"https:\\\/\\\/elciudadanodelujan.com.ar\\\/wp-content\\\/uploads\\\/2026\\\/01\\\/image-49.png\",\"contentUrl\":\"https:\\\/\\\/elciudadanodelujan.com.ar\\\/wp-content\\\/uploads\\\/2026\\\/01\\\/image-49.png\",\"width\":1600,\"height\":1064},{\"@type\":\"BreadcrumbList\",\"@id\":\"https:\\\/\\\/elciudadanodelujan.com.ar\\\/?p=10577#breadcrumb\",\"itemListElement\":[{\"@type\":\"ListItem\",\"position\":1,\"name\":\"Home\",\"item\":\"https:\\\/\\\/elciudadanodelujan.com.ar\\\/\"},{\"@type\":\"ListItem\",\"position\":2,\"name\":\"Seguridad Vial y Hormig\u00f3n de Alta Resistencia: El Municipio avanza con el Plan Integral de Bacheo\"}]},{\"@type\":\"WebSite\",\"@id\":\"https:\\\/\\\/elciudadanodelujan.com.ar\\\/#website\",\"url\":\"https:\\\/\\\/elciudadanodelujan.com.ar\\\/\",\"name\":\"https:\\\/\\\/elciudadanodelujan.com.ar\",\"description\":\"Noticias de inter\u00e9s general y periodismo de investigaci\u00f3n\",\"publisher\":{\"@id\":\"https:\\\/\\\/elciudadanodelujan.com.ar\\\/#organization\"},\"potentialAction\":[{\"@type\":\"SearchAction\",\"target\":{\"@type\":\"EntryPoint\",\"urlTemplate\":\"https:\\\/\\\/elciudadanodelujan.com.ar\\\/?s={search_term_string}\"},\"query-input\":{\"@type\":\"PropertyValueSpecification\",\"valueRequired\":true,\"valueName\":\"search_term_string\"}}],\"inLanguage\":\"es\"},{\"@type\":\"Organization\",\"@id\":\"https:\\\/\\\/elciudadanodelujan.com.ar\\\/#organization\",\"name\":\"El Ciudadano de Lujan\",\"url\":\"https:\\\/\\\/elciudadanodelujan.com.ar\\\/\",\"logo\":{\"@type\":\"ImageObject\",\"inLanguage\":\"es\",\"@id\":\"https:\\\/\\\/elciudadanodelujan.com.ar\\\/#\\\/schema\\\/logo\\\/image\\\/\",\"url\":\"https:\\\/\\\/elciudadanodelujan.com.ar\\\/wp-content\\\/uploads\\\/2025\\\/01\\\/logo_El_Ciudadano.jpg\",\"contentUrl\":\"https:\\\/\\\/elciudadanodelujan.com.ar\\\/wp-content\\\/uploads\\\/2025\\\/01\\\/logo_El_Ciudadano.jpg\",\"width\":500,\"height\":123,\"caption\":\"El Ciudadano de Lujan\"},\"image\":{\"@id\":\"https:\\\/\\\/elciudadanodelujan.com.ar\\\/#\\\/schema\\\/logo\\\/image\\\/\"},\"sameAs\":[\"https:\\\/\\\/www.facebook.com\\\/elciudadanodelujan\"]},{\"@type\":\"Person\",\"@id\":\"https:\\\/\\\/elciudadanodelujan.com.ar\\\/#\\\/schema\\\/person\\\/6e4147c312281a224c424b0ca2b1d439\",\"name\":\"Osvaldo Cabral\",\"image\":{\"@type\":\"ImageObject\",\"inLanguage\":\"es\",\"@id\":\"https:\\\/\\\/secure.gravatar.com\\\/avatar\\\/c4c6a8aea430571651e7d6992bdfdff335bbe96580656f78299d10ca9a6c1ae9?s=96&d=mm&r=g\",\"url\":\"https:\\\/\\\/secure.gravatar.com\\\/avatar\\\/c4c6a8aea430571651e7d6992bdfdff335bbe96580656f78299d10ca9a6c1ae9?s=96&d=mm&r=g\",\"contentUrl\":\"https:\\\/\\\/secure.gravatar.com\\\/avatar\\\/c4c6a8aea430571651e7d6992bdfdff335bbe96580656f78299d10ca9a6c1ae9?s=96&d=mm&r=g\",\"caption\":\"Osvaldo Cabral\"},\"url\":\"https:\\\/\\\/elciudadanodelujan.com.ar\\\/?author=2\"}]}<\/script>\n<!-- \/ Yoast SEO plugin. -->","yoast_head_json":{"title":"Seguridad Vial y Hormig\u00f3n de Alta Resistencia: El Municipio avanza con el Plan Integral de Bacheo -","robots":{"index":"index","follow":"follow","max-snippet":"max-snippet:-1","max-image-preview":"max-image-preview:large","max-video-preview":"max-video-preview:-1"},"canonical":"https:\/\/elciudadanodelujan.com.ar\/?p=10577","og_locale":"es_ES","og_type":"article","og_title":"Seguridad Vial y Hormig\u00f3n de Alta Resistencia: El Municipio avanza con el Plan Integral de Bacheo -","og_description":"Con el objetivo de extender la vida \u00fatil del pavimento y optimizar la circulaci\u00f3n, se realizan intervenciones estrat\u00e9gicas en m\u00e1s de una decena de puntos clave del distrito. La infraestructura&hellip;","og_url":"https:\/\/elciudadanodelujan.com.ar\/?p=10577","article_publisher":"https:\/\/www.facebook.com\/elciudadanodelujan","article_published_time":"2026-01-28T21:45:24+00:00","article_modified_time":"2026-01-28T21:49:06+00:00","og_image":[{"width":1024,"height":681,"url":"https:\/\/elciudadanodelujan.com.ar\/wp-content\/uploads\/2026\/01\/image-49-1024x681.png","type":"image\/png"}],"author":"Osvaldo Cabral","twitter_card":"summary_large_image","twitter_misc":{"Escrito por":"Osvaldo Cabral","Tiempo de lectura":"3 minutos"},"schema":{"@context":"https:\/\/schema.org","@graph":[{"@type":"Article","@id":"https:\/\/elciudadanodelujan.com.ar\/?p=10577#article","isPartOf":{"@id":"https:\/\/elciudadanodelujan.com.ar\/?p=10577"},"author":{"name":"Osvaldo Cabral","@id":"https:\/\/elciudadanodelujan.com.ar\/#\/schema\/person\/6e4147c312281a224c424b0ca2b1d439"},"headline":"Seguridad Vial y Hormig\u00f3n de Alta Resistencia: El Municipio avanza con el Plan Integral de Bacheo","datePublished":"2026-01-28T21:45:24+00:00","dateModified":"2026-01-28T21:49:06+00:00","mainEntityOfPage":{"@id":"https:\/\/elciudadanodelujan.com.ar\/?p=10577"},"wordCount":469,"publisher":{"@id":"https:\/\/elciudadanodelujan.com.ar\/#organization"},"image":{"@id":"https:\/\/elciudadanodelujan.com.ar\/?p=10577#primaryimage"},"thumbnailUrl":"https:\/\/elciudadanodelujan.com.ar\/wp-content\/uploads\/2026\/01\/image-49.png","articleSection":["Actualidad"],"inLanguage":"es"},{"@type":"WebPage","@id":"https:\/\/elciudadanodelujan.com.ar\/?p=10577","url":"https:\/\/elciudadanodelujan.com.ar\/?p=10577","name":"Seguridad Vial y Hormig\u00f3n de Alta Resistencia: El Municipio avanza con el Plan Integral de Bacheo -","isPartOf":{"@id":"https:\/\/elciudadanodelujan.com.ar\/#website"},"primaryImageOfPage":{"@id":"https:\/\/elciudadanodelujan.com.ar\/?p=10577#primaryimage"},"image":{"@id":"https:\/\/elciudadanodelujan.com.ar\/?p=10577#primaryimage"},"thumbnailUrl":"https:\/\/elciudadanodelujan.com.ar\/wp-content\/uploads\/2026\/01\/image-49.png","datePublished":"2026-01-28T21:45:24+00:00","dateModified":"2026-01-28T21:49:06+00:00","breadcrumb":{"@id":"https:\/\/elciudadanodelujan.com.ar\/?p=10577#breadcrumb"},"inLanguage":"es","potentialAction":[{"@type":"ReadAction","target":["https:\/\/elciudadanodelujan.com.ar\/?p=10577"]}]},{"@type":"ImageObject","inLanguage":"es","@id":"https:\/\/elciudadanodelujan.com.ar\/?p=10577#primaryimage","url":"https:\/\/elciudadanodelujan.com.ar\/wp-content\/uploads\/2026\/01\/image-49.png","contentUrl":"https:\/\/elciudadanodelujan.com.ar\/wp-content\/uploads\/2026\/01\/image-49.png","width":1600,"height":1064},{"@type":"BreadcrumbList","@id":"https:\/\/elciudadanodelujan.com.ar\/?p=10577#breadcrumb","itemListElement":[{"@type":"ListItem","position":1,"name":"Home","item":"https:\/\/elciudadanodelujan.com.ar\/"},{"@type":"ListItem","position":2,"name":"Seguridad Vial y Hormig\u00f3n de Alta Resistencia: El Municipio avanza con el Plan Integral de Bacheo"}]},{"@type":"WebSite","@id":"https:\/\/elciudadanodelujan.com.ar\/#website","url":"https:\/\/elciudadanodelujan.com.ar\/","name":"https:\/\/elciudadanodelujan.com.ar","description":"Noticias de inter\u00e9s general y periodismo de investigaci\u00f3n","publisher":{"@id":"https:\/\/elciudadanodelujan.com.ar\/#organization"},"potentialAction":[{"@type":"SearchAction","target":{"@type":"EntryPoint","urlTemplate":"https:\/\/elciudadanodelujan.com.ar\/?s={search_term_string}"},"query-input":{"@type":"PropertyValueSpecification","valueRequired":true,"valueName":"search_term_string"}}],"inLanguage":"es"},{"@type":"Organization","@id":"https:\/\/elciudadanodelujan.com.ar\/#organization","name":"El Ciudadano de Lujan","url":"https:\/\/elciudadanodelujan.com.ar\/","logo":{"@type":"ImageObject","inLanguage":"es","@id":"https:\/\/elciudadanodelujan.com.ar\/#\/schema\/logo\/image\/","url":"https:\/\/elciudadanodelujan.com.ar\/wp-content\/uploads\/2025\/01\/logo_El_Ciudadano.jpg","contentUrl":"https:\/\/elciudadanodelujan.com.ar\/wp-content\/uploads\/2025\/01\/logo_El_Ciudadano.jpg","width":500,"height":123,"caption":"El Ciudadano de Lujan"},"image":{"@id":"https:\/\/elciudadanodelujan.com.ar\/#\/schema\/logo\/image\/"},"sameAs":["https:\/\/www.facebook.com\/elciudadanodelujan"]},{"@type":"Person","@id":"https:\/\/elciudadanodelujan.com.ar\/#\/schema\/person\/6e4147c312281a224c424b0ca2b1d439","name":"Osvaldo Cabral","image":{"@type":"ImageObject","inLanguage":"es","@id":"https:\/\/secure.gravatar.com\/avatar\/c4c6a8aea430571651e7d6992bdfdff335bbe96580656f78299d10ca9a6c1ae9?s=96&d=mm&r=g","url":"https:\/\/secure.gravatar.com\/avatar\/c4c6a8aea430571651e7d6992bdfdff335bbe96580656f78299d10ca9a6c1ae9?s=96&d=mm&r=g","contentUrl":"https:\/\/secure.gravatar.com\/avatar\/c4c6a8aea430571651e7d6992bdfdff335bbe96580656f78299d10ca9a6c1ae9?s=96&d=mm&r=g","caption":"Osvaldo Cabral"},"url":"https:\/\/elciudadanodelujan.com.ar\/?author=2"}]}},"_links":{"self":[{"href":"https:\/\/elciudadanodelujan.com.ar\/index.php?rest_route=\/wp\/v2\/posts\/10577","targetHints":{"allow":["GET"]}}],"collection":[{"href":"https:\/\/elciudadanodelujan.com.ar\/index.php?rest_route=\/wp\/v2\/posts"}],"about":[{"href":"https:\/\/elciudadanodelujan.com.ar\/index.php?rest_route=\/wp\/v2\/types\/post"}],"author":[{"embeddable":true,"href":"https:\/\/elciudadanodelujan.com.ar\/index.php?rest_route=\/wp\/v2\/users\/2"}],"replies":[{"embeddable":true,"href":"https:\/\/elciudadanodelujan.com.ar\/index.php?rest_route=%2Fwp%2Fv2%2Fcomments&post=10577"}],"version-history":[{"count":2,"href":"https:\/\/elciudadanodelujan.com.ar\/index.php?rest_route=\/wp\/v2\/posts\/10577\/revisions"}],"predecessor-version":[{"id":10581,"href":"https:\/\/elciudadanodelujan.com.ar\/index.php?rest_route=\/wp\/v2\/posts\/10577\/revisions\/10581"}],"wp:featuredmedia":[{"embeddable":true,"href":"https:\/\/elciudadanodelujan.com.ar\/index.php?rest_route=\/wp\/v2\/media\/10578"}],"wp:attachment":[{"href":"https:\/\/elciudadanodelujan.com.ar\/index.php?rest_route=%2Fwp%2Fv2%2Fmedia&parent=10577"}],"wp:term":[{"taxonomy":"category","embeddable":true,"href":"https:\/\/elciudadanodelujan.com.ar\/index.php?rest_route=%2Fwp%2Fv2%2Fcategories&post=10577"},{"taxonomy":"post_tag","embeddable":true,"href":"https:\/\/elciudadanodelujan.com.ar\/index.php?rest_route=%2Fwp%2Fv2%2Ftags&post=10577"}],"curies":[{"name":"wp","href":"https:\/\/api.w.org\/{rel}","templated":true}]}}