{"id":10574,"date":"2026-01-28T18:43:10","date_gmt":"2026-01-28T21:43:10","guid":{"rendered":"https:\/\/elciudadanodelujan.com.ar\/?p=10574"},"modified":"2026-01-28T18:43:25","modified_gmt":"2026-01-28T21:43:25","slug":"la-plaza-colon-recupera-su-esplendor-un-hito-de-identidad-y-patrimonio-que-vuelve-a-brillar","status":"publish","type":"post","link":"https:\/\/elciudadanodelujan.com.ar\/?p=10574","title":{"rendered":"La Plaza Col\u00f3n recupera su esplendor: Un hito de identidad y patrimonio que vuelve a brillar"},"content":{"rendered":"\n<h2 class=\"wp-block-heading\"><strong>El Municipio complet\u00f3 una serie de trabajos integrales de puesta en valor en uno de los espacios p\u00fablicos m\u00e1s emblem\u00e1ticos de la ciudad. Desde la restauraci\u00f3n de esculturas hist\u00f3ricas hasta la renovaci\u00f3n de su dise\u00f1o paisaj\u00edstico, la plaza se consolida como el coraz\u00f3n del orgullo lujanense.<\/strong><\/h2>\n\n\n\n<figure class=\"wp-block-image size-full\"><img loading=\"lazy\" decoding=\"async\" width=\"872\" height=\"572\" src=\"https:\/\/elciudadanodelujan.com.ar\/wp-content\/uploads\/2026\/01\/image-48.png\" alt=\"\" class=\"wp-image-10575\" srcset=\"https:\/\/elciudadanodelujan.com.ar\/wp-content\/uploads\/2026\/01\/image-48.png 872w, https:\/\/elciudadanodelujan.com.ar\/wp-content\/uploads\/2026\/01\/image-48-300x197.png 300w, https:\/\/elciudadanodelujan.com.ar\/wp-content\/uploads\/2026\/01\/image-48-768x504.png 768w\" sizes=\"auto, (max-width: 872px) 100vw, 872px\" \/><\/figure>\n\n\n\n<p>La Plaza Col\u00f3n no es solo un trazado de veredas y \u00e1rboles; es el espejo de la historia de Luj\u00e1n. Entendiendo su peso simb\u00f3lico, el Municipio ha avanzado en un ambicioso plan de recuperaci\u00f3n y revalorizaci\u00f3n de este patrimonio arquitect\u00f3nico y natural, logrando que el presente dialogue armoniosamente con el pasado.<\/p>\n\n\n\n<h3 class=\"wp-block-heading\">Paisajismo y Naturaleza: Un jard\u00edn renovado<\/h3>\n\n\n\n<p>La intervenci\u00f3n est\u00e9tica comenz\u00f3 desde la tierra misma. Se realizaron intensos trabajos de jardiner\u00eda que incluyeron la puesta en valor de los canteros y la incorporaci\u00f3n de especies seleccionadas para enriquecer el ecosistema visual de la plaza. Entre las nuevas plantaciones se destacan:<\/p>\n\n\n\n<ul class=\"wp-block-list\">\n<li><strong>\u00c1rboles y arbustos:<\/strong> Ciruelos, laurel del pa\u00eds y la ex\u00f3tica acacia de Jap\u00f3n.<\/li>\n\n\n\n<li><strong>Florales:<\/strong> Rosales que aportan color y perfume al paseo.<\/li>\n<\/ul>\n\n\n\n<p>Para garantizar la perdurabilidad de estas mejoras, se ejecut\u00f3 un mantenimiento general del sistema de riego, junto con tareas espec\u00edficas de poda y fertilizaci\u00f3n t\u00e9cnica.<\/p>\n\n\n\n<h3 class=\"wp-block-heading\">Infraestructura y Detalles Arquitect\u00f3nicos<\/h3>\n\n\n\n<p>El proceso de \u00abpuesta en valor\u00bb alcanz\u00f3 cada rinc\u00f3n del mobiliario urbano. Se llevaron a cabo mejoras sustanciales en las veredas, el recambio de bancos y la renovaci\u00f3n de la piedra gran\u00edtica.<\/p>\n\n\n\n<p>Un punto destacado de la obra fue la recuperaci\u00f3n de los hist\u00f3ricos <strong>arcos de entrada<\/strong> ubicados en las esquinas de Col\u00f3n y San Mart\u00edn, y Mariano Moreno y Mitre. Estas estructuras, que funcionan como portales al descanso urbano, fueron reparadas integralmente junto con el resto de las instalaciones de la plaza.<\/p>\n\n\n\n<h3 class=\"wp-block-heading\">El Arte de Restaurar el Tiempo<\/h3>\n\n\n\n<p>Uno de los aspectos m\u00e1s emotivos de la intervenci\u00f3n es la restauraci\u00f3n de las esculturas que rodean la fuente central. Bajo las manos expertas de los artistas <strong>Ver\u00f3nica Repetto y Mariano Blanco<\/strong>, las figuras representativas de <strong>Oto\u00f1o, Verano y Primavera<\/strong> ya lucen renovadas.<\/p>\n\n\n\n<p>Actualmente, el equipo t\u00e9cnico contin\u00faa trabajando en la cuarta escultura, el <strong>Invierno<\/strong>, y en la emblem\u00e1tica imagen del <strong>C\u00f3ndor<\/strong>, piezas clave de la carga emocional que los vecinos asocian con este espacio.<\/p>\n\n\n\n<h3 class=\"wp-block-heading\">Un poco de historia: De \u00abCampo de Pastoreo\u00bb a Centro C\u00edvico<\/h3>\n\n\n\n<p>La importancia de esta intervenci\u00f3n radica en la rica historia que custodia la Plaza Col\u00f3n. Originalmente, en 1821, este terreno era parte del \u00abCampo de Pastoreo\u00bb del Cabildo. Con el paso de las d\u00e9cadas, evolucion\u00f3 de una zona perif\u00e9rica a un espacio urbano central.<\/p>\n\n\n\n<p>Su fisonom\u00eda actual se debe, en gran medida, a la consolidaci\u00f3n ocurrida entre las d\u00e9cadas de 1920 y 1930. Fue en ese periodo cuando se instalaron los cl\u00e1sicos bancos de may\u00f3lica y se estableci\u00f3 el arbolado dise\u00f1ado por <strong>Carmelo Y\u00e1\u00f1ez<\/strong>, convirtiendo a la plaza en un hito paisaj\u00edstico y cultural ineludible para cualquier lujanense.<\/p>\n\n\n\n<hr class=\"wp-block-separator has-alpha-channel-opacity\"\/>\n\n\n\n<p><strong>Reflexi\u00f3n editorial:<\/strong> Recuperar la Plaza Col\u00f3n es mucho m\u00e1s que una tarea de mantenimiento; es un acto de respeto hacia la identidad local. En un mundo que suele olvidar lo artesanal y lo t\u00e9cnico, el embellecimiento de este espacio demuestra que el cuidado por el detalle y el respeto por el dise\u00f1o original son los pilares de una comunidad que valora su propia historia.<\/p>\n","protected":false},"excerpt":{"rendered":"<p>El Municipio complet\u00f3 una serie de trabajos integrales de puesta en valor en uno de los espacios p\u00fablicos m\u00e1s emblem\u00e1ticos de la ciudad. Desde la restauraci\u00f3n de esculturas hist\u00f3ricas hasta&hellip; <\/p>\n","protected":false},"author":2,"featured_media":10575,"comment_status":"closed","ping_status":"closed","sticky":false,"template":"","format":"standard","meta":{"footnotes":""},"categories":[4],"tags":[],"class_list":["post-10574","post","type-post","status-publish","format-standard","has-post-thumbnail","hentry","category-barriales"],"yoast_head":"<!-- This site is optimized with the Yoast SEO plugin v27.3 - https:\/\/yoast.com\/product\/yoast-seo-wordpress\/ -->\n<title>La Plaza Col\u00f3n recupera su esplendor: Un hito de identidad y patrimonio que vuelve a brillar -<\/title>\n<meta name=\"robots\" content=\"index, follow, max-snippet:-1, max-image-preview:large, max-video-preview:-1\" \/>\n<link rel=\"canonical\" href=\"https:\/\/elciudadanodelujan.com.ar\/?p=10574\" \/>\n<meta property=\"og:locale\" content=\"es_ES\" \/>\n<meta property=\"og:type\" content=\"article\" \/>\n<meta property=\"og:title\" content=\"La Plaza Col\u00f3n recupera su esplendor: Un hito de identidad y patrimonio que vuelve a brillar -\" \/>\n<meta property=\"og:description\" content=\"El Municipio complet\u00f3 una serie de trabajos integrales de puesta en valor en uno de los espacios p\u00fablicos m\u00e1s emblem\u00e1ticos de la ciudad. Desde la restauraci\u00f3n de esculturas hist\u00f3ricas hasta&hellip;\" \/>\n<meta property=\"og:url\" content=\"https:\/\/elciudadanodelujan.com.ar\/?p=10574\" \/>\n<meta property=\"article:publisher\" content=\"https:\/\/www.facebook.com\/elciudadanodelujan\" \/>\n<meta property=\"article:published_time\" content=\"2026-01-28T21:43:10+00:00\" \/>\n<meta property=\"article:modified_time\" content=\"2026-01-28T21:43:25+00:00\" \/>\n<meta property=\"og:image\" content=\"https:\/\/elciudadanodelujan.com.ar\/wp-content\/uploads\/2026\/01\/image-48.png\" \/>\n\t<meta property=\"og:image:width\" content=\"872\" \/>\n\t<meta property=\"og:image:height\" content=\"572\" \/>\n\t<meta property=\"og:image:type\" content=\"image\/png\" \/>\n<meta name=\"author\" content=\"Osvaldo Cabral\" \/>\n<meta name=\"twitter:card\" content=\"summary_large_image\" \/>\n<meta name=\"twitter:label1\" content=\"Escrito por\" \/>\n\t<meta name=\"twitter:data1\" content=\"Osvaldo Cabral\" \/>\n\t<meta name=\"twitter:label2\" content=\"Tiempo de lectura\" \/>\n\t<meta name=\"twitter:data2\" content=\"3 minutos\" \/>\n<script type=\"application\/ld+json\" class=\"yoast-schema-graph\">{\"@context\":\"https:\\\/\\\/schema.org\",\"@graph\":[{\"@type\":\"Article\",\"@id\":\"https:\\\/\\\/elciudadanodelujan.com.ar\\\/?p=10574#article\",\"isPartOf\":{\"@id\":\"https:\\\/\\\/elciudadanodelujan.com.ar\\\/?p=10574\"},\"author\":{\"name\":\"Osvaldo Cabral\",\"@id\":\"https:\\\/\\\/elciudadanodelujan.com.ar\\\/#\\\/schema\\\/person\\\/6e4147c312281a224c424b0ca2b1d439\"},\"headline\":\"La Plaza Col\u00f3n recupera su esplendor: Un hito de identidad y patrimonio que vuelve a brillar\",\"datePublished\":\"2026-01-28T21:43:10+00:00\",\"dateModified\":\"2026-01-28T21:43:25+00:00\",\"mainEntityOfPage\":{\"@id\":\"https:\\\/\\\/elciudadanodelujan.com.ar\\\/?p=10574\"},\"wordCount\":609,\"publisher\":{\"@id\":\"https:\\\/\\\/elciudadanodelujan.com.ar\\\/#organization\"},\"image\":{\"@id\":\"https:\\\/\\\/elciudadanodelujan.com.ar\\\/?p=10574#primaryimage\"},\"thumbnailUrl\":\"https:\\\/\\\/elciudadanodelujan.com.ar\\\/wp-content\\\/uploads\\\/2026\\\/01\\\/image-48.png\",\"articleSection\":[\"BARRIALES\"],\"inLanguage\":\"es\"},{\"@type\":\"WebPage\",\"@id\":\"https:\\\/\\\/elciudadanodelujan.com.ar\\\/?p=10574\",\"url\":\"https:\\\/\\\/elciudadanodelujan.com.ar\\\/?p=10574\",\"name\":\"La Plaza Col\u00f3n recupera su esplendor: Un hito de identidad y patrimonio que vuelve a brillar -\",\"isPartOf\":{\"@id\":\"https:\\\/\\\/elciudadanodelujan.com.ar\\\/#website\"},\"primaryImageOfPage\":{\"@id\":\"https:\\\/\\\/elciudadanodelujan.com.ar\\\/?p=10574#primaryimage\"},\"image\":{\"@id\":\"https:\\\/\\\/elciudadanodelujan.com.ar\\\/?p=10574#primaryimage\"},\"thumbnailUrl\":\"https:\\\/\\\/elciudadanodelujan.com.ar\\\/wp-content\\\/uploads\\\/2026\\\/01\\\/image-48.png\",\"datePublished\":\"2026-01-28T21:43:10+00:00\",\"dateModified\":\"2026-01-28T21:43:25+00:00\",\"breadcrumb\":{\"@id\":\"https:\\\/\\\/elciudadanodelujan.com.ar\\\/?p=10574#breadcrumb\"},\"inLanguage\":\"es\",\"potentialAction\":[{\"@type\":\"ReadAction\",\"target\":[\"https:\\\/\\\/elciudadanodelujan.com.ar\\\/?p=10574\"]}]},{\"@type\":\"ImageObject\",\"inLanguage\":\"es\",\"@id\":\"https:\\\/\\\/elciudadanodelujan.com.ar\\\/?p=10574#primaryimage\",\"url\":\"https:\\\/\\\/elciudadanodelujan.com.ar\\\/wp-content\\\/uploads\\\/2026\\\/01\\\/image-48.png\",\"contentUrl\":\"https:\\\/\\\/elciudadanodelujan.com.ar\\\/wp-content\\\/uploads\\\/2026\\\/01\\\/image-48.png\",\"width\":872,\"height\":572},{\"@type\":\"BreadcrumbList\",\"@id\":\"https:\\\/\\\/elciudadanodelujan.com.ar\\\/?p=10574#breadcrumb\",\"itemListElement\":[{\"@type\":\"ListItem\",\"position\":1,\"name\":\"Home\",\"item\":\"https:\\\/\\\/elciudadanodelujan.com.ar\\\/\"},{\"@type\":\"ListItem\",\"position\":2,\"name\":\"La Plaza Col\u00f3n recupera su esplendor: Un hito de identidad y patrimonio que vuelve a brillar\"}]},{\"@type\":\"WebSite\",\"@id\":\"https:\\\/\\\/elciudadanodelujan.com.ar\\\/#website\",\"url\":\"https:\\\/\\\/elciudadanodelujan.com.ar\\\/\",\"name\":\"https:\\\/\\\/elciudadanodelujan.com.ar\",\"description\":\"Noticias de inter\u00e9s general y periodismo de investigaci\u00f3n\",\"publisher\":{\"@id\":\"https:\\\/\\\/elciudadanodelujan.com.ar\\\/#organization\"},\"potentialAction\":[{\"@type\":\"SearchAction\",\"target\":{\"@type\":\"EntryPoint\",\"urlTemplate\":\"https:\\\/\\\/elciudadanodelujan.com.ar\\\/?s={search_term_string}\"},\"query-input\":{\"@type\":\"PropertyValueSpecification\",\"valueRequired\":true,\"valueName\":\"search_term_string\"}}],\"inLanguage\":\"es\"},{\"@type\":\"Organization\",\"@id\":\"https:\\\/\\\/elciudadanodelujan.com.ar\\\/#organization\",\"name\":\"El Ciudadano de Lujan\",\"url\":\"https:\\\/\\\/elciudadanodelujan.com.ar\\\/\",\"logo\":{\"@type\":\"ImageObject\",\"inLanguage\":\"es\",\"@id\":\"https:\\\/\\\/elciudadanodelujan.com.ar\\\/#\\\/schema\\\/logo\\\/image\\\/\",\"url\":\"https:\\\/\\\/elciudadanodelujan.com.ar\\\/wp-content\\\/uploads\\\/2025\\\/01\\\/logo_El_Ciudadano.jpg\",\"contentUrl\":\"https:\\\/\\\/elciudadanodelujan.com.ar\\\/wp-content\\\/uploads\\\/2025\\\/01\\\/logo_El_Ciudadano.jpg\",\"width\":500,\"height\":123,\"caption\":\"El Ciudadano de Lujan\"},\"image\":{\"@id\":\"https:\\\/\\\/elciudadanodelujan.com.ar\\\/#\\\/schema\\\/logo\\\/image\\\/\"},\"sameAs\":[\"https:\\\/\\\/www.facebook.com\\\/elciudadanodelujan\"]},{\"@type\":\"Person\",\"@id\":\"https:\\\/\\\/elciudadanodelujan.com.ar\\\/#\\\/schema\\\/person\\\/6e4147c312281a224c424b0ca2b1d439\",\"name\":\"Osvaldo Cabral\",\"image\":{\"@type\":\"ImageObject\",\"inLanguage\":\"es\",\"@id\":\"https:\\\/\\\/secure.gravatar.com\\\/avatar\\\/c4c6a8aea430571651e7d6992bdfdff335bbe96580656f78299d10ca9a6c1ae9?s=96&d=mm&r=g\",\"url\":\"https:\\\/\\\/secure.gravatar.com\\\/avatar\\\/c4c6a8aea430571651e7d6992bdfdff335bbe96580656f78299d10ca9a6c1ae9?s=96&d=mm&r=g\",\"contentUrl\":\"https:\\\/\\\/secure.gravatar.com\\\/avatar\\\/c4c6a8aea430571651e7d6992bdfdff335bbe96580656f78299d10ca9a6c1ae9?s=96&d=mm&r=g\",\"caption\":\"Osvaldo Cabral\"},\"url\":\"https:\\\/\\\/elciudadanodelujan.com.ar\\\/?author=2\"}]}<\/script>\n<!-- \/ Yoast SEO plugin. -->","yoast_head_json":{"title":"La Plaza Col\u00f3n recupera su esplendor: Un hito de identidad y patrimonio que vuelve a brillar -","robots":{"index":"index","follow":"follow","max-snippet":"max-snippet:-1","max-image-preview":"max-image-preview:large","max-video-preview":"max-video-preview:-1"},"canonical":"https:\/\/elciudadanodelujan.com.ar\/?p=10574","og_locale":"es_ES","og_type":"article","og_title":"La Plaza Col\u00f3n recupera su esplendor: Un hito de identidad y patrimonio que vuelve a brillar -","og_description":"El Municipio complet\u00f3 una serie de trabajos integrales de puesta en valor en uno de los espacios p\u00fablicos m\u00e1s emblem\u00e1ticos de la ciudad. Desde la restauraci\u00f3n de esculturas hist\u00f3ricas hasta&hellip;","og_url":"https:\/\/elciudadanodelujan.com.ar\/?p=10574","article_publisher":"https:\/\/www.facebook.com\/elciudadanodelujan","article_published_time":"2026-01-28T21:43:10+00:00","article_modified_time":"2026-01-28T21:43:25+00:00","og_image":[{"width":872,"height":572,"url":"https:\/\/elciudadanodelujan.com.ar\/wp-content\/uploads\/2026\/01\/image-48.png","type":"image\/png"}],"author":"Osvaldo Cabral","twitter_card":"summary_large_image","twitter_misc":{"Escrito por":"Osvaldo Cabral","Tiempo de lectura":"3 minutos"},"schema":{"@context":"https:\/\/schema.org","@graph":[{"@type":"Article","@id":"https:\/\/elciudadanodelujan.com.ar\/?p=10574#article","isPartOf":{"@id":"https:\/\/elciudadanodelujan.com.ar\/?p=10574"},"author":{"name":"Osvaldo Cabral","@id":"https:\/\/elciudadanodelujan.com.ar\/#\/schema\/person\/6e4147c312281a224c424b0ca2b1d439"},"headline":"La Plaza Col\u00f3n recupera su esplendor: Un hito de identidad y patrimonio que vuelve a brillar","datePublished":"2026-01-28T21:43:10+00:00","dateModified":"2026-01-28T21:43:25+00:00","mainEntityOfPage":{"@id":"https:\/\/elciudadanodelujan.com.ar\/?p=10574"},"wordCount":609,"publisher":{"@id":"https:\/\/elciudadanodelujan.com.ar\/#organization"},"image":{"@id":"https:\/\/elciudadanodelujan.com.ar\/?p=10574#primaryimage"},"thumbnailUrl":"https:\/\/elciudadanodelujan.com.ar\/wp-content\/uploads\/2026\/01\/image-48.png","articleSection":["BARRIALES"],"inLanguage":"es"},{"@type":"WebPage","@id":"https:\/\/elciudadanodelujan.com.ar\/?p=10574","url":"https:\/\/elciudadanodelujan.com.ar\/?p=10574","name":"La Plaza Col\u00f3n recupera su esplendor: Un hito de identidad y patrimonio que vuelve a brillar -","isPartOf":{"@id":"https:\/\/elciudadanodelujan.com.ar\/#website"},"primaryImageOfPage":{"@id":"https:\/\/elciudadanodelujan.com.ar\/?p=10574#primaryimage"},"image":{"@id":"https:\/\/elciudadanodelujan.com.ar\/?p=10574#primaryimage"},"thumbnailUrl":"https:\/\/elciudadanodelujan.com.ar\/wp-content\/uploads\/2026\/01\/image-48.png","datePublished":"2026-01-28T21:43:10+00:00","dateModified":"2026-01-28T21:43:25+00:00","breadcrumb":{"@id":"https:\/\/elciudadanodelujan.com.ar\/?p=10574#breadcrumb"},"inLanguage":"es","potentialAction":[{"@type":"ReadAction","target":["https:\/\/elciudadanodelujan.com.ar\/?p=10574"]}]},{"@type":"ImageObject","inLanguage":"es","@id":"https:\/\/elciudadanodelujan.com.ar\/?p=10574#primaryimage","url":"https:\/\/elciudadanodelujan.com.ar\/wp-content\/uploads\/2026\/01\/image-48.png","contentUrl":"https:\/\/elciudadanodelujan.com.ar\/wp-content\/uploads\/2026\/01\/image-48.png","width":872,"height":572},{"@type":"BreadcrumbList","@id":"https:\/\/elciudadanodelujan.com.ar\/?p=10574#breadcrumb","itemListElement":[{"@type":"ListItem","position":1,"name":"Home","item":"https:\/\/elciudadanodelujan.com.ar\/"},{"@type":"ListItem","position":2,"name":"La Plaza Col\u00f3n recupera su esplendor: Un hito de identidad y patrimonio que vuelve a brillar"}]},{"@type":"WebSite","@id":"https:\/\/elciudadanodelujan.com.ar\/#website","url":"https:\/\/elciudadanodelujan.com.ar\/","name":"https:\/\/elciudadanodelujan.com.ar","description":"Noticias de inter\u00e9s general y periodismo de investigaci\u00f3n","publisher":{"@id":"https:\/\/elciudadanodelujan.com.ar\/#organization"},"potentialAction":[{"@type":"SearchAction","target":{"@type":"EntryPoint","urlTemplate":"https:\/\/elciudadanodelujan.com.ar\/?s={search_term_string}"},"query-input":{"@type":"PropertyValueSpecification","valueRequired":true,"valueName":"search_term_string"}}],"inLanguage":"es"},{"@type":"Organization","@id":"https:\/\/elciudadanodelujan.com.ar\/#organization","name":"El Ciudadano de Lujan","url":"https:\/\/elciudadanodelujan.com.ar\/","logo":{"@type":"ImageObject","inLanguage":"es","@id":"https:\/\/elciudadanodelujan.com.ar\/#\/schema\/logo\/image\/","url":"https:\/\/elciudadanodelujan.com.ar\/wp-content\/uploads\/2025\/01\/logo_El_Ciudadano.jpg","contentUrl":"https:\/\/elciudadanodelujan.com.ar\/wp-content\/uploads\/2025\/01\/logo_El_Ciudadano.jpg","width":500,"height":123,"caption":"El Ciudadano de Lujan"},"image":{"@id":"https:\/\/elciudadanodelujan.com.ar\/#\/schema\/logo\/image\/"},"sameAs":["https:\/\/www.facebook.com\/elciudadanodelujan"]},{"@type":"Person","@id":"https:\/\/elciudadanodelujan.com.ar\/#\/schema\/person\/6e4147c312281a224c424b0ca2b1d439","name":"Osvaldo Cabral","image":{"@type":"ImageObject","inLanguage":"es","@id":"https:\/\/secure.gravatar.com\/avatar\/c4c6a8aea430571651e7d6992bdfdff335bbe96580656f78299d10ca9a6c1ae9?s=96&d=mm&r=g","url":"https:\/\/secure.gravatar.com\/avatar\/c4c6a8aea430571651e7d6992bdfdff335bbe96580656f78299d10ca9a6c1ae9?s=96&d=mm&r=g","contentUrl":"https:\/\/secure.gravatar.com\/avatar\/c4c6a8aea430571651e7d6992bdfdff335bbe96580656f78299d10ca9a6c1ae9?s=96&d=mm&r=g","caption":"Osvaldo Cabral"},"url":"https:\/\/elciudadanodelujan.com.ar\/?author=2"}]}},"_links":{"self":[{"href":"https:\/\/elciudadanodelujan.com.ar\/index.php?rest_route=\/wp\/v2\/posts\/10574","targetHints":{"allow":["GET"]}}],"collection":[{"href":"https:\/\/elciudadanodelujan.com.ar\/index.php?rest_route=\/wp\/v2\/posts"}],"about":[{"href":"https:\/\/elciudadanodelujan.com.ar\/index.php?rest_route=\/wp\/v2\/types\/post"}],"author":[{"embeddable":true,"href":"https:\/\/elciudadanodelujan.com.ar\/index.php?rest_route=\/wp\/v2\/users\/2"}],"replies":[{"embeddable":true,"href":"https:\/\/elciudadanodelujan.com.ar\/index.php?rest_route=%2Fwp%2Fv2%2Fcomments&post=10574"}],"version-history":[{"count":1,"href":"https:\/\/elciudadanodelujan.com.ar\/index.php?rest_route=\/wp\/v2\/posts\/10574\/revisions"}],"predecessor-version":[{"id":10576,"href":"https:\/\/elciudadanodelujan.com.ar\/index.php?rest_route=\/wp\/v2\/posts\/10574\/revisions\/10576"}],"wp:featuredmedia":[{"embeddable":true,"href":"https:\/\/elciudadanodelujan.com.ar\/index.php?rest_route=\/wp\/v2\/media\/10575"}],"wp:attachment":[{"href":"https:\/\/elciudadanodelujan.com.ar\/index.php?rest_route=%2Fwp%2Fv2%2Fmedia&parent=10574"}],"wp:term":[{"taxonomy":"category","embeddable":true,"href":"https:\/\/elciudadanodelujan.com.ar\/index.php?rest_route=%2Fwp%2Fv2%2Fcategories&post=10574"},{"taxonomy":"post_tag","embeddable":true,"href":"https:\/\/elciudadanodelujan.com.ar\/index.php?rest_route=%2Fwp%2Fv2%2Ftags&post=10574"}],"curies":[{"name":"wp","href":"https:\/\/api.w.org\/{rel}","templated":true}]}}