{"id":10571,"date":"2026-01-28T18:41:09","date_gmt":"2026-01-28T21:41:09","guid":{"rendered":"https:\/\/elciudadanodelujan.com.ar\/?p=10571"},"modified":"2026-01-28T18:42:30","modified_gmt":"2026-01-28T21:42:30","slug":"colonia-para-personas-mayores-el-valor-de-los-vinculos-y-la-salud-en-un-verano-compartido","status":"publish","type":"post","link":"https:\/\/elciudadanodelujan.com.ar\/?p=10571","title":{"rendered":"Colonia para Personas Mayores: El valor de los v\u00ednculos y la salud en un verano compartido"},"content":{"rendered":"\n<h2 class=\"wp-block-heading\"><strong>Con la participaci\u00f3n de m\u00e1s de 400 vecinos, el complejo Costa Luj\u00e1n se transforma en el escenario de una propuesta que combina actividad f\u00edsica, cuidado sanitario y, sobre todo, un fuerte combate a la soledad a trav\u00e9s de la socializaci\u00f3n.<\/strong><\/h2>\n\n\n\n<figure class=\"wp-block-image size-large\"><img loading=\"lazy\" decoding=\"async\" width=\"1024\" height=\"682\" src=\"https:\/\/elciudadanodelujan.com.ar\/wp-content\/uploads\/2026\/01\/image-47-1024x682.png\" alt=\"\" class=\"wp-image-10572\" srcset=\"https:\/\/elciudadanodelujan.com.ar\/wp-content\/uploads\/2026\/01\/image-47-1024x682.png 1024w, https:\/\/elciudadanodelujan.com.ar\/wp-content\/uploads\/2026\/01\/image-47-300x200.png 300w, https:\/\/elciudadanodelujan.com.ar\/wp-content\/uploads\/2026\/01\/image-47-768x512.png 768w, https:\/\/elciudadanodelujan.com.ar\/wp-content\/uploads\/2026\/01\/image-47.png 1280w\" sizes=\"auto, (max-width: 1024px) 100vw, 1024px\" \/><\/figure>\n\n\n\n<p>El verano en Luj\u00e1n no es solo una cuesti\u00f3n de clima, sino de comunidad. Desde el inicio de enero y con fecha de cierre prevista para el pr\u00f3ximo viernes 20 de febrero, la <strong>Colonia Municipal de Verano para Personas Mayores<\/strong> se ha consolidado como un refugio de vitalidad. En las instalaciones del complejo Costa Luj\u00e1n, m\u00e1s de 400 personas redescubren diariamente el placer del movimiento y la importancia del encuentro con el otro.<\/p>\n\n\n\n<h3 class=\"wp-block-heading\">Un espacio contra la soledad<\/h3>\n\n\n\n<p>La iniciativa surge como una respuesta directa a las necesidades afectivas y f\u00edsicas de esta franja etaria. El Secretario de Desarrollo Humano, C\u00e9sar Siror, destac\u00f3 durante su reciente visita la importancia de este \u00e1mbito: <em>\u00abQueremos que disfruten y hagan actividad f\u00edsica, pero fundamentalmente que interact\u00faen. Sabemos que muchas personas que asisten est\u00e1n solas y tratamos de generar un gran \u00e1mbito de socializaci\u00f3n que favorezca la relaci\u00f3n con el otro\u00bb<\/em>.<\/p>\n\n\n\n<p>La din\u00e1mica de la colonia, que funciona los lunes, mi\u00e9rcoles y viernes de 9 a 12 horas, comienza con un desayuno compartido, marcando el tono de lo que ser\u00e1 la jornada: un espacio de pertenencia.<\/p>\n\n\n\n<h3 class=\"wp-block-heading\">Salud en movimiento y monitoreo permanente<\/h3>\n\n\n\n<p>La propuesta deportiva es amplia y adaptada, a cargo de profesores de Educaci\u00f3n F\u00edsica y personal t\u00e9cnico de la Casa Municipal de las Personas Mayores. Los asistentes pueden optar por diversos talleres que promueven la flexibilidad y la salud cardiovascular:<\/p>\n\n\n\n<ul class=\"wp-block-list\">\n<li><strong>Actividades de agua:<\/strong> Nataci\u00f3n y Aquagym.<\/li>\n\n\n\n<li><strong>Cuerpo y mente:<\/strong> Yoga, Elongaci\u00f3n y Movimiento.<\/li>\n\n\n\n<li><strong>Ritmo y cardio:<\/strong> Zumba y Caminatas.<\/li>\n<\/ul>\n\n\n\n<p>El cuidado de la salud es un pilar central. La colonia cuenta con una <strong>Posta de Salud<\/strong> liderada por una enfermera para el monitoreo permanente y la articulaci\u00f3n con el sistema sanitario en caso de emergencias. Adem\u00e1s, se ha dispuesto un <strong>Punto de Hidrataci\u00f3n<\/strong> estrat\u00e9gico para fomentar el consumo de agua fr\u00eda y prevenir los efectos del calor.<\/p>\n\n\n\n<h3 class=\"wp-block-heading\">M\u00e1s que ejercicio: la cultura del compartir<\/h3>\n\n\n\n<p>El esp\u00edritu de la colonia se manifiesta con especial fuerza en las actividades recreativas. Encuentros de baile, kermeses, festejos de cumplea\u00f1os y concursos de detalles creativos con entrega de premios mantienen el entusiasmo en niveles altos.<\/p>\n\n\n\n<p>Un momento clave de la semana son los <strong>almuerzos a la canasta de los viernes<\/strong>. Seg\u00fan Adri\u00e1n Caporales, Subdirector de Promoci\u00f3n de Derechos para Personas Mayores, estos encuentros est\u00e1n \u00abatravesados por la posibilidad de socializar\u00bb, permitiendo que el grupo se transforme en una red de contenci\u00f3n real.<\/p>\n\n\n\n<hr class=\"wp-block-separator has-alpha-channel-opacity\"\/>\n\n\n\n<h3 class=\"wp-block-heading\">Continuidad en la Casa Municipal: Talleres de Verano<\/h3>\n\n\n\n<p>Para quienes desean mantener el ritmo durante el resto de la semana, la <strong>Casa Municipal de las Personas Mayores<\/strong> ofrece una agenda complementaria de talleres que refuerzan la estimulaci\u00f3n cognitiva y creativa:<\/p>\n\n\n\n<figure class=\"wp-block-table\"><table class=\"has-fixed-layout\"><thead><tr><td><strong>Taller<\/strong><\/td><td><strong>D\u00edas<\/strong><\/td><td><strong>Horario<\/strong><\/td><\/tr><\/thead><tbody><tr><td><strong>Yoga<\/strong><\/td><td>Martes y Jueves<\/td><td>09:00 a 10:00 hs<\/td><\/tr><tr><td><strong>Papel Nono<\/strong><\/td><td>Martes<\/td><td>10:00 a 12:00 hs<\/td><\/tr><tr><td><strong>Canto Terapia<\/strong><\/td><td>Mi\u00e9rcoles<\/td><td>10:00 a 12:00 hs<\/td><\/tr><tr><td><strong>Ingl\u00e9s<\/strong><\/td><td>Jueves<\/td><td>10:00 a 12:00 hs<\/td><\/tr><tr><td><strong>Telar<\/strong><\/td><td>Viernes<\/td><td>10:00 a 12:00 hs<\/td><\/tr><\/tbody><\/table><\/figure>\n\n\n\n<p>Esta apuesta municipal demuestra que la salud integral en la tercera edad no depende solo de la medicina, sino de la capacidad de la sociedad para ofrecer espacios donde \u00abLa Vida es Original\u00bb y cada encuentro cuenta.<\/p>\n","protected":false},"excerpt":{"rendered":"<p>Con la participaci\u00f3n de m\u00e1s de 400 vecinos, el complejo Costa Luj\u00e1n se transforma en el escenario de una propuesta que combina actividad f\u00edsica, cuidado sanitario y, sobre todo, un&hellip; <\/p>\n","protected":false},"author":2,"featured_media":10572,"comment_status":"closed","ping_status":"closed","sticky":false,"template":"","format":"standard","meta":{"footnotes":""},"categories":[17],"tags":[],"class_list":["post-10571","post","type-post","status-publish","format-standard","has-post-thumbnail","hentry","category-sociedad"],"yoast_head":"<!-- This site is optimized with the Yoast SEO plugin v27.3 - https:\/\/yoast.com\/product\/yoast-seo-wordpress\/ -->\n<title>Colonia para Personas Mayores: El valor de los v\u00ednculos y la salud en un verano compartido -<\/title>\n<meta name=\"robots\" content=\"index, follow, max-snippet:-1, max-image-preview:large, max-video-preview:-1\" \/>\n<link rel=\"canonical\" href=\"https:\/\/elciudadanodelujan.com.ar\/?p=10571\" \/>\n<meta property=\"og:locale\" content=\"es_ES\" \/>\n<meta property=\"og:type\" content=\"article\" \/>\n<meta property=\"og:title\" content=\"Colonia para Personas Mayores: El valor de los v\u00ednculos y la salud en un verano compartido -\" \/>\n<meta property=\"og:description\" content=\"Con la participaci\u00f3n de m\u00e1s de 400 vecinos, el complejo Costa Luj\u00e1n se transforma en el escenario de una propuesta que combina actividad f\u00edsica, cuidado sanitario y, sobre todo, un&hellip;\" \/>\n<meta property=\"og:url\" content=\"https:\/\/elciudadanodelujan.com.ar\/?p=10571\" \/>\n<meta property=\"article:publisher\" content=\"https:\/\/www.facebook.com\/elciudadanodelujan\" \/>\n<meta property=\"article:published_time\" content=\"2026-01-28T21:41:09+00:00\" \/>\n<meta property=\"article:modified_time\" content=\"2026-01-28T21:42:30+00:00\" \/>\n<meta property=\"og:image\" content=\"https:\/\/elciudadanodelujan.com.ar\/wp-content\/uploads\/2026\/01\/image-47.png\" \/>\n\t<meta property=\"og:image:width\" content=\"1280\" \/>\n\t<meta property=\"og:image:height\" content=\"853\" \/>\n\t<meta property=\"og:image:type\" content=\"image\/png\" \/>\n<meta name=\"author\" content=\"Osvaldo Cabral\" \/>\n<meta name=\"twitter:card\" content=\"summary_large_image\" \/>\n<meta name=\"twitter:label1\" content=\"Escrito por\" \/>\n\t<meta name=\"twitter:data1\" content=\"Osvaldo Cabral\" \/>\n\t<meta name=\"twitter:label2\" content=\"Tiempo de lectura\" \/>\n\t<meta name=\"twitter:data2\" content=\"3 minutos\" \/>\n<script type=\"application\/ld+json\" class=\"yoast-schema-graph\">{\"@context\":\"https:\\\/\\\/schema.org\",\"@graph\":[{\"@type\":\"Article\",\"@id\":\"https:\\\/\\\/elciudadanodelujan.com.ar\\\/?p=10571#article\",\"isPartOf\":{\"@id\":\"https:\\\/\\\/elciudadanodelujan.com.ar\\\/?p=10571\"},\"author\":{\"name\":\"Osvaldo Cabral\",\"@id\":\"https:\\\/\\\/elciudadanodelujan.com.ar\\\/#\\\/schema\\\/person\\\/6e4147c312281a224c424b0ca2b1d439\"},\"headline\":\"Colonia para Personas Mayores: El valor de los v\u00ednculos y la salud en un verano compartido\",\"datePublished\":\"2026-01-28T21:41:09+00:00\",\"dateModified\":\"2026-01-28T21:42:30+00:00\",\"mainEntityOfPage\":{\"@id\":\"https:\\\/\\\/elciudadanodelujan.com.ar\\\/?p=10571\"},\"wordCount\":593,\"publisher\":{\"@id\":\"https:\\\/\\\/elciudadanodelujan.com.ar\\\/#organization\"},\"image\":{\"@id\":\"https:\\\/\\\/elciudadanodelujan.com.ar\\\/?p=10571#primaryimage\"},\"thumbnailUrl\":\"https:\\\/\\\/elciudadanodelujan.com.ar\\\/wp-content\\\/uploads\\\/2026\\\/01\\\/image-47.png\",\"articleSection\":[\"SOCIEDAD\"],\"inLanguage\":\"es\"},{\"@type\":\"WebPage\",\"@id\":\"https:\\\/\\\/elciudadanodelujan.com.ar\\\/?p=10571\",\"url\":\"https:\\\/\\\/elciudadanodelujan.com.ar\\\/?p=10571\",\"name\":\"Colonia para Personas Mayores: El valor de los v\u00ednculos y la salud en un verano compartido -\",\"isPartOf\":{\"@id\":\"https:\\\/\\\/elciudadanodelujan.com.ar\\\/#website\"},\"primaryImageOfPage\":{\"@id\":\"https:\\\/\\\/elciudadanodelujan.com.ar\\\/?p=10571#primaryimage\"},\"image\":{\"@id\":\"https:\\\/\\\/elciudadanodelujan.com.ar\\\/?p=10571#primaryimage\"},\"thumbnailUrl\":\"https:\\\/\\\/elciudadanodelujan.com.ar\\\/wp-content\\\/uploads\\\/2026\\\/01\\\/image-47.png\",\"datePublished\":\"2026-01-28T21:41:09+00:00\",\"dateModified\":\"2026-01-28T21:42:30+00:00\",\"breadcrumb\":{\"@id\":\"https:\\\/\\\/elciudadanodelujan.com.ar\\\/?p=10571#breadcrumb\"},\"inLanguage\":\"es\",\"potentialAction\":[{\"@type\":\"ReadAction\",\"target\":[\"https:\\\/\\\/elciudadanodelujan.com.ar\\\/?p=10571\"]}]},{\"@type\":\"ImageObject\",\"inLanguage\":\"es\",\"@id\":\"https:\\\/\\\/elciudadanodelujan.com.ar\\\/?p=10571#primaryimage\",\"url\":\"https:\\\/\\\/elciudadanodelujan.com.ar\\\/wp-content\\\/uploads\\\/2026\\\/01\\\/image-47.png\",\"contentUrl\":\"https:\\\/\\\/elciudadanodelujan.com.ar\\\/wp-content\\\/uploads\\\/2026\\\/01\\\/image-47.png\",\"width\":1280,\"height\":853},{\"@type\":\"BreadcrumbList\",\"@id\":\"https:\\\/\\\/elciudadanodelujan.com.ar\\\/?p=10571#breadcrumb\",\"itemListElement\":[{\"@type\":\"ListItem\",\"position\":1,\"name\":\"Home\",\"item\":\"https:\\\/\\\/elciudadanodelujan.com.ar\\\/\"},{\"@type\":\"ListItem\",\"position\":2,\"name\":\"Colonia para Personas Mayores: El valor de los v\u00ednculos y la salud en un verano compartido\"}]},{\"@type\":\"WebSite\",\"@id\":\"https:\\\/\\\/elciudadanodelujan.com.ar\\\/#website\",\"url\":\"https:\\\/\\\/elciudadanodelujan.com.ar\\\/\",\"name\":\"https:\\\/\\\/elciudadanodelujan.com.ar\",\"description\":\"Noticias de inter\u00e9s general y periodismo de investigaci\u00f3n\",\"publisher\":{\"@id\":\"https:\\\/\\\/elciudadanodelujan.com.ar\\\/#organization\"},\"potentialAction\":[{\"@type\":\"SearchAction\",\"target\":{\"@type\":\"EntryPoint\",\"urlTemplate\":\"https:\\\/\\\/elciudadanodelujan.com.ar\\\/?s={search_term_string}\"},\"query-input\":{\"@type\":\"PropertyValueSpecification\",\"valueRequired\":true,\"valueName\":\"search_term_string\"}}],\"inLanguage\":\"es\"},{\"@type\":\"Organization\",\"@id\":\"https:\\\/\\\/elciudadanodelujan.com.ar\\\/#organization\",\"name\":\"El Ciudadano de Lujan\",\"url\":\"https:\\\/\\\/elciudadanodelujan.com.ar\\\/\",\"logo\":{\"@type\":\"ImageObject\",\"inLanguage\":\"es\",\"@id\":\"https:\\\/\\\/elciudadanodelujan.com.ar\\\/#\\\/schema\\\/logo\\\/image\\\/\",\"url\":\"https:\\\/\\\/elciudadanodelujan.com.ar\\\/wp-content\\\/uploads\\\/2025\\\/01\\\/logo_El_Ciudadano.jpg\",\"contentUrl\":\"https:\\\/\\\/elciudadanodelujan.com.ar\\\/wp-content\\\/uploads\\\/2025\\\/01\\\/logo_El_Ciudadano.jpg\",\"width\":500,\"height\":123,\"caption\":\"El Ciudadano de Lujan\"},\"image\":{\"@id\":\"https:\\\/\\\/elciudadanodelujan.com.ar\\\/#\\\/schema\\\/logo\\\/image\\\/\"},\"sameAs\":[\"https:\\\/\\\/www.facebook.com\\\/elciudadanodelujan\"]},{\"@type\":\"Person\",\"@id\":\"https:\\\/\\\/elciudadanodelujan.com.ar\\\/#\\\/schema\\\/person\\\/6e4147c312281a224c424b0ca2b1d439\",\"name\":\"Osvaldo Cabral\",\"image\":{\"@type\":\"ImageObject\",\"inLanguage\":\"es\",\"@id\":\"https:\\\/\\\/secure.gravatar.com\\\/avatar\\\/c4c6a8aea430571651e7d6992bdfdff335bbe96580656f78299d10ca9a6c1ae9?s=96&d=mm&r=g\",\"url\":\"https:\\\/\\\/secure.gravatar.com\\\/avatar\\\/c4c6a8aea430571651e7d6992bdfdff335bbe96580656f78299d10ca9a6c1ae9?s=96&d=mm&r=g\",\"contentUrl\":\"https:\\\/\\\/secure.gravatar.com\\\/avatar\\\/c4c6a8aea430571651e7d6992bdfdff335bbe96580656f78299d10ca9a6c1ae9?s=96&d=mm&r=g\",\"caption\":\"Osvaldo Cabral\"},\"url\":\"https:\\\/\\\/elciudadanodelujan.com.ar\\\/?author=2\"}]}<\/script>\n<!-- \/ Yoast SEO plugin. -->","yoast_head_json":{"title":"Colonia para Personas Mayores: El valor de los v\u00ednculos y la salud en un verano compartido -","robots":{"index":"index","follow":"follow","max-snippet":"max-snippet:-1","max-image-preview":"max-image-preview:large","max-video-preview":"max-video-preview:-1"},"canonical":"https:\/\/elciudadanodelujan.com.ar\/?p=10571","og_locale":"es_ES","og_type":"article","og_title":"Colonia para Personas Mayores: El valor de los v\u00ednculos y la salud en un verano compartido -","og_description":"Con la participaci\u00f3n de m\u00e1s de 400 vecinos, el complejo Costa Luj\u00e1n se transforma en el escenario de una propuesta que combina actividad f\u00edsica, cuidado sanitario y, sobre todo, un&hellip;","og_url":"https:\/\/elciudadanodelujan.com.ar\/?p=10571","article_publisher":"https:\/\/www.facebook.com\/elciudadanodelujan","article_published_time":"2026-01-28T21:41:09+00:00","article_modified_time":"2026-01-28T21:42:30+00:00","og_image":[{"width":1280,"height":853,"url":"https:\/\/elciudadanodelujan.com.ar\/wp-content\/uploads\/2026\/01\/image-47.png","type":"image\/png"}],"author":"Osvaldo Cabral","twitter_card":"summary_large_image","twitter_misc":{"Escrito por":"Osvaldo Cabral","Tiempo de lectura":"3 minutos"},"schema":{"@context":"https:\/\/schema.org","@graph":[{"@type":"Article","@id":"https:\/\/elciudadanodelujan.com.ar\/?p=10571#article","isPartOf":{"@id":"https:\/\/elciudadanodelujan.com.ar\/?p=10571"},"author":{"name":"Osvaldo Cabral","@id":"https:\/\/elciudadanodelujan.com.ar\/#\/schema\/person\/6e4147c312281a224c424b0ca2b1d439"},"headline":"Colonia para Personas Mayores: El valor de los v\u00ednculos y la salud en un verano compartido","datePublished":"2026-01-28T21:41:09+00:00","dateModified":"2026-01-28T21:42:30+00:00","mainEntityOfPage":{"@id":"https:\/\/elciudadanodelujan.com.ar\/?p=10571"},"wordCount":593,"publisher":{"@id":"https:\/\/elciudadanodelujan.com.ar\/#organization"},"image":{"@id":"https:\/\/elciudadanodelujan.com.ar\/?p=10571#primaryimage"},"thumbnailUrl":"https:\/\/elciudadanodelujan.com.ar\/wp-content\/uploads\/2026\/01\/image-47.png","articleSection":["SOCIEDAD"],"inLanguage":"es"},{"@type":"WebPage","@id":"https:\/\/elciudadanodelujan.com.ar\/?p=10571","url":"https:\/\/elciudadanodelujan.com.ar\/?p=10571","name":"Colonia para Personas Mayores: El valor de los v\u00ednculos y la salud en un verano compartido -","isPartOf":{"@id":"https:\/\/elciudadanodelujan.com.ar\/#website"},"primaryImageOfPage":{"@id":"https:\/\/elciudadanodelujan.com.ar\/?p=10571#primaryimage"},"image":{"@id":"https:\/\/elciudadanodelujan.com.ar\/?p=10571#primaryimage"},"thumbnailUrl":"https:\/\/elciudadanodelujan.com.ar\/wp-content\/uploads\/2026\/01\/image-47.png","datePublished":"2026-01-28T21:41:09+00:00","dateModified":"2026-01-28T21:42:30+00:00","breadcrumb":{"@id":"https:\/\/elciudadanodelujan.com.ar\/?p=10571#breadcrumb"},"inLanguage":"es","potentialAction":[{"@type":"ReadAction","target":["https:\/\/elciudadanodelujan.com.ar\/?p=10571"]}]},{"@type":"ImageObject","inLanguage":"es","@id":"https:\/\/elciudadanodelujan.com.ar\/?p=10571#primaryimage","url":"https:\/\/elciudadanodelujan.com.ar\/wp-content\/uploads\/2026\/01\/image-47.png","contentUrl":"https:\/\/elciudadanodelujan.com.ar\/wp-content\/uploads\/2026\/01\/image-47.png","width":1280,"height":853},{"@type":"BreadcrumbList","@id":"https:\/\/elciudadanodelujan.com.ar\/?p=10571#breadcrumb","itemListElement":[{"@type":"ListItem","position":1,"name":"Home","item":"https:\/\/elciudadanodelujan.com.ar\/"},{"@type":"ListItem","position":2,"name":"Colonia para Personas Mayores: El valor de los v\u00ednculos y la salud en un verano compartido"}]},{"@type":"WebSite","@id":"https:\/\/elciudadanodelujan.com.ar\/#website","url":"https:\/\/elciudadanodelujan.com.ar\/","name":"https:\/\/elciudadanodelujan.com.ar","description":"Noticias de inter\u00e9s general y periodismo de investigaci\u00f3n","publisher":{"@id":"https:\/\/elciudadanodelujan.com.ar\/#organization"},"potentialAction":[{"@type":"SearchAction","target":{"@type":"EntryPoint","urlTemplate":"https:\/\/elciudadanodelujan.com.ar\/?s={search_term_string}"},"query-input":{"@type":"PropertyValueSpecification","valueRequired":true,"valueName":"search_term_string"}}],"inLanguage":"es"},{"@type":"Organization","@id":"https:\/\/elciudadanodelujan.com.ar\/#organization","name":"El Ciudadano de Lujan","url":"https:\/\/elciudadanodelujan.com.ar\/","logo":{"@type":"ImageObject","inLanguage":"es","@id":"https:\/\/elciudadanodelujan.com.ar\/#\/schema\/logo\/image\/","url":"https:\/\/elciudadanodelujan.com.ar\/wp-content\/uploads\/2025\/01\/logo_El_Ciudadano.jpg","contentUrl":"https:\/\/elciudadanodelujan.com.ar\/wp-content\/uploads\/2025\/01\/logo_El_Ciudadano.jpg","width":500,"height":123,"caption":"El Ciudadano de Lujan"},"image":{"@id":"https:\/\/elciudadanodelujan.com.ar\/#\/schema\/logo\/image\/"},"sameAs":["https:\/\/www.facebook.com\/elciudadanodelujan"]},{"@type":"Person","@id":"https:\/\/elciudadanodelujan.com.ar\/#\/schema\/person\/6e4147c312281a224c424b0ca2b1d439","name":"Osvaldo Cabral","image":{"@type":"ImageObject","inLanguage":"es","@id":"https:\/\/secure.gravatar.com\/avatar\/c4c6a8aea430571651e7d6992bdfdff335bbe96580656f78299d10ca9a6c1ae9?s=96&d=mm&r=g","url":"https:\/\/secure.gravatar.com\/avatar\/c4c6a8aea430571651e7d6992bdfdff335bbe96580656f78299d10ca9a6c1ae9?s=96&d=mm&r=g","contentUrl":"https:\/\/secure.gravatar.com\/avatar\/c4c6a8aea430571651e7d6992bdfdff335bbe96580656f78299d10ca9a6c1ae9?s=96&d=mm&r=g","caption":"Osvaldo Cabral"},"url":"https:\/\/elciudadanodelujan.com.ar\/?author=2"}]}},"_links":{"self":[{"href":"https:\/\/elciudadanodelujan.com.ar\/index.php?rest_route=\/wp\/v2\/posts\/10571","targetHints":{"allow":["GET"]}}],"collection":[{"href":"https:\/\/elciudadanodelujan.com.ar\/index.php?rest_route=\/wp\/v2\/posts"}],"about":[{"href":"https:\/\/elciudadanodelujan.com.ar\/index.php?rest_route=\/wp\/v2\/types\/post"}],"author":[{"embeddable":true,"href":"https:\/\/elciudadanodelujan.com.ar\/index.php?rest_route=\/wp\/v2\/users\/2"}],"replies":[{"embeddable":true,"href":"https:\/\/elciudadanodelujan.com.ar\/index.php?rest_route=%2Fwp%2Fv2%2Fcomments&post=10571"}],"version-history":[{"count":1,"href":"https:\/\/elciudadanodelujan.com.ar\/index.php?rest_route=\/wp\/v2\/posts\/10571\/revisions"}],"predecessor-version":[{"id":10573,"href":"https:\/\/elciudadanodelujan.com.ar\/index.php?rest_route=\/wp\/v2\/posts\/10571\/revisions\/10573"}],"wp:featuredmedia":[{"embeddable":true,"href":"https:\/\/elciudadanodelujan.com.ar\/index.php?rest_route=\/wp\/v2\/media\/10572"}],"wp:attachment":[{"href":"https:\/\/elciudadanodelujan.com.ar\/index.php?rest_route=%2Fwp%2Fv2%2Fmedia&parent=10571"}],"wp:term":[{"taxonomy":"category","embeddable":true,"href":"https:\/\/elciudadanodelujan.com.ar\/index.php?rest_route=%2Fwp%2Fv2%2Fcategories&post=10571"},{"taxonomy":"post_tag","embeddable":true,"href":"https:\/\/elciudadanodelujan.com.ar\/index.php?rest_route=%2Fwp%2Fv2%2Ftags&post=10571"}],"curies":[{"name":"wp","href":"https:\/\/api.w.org\/{rel}","templated":true}]}}