{"id":10565,"date":"2026-01-26T22:31:20","date_gmt":"2026-01-27T01:31:20","guid":{"rendered":"https:\/\/elciudadanodelujan.com.ar\/?p=10565"},"modified":"2026-01-26T22:31:43","modified_gmt":"2026-01-27T01:31:43","slug":"seguridad-vial-lujan-intensifica-los-controles-y-compacta-mas-de-500-escapes-antirreglamentarios","status":"publish","type":"post","link":"https:\/\/elciudadanodelujan.com.ar\/?p=10565","title":{"rendered":"Seguridad Vial: Luj\u00e1n intensifica los controles y compacta m\u00e1s de 500 escapes antirreglamentarios"},"content":{"rendered":"\n<h2 class=\"wp-block-heading\">En un golpe directo contra la contaminaci\u00f3n sonora y las infracciones de tr\u00e1nsito, el Municipio de Luj\u00e1n procedi\u00f3 este viernes a la <strong>destrucci\u00f3n total de 508 ca\u00f1os de escape no reglamentarios<\/strong>. La medida, ejecutada con maquinaria pesada, se llev\u00f3 a cabo en la Colectora Norte de la Avenida Nuestra Se\u00f1ora de Luj\u00e1n, bajo la supervisi\u00f3n de las m\u00e1ximas autoridades de seguridad locales.<\/h2>\n\n\n\n<figure class=\"wp-block-image size-large\"><img loading=\"lazy\" decoding=\"async\" width=\"1024\" height=\"768\" src=\"https:\/\/elciudadanodelujan.com.ar\/wp-content\/uploads\/2026\/01\/image-45-1024x768.png\" alt=\"\" class=\"wp-image-10566\" srcset=\"https:\/\/elciudadanodelujan.com.ar\/wp-content\/uploads\/2026\/01\/image-45-1024x768.png 1024w, https:\/\/elciudadanodelujan.com.ar\/wp-content\/uploads\/2026\/01\/image-45-300x225.png 300w, https:\/\/elciudadanodelujan.com.ar\/wp-content\/uploads\/2026\/01\/image-45-768x576.png 768w, https:\/\/elciudadanodelujan.com.ar\/wp-content\/uploads\/2026\/01\/image-45.png 1280w\" sizes=\"auto, (max-width: 1024px) 100vw, 1024px\" \/><\/figure>\n\n\n\n<h3 class=\"wp-block-heading\">El fin de los \u00abescapes libres\u00bb<\/h3>\n\n\n\n<p>Las piezas compactadas pertenecen a motocicletas que fueron secuestradas en diversos <strong>Operativos de Control Vehicular<\/strong>. Seg\u00fan informaron fuentes oficiales, estos elementos no solo incumplen las normas t\u00e9cnicas, sino que son el principal factor de ruidos molestos que afectan la convivencia y el descanso de los vecinos.<\/p>\n\n\n\n<p>La acci\u00f3n se encuentra respaldada por un s\u00f3lido marco legal que busca poner orden en la v\u00eda p\u00fablica:<\/p>\n\n\n\n<ul class=\"wp-block-list\">\n<li><strong>Ley Provincial N\u00b0 13.927:<\/strong> Obliga a ciclomotores y motos a portar silenciadores adecuados a su cilindrada.<\/li>\n\n\n\n<li><strong>Ley Nacional N\u00b0 24.449:<\/strong> Sanciona la generaci\u00f3n de ruidos innecesarios y el uso de escapes libres que no cumplen con la normativa de f\u00e1brica.<\/li>\n<\/ul>\n\n\n\n<h3 class=\"wp-block-heading\">Un plan integral de control<\/h3>\n\n\n\n<p>Esta jornada de compactaci\u00f3n no es un hecho aislado, sino que forma parte de las campa\u00f1as <strong>\u201cAvanz\u00e1 Sin Ruido\u201d<\/strong> y el <strong>Plan \u201cLuj\u00e1n Alerta 24\u201d<\/strong>, dise\u00f1ados para fortalecer la presencia estatal en las calles y mejorar la seguridad ciudadana.<\/p>\n\n\n\n<blockquote class=\"wp-block-quote is-layout-flow wp-block-quote-is-layout-flow\">\n<p>\u00abEstos escapes son objetos generadores de malestar en la comunidad; su eliminaci\u00f3n es un paso necesario para garantizar el respeto a las normas de tr\u00e1nsito\u00bb, se\u00f1alaron desde la Direcci\u00f3n de Tr\u00e1nsito.<\/p>\n<\/blockquote>\n\n\n\n<h3 class=\"wp-block-heading\">Autoridades presentes<\/h3>\n\n\n\n<p>El operativo cont\u00f3 con la fiscalizaci\u00f3n de los principales responsables del \u00e1rea de seguridad y transporte: <strong>Daniel Dom\u00ednguez<\/strong> (Protecci\u00f3n Ciudadana), <strong>Pablo Ravenna<\/strong> (Tr\u00e1nsito y Transporte), <strong>Gabriel Jurina<\/strong> (Seguridad), <strong>Sebasti\u00e1n Rivas<\/strong> (Director de Tr\u00e1nsito) y <strong>Ricardo Pontaquarto<\/strong> (Transporte).<\/p>\n\n\n\n<p>Con este acto, el Municipio reafirma que los operativos de control continuar\u00e1n de manera aleatoria en diferentes puntos del partido, con el objetivo de retirar de circulaci\u00f3n todo veh\u00edculo que no se ajuste a las normas de seguridad y convivencia vigentes.<\/p>\n","protected":false},"excerpt":{"rendered":"<p>En un golpe directo contra la contaminaci\u00f3n sonora y las infracciones de tr\u00e1nsito, el Municipio de Luj\u00e1n procedi\u00f3 este viernes a la destrucci\u00f3n total de 508 ca\u00f1os de escape no&hellip; <\/p>\n","protected":false},"author":2,"featured_media":10566,"comment_status":"closed","ping_status":"closed","sticky":false,"template":"","format":"standard","meta":{"footnotes":""},"categories":[16],"tags":[],"class_list":["post-10565","post","type-post","status-publish","format-standard","has-post-thumbnail","hentry","category-seguridad"],"yoast_head":"<!-- This site is optimized with the Yoast SEO plugin v27.3 - https:\/\/yoast.com\/product\/yoast-seo-wordpress\/ -->\n<title>Seguridad Vial: Luj\u00e1n intensifica los controles y compacta m\u00e1s de 500 escapes antirreglamentarios -<\/title>\n<meta name=\"robots\" content=\"index, follow, max-snippet:-1, max-image-preview:large, max-video-preview:-1\" \/>\n<link rel=\"canonical\" href=\"https:\/\/elciudadanodelujan.com.ar\/?p=10565\" \/>\n<meta property=\"og:locale\" content=\"es_ES\" \/>\n<meta property=\"og:type\" content=\"article\" \/>\n<meta property=\"og:title\" content=\"Seguridad Vial: Luj\u00e1n intensifica los controles y compacta m\u00e1s de 500 escapes antirreglamentarios -\" \/>\n<meta property=\"og:description\" content=\"En un golpe directo contra la contaminaci\u00f3n sonora y las infracciones de tr\u00e1nsito, el Municipio de Luj\u00e1n procedi\u00f3 este viernes a la destrucci\u00f3n total de 508 ca\u00f1os de escape no&hellip;\" \/>\n<meta property=\"og:url\" content=\"https:\/\/elciudadanodelujan.com.ar\/?p=10565\" \/>\n<meta property=\"article:publisher\" content=\"https:\/\/www.facebook.com\/elciudadanodelujan\" \/>\n<meta property=\"article:published_time\" content=\"2026-01-27T01:31:20+00:00\" \/>\n<meta property=\"article:modified_time\" content=\"2026-01-27T01:31:43+00:00\" \/>\n<meta property=\"og:image\" content=\"https:\/\/elciudadanodelujan.com.ar\/wp-content\/uploads\/2026\/01\/image-45.png\" \/>\n\t<meta property=\"og:image:width\" content=\"1280\" \/>\n\t<meta property=\"og:image:height\" content=\"960\" \/>\n\t<meta property=\"og:image:type\" content=\"image\/png\" \/>\n<meta name=\"author\" content=\"Osvaldo Cabral\" \/>\n<meta name=\"twitter:card\" content=\"summary_large_image\" \/>\n<meta name=\"twitter:label1\" content=\"Escrito por\" \/>\n\t<meta name=\"twitter:data1\" content=\"Osvaldo Cabral\" \/>\n\t<meta name=\"twitter:label2\" content=\"Tiempo de lectura\" \/>\n\t<meta name=\"twitter:data2\" content=\"2 minutos\" \/>\n<script type=\"application\/ld+json\" class=\"yoast-schema-graph\">{\"@context\":\"https:\\\/\\\/schema.org\",\"@graph\":[{\"@type\":\"Article\",\"@id\":\"https:\\\/\\\/elciudadanodelujan.com.ar\\\/?p=10565#article\",\"isPartOf\":{\"@id\":\"https:\\\/\\\/elciudadanodelujan.com.ar\\\/?p=10565\"},\"author\":{\"name\":\"Osvaldo Cabral\",\"@id\":\"https:\\\/\\\/elciudadanodelujan.com.ar\\\/#\\\/schema\\\/person\\\/6e4147c312281a224c424b0ca2b1d439\"},\"headline\":\"Seguridad Vial: Luj\u00e1n intensifica los controles y compacta m\u00e1s de 500 escapes antirreglamentarios\",\"datePublished\":\"2026-01-27T01:31:20+00:00\",\"dateModified\":\"2026-01-27T01:31:43+00:00\",\"mainEntityOfPage\":{\"@id\":\"https:\\\/\\\/elciudadanodelujan.com.ar\\\/?p=10565\"},\"wordCount\":372,\"publisher\":{\"@id\":\"https:\\\/\\\/elciudadanodelujan.com.ar\\\/#organization\"},\"image\":{\"@id\":\"https:\\\/\\\/elciudadanodelujan.com.ar\\\/?p=10565#primaryimage\"},\"thumbnailUrl\":\"https:\\\/\\\/elciudadanodelujan.com.ar\\\/wp-content\\\/uploads\\\/2026\\\/01\\\/image-45.png\",\"articleSection\":[\"SEGURIDAD\"],\"inLanguage\":\"es\"},{\"@type\":\"WebPage\",\"@id\":\"https:\\\/\\\/elciudadanodelujan.com.ar\\\/?p=10565\",\"url\":\"https:\\\/\\\/elciudadanodelujan.com.ar\\\/?p=10565\",\"name\":\"Seguridad Vial: Luj\u00e1n intensifica los controles y compacta m\u00e1s de 500 escapes antirreglamentarios -\",\"isPartOf\":{\"@id\":\"https:\\\/\\\/elciudadanodelujan.com.ar\\\/#website\"},\"primaryImageOfPage\":{\"@id\":\"https:\\\/\\\/elciudadanodelujan.com.ar\\\/?p=10565#primaryimage\"},\"image\":{\"@id\":\"https:\\\/\\\/elciudadanodelujan.com.ar\\\/?p=10565#primaryimage\"},\"thumbnailUrl\":\"https:\\\/\\\/elciudadanodelujan.com.ar\\\/wp-content\\\/uploads\\\/2026\\\/01\\\/image-45.png\",\"datePublished\":\"2026-01-27T01:31:20+00:00\",\"dateModified\":\"2026-01-27T01:31:43+00:00\",\"breadcrumb\":{\"@id\":\"https:\\\/\\\/elciudadanodelujan.com.ar\\\/?p=10565#breadcrumb\"},\"inLanguage\":\"es\",\"potentialAction\":[{\"@type\":\"ReadAction\",\"target\":[\"https:\\\/\\\/elciudadanodelujan.com.ar\\\/?p=10565\"]}]},{\"@type\":\"ImageObject\",\"inLanguage\":\"es\",\"@id\":\"https:\\\/\\\/elciudadanodelujan.com.ar\\\/?p=10565#primaryimage\",\"url\":\"https:\\\/\\\/elciudadanodelujan.com.ar\\\/wp-content\\\/uploads\\\/2026\\\/01\\\/image-45.png\",\"contentUrl\":\"https:\\\/\\\/elciudadanodelujan.com.ar\\\/wp-content\\\/uploads\\\/2026\\\/01\\\/image-45.png\",\"width\":1280,\"height\":960},{\"@type\":\"BreadcrumbList\",\"@id\":\"https:\\\/\\\/elciudadanodelujan.com.ar\\\/?p=10565#breadcrumb\",\"itemListElement\":[{\"@type\":\"ListItem\",\"position\":1,\"name\":\"Home\",\"item\":\"https:\\\/\\\/elciudadanodelujan.com.ar\\\/\"},{\"@type\":\"ListItem\",\"position\":2,\"name\":\"Seguridad Vial: Luj\u00e1n intensifica los controles y compacta m\u00e1s de 500 escapes antirreglamentarios\"}]},{\"@type\":\"WebSite\",\"@id\":\"https:\\\/\\\/elciudadanodelujan.com.ar\\\/#website\",\"url\":\"https:\\\/\\\/elciudadanodelujan.com.ar\\\/\",\"name\":\"https:\\\/\\\/elciudadanodelujan.com.ar\",\"description\":\"Noticias de inter\u00e9s general y periodismo de investigaci\u00f3n\",\"publisher\":{\"@id\":\"https:\\\/\\\/elciudadanodelujan.com.ar\\\/#organization\"},\"potentialAction\":[{\"@type\":\"SearchAction\",\"target\":{\"@type\":\"EntryPoint\",\"urlTemplate\":\"https:\\\/\\\/elciudadanodelujan.com.ar\\\/?s={search_term_string}\"},\"query-input\":{\"@type\":\"PropertyValueSpecification\",\"valueRequired\":true,\"valueName\":\"search_term_string\"}}],\"inLanguage\":\"es\"},{\"@type\":\"Organization\",\"@id\":\"https:\\\/\\\/elciudadanodelujan.com.ar\\\/#organization\",\"name\":\"El Ciudadano de Lujan\",\"url\":\"https:\\\/\\\/elciudadanodelujan.com.ar\\\/\",\"logo\":{\"@type\":\"ImageObject\",\"inLanguage\":\"es\",\"@id\":\"https:\\\/\\\/elciudadanodelujan.com.ar\\\/#\\\/schema\\\/logo\\\/image\\\/\",\"url\":\"https:\\\/\\\/elciudadanodelujan.com.ar\\\/wp-content\\\/uploads\\\/2025\\\/01\\\/logo_El_Ciudadano.jpg\",\"contentUrl\":\"https:\\\/\\\/elciudadanodelujan.com.ar\\\/wp-content\\\/uploads\\\/2025\\\/01\\\/logo_El_Ciudadano.jpg\",\"width\":500,\"height\":123,\"caption\":\"El Ciudadano de Lujan\"},\"image\":{\"@id\":\"https:\\\/\\\/elciudadanodelujan.com.ar\\\/#\\\/schema\\\/logo\\\/image\\\/\"},\"sameAs\":[\"https:\\\/\\\/www.facebook.com\\\/elciudadanodelujan\"]},{\"@type\":\"Person\",\"@id\":\"https:\\\/\\\/elciudadanodelujan.com.ar\\\/#\\\/schema\\\/person\\\/6e4147c312281a224c424b0ca2b1d439\",\"name\":\"Osvaldo Cabral\",\"image\":{\"@type\":\"ImageObject\",\"inLanguage\":\"es\",\"@id\":\"https:\\\/\\\/secure.gravatar.com\\\/avatar\\\/c4c6a8aea430571651e7d6992bdfdff335bbe96580656f78299d10ca9a6c1ae9?s=96&d=mm&r=g\",\"url\":\"https:\\\/\\\/secure.gravatar.com\\\/avatar\\\/c4c6a8aea430571651e7d6992bdfdff335bbe96580656f78299d10ca9a6c1ae9?s=96&d=mm&r=g\",\"contentUrl\":\"https:\\\/\\\/secure.gravatar.com\\\/avatar\\\/c4c6a8aea430571651e7d6992bdfdff335bbe96580656f78299d10ca9a6c1ae9?s=96&d=mm&r=g\",\"caption\":\"Osvaldo Cabral\"},\"url\":\"https:\\\/\\\/elciudadanodelujan.com.ar\\\/?author=2\"}]}<\/script>\n<!-- \/ Yoast SEO plugin. -->","yoast_head_json":{"title":"Seguridad Vial: Luj\u00e1n intensifica los controles y compacta m\u00e1s de 500 escapes antirreglamentarios -","robots":{"index":"index","follow":"follow","max-snippet":"max-snippet:-1","max-image-preview":"max-image-preview:large","max-video-preview":"max-video-preview:-1"},"canonical":"https:\/\/elciudadanodelujan.com.ar\/?p=10565","og_locale":"es_ES","og_type":"article","og_title":"Seguridad Vial: Luj\u00e1n intensifica los controles y compacta m\u00e1s de 500 escapes antirreglamentarios -","og_description":"En un golpe directo contra la contaminaci\u00f3n sonora y las infracciones de tr\u00e1nsito, el Municipio de Luj\u00e1n procedi\u00f3 este viernes a la destrucci\u00f3n total de 508 ca\u00f1os de escape no&hellip;","og_url":"https:\/\/elciudadanodelujan.com.ar\/?p=10565","article_publisher":"https:\/\/www.facebook.com\/elciudadanodelujan","article_published_time":"2026-01-27T01:31:20+00:00","article_modified_time":"2026-01-27T01:31:43+00:00","og_image":[{"width":1280,"height":960,"url":"https:\/\/elciudadanodelujan.com.ar\/wp-content\/uploads\/2026\/01\/image-45.png","type":"image\/png"}],"author":"Osvaldo Cabral","twitter_card":"summary_large_image","twitter_misc":{"Escrito por":"Osvaldo Cabral","Tiempo de lectura":"2 minutos"},"schema":{"@context":"https:\/\/schema.org","@graph":[{"@type":"Article","@id":"https:\/\/elciudadanodelujan.com.ar\/?p=10565#article","isPartOf":{"@id":"https:\/\/elciudadanodelujan.com.ar\/?p=10565"},"author":{"name":"Osvaldo Cabral","@id":"https:\/\/elciudadanodelujan.com.ar\/#\/schema\/person\/6e4147c312281a224c424b0ca2b1d439"},"headline":"Seguridad Vial: Luj\u00e1n intensifica los controles y compacta m\u00e1s de 500 escapes antirreglamentarios","datePublished":"2026-01-27T01:31:20+00:00","dateModified":"2026-01-27T01:31:43+00:00","mainEntityOfPage":{"@id":"https:\/\/elciudadanodelujan.com.ar\/?p=10565"},"wordCount":372,"publisher":{"@id":"https:\/\/elciudadanodelujan.com.ar\/#organization"},"image":{"@id":"https:\/\/elciudadanodelujan.com.ar\/?p=10565#primaryimage"},"thumbnailUrl":"https:\/\/elciudadanodelujan.com.ar\/wp-content\/uploads\/2026\/01\/image-45.png","articleSection":["SEGURIDAD"],"inLanguage":"es"},{"@type":"WebPage","@id":"https:\/\/elciudadanodelujan.com.ar\/?p=10565","url":"https:\/\/elciudadanodelujan.com.ar\/?p=10565","name":"Seguridad Vial: Luj\u00e1n intensifica los controles y compacta m\u00e1s de 500 escapes antirreglamentarios -","isPartOf":{"@id":"https:\/\/elciudadanodelujan.com.ar\/#website"},"primaryImageOfPage":{"@id":"https:\/\/elciudadanodelujan.com.ar\/?p=10565#primaryimage"},"image":{"@id":"https:\/\/elciudadanodelujan.com.ar\/?p=10565#primaryimage"},"thumbnailUrl":"https:\/\/elciudadanodelujan.com.ar\/wp-content\/uploads\/2026\/01\/image-45.png","datePublished":"2026-01-27T01:31:20+00:00","dateModified":"2026-01-27T01:31:43+00:00","breadcrumb":{"@id":"https:\/\/elciudadanodelujan.com.ar\/?p=10565#breadcrumb"},"inLanguage":"es","potentialAction":[{"@type":"ReadAction","target":["https:\/\/elciudadanodelujan.com.ar\/?p=10565"]}]},{"@type":"ImageObject","inLanguage":"es","@id":"https:\/\/elciudadanodelujan.com.ar\/?p=10565#primaryimage","url":"https:\/\/elciudadanodelujan.com.ar\/wp-content\/uploads\/2026\/01\/image-45.png","contentUrl":"https:\/\/elciudadanodelujan.com.ar\/wp-content\/uploads\/2026\/01\/image-45.png","width":1280,"height":960},{"@type":"BreadcrumbList","@id":"https:\/\/elciudadanodelujan.com.ar\/?p=10565#breadcrumb","itemListElement":[{"@type":"ListItem","position":1,"name":"Home","item":"https:\/\/elciudadanodelujan.com.ar\/"},{"@type":"ListItem","position":2,"name":"Seguridad Vial: Luj\u00e1n intensifica los controles y compacta m\u00e1s de 500 escapes antirreglamentarios"}]},{"@type":"WebSite","@id":"https:\/\/elciudadanodelujan.com.ar\/#website","url":"https:\/\/elciudadanodelujan.com.ar\/","name":"https:\/\/elciudadanodelujan.com.ar","description":"Noticias de inter\u00e9s general y periodismo de investigaci\u00f3n","publisher":{"@id":"https:\/\/elciudadanodelujan.com.ar\/#organization"},"potentialAction":[{"@type":"SearchAction","target":{"@type":"EntryPoint","urlTemplate":"https:\/\/elciudadanodelujan.com.ar\/?s={search_term_string}"},"query-input":{"@type":"PropertyValueSpecification","valueRequired":true,"valueName":"search_term_string"}}],"inLanguage":"es"},{"@type":"Organization","@id":"https:\/\/elciudadanodelujan.com.ar\/#organization","name":"El Ciudadano de Lujan","url":"https:\/\/elciudadanodelujan.com.ar\/","logo":{"@type":"ImageObject","inLanguage":"es","@id":"https:\/\/elciudadanodelujan.com.ar\/#\/schema\/logo\/image\/","url":"https:\/\/elciudadanodelujan.com.ar\/wp-content\/uploads\/2025\/01\/logo_El_Ciudadano.jpg","contentUrl":"https:\/\/elciudadanodelujan.com.ar\/wp-content\/uploads\/2025\/01\/logo_El_Ciudadano.jpg","width":500,"height":123,"caption":"El Ciudadano de Lujan"},"image":{"@id":"https:\/\/elciudadanodelujan.com.ar\/#\/schema\/logo\/image\/"},"sameAs":["https:\/\/www.facebook.com\/elciudadanodelujan"]},{"@type":"Person","@id":"https:\/\/elciudadanodelujan.com.ar\/#\/schema\/person\/6e4147c312281a224c424b0ca2b1d439","name":"Osvaldo Cabral","image":{"@type":"ImageObject","inLanguage":"es","@id":"https:\/\/secure.gravatar.com\/avatar\/c4c6a8aea430571651e7d6992bdfdff335bbe96580656f78299d10ca9a6c1ae9?s=96&d=mm&r=g","url":"https:\/\/secure.gravatar.com\/avatar\/c4c6a8aea430571651e7d6992bdfdff335bbe96580656f78299d10ca9a6c1ae9?s=96&d=mm&r=g","contentUrl":"https:\/\/secure.gravatar.com\/avatar\/c4c6a8aea430571651e7d6992bdfdff335bbe96580656f78299d10ca9a6c1ae9?s=96&d=mm&r=g","caption":"Osvaldo Cabral"},"url":"https:\/\/elciudadanodelujan.com.ar\/?author=2"}]}},"_links":{"self":[{"href":"https:\/\/elciudadanodelujan.com.ar\/index.php?rest_route=\/wp\/v2\/posts\/10565","targetHints":{"allow":["GET"]}}],"collection":[{"href":"https:\/\/elciudadanodelujan.com.ar\/index.php?rest_route=\/wp\/v2\/posts"}],"about":[{"href":"https:\/\/elciudadanodelujan.com.ar\/index.php?rest_route=\/wp\/v2\/types\/post"}],"author":[{"embeddable":true,"href":"https:\/\/elciudadanodelujan.com.ar\/index.php?rest_route=\/wp\/v2\/users\/2"}],"replies":[{"embeddable":true,"href":"https:\/\/elciudadanodelujan.com.ar\/index.php?rest_route=%2Fwp%2Fv2%2Fcomments&post=10565"}],"version-history":[{"count":1,"href":"https:\/\/elciudadanodelujan.com.ar\/index.php?rest_route=\/wp\/v2\/posts\/10565\/revisions"}],"predecessor-version":[{"id":10567,"href":"https:\/\/elciudadanodelujan.com.ar\/index.php?rest_route=\/wp\/v2\/posts\/10565\/revisions\/10567"}],"wp:featuredmedia":[{"embeddable":true,"href":"https:\/\/elciudadanodelujan.com.ar\/index.php?rest_route=\/wp\/v2\/media\/10566"}],"wp:attachment":[{"href":"https:\/\/elciudadanodelujan.com.ar\/index.php?rest_route=%2Fwp%2Fv2%2Fmedia&parent=10565"}],"wp:term":[{"taxonomy":"category","embeddable":true,"href":"https:\/\/elciudadanodelujan.com.ar\/index.php?rest_route=%2Fwp%2Fv2%2Fcategories&post=10565"},{"taxonomy":"post_tag","embeddable":true,"href":"https:\/\/elciudadanodelujan.com.ar\/index.php?rest_route=%2Fwp%2Fv2%2Ftags&post=10565"}],"curies":[{"name":"wp","href":"https:\/\/api.w.org\/{rel}","templated":true}]}}